{"id":42844,"date":"2019-07-10T06:29:22","date_gmt":"2019-07-10T04:29:22","guid":{"rendered":"https:\/\/vosgesinfo.fr\/gerardmerinfo\/2019\/07\/col-de-schlucht-trait-dunion-entre-vosges-lalsace-coeur-massif-de-leurope\/"},"modified":"2019-07-10T06:29:22","modified_gmt":"2019-07-10T04:29:22","slug":"col-de-schlucht-trait-dunion-entre-vosges-lalsace-coeur-massif-de-leurope","status":"publish","type":"post","link":"https:\/\/vosgesinfo.fr\/gerardmerinfo\/2019\/07\/col-de-schlucht-trait-dunion-entre-vosges-lalsace-coeur-massif-de-leurope\/","title":{"rendered":"Col de la Schlucht : le trait d&rsquo;union entre les Vosges et l&rsquo;Alsace, au c\u0153ur du massif et de l&rsquo;Europe"},"content":{"rendered":"\n<h3><span style=\"font-size: 12pt;\">Eh oui, \u00ab\u00a0enfin!\u00a0\u00bb comme dirait le pr\u00e9sident du Conseil D\u00e9partemental des Vosges Fran\u00e7ois Vannson en amorce de son allocution\u00a0 concernant le nouveau site du col de la Schlucht dont le chantier n&rsquo;est pas tout \u00e0 \u00a0fait fini, mais qui est op\u00e9rationnel pour les vacances d&rsquo;\u00e9t\u00e9. C&rsquo;est bien l\u00e0 l&rsquo;essentiel.<\/span><\/h3>\n<p><a href=\"\/2019\/07\/cole-de-la-schlucht-tetra-3.jpg\"><img decoding=\"async\" class=\"alignright size-medium wp-image-149786\" src=\"\/2019\/07\/cole-de-la-schlucht-tetra-3-378x255.jpg\" alt=\"cole de la schlucht tetra (3)\" width=\"378\" height=\"255\" \/><\/a>On ne parlera donc pas l\u00e0 d&rsquo;inauguration (pas de ruban tricolore en vue mardi soir devant l&rsquo;entr\u00e9 du T\u00e9tras), mais de \u00ab\u00a0r\u00e9ception des travaux\u00a0\u00bb pour ce projet \u00ab\u00a0embl\u00e9matique\u00a0\u00bb qui voit enfin le jour apr\u00e8s plus de vingt ans d&rsquo;attente&#8230; 35 diront certains, se souvenant ainsi de Jacques Laruelle, ancien maire du Valtin qui n&rsquo;aura pas eu le plaisir de voir aboutir ce dossier pour lequel il a tant \u0153uvr\u00e9. La salle d&rsquo;interpr\u00e9tation du T\u00e9tras portera d&rsquo;ailleurs son nom, un hommage l\u00e9gitime et pertinent pour ce Vosgien dynamique et \u00ab\u00a0vivant\u00a0\u00bb comme le pr\u00e9cisera sans mauvais jeu de mots mais avec affection Fran\u00e7ois Vannson. Rapidement, Jacques Laruelle *avait fait partie de ceux qui avaient per\u00e7u la n\u00e9cessit\u00e9 d&rsquo;agir sur un site qui souffrait depuis les ann\u00e9es 50 et manquait cruellement d\u2019am\u00e9nagements qualitatifs.<\/p>\n<p>Et pourtant, le col de la Schlucht, situ\u00e9 \u00e0 1139 m\u00e8tres, est clairement un site embl\u00e9matique qui constitue une limite administrative entre le Haut-Rhin et les Vosges. Mieux, il est le trait d&rsquo;union entre ces deux d\u00e9partements, situ\u00e9 en plein c\u0153ur du massif des Vosges et m\u00eame de l&rsquo;Europe comme le pr\u00e9cisait le pr\u00e9sident de la r\u00e9gion Grand Est Jean Rottner. Massif le plus \u00a0peupl\u00e9 de France, le plus proche de Paris, \u00e9galement proche du BENELUX, il est particuli\u00e8rement fr\u00e9quent\u00e9 puisqu&rsquo;il est \u00e0 la fois une porte d&rsquo;entr\u00e9e, un carrefour routier, un lieu de transit interr\u00e9gional et un site touristique majeur (randonn\u00e9e, ski, restauration). Le tourisme, une activit\u00e9 \u00e9conomique et une attractivit\u00e9 qu&rsquo;il faut d\u00e9fendre \u00e0 travers une destin\u00e9e et une strat\u00e9gie commune entre les Vosges et l&rsquo;Asace.<\/p>\n<div id=\"attachment_149770\" style=\"width: 350px\" class=\"wp-caption alignright\"><a href=\"\/2019\/07\/travaux-col-de-la-schlucht-6.jpg\"><img decoding=\"async\" aria-describedby=\"caption-attachment-149770\" class=\"size-medium wp-image-149770\" src=\"\/2019\/07\/travaux-col-de-la-schlucht-6-340x255.jpg\" alt=\"Le b\u00e2timent central du t\u00e9tras qui a donc conserv\u00e9 son nom d'origine.\" width=\"340\" height=\"255\" \/><\/a><p id=\"caption-attachment-149770\" class=\"wp-caption-text\">Le b\u00e2timent central du t\u00e9tras qui a donc conserv\u00e9 son nom d&rsquo;origine.<\/p><\/div>\n<p>Ce projet de r\u00e9am\u00e9nagement du col de la Schlucht en est la preuve, un exemple flagrant, et il \u00e9tait n\u00e9cessaire de proposer une offre touristique compl\u00e8te et qualitative dont pourra jouir les deux d\u00e9partements et, \u00e0 travers eux, la Grande R\u00e9gion. Trois acteurs qui, avec l\u2019Europe et l\u2019\u00c9tat, ont proc\u00e9d\u00e9 au r\u00e9am\u00e9nagement de ce site en poursuivant les objectifs suivants rappel\u00e9s par Fran\u00e7ois Vannson :<br \/>\n&#8211; Affirmer la notion de col porte d\u2019entr\u00e9e depuis les deux versants au c\u0153ur du Massif,<br \/>\n&#8211; Maintenir les activit\u00e9s \u00e9conomiques,<br \/>\n&#8211; Am\u00e9liorer la qualit\u00e9 de l\u2019offre en faveur du tourisme durable,<br \/>\n&#8211; Sauvegarder et mettre en valeur le patrimoine b\u00e2ti et les espaces naturels,<br \/>\n&#8211; R\u00e9organiser et requalifier les espaces publics.<\/p>\n<p>Si ce projet a \u00e9t\u00e9 men\u00e9 par les collectivit\u00e9s pr\u00e9c\u00e9demment cit\u00e9es, le pr\u00e9sident du Parc Naturel des Ballons des Vosges Laurent Seguin a quant \u00e0 lui pr\u00e9cis\u00e9 qu&rsquo;il \u00e9tait de la responsabilit\u00e9 de tous de l\u2019animer . Ce site doit devenir \u00ab\u00a0le camp de base pour la d\u00e9couverte du massif et de l&rsquo;espace embl\u00e9matique que sont les Grandes Cr\u00eates. Le Parc des Ballons est donc ravi de prendre en charge la partie accueil et interpr\u00e9tation dans la salle qui lui sera d\u00e9di\u00e9e, la future salle Jacques Laruelle qui, si tout se passe bien, pourrait \u00eatre inaugur\u00e9e en automne prochain. D&rsquo;une certaine mani\u00e8re, la boucle serait ainsi boucl\u00e9e. En attendant, le site va lentement mais s\u00fbrement terminer sa mutation, dans un esprit toujours raisonn\u00e9 et responsable, en continuant d&rsquo;implanter les nouvelles constructions dans l&rsquo;environnement d\u00e9j\u00e0 pr\u00e9sent et en permettant \u00e0 la v\u00e9g\u00e9tation de poursuivre son d\u00e9veloppement.<\/p>\n<p><strong>Lire nos pr\u00e9c\u00e9dents articles :\u00a0<a href=\"https:\/\/gerardmerinfo.fr\/?s=col+de+la+schlucht\" target=\"_blank\" rel=\"noopener\">Cliquez ICI<\/a><\/strong><\/p>\n<p><strong>Quelques chiffres cl\u00e9s :<\/strong><\/p>\n<p>*Co\u00fbt : un peu plus de 7 millions d&rsquo;euros &#8211; CD88 :\u00a0 3 917 725 \u20ac ; CD68 : 1 000 000 \u20ac ; R\u00e9gion :\u00a0 887 100 \u20ac ; Europe : 705 715 \u20ac ; \u00c9tat : 627 942 \u20ac.<\/p>\n<p>*8 cabinets d&rsquo;\u00e9tude sollicit\u00e9s<\/p>\n<p>*20 entreprises mobilis\u00e9es dont 19 vosgiennes.<\/p>\n<p>*200 m\u00e8tres de routes d\u00e9partementales reconfigur\u00e9es.<\/p>\n<p>*5 b\u00e2timents d\u00e9molis, 2r\u00e9habilit\u00e9s et 2 construits.<\/p>\n","protected":false},"excerpt":{"rendered":"<p>Eh oui, \u00ab\u00a0enfin!\u00a0\u00bb comme dirait le pr\u00e9sident du Conseil D\u00e9partemental des Vosges Fran\u00e7ois Vannson en amorce de son allocution\u00a0 concernant [&hellip;]<\/p>\n","protected":false},"author":42,"featured_media":42845,"comment_status":"open","ping_status":"open","sticky":false,"template":"","format":"standard","meta":{"footnotes":""},"categories":[20,18],"tags":[718,588,662,3314],"class_list":["post-42844","post","type-post","status-publish","format-standard","has-post-thumbnail","hentry","category-a-la-une","category-vosges","tag-col-de-la-schlucht","tag-conseil-departemental","tag-francois-vannson","tag-jean-rottner"],"acf":[],"yoast_head":"<!-- This site is optimized with the Yoast SEO plugin v22.5 - https:\/\/yoast.com\/wordpress\/plugins\/seo\/ -->\n<title>Col de la Schlucht : le trait d&#039;union entre les Vosges et l&#039;Alsace, au c\u0153ur du massif et de l&#039;Europe - Gerardmer Info<\/title>\n<meta name=\"robots\" content=\"index, follow, max-snippet:-1, max-image-preview:large, max-video-preview:-1\" \/>\n<link rel=\"canonical\" href=\"https:\/\/vosgesinfo.fr\/gerardmerinfo\/2019\/07\/col-de-schlucht-trait-dunion-entre-vosges-lalsace-coeur-massif-de-leurope\/\" \/>\n<meta name=\"twitter:card\" content=\"summary_large_image\" \/>\n<meta name=\"twitter:title\" content=\"Col de la Schlucht : le trait d&#039;union entre les Vosges et l&#039;Alsace, au c\u0153ur du massif et de l&#039;Europe - Gerardmer Info\" \/>\n<meta name=\"twitter:description\" content=\"Eh oui, \u00ab\u00a0enfin!\u00a0\u00bb comme dirait le pr\u00e9sident du Conseil D\u00e9partemental des Vosges Fran\u00e7ois Vannson en amorce de son allocution\u00a0 concernant [&hellip;]\" \/>\n<meta name=\"twitter:image\" content=\"https:\/\/vosgesinfo.fr\/app\/uploads\/sites\/6\/2024\/07\/201907travaux-col-de-la-schlucht-6.jpg\" \/>\n<meta name=\"twitter:creator\" content=\"@VosgesInfo88\" \/>\n<meta name=\"twitter:site\" content=\"@VosgesInfo88\" \/>\n<meta name=\"twitter:label1\" content=\"\u00c9crit par\" \/>\n\t<meta name=\"twitter:data1\" content=\"QG\" \/>\n\t<meta name=\"twitter:label2\" content=\"Dur\u00e9e de lecture estim\u00e9e\" \/>\n\t<meta name=\"twitter:data2\" content=\"4 minutes\" \/>\n<script type=\"application\/ld+json\" class=\"yoast-schema-graph\">{\"@context\":\"https:\/\/schema.org\",\"@graph\":[{\"@type\":\"Article\",\"@id\":\"https:\/\/vosgesinfo.fr\/gerardmerinfo\/2019\/07\/col-de-schlucht-trait-dunion-entre-vosges-lalsace-coeur-massif-de-leurope\/#article\",\"isPartOf\":{\"@id\":\"https:\/\/vosgesinfo.fr\/gerardmerinfo\/2019\/07\/col-de-schlucht-trait-dunion-entre-vosges-lalsace-coeur-massif-de-leurope\/\"},\"author\":{\"name\":\"QG\",\"@id\":\"https:\/\/vosgesinfo.fr\/gerardmerinfo\/#\/schema\/person\/db5605779a843dad16b5368f3e7613a5\"},\"headline\":\"Col de la Schlucht : le trait d&rsquo;union entre les Vosges et l&rsquo;Alsace, au c\u0153ur du massif et de l&rsquo;Europe\",\"datePublished\":\"2019-07-10T04:29:22+00:00\",\"dateModified\":\"2019-07-10T04:29:22+00:00\",\"mainEntityOfPage\":{\"@id\":\"https:\/\/vosgesinfo.fr\/gerardmerinfo\/2019\/07\/col-de-schlucht-trait-dunion-entre-vosges-lalsace-coeur-massif-de-leurope\/\"},\"wordCount\":764,\"commentCount\":0,\"publisher\":{\"@id\":\"https:\/\/vosgesinfo.fr\/gerardmerinfo\/#organization\"},\"image\":{\"@id\":\"https:\/\/vosgesinfo.fr\/gerardmerinfo\/2019\/07\/col-de-schlucht-trait-dunion-entre-vosges-lalsace-coeur-massif-de-leurope\/#primaryimage\"},\"thumbnailUrl\":\"https:\/\/vosgesinfo.fr\/app\/uploads\/sites\/6\/2024\/07\/201907travaux-col-de-la-schlucht-6.jpg\",\"keywords\":[\"col de la Schlucht\",\"conseil d\u00e9partemental\",\"Fran\u00e7ois Vannson\",\"jean rottner\"],\"articleSection\":[\"A la une\",\"Vosges\"],\"inLanguage\":\"fr-FR\",\"potentialAction\":[{\"@type\":\"CommentAction\",\"name\":\"Comment\",\"target\":[\"https:\/\/vosgesinfo.fr\/gerardmerinfo\/2019\/07\/col-de-schlucht-trait-dunion-entre-vosges-lalsace-coeur-massif-de-leurope\/#respond\"]}]},{\"@type\":\"WebPage\",\"@id\":\"https:\/\/vosgesinfo.fr\/gerardmerinfo\/2019\/07\/col-de-schlucht-trait-dunion-entre-vosges-lalsace-coeur-massif-de-leurope\/\",\"url\":\"https:\/\/vosgesinfo.fr\/gerardmerinfo\/2019\/07\/col-de-schlucht-trait-dunion-entre-vosges-lalsace-coeur-massif-de-leurope\/\",\"name\":\"Col de la Schlucht : le trait d'union entre les Vosges et l'Alsace, au c\u0153ur du massif et de l'Europe - Gerardmer Info\",\"isPartOf\":{\"@id\":\"https:\/\/vosgesinfo.fr\/gerardmerinfo\/#website\"},\"primaryImageOfPage\":{\"@id\":\"https:\/\/vosgesinfo.fr\/gerardmerinfo\/2019\/07\/col-de-schlucht-trait-dunion-entre-vosges-lalsace-coeur-massif-de-leurope\/#primaryimage\"},\"image\":{\"@id\":\"https:\/\/vosgesinfo.fr\/gerardmerinfo\/2019\/07\/col-de-schlucht-trait-dunion-entre-vosges-lalsace-coeur-massif-de-leurope\/#primaryimage\"},\"thumbnailUrl\":\"https:\/\/vosgesinfo.fr\/app\/uploads\/sites\/6\/2024\/07\/201907travaux-col-de-la-schlucht-6.jpg\",\"datePublished\":\"2019-07-10T04:29:22+00:00\",\"dateModified\":\"2019-07-10T04:29:22+00:00\",\"breadcrumb\":{\"@id\":\"https:\/\/vosgesinfo.fr\/gerardmerinfo\/2019\/07\/col-de-schlucht-trait-dunion-entre-vosges-lalsace-coeur-massif-de-leurope\/#breadcrumb\"},\"inLanguage\":\"fr-FR\",\"potentialAction\":[{\"@type\":\"ReadAction\",\"target\":[\"https:\/\/vosgesinfo.fr\/gerardmerinfo\/2019\/07\/col-de-schlucht-trait-dunion-entre-vosges-lalsace-coeur-massif-de-leurope\/\"]}]},{\"@type\":\"ImageObject\",\"inLanguage\":\"fr-FR\",\"@id\":\"https:\/\/vosgesinfo.fr\/gerardmerinfo\/2019\/07\/col-de-schlucht-trait-dunion-entre-vosges-lalsace-coeur-massif-de-leurope\/#primaryimage\",\"url\":\"https:\/\/vosgesinfo.fr\/app\/uploads\/sites\/6\/2024\/07\/201907travaux-col-de-la-schlucht-6.jpg\",\"contentUrl\":\"https:\/\/vosgesinfo.fr\/app\/uploads\/sites\/6\/2024\/07\/201907travaux-col-de-la-schlucht-6.jpg\",\"width\":800,\"height\":600},{\"@type\":\"BreadcrumbList\",\"@id\":\"https:\/\/vosgesinfo.fr\/gerardmerinfo\/2019\/07\/col-de-schlucht-trait-dunion-entre-vosges-lalsace-coeur-massif-de-leurope\/#breadcrumb\",\"itemListElement\":[{\"@type\":\"ListItem\",\"position\":1,\"name\":\"Home\",\"item\":\"https:\/\/vosgesinfo.fr\/gerardmerinfo\/\"},{\"@type\":\"ListItem\",\"position\":2,\"name\":\"Col de la Schlucht : le trait d&rsquo;union entre les Vosges et l&rsquo;Alsace, au c\u0153ur du massif et de l&rsquo;Europe\"}]},{\"@type\":\"WebSite\",\"@id\":\"https:\/\/vosgesinfo.fr\/gerardmerinfo\/#website\",\"url\":\"https:\/\/vosgesinfo.fr\/gerardmerinfo\/\",\"name\":\"Gerardmer Info\",\"description\":\"Toute l&#039;actualit\u00e9 de G\u00e9rardmer\",\"publisher\":{\"@id\":\"https:\/\/vosgesinfo.fr\/gerardmerinfo\/#organization\"},\"alternateName\":\"Toute l'actualit\u00e9 de G\u00e9rardmer\",\"potentialAction\":[{\"@type\":\"SearchAction\",\"target\":{\"@type\":\"EntryPoint\",\"urlTemplate\":\"https:\/\/vosgesinfo.fr\/gerardmerinfo\/?s={search_term_string}\"},\"query-input\":\"required name=search_term_string\"}],\"inLanguage\":\"fr-FR\"},{\"@type\":\"Organization\",\"@id\":\"https:\/\/vosgesinfo.fr\/gerardmerinfo\/#organization\",\"name\":\"Gerardmer Info\",\"url\":\"https:\/\/vosgesinfo.fr\/gerardmerinfo\/\",\"logo\":{\"@type\":\"ImageObject\",\"inLanguage\":\"fr-FR\",\"@id\":\"https:\/\/vosgesinfo.fr\/gerardmerinfo\/#\/schema\/logo\/image\/\",\"url\":\"https:\/\/vosgesinfo.fr\/app\/uploads\/sites\/6\/2023\/08\/favicon-gerardmerinfo.png\",\"contentUrl\":\"https:\/\/vosgesinfo.fr\/app\/uploads\/sites\/6\/2023\/08\/favicon-gerardmerinfo.png\",\"width\":512,\"height\":512,\"caption\":\"Gerardmer Info\"},\"image\":{\"@id\":\"https:\/\/vosgesinfo.fr\/gerardmerinfo\/#\/schema\/logo\/image\/\"},\"sameAs\":[\"https:\/\/www.facebook.com\/profile.php?id=100049475262660\",\"https:\/\/x.com\/VosgesInfo88\",\"https:\/\/www.youtube.com\/@vosgesinfo\"]},{\"@type\":\"Person\",\"@id\":\"https:\/\/vosgesinfo.fr\/gerardmerinfo\/#\/schema\/person\/db5605779a843dad16b5368f3e7613a5\",\"name\":\"QG\",\"image\":{\"@type\":\"ImageObject\",\"inLanguage\":\"fr-FR\",\"@id\":\"https:\/\/vosgesinfo.fr\/gerardmerinfo\/#\/schema\/person\/image\/\",\"url\":\"https:\/\/secure.gravatar.com\/avatar\/ea80c42c204b534408512832fde52504ecabb9706bcb6151cf6175e5b64e6793?s=96&d=mm&r=g\",\"contentUrl\":\"https:\/\/secure.gravatar.com\/avatar\/ea80c42c204b534408512832fde52504ecabb9706bcb6151cf6175e5b64e6793?s=96&d=mm&r=g\",\"caption\":\"QG\"},\"url\":\"https:\/\/vosgesinfo.fr\/gerardmerinfo\/author\/quentin88\/\"}]}<\/script>\n<!-- \/ Yoast SEO plugin. -->","yoast_head_json":{"title":"Col de la Schlucht : le trait d'union entre les Vosges et l'Alsace, au c\u0153ur du massif et de l'Europe - Gerardmer Info","robots":{"index":"index","follow":"follow","max-snippet":"max-snippet:-1","max-image-preview":"max-image-preview:large","max-video-preview":"max-video-preview:-1"},"canonical":"https:\/\/vosgesinfo.fr\/gerardmerinfo\/2019\/07\/col-de-schlucht-trait-dunion-entre-vosges-lalsace-coeur-massif-de-leurope\/","twitter_card":"summary_large_image","twitter_title":"Col de la Schlucht : le trait d'union entre les Vosges et l'Alsace, au c\u0153ur du massif et de l'Europe - Gerardmer Info","twitter_description":"Eh oui, \u00ab\u00a0enfin!\u00a0\u00bb comme dirait le pr\u00e9sident du Conseil D\u00e9partemental des Vosges Fran\u00e7ois Vannson en amorce de son allocution\u00a0 concernant [&hellip;]","twitter_image":"https:\/\/vosgesinfo.fr\/app\/uploads\/sites\/6\/2024\/07\/201907travaux-col-de-la-schlucht-6.jpg","twitter_creator":"@VosgesInfo88","twitter_site":"@VosgesInfo88","twitter_misc":{"\u00c9crit par":"QG","Dur\u00e9e de lecture estim\u00e9e":"4 minutes"},"schema":{"@context":"https:\/\/schema.org","@graph":[{"@type":"Article","@id":"https:\/\/vosgesinfo.fr\/gerardmerinfo\/2019\/07\/col-de-schlucht-trait-dunion-entre-vosges-lalsace-coeur-massif-de-leurope\/#article","isPartOf":{"@id":"https:\/\/vosgesinfo.fr\/gerardmerinfo\/2019\/07\/col-de-schlucht-trait-dunion-entre-vosges-lalsace-coeur-massif-de-leurope\/"},"author":{"name":"QG","@id":"https:\/\/vosgesinfo.fr\/gerardmerinfo\/#\/schema\/person\/db5605779a843dad16b5368f3e7613a5"},"headline":"Col de la Schlucht : le trait d&rsquo;union entre les Vosges et l&rsquo;Alsace, au c\u0153ur du massif et de l&rsquo;Europe","datePublished":"2019-07-10T04:29:22+00:00","dateModified":"2019-07-10T04:29:22+00:00","mainEntityOfPage":{"@id":"https:\/\/vosgesinfo.fr\/gerardmerinfo\/2019\/07\/col-de-schlucht-trait-dunion-entre-vosges-lalsace-coeur-massif-de-leurope\/"},"wordCount":764,"commentCount":0,"publisher":{"@id":"https:\/\/vosgesinfo.fr\/gerardmerinfo\/#organization"},"image":{"@id":"https:\/\/vosgesinfo.fr\/gerardmerinfo\/2019\/07\/col-de-schlucht-trait-dunion-entre-vosges-lalsace-coeur-massif-de-leurope\/#primaryimage"},"thumbnailUrl":"https:\/\/vosgesinfo.fr\/app\/uploads\/sites\/6\/2024\/07\/201907travaux-col-de-la-schlucht-6.jpg","keywords":["col de la Schlucht","conseil d\u00e9partemental","Fran\u00e7ois Vannson","jean rottner"],"articleSection":["A la une","Vosges"],"inLanguage":"fr-FR","potentialAction":[{"@type":"CommentAction","name":"Comment","target":["https:\/\/vosgesinfo.fr\/gerardmerinfo\/2019\/07\/col-de-schlucht-trait-dunion-entre-vosges-lalsace-coeur-massif-de-leurope\/#respond"]}]},{"@type":"WebPage","@id":"https:\/\/vosgesinfo.fr\/gerardmerinfo\/2019\/07\/col-de-schlucht-trait-dunion-entre-vosges-lalsace-coeur-massif-de-leurope\/","url":"https:\/\/vosgesinfo.fr\/gerardmerinfo\/2019\/07\/col-de-schlucht-trait-dunion-entre-vosges-lalsace-coeur-massif-de-leurope\/","name":"Col de la Schlucht : le trait d'union entre les Vosges et l'Alsace, au c\u0153ur du massif et de l'Europe - Gerardmer Info","isPartOf":{"@id":"https:\/\/vosgesinfo.fr\/gerardmerinfo\/#website"},"primaryImageOfPage":{"@id":"https:\/\/vosgesinfo.fr\/gerardmerinfo\/2019\/07\/col-de-schlucht-trait-dunion-entre-vosges-lalsace-coeur-massif-de-leurope\/#primaryimage"},"image":{"@id":"https:\/\/vosgesinfo.fr\/gerardmerinfo\/2019\/07\/col-de-schlucht-trait-dunion-entre-vosges-lalsace-coeur-massif-de-leurope\/#primaryimage"},"thumbnailUrl":"https:\/\/vosgesinfo.fr\/app\/uploads\/sites\/6\/2024\/07\/201907travaux-col-de-la-schlucht-6.jpg","datePublished":"2019-07-10T04:29:22+00:00","dateModified":"2019-07-10T04:29:22+00:00","breadcrumb":{"@id":"https:\/\/vosgesinfo.fr\/gerardmerinfo\/2019\/07\/col-de-schlucht-trait-dunion-entre-vosges-lalsace-coeur-massif-de-leurope\/#breadcrumb"},"inLanguage":"fr-FR","potentialAction":[{"@type":"ReadAction","target":["https:\/\/vosgesinfo.fr\/gerardmerinfo\/2019\/07\/col-de-schlucht-trait-dunion-entre-vosges-lalsace-coeur-massif-de-leurope\/"]}]},{"@type":"ImageObject","inLanguage":"fr-FR","@id":"https:\/\/vosgesinfo.fr\/gerardmerinfo\/2019\/07\/col-de-schlucht-trait-dunion-entre-vosges-lalsace-coeur-massif-de-leurope\/#primaryimage","url":"https:\/\/vosgesinfo.fr\/app\/uploads\/sites\/6\/2024\/07\/201907travaux-col-de-la-schlucht-6.jpg","contentUrl":"https:\/\/vosgesinfo.fr\/app\/uploads\/sites\/6\/2024\/07\/201907travaux-col-de-la-schlucht-6.jpg","width":800,"height":600},{"@type":"BreadcrumbList","@id":"https:\/\/vosgesinfo.fr\/gerardmerinfo\/2019\/07\/col-de-schlucht-trait-dunion-entre-vosges-lalsace-coeur-massif-de-leurope\/#breadcrumb","itemListElement":[{"@type":"ListItem","position":1,"name":"Home","item":"https:\/\/vosgesinfo.fr\/gerardmerinfo\/"},{"@type":"ListItem","position":2,"name":"Col de la Schlucht : le trait d&rsquo;union entre les Vosges et l&rsquo;Alsace, au c\u0153ur du massif et de l&rsquo;Europe"}]},{"@type":"WebSite","@id":"https:\/\/vosgesinfo.fr\/gerardmerinfo\/#website","url":"https:\/\/vosgesinfo.fr\/gerardmerinfo\/","name":"Gerardmer Info","description":"Toute l&#039;actualit\u00e9 de G\u00e9rardmer","publisher":{"@id":"https:\/\/vosgesinfo.fr\/gerardmerinfo\/#organization"},"alternateName":"Toute l'actualit\u00e9 de G\u00e9rardmer","potentialAction":[{"@type":"SearchAction","target":{"@type":"EntryPoint","urlTemplate":"https:\/\/vosgesinfo.fr\/gerardmerinfo\/?s={search_term_string}"},"query-input":"required name=search_term_string"}],"inLanguage":"fr-FR"},{"@type":"Organization","@id":"https:\/\/vosgesinfo.fr\/gerardmerinfo\/#organization","name":"Gerardmer Info","url":"https:\/\/vosgesinfo.fr\/gerardmerinfo\/","logo":{"@type":"ImageObject","inLanguage":"fr-FR","@id":"https:\/\/vosgesinfo.fr\/gerardmerinfo\/#\/schema\/logo\/image\/","url":"https:\/\/vosgesinfo.fr\/app\/uploads\/sites\/6\/2023\/08\/favicon-gerardmerinfo.png","contentUrl":"https:\/\/vosgesinfo.fr\/app\/uploads\/sites\/6\/2023\/08\/favicon-gerardmerinfo.png","width":512,"height":512,"caption":"Gerardmer Info"},"image":{"@id":"https:\/\/vosgesinfo.fr\/gerardmerinfo\/#\/schema\/logo\/image\/"},"sameAs":["https:\/\/www.facebook.com\/profile.php?id=100049475262660","https:\/\/x.com\/VosgesInfo88","https:\/\/www.youtube.com\/@vosgesinfo"]},{"@type":"Person","@id":"https:\/\/vosgesinfo.fr\/gerardmerinfo\/#\/schema\/person\/db5605779a843dad16b5368f3e7613a5","name":"QG","image":{"@type":"ImageObject","inLanguage":"fr-FR","@id":"https:\/\/vosgesinfo.fr\/gerardmerinfo\/#\/schema\/person\/image\/","url":"https:\/\/secure.gravatar.com\/avatar\/ea80c42c204b534408512832fde52504ecabb9706bcb6151cf6175e5b64e6793?s=96&d=mm&r=g","contentUrl":"https:\/\/secure.gravatar.com\/avatar\/ea80c42c204b534408512832fde52504ecabb9706bcb6151cf6175e5b64e6793?s=96&d=mm&r=g","caption":"QG"},"url":"https:\/\/vosgesinfo.fr\/gerardmerinfo\/author\/quentin88\/"}]}},"_links":{"self":[{"href":"https:\/\/vosgesinfo.fr\/gerardmerinfo\/wp-json\/wp\/v2\/posts\/42844","targetHints":{"allow":["GET"]}}],"collection":[{"href":"https:\/\/vosgesinfo.fr\/gerardmerinfo\/wp-json\/wp\/v2\/posts"}],"about":[{"href":"https:\/\/vosgesinfo.fr\/gerardmerinfo\/wp-json\/wp\/v2\/types\/post"}],"author":[{"embeddable":true,"href":"https:\/\/vosgesinfo.fr\/gerardmerinfo\/wp-json\/wp\/v2\/users\/42"}],"replies":[{"embeddable":true,"href":"https:\/\/vosgesinfo.fr\/gerardmerinfo\/wp-json\/wp\/v2\/comments?post=42844"}],"version-history":[{"count":0,"href":"https:\/\/vosgesinfo.fr\/gerardmerinfo\/wp-json\/wp\/v2\/posts\/42844\/revisions"}],"wp:featuredmedia":[{"embeddable":true,"href":"https:\/\/vosgesinfo.fr\/gerardmerinfo\/wp-json\/wp\/v2\/media\/42845"}],"wp:attachment":[{"href":"https:\/\/vosgesinfo.fr\/gerardmerinfo\/wp-json\/wp\/v2\/media?parent=42844"}],"wp:term":[{"taxonomy":"category","embeddable":true,"href":"https:\/\/vosgesinfo.fr\/gerardmerinfo\/wp-json\/wp\/v2\/categories?post=42844"},{"taxonomy":"post_tag","embeddable":true,"href":"https:\/\/vosgesinfo.fr\/gerardmerinfo\/wp-json\/wp\/v2\/tags?post=42844"}],"curies":[{"name":"wp","href":"https:\/\/api.w.org\/{rel}","templated":true}]}}