{"id":42847,"date":"2019-07-11T15:47:21","date_gmt":"2019-07-11T13:47:21","guid":{"rendered":"https:\/\/vosgesinfo.fr\/gerardmerinfo\/2019\/07\/handisport-sinvitera-de-plus-aux-foulees-de-longemer\/"},"modified":"2019-07-11T15:47:21","modified_gmt":"2019-07-11T13:47:21","slug":"handisport-sinvitera-de-plus-aux-foulees-de-longemer","status":"publish","type":"post","link":"https:\/\/vosgesinfo.fr\/gerardmerinfo\/2019\/07\/handisport-sinvitera-de-plus-aux-foulees-de-longemer\/","title":{"rendered":"Le handisport s&rsquo;invitera une fois de plus aux Foul\u00e9es de Longemer"},"content":{"rendered":"<h3><a href=\"\/2019\/07\/Athl\u00e9-Vosges-Kiwanis-foul\u00e9es-de-Longemer-1.jpg\"><img decoding=\"async\" class=\"aligncenter size-full wp-image-149782\" src=\"\/2019\/07\/Athl\u00e9-Vosges-Kiwanis-foul\u00e9es-de-Longemer-1.jpg\" alt=\"Athl\u00e9 Vosges Kiwanis foul\u00e9es de Longemer (1)\" width=\"800\" height=\"533\" \/><\/a><\/h3>\n<h3>Les Deux clubs services ont eu le plaisir de remettre chacun un ch\u00e8que aux Foul\u00e9es de Longemer afin de mettre en avant le handisport sur cette rencontre sportive.<\/h3>\n<p>Fid\u00e8les \u00e0 leurs devises, le Lions Club (\u00ab\u00a0We Serve\u00a0\u00bb &#8211; \u00ab\u00a0nous servons\u00a0\u00bb) et le Kiwanis (\u00ab\u00a0fais \u00e0 autrui ce que tu aimerais qu&rsquo;il te fasse\u00a0\u00bb) r\u00e9pondent pr\u00e9sent chaque ann\u00e9e pour venir soutenir l&rsquo;action d&rsquo;Athl\u00e9 Vosges Vall\u00e9e des Lacs &amp; de la Cleurie en faveur d&rsquo;athl\u00e8tes porteurs(euses) de Handicap. Le 4 ao\u00fbt 2019 auront lieu les 32\u00e8mes Foul\u00e9es de Longemer avec un programme identique \u00e0 celui des ann\u00e9es pr\u00e9c\u00e9dentes. La course du 10 km est ouverte aux personnes porteuses de handicap. Aucune diff\u00e9rence n&rsquo;est faite entre les cat\u00e9gories puisque peuvent participer des handibikes, fauteuils, coureurs \u00e0 pieds ou porteurs de maladie grave, avec la possibilit\u00e9 d&rsquo;assistance jo\u00eblette, ce qui sera d&rsquo;ailleurs le cas par le biais du partenariat habituel avec le <em>Sotr\u00e9<\/em> et l&rsquo;association <em>Du soleil pour Martin<\/em>. Au travers de cette action, Athl\u00e9 Vosges et les Foul\u00e9es permettent \u00e0 ces personnes de s&rsquo;exprimer et de d\u00e9montrer toute leur volont\u00e9 face \u00e0 un terrible destin parfois.<\/p>\n<p><a href=\"\/2019\/07\/Athl\u00e9-Vosges-Kiwanis-foul\u00e9es-de-Longemer-2.jpg\"><img decoding=\"async\" class=\"alignright size-medium wp-image-149783\" src=\"\/2019\/07\/Athl\u00e9-Vosges-Kiwanis-foul\u00e9es-de-Longemer-2-383x255.jpg\" alt=\"Athl\u00e9 Vosges Kiwanis foul\u00e9es de Longemer (2)\" width=\"383\" height=\"255\" \/><\/a>Coach\u00e9s par Eric Brulet, la section handisport d&rsquo;Athl\u00e9 Vosges et ses athl\u00e8tes participent et brillent dans les diff\u00e9rentes comp\u00e9titions, y compris dans les diff\u00e9rents championnats de France avec quelques r\u00e9sultats prometteurs. Par ailleurs, Athl\u00e9 Vosges organise \u00e0 \u00c9pinal et G\u00e9rardmer des demi-journ\u00e9es de partage \u00ab\u00a0laisse-moi ton handicap\u00a0\u00bb o\u00f9 des personnes valides ont la possibilit\u00e9 de pratiquer des activit\u00e9s en situation de handicap. \u00ab\u00a0Notre objectif, \u00e0 G\u00e9rardmer sera de s&rsquo;unir avec des sections de l&rsquo;ASG afin de pr\u00e9senter un \u00e9ventail plus large d&rsquo;activit\u00e9s facilitant la venue d&rsquo;un public plus important&#8230;\u00a0\u00bb pr\u00e9cise Michel Lavest, pr\u00e9sident d&rsquo;Athl\u00e9 Vosges Vall\u00e9e des Lacs et de la Cleurie. En attendant, rendez-vous \u00e0 Xonrupt le 4 juillet, premier d\u00e9part des Foul\u00e9es \u00e0 9 h 28 tapantes !<\/p>\n","protected":false},"excerpt":{"rendered":"<p>Les Deux clubs services ont eu le plaisir de remettre chacun un ch\u00e8que aux Foul\u00e9es de Longemer afin de mettre [&hellip;]<\/p>\n","protected":false},"author":42,"featured_media":42848,"comment_status":"open","ping_status":"open","sticky":false,"template":"","format":"standard","meta":{"footnotes":""},"categories":[20,25,12,14,42,40],"tags":[70,1779,446],"class_list":["post-42847","post","type-post","status-publish","format-standard","has-post-thumbnail","hentry","category-a-la-une","category-gerardmer","category-sante","category-sport","category-xonrupt-longemer","category-xonrupt-liezey","tag-foulees-de-longemer","tag-kiwanis","tag-lions-club"],"acf":[],"yoast_head":"<!-- This site is optimized with the Yoast SEO plugin v22.5 - https:\/\/yoast.com\/wordpress\/plugins\/seo\/ -->\n<title>Le handisport s&#039;invitera une fois de plus aux Foul\u00e9es de Longemer - Gerardmer Info<\/title>\n<meta name=\"robots\" content=\"index, follow, max-snippet:-1, max-image-preview:large, max-video-preview:-1\" \/>\n<link rel=\"canonical\" href=\"https:\/\/vosgesinfo.fr\/gerardmerinfo\/2019\/07\/handisport-sinvitera-de-plus-aux-foulees-de-longemer\/\" \/>\n<meta name=\"twitter:card\" content=\"summary_large_image\" \/>\n<meta name=\"twitter:title\" content=\"Le handisport s&#039;invitera une fois de plus aux Foul\u00e9es de Longemer - Gerardmer Info\" \/>\n<meta name=\"twitter:description\" content=\"Les Deux clubs services ont eu le plaisir de remettre chacun un ch\u00e8que aux Foul\u00e9es de Longemer afin de mettre [&hellip;]\" \/>\n<meta name=\"twitter:image\" content=\"https:\/\/vosgesinfo.fr\/app\/uploads\/sites\/6\/2024\/07\/201907athle-vosges-kiwanis-foulees-de-longemer-1.jpg\" \/>\n<meta name=\"twitter:creator\" content=\"@VosgesInfo88\" \/>\n<meta name=\"twitter:site\" content=\"@VosgesInfo88\" \/>\n<meta name=\"twitter:label1\" content=\"\u00c9crit par\" \/>\n\t<meta name=\"twitter:data1\" content=\"QG\" \/>\n\t<meta name=\"twitter:label2\" content=\"Dur\u00e9e de lecture estim\u00e9e\" \/>\n\t<meta name=\"twitter:data2\" content=\"2 minutes\" \/>\n<script type=\"application\/ld+json\" class=\"yoast-schema-graph\">{\"@context\":\"https:\/\/schema.org\",\"@graph\":[{\"@type\":\"Article\",\"@id\":\"https:\/\/vosgesinfo.fr\/gerardmerinfo\/2019\/07\/handisport-sinvitera-de-plus-aux-foulees-de-longemer\/#article\",\"isPartOf\":{\"@id\":\"https:\/\/vosgesinfo.fr\/gerardmerinfo\/2019\/07\/handisport-sinvitera-de-plus-aux-foulees-de-longemer\/\"},\"author\":{\"name\":\"QG\",\"@id\":\"https:\/\/vosgesinfo.fr\/gerardmerinfo\/#\/schema\/person\/db5605779a843dad16b5368f3e7613a5\"},\"headline\":\"Le handisport s&rsquo;invitera une fois de plus aux Foul\u00e9es de Longemer\",\"datePublished\":\"2019-07-11T13:47:21+00:00\",\"dateModified\":\"2019-07-11T13:47:21+00:00\",\"mainEntityOfPage\":{\"@id\":\"https:\/\/vosgesinfo.fr\/gerardmerinfo\/2019\/07\/handisport-sinvitera-de-plus-aux-foulees-de-longemer\/\"},\"wordCount\":350,\"commentCount\":0,\"publisher\":{\"@id\":\"https:\/\/vosgesinfo.fr\/gerardmerinfo\/#organization\"},\"image\":{\"@id\":\"https:\/\/vosgesinfo.fr\/gerardmerinfo\/2019\/07\/handisport-sinvitera-de-plus-aux-foulees-de-longemer\/#primaryimage\"},\"thumbnailUrl\":\"https:\/\/vosgesinfo.fr\/app\/uploads\/sites\/6\/2024\/07\/201907athle-vosges-kiwanis-foulees-de-longemer-1.jpg\",\"keywords\":[\"foul\u00e9es de longemer\",\"kiwanis\",\"Lions club\"],\"articleSection\":[\"A la une\",\"G\u00e9rardmer\",\"Sant\u00e9\",\"Sport\",\"Xonrupt-Longemer\",\"Xonrupt\/Liezey\"],\"inLanguage\":\"fr-FR\",\"potentialAction\":[{\"@type\":\"CommentAction\",\"name\":\"Comment\",\"target\":[\"https:\/\/vosgesinfo.fr\/gerardmerinfo\/2019\/07\/handisport-sinvitera-de-plus-aux-foulees-de-longemer\/#respond\"]}]},{\"@type\":\"WebPage\",\"@id\":\"https:\/\/vosgesinfo.fr\/gerardmerinfo\/2019\/07\/handisport-sinvitera-de-plus-aux-foulees-de-longemer\/\",\"url\":\"https:\/\/vosgesinfo.fr\/gerardmerinfo\/2019\/07\/handisport-sinvitera-de-plus-aux-foulees-de-longemer\/\",\"name\":\"Le handisport s'invitera une fois de plus aux Foul\u00e9es de Longemer - Gerardmer Info\",\"isPartOf\":{\"@id\":\"https:\/\/vosgesinfo.fr\/gerardmerinfo\/#website\"},\"primaryImageOfPage\":{\"@id\":\"https:\/\/vosgesinfo.fr\/gerardmerinfo\/2019\/07\/handisport-sinvitera-de-plus-aux-foulees-de-longemer\/#primaryimage\"},\"image\":{\"@id\":\"https:\/\/vosgesinfo.fr\/gerardmerinfo\/2019\/07\/handisport-sinvitera-de-plus-aux-foulees-de-longemer\/#primaryimage\"},\"thumbnailUrl\":\"https:\/\/vosgesinfo.fr\/app\/uploads\/sites\/6\/2024\/07\/201907athle-vosges-kiwanis-foulees-de-longemer-1.jpg\",\"datePublished\":\"2019-07-11T13:47:21+00:00\",\"dateModified\":\"2019-07-11T13:47:21+00:00\",\"breadcrumb\":{\"@id\":\"https:\/\/vosgesinfo.fr\/gerardmerinfo\/2019\/07\/handisport-sinvitera-de-plus-aux-foulees-de-longemer\/#breadcrumb\"},\"inLanguage\":\"fr-FR\",\"potentialAction\":[{\"@type\":\"ReadAction\",\"target\":[\"https:\/\/vosgesinfo.fr\/gerardmerinfo\/2019\/07\/handisport-sinvitera-de-plus-aux-foulees-de-longemer\/\"]}]},{\"@type\":\"ImageObject\",\"inLanguage\":\"fr-FR\",\"@id\":\"https:\/\/vosgesinfo.fr\/gerardmerinfo\/2019\/07\/handisport-sinvitera-de-plus-aux-foulees-de-longemer\/#primaryimage\",\"url\":\"https:\/\/vosgesinfo.fr\/app\/uploads\/sites\/6\/2024\/07\/201907athle-vosges-kiwanis-foulees-de-longemer-1.jpg\",\"contentUrl\":\"https:\/\/vosgesinfo.fr\/app\/uploads\/sites\/6\/2024\/07\/201907athle-vosges-kiwanis-foulees-de-longemer-1.jpg\",\"width\":800,\"height\":533},{\"@type\":\"BreadcrumbList\",\"@id\":\"https:\/\/vosgesinfo.fr\/gerardmerinfo\/2019\/07\/handisport-sinvitera-de-plus-aux-foulees-de-longemer\/#breadcrumb\",\"itemListElement\":[{\"@type\":\"ListItem\",\"position\":1,\"name\":\"Home\",\"item\":\"https:\/\/vosgesinfo.fr\/gerardmerinfo\/\"},{\"@type\":\"ListItem\",\"position\":2,\"name\":\"Le handisport s&rsquo;invitera une fois de plus aux Foul\u00e9es de Longemer\"}]},{\"@type\":\"WebSite\",\"@id\":\"https:\/\/vosgesinfo.fr\/gerardmerinfo\/#website\",\"url\":\"https:\/\/vosgesinfo.fr\/gerardmerinfo\/\",\"name\":\"Gerardmer Info\",\"description\":\"Toute l&#039;actualit\u00e9 de G\u00e9rardmer\",\"publisher\":{\"@id\":\"https:\/\/vosgesinfo.fr\/gerardmerinfo\/#organization\"},\"alternateName\":\"Toute l'actualit\u00e9 de G\u00e9rardmer\",\"potentialAction\":[{\"@type\":\"SearchAction\",\"target\":{\"@type\":\"EntryPoint\",\"urlTemplate\":\"https:\/\/vosgesinfo.fr\/gerardmerinfo\/?s={search_term_string}\"},\"query-input\":\"required name=search_term_string\"}],\"inLanguage\":\"fr-FR\"},{\"@type\":\"Organization\",\"@id\":\"https:\/\/vosgesinfo.fr\/gerardmerinfo\/#organization\",\"name\":\"Gerardmer Info\",\"url\":\"https:\/\/vosgesinfo.fr\/gerardmerinfo\/\",\"logo\":{\"@type\":\"ImageObject\",\"inLanguage\":\"fr-FR\",\"@id\":\"https:\/\/vosgesinfo.fr\/gerardmerinfo\/#\/schema\/logo\/image\/\",\"url\":\"https:\/\/vosgesinfo.fr\/app\/uploads\/sites\/6\/2023\/08\/favicon-gerardmerinfo.png\",\"contentUrl\":\"https:\/\/vosgesinfo.fr\/app\/uploads\/sites\/6\/2023\/08\/favicon-gerardmerinfo.png\",\"width\":512,\"height\":512,\"caption\":\"Gerardmer Info\"},\"image\":{\"@id\":\"https:\/\/vosgesinfo.fr\/gerardmerinfo\/#\/schema\/logo\/image\/\"},\"sameAs\":[\"https:\/\/www.facebook.com\/profile.php?id=100049475262660\",\"https:\/\/x.com\/VosgesInfo88\",\"https:\/\/www.youtube.com\/@vosgesinfo\"]},{\"@type\":\"Person\",\"@id\":\"https:\/\/vosgesinfo.fr\/gerardmerinfo\/#\/schema\/person\/db5605779a843dad16b5368f3e7613a5\",\"name\":\"QG\",\"image\":{\"@type\":\"ImageObject\",\"inLanguage\":\"fr-FR\",\"@id\":\"https:\/\/vosgesinfo.fr\/gerardmerinfo\/#\/schema\/person\/image\/\",\"url\":\"https:\/\/secure.gravatar.com\/avatar\/ea80c42c204b534408512832fde52504ecabb9706bcb6151cf6175e5b64e6793?s=96&d=mm&r=g\",\"contentUrl\":\"https:\/\/secure.gravatar.com\/avatar\/ea80c42c204b534408512832fde52504ecabb9706bcb6151cf6175e5b64e6793?s=96&d=mm&r=g\",\"caption\":\"QG\"},\"url\":\"https:\/\/vosgesinfo.fr\/gerardmerinfo\/author\/quentin88\/\"}]}<\/script>\n<!-- \/ Yoast SEO plugin. -->","yoast_head_json":{"title":"Le handisport s'invitera une fois de plus aux Foul\u00e9es de Longemer - Gerardmer Info","robots":{"index":"index","follow":"follow","max-snippet":"max-snippet:-1","max-image-preview":"max-image-preview:large","max-video-preview":"max-video-preview:-1"},"canonical":"https:\/\/vosgesinfo.fr\/gerardmerinfo\/2019\/07\/handisport-sinvitera-de-plus-aux-foulees-de-longemer\/","twitter_card":"summary_large_image","twitter_title":"Le handisport s'invitera une fois de plus aux Foul\u00e9es de Longemer - Gerardmer Info","twitter_description":"Les Deux clubs services ont eu le plaisir de remettre chacun un ch\u00e8que aux Foul\u00e9es de Longemer afin de mettre [&hellip;]","twitter_image":"https:\/\/vosgesinfo.fr\/app\/uploads\/sites\/6\/2024\/07\/201907athle-vosges-kiwanis-foulees-de-longemer-1.jpg","twitter_creator":"@VosgesInfo88","twitter_site":"@VosgesInfo88","twitter_misc":{"\u00c9crit par":"QG","Dur\u00e9e de lecture estim\u00e9e":"2 minutes"},"schema":{"@context":"https:\/\/schema.org","@graph":[{"@type":"Article","@id":"https:\/\/vosgesinfo.fr\/gerardmerinfo\/2019\/07\/handisport-sinvitera-de-plus-aux-foulees-de-longemer\/#article","isPartOf":{"@id":"https:\/\/vosgesinfo.fr\/gerardmerinfo\/2019\/07\/handisport-sinvitera-de-plus-aux-foulees-de-longemer\/"},"author":{"name":"QG","@id":"https:\/\/vosgesinfo.fr\/gerardmerinfo\/#\/schema\/person\/db5605779a843dad16b5368f3e7613a5"},"headline":"Le handisport s&rsquo;invitera une fois de plus aux Foul\u00e9es de Longemer","datePublished":"2019-07-11T13:47:21+00:00","dateModified":"2019-07-11T13:47:21+00:00","mainEntityOfPage":{"@id":"https:\/\/vosgesinfo.fr\/gerardmerinfo\/2019\/07\/handisport-sinvitera-de-plus-aux-foulees-de-longemer\/"},"wordCount":350,"commentCount":0,"publisher":{"@id":"https:\/\/vosgesinfo.fr\/gerardmerinfo\/#organization"},"image":{"@id":"https:\/\/vosgesinfo.fr\/gerardmerinfo\/2019\/07\/handisport-sinvitera-de-plus-aux-foulees-de-longemer\/#primaryimage"},"thumbnailUrl":"https:\/\/vosgesinfo.fr\/app\/uploads\/sites\/6\/2024\/07\/201907athle-vosges-kiwanis-foulees-de-longemer-1.jpg","keywords":["foul\u00e9es de longemer","kiwanis","Lions club"],"articleSection":["A la une","G\u00e9rardmer","Sant\u00e9","Sport","Xonrupt-Longemer","Xonrupt\/Liezey"],"inLanguage":"fr-FR","potentialAction":[{"@type":"CommentAction","name":"Comment","target":["https:\/\/vosgesinfo.fr\/gerardmerinfo\/2019\/07\/handisport-sinvitera-de-plus-aux-foulees-de-longemer\/#respond"]}]},{"@type":"WebPage","@id":"https:\/\/vosgesinfo.fr\/gerardmerinfo\/2019\/07\/handisport-sinvitera-de-plus-aux-foulees-de-longemer\/","url":"https:\/\/vosgesinfo.fr\/gerardmerinfo\/2019\/07\/handisport-sinvitera-de-plus-aux-foulees-de-longemer\/","name":"Le handisport s'invitera une fois de plus aux Foul\u00e9es de Longemer - Gerardmer Info","isPartOf":{"@id":"https:\/\/vosgesinfo.fr\/gerardmerinfo\/#website"},"primaryImageOfPage":{"@id":"https:\/\/vosgesinfo.fr\/gerardmerinfo\/2019\/07\/handisport-sinvitera-de-plus-aux-foulees-de-longemer\/#primaryimage"},"image":{"@id":"https:\/\/vosgesinfo.fr\/gerardmerinfo\/2019\/07\/handisport-sinvitera-de-plus-aux-foulees-de-longemer\/#primaryimage"},"thumbnailUrl":"https:\/\/vosgesinfo.fr\/app\/uploads\/sites\/6\/2024\/07\/201907athle-vosges-kiwanis-foulees-de-longemer-1.jpg","datePublished":"2019-07-11T13:47:21+00:00","dateModified":"2019-07-11T13:47:21+00:00","breadcrumb":{"@id":"https:\/\/vosgesinfo.fr\/gerardmerinfo\/2019\/07\/handisport-sinvitera-de-plus-aux-foulees-de-longemer\/#breadcrumb"},"inLanguage":"fr-FR","potentialAction":[{"@type":"ReadAction","target":["https:\/\/vosgesinfo.fr\/gerardmerinfo\/2019\/07\/handisport-sinvitera-de-plus-aux-foulees-de-longemer\/"]}]},{"@type":"ImageObject","inLanguage":"fr-FR","@id":"https:\/\/vosgesinfo.fr\/gerardmerinfo\/2019\/07\/handisport-sinvitera-de-plus-aux-foulees-de-longemer\/#primaryimage","url":"https:\/\/vosgesinfo.fr\/app\/uploads\/sites\/6\/2024\/07\/201907athle-vosges-kiwanis-foulees-de-longemer-1.jpg","contentUrl":"https:\/\/vosgesinfo.fr\/app\/uploads\/sites\/6\/2024\/07\/201907athle-vosges-kiwanis-foulees-de-longemer-1.jpg","width":800,"height":533},{"@type":"BreadcrumbList","@id":"https:\/\/vosgesinfo.fr\/gerardmerinfo\/2019\/07\/handisport-sinvitera-de-plus-aux-foulees-de-longemer\/#breadcrumb","itemListElement":[{"@type":"ListItem","position":1,"name":"Home","item":"https:\/\/vosgesinfo.fr\/gerardmerinfo\/"},{"@type":"ListItem","position":2,"name":"Le handisport s&rsquo;invitera une fois de plus aux Foul\u00e9es de Longemer"}]},{"@type":"WebSite","@id":"https:\/\/vosgesinfo.fr\/gerardmerinfo\/#website","url":"https:\/\/vosgesinfo.fr\/gerardmerinfo\/","name":"Gerardmer Info","description":"Toute l&#039;actualit\u00e9 de G\u00e9rardmer","publisher":{"@id":"https:\/\/vosgesinfo.fr\/gerardmerinfo\/#organization"},"alternateName":"Toute l'actualit\u00e9 de G\u00e9rardmer","potentialAction":[{"@type":"SearchAction","target":{"@type":"EntryPoint","urlTemplate":"https:\/\/vosgesinfo.fr\/gerardmerinfo\/?s={search_term_string}"},"query-input":"required name=search_term_string"}],"inLanguage":"fr-FR"},{"@type":"Organization","@id":"https:\/\/vosgesinfo.fr\/gerardmerinfo\/#organization","name":"Gerardmer Info","url":"https:\/\/vosgesinfo.fr\/gerardmerinfo\/","logo":{"@type":"ImageObject","inLanguage":"fr-FR","@id":"https:\/\/vosgesinfo.fr\/gerardmerinfo\/#\/schema\/logo\/image\/","url":"https:\/\/vosgesinfo.fr\/app\/uploads\/sites\/6\/2023\/08\/favicon-gerardmerinfo.png","contentUrl":"https:\/\/vosgesinfo.fr\/app\/uploads\/sites\/6\/2023\/08\/favicon-gerardmerinfo.png","width":512,"height":512,"caption":"Gerardmer Info"},"image":{"@id":"https:\/\/vosgesinfo.fr\/gerardmerinfo\/#\/schema\/logo\/image\/"},"sameAs":["https:\/\/www.facebook.com\/profile.php?id=100049475262660","https:\/\/x.com\/VosgesInfo88","https:\/\/www.youtube.com\/@vosgesinfo"]},{"@type":"Person","@id":"https:\/\/vosgesinfo.fr\/gerardmerinfo\/#\/schema\/person\/db5605779a843dad16b5368f3e7613a5","name":"QG","image":{"@type":"ImageObject","inLanguage":"fr-FR","@id":"https:\/\/vosgesinfo.fr\/gerardmerinfo\/#\/schema\/person\/image\/","url":"https:\/\/secure.gravatar.com\/avatar\/ea80c42c204b534408512832fde52504ecabb9706bcb6151cf6175e5b64e6793?s=96&d=mm&r=g","contentUrl":"https:\/\/secure.gravatar.com\/avatar\/ea80c42c204b534408512832fde52504ecabb9706bcb6151cf6175e5b64e6793?s=96&d=mm&r=g","caption":"QG"},"url":"https:\/\/vosgesinfo.fr\/gerardmerinfo\/author\/quentin88\/"}]}},"_links":{"self":[{"href":"https:\/\/vosgesinfo.fr\/gerardmerinfo\/wp-json\/wp\/v2\/posts\/42847","targetHints":{"allow":["GET"]}}],"collection":[{"href":"https:\/\/vosgesinfo.fr\/gerardmerinfo\/wp-json\/wp\/v2\/posts"}],"about":[{"href":"https:\/\/vosgesinfo.fr\/gerardmerinfo\/wp-json\/wp\/v2\/types\/post"}],"author":[{"embeddable":true,"href":"https:\/\/vosgesinfo.fr\/gerardmerinfo\/wp-json\/wp\/v2\/users\/42"}],"replies":[{"embeddable":true,"href":"https:\/\/vosgesinfo.fr\/gerardmerinfo\/wp-json\/wp\/v2\/comments?post=42847"}],"version-history":[{"count":0,"href":"https:\/\/vosgesinfo.fr\/gerardmerinfo\/wp-json\/wp\/v2\/posts\/42847\/revisions"}],"wp:featuredmedia":[{"embeddable":true,"href":"https:\/\/vosgesinfo.fr\/gerardmerinfo\/wp-json\/wp\/v2\/media\/42848"}],"wp:attachment":[{"href":"https:\/\/vosgesinfo.fr\/gerardmerinfo\/wp-json\/wp\/v2\/media?parent=42847"}],"wp:term":[{"taxonomy":"category","embeddable":true,"href":"https:\/\/vosgesinfo.fr\/gerardmerinfo\/wp-json\/wp\/v2\/categories?post=42847"},{"taxonomy":"post_tag","embeddable":true,"href":"https:\/\/vosgesinfo.fr\/gerardmerinfo\/wp-json\/wp\/v2\/tags?post=42847"}],"curies":[{"name":"wp","href":"https:\/\/api.w.org\/{rel}","templated":true}]}}