{"id":42861,"date":"2019-07-10T17:13:06","date_gmt":"2019-07-10T15:13:06","guid":{"rendered":"https:\/\/vosgesinfo.fr\/gerardmerinfo\/2019\/07\/alerte-secheresse-prefet-vosges-prend-mesures-de-limitation-usages-de-leau-departement\/"},"modified":"2019-07-10T17:13:06","modified_gmt":"2019-07-10T15:13:06","slug":"alerte-secheresse-prefet-vosges-prend-mesures-de-limitation-usages-de-leau-departement","status":"publish","type":"post","link":"https:\/\/vosgesinfo.fr\/gerardmerinfo\/2019\/07\/alerte-secheresse-prefet-vosges-prend-mesures-de-limitation-usages-de-leau-departement\/","title":{"rendered":"Alerte s\u00e9cheresse : le pr\u00e9fet des Vosges prend des mesures de limitation des usages de l\u2019eau sur tout le d\u00e9partement"},"content":{"rendered":"<h3 align=\"JUSTIFY\"><strong>Le d\u00e9ficit pluviom\u00e9trique global qui perdure a entra\u00een\u00e9 une baisse g\u00e9n\u00e9rale des d\u00e9bits de tous les cours d\u2019eau dans les bassins versants de la Meuse, de la Moselle et de la Sa\u00f4ne, dans les Vosges. Cette situation r\u00e9sulte en premier lieu des faibles hauteurs de pluie enregistr\u00e9es dans les derniers mois. Dans l\u2019ensemble du d\u00e9partement, on constate en effet un ass\u00e8chement des sols assez cons\u00e9quent, tant en surface que, progressivement, en profondeur.<\/strong><\/h3>\n<p align=\"JUSTIFY\">M\u00eame si des pr\u00e9cipitations significatives intervenaient dans les semaines \u00e0 venir, ce que ne confirme pas M\u00e9t\u00e9o-France, elles ne permettraient pas de combler rapidement le d\u00e9ficit accumul\u00e9.<\/p>\n<p align=\"JUSTIFY\">Cette situation d\u2019\u00e9tiage, caract\u00e9ris\u00e9e par un d\u00e9bit minimal dans les cours d\u2019eau, est susceptible d\u2019entra\u00eener des p\u00e9nuries d\u2019eau potable sur les r\u00e9seaux d\u2019alimentation de certaines collectivit\u00e9s ainsi qu\u2019une forte d\u00e9gradation des milieux aquatiques du d\u00e9partement.<\/p>\n<p align=\"JUSTIFY\">Dans ces conditions, Pierre ORY, Pr\u00e9fet des Vosges, a r\u00e9uni hier le comit\u00e9 s\u00e9cheresse.<\/p>\n<p align=\"JUSTIFY\"><strong>A l\u2019issue de la r\u00e9union, le Pr\u00e9fet a d\u00e9cid\u00e9 de prendre un arr\u00eat\u00e9 limitant provisoirement certains usages de l\u2019eau dans l\u2019ensemble du d\u00e9partement. <\/strong><\/p>\n<p align=\"JUSTIFY\">Dans une logique de solidarit\u00e9, il demande ainsi des efforts \u00e0 tous les usagers\u00a0: particuliers, collectivit\u00e9s, entreprises, administrations, exploitants agricoles ou encore exploitants de centrales hydro\u00e9lectriques.<\/p>\n<h3 align=\"LEFT\"><strong>Parmi les mesures de restriction que l\u2019on peut retenir, peuvent \u00eatre cit\u00e9es\u00a0:<\/strong><\/h3>\n<ul>\n<li>\n<p align=\"LEFT\">l\u2019interdiction du remplissage des piscines \u00e0 usage priv\u00e9 d\u2019une capacit\u00e9 sup\u00e9rieure \u00e0 1 m\u00e8tre cube\u00a0;<\/p>\n<\/li>\n<li>\n<p align=\"LEFT\">l\u2019interdiction de laver les v\u00e9hicules sauf dans les stations professionnelles\u00a0;<\/p>\n<\/li>\n<li>\n<p align=\"LEFT\">l\u2019interdiction de laver les voiries et les trottoirs, de nettoyer les terrasses et fa\u00e7ades, sauf raison de salubrit\u00e9 publique\u00a0;<\/p>\n<\/li>\n<li>\n<p align=\"LEFT\">l\u2019interdiction d\u2019arroser les pelouses et les espaces verts publics ou priv\u00e9s ainsi que les terrains de sport, entre 9h \u00e0 20h\u00a0;<\/p>\n<\/li>\n<li>\n<p align=\"LEFT\">l\u2019interdiction d\u2019arroser les jardins potagers de 9h \u00e0 20h ; seul un arrosage manuel ou par r\u00e9cup\u00e9ration des eaux de toiture est autoris\u00e9\u00a0;<\/p>\n<\/li>\n<li>\n<p align=\"LEFT\">l\u2019interdiction de remplir les plans d\u2019eau, except\u00e9 pour les activit\u00e9s commerciales de type pisciculture, etc.<\/p>\n<\/li>\n<\/ul>\n<p align=\"JUSTIFY\">Toutes ces interdictions s\u2019appliquent, qu\u2019il s\u2019agisse d\u2019eau provenant du r\u00e9seau d\u2019alimentation public, de pr\u00e9l\u00e8vements dans les cours d\u2019eau ou leur nappe d\u2019accompagnement (nappe en \u00e9quilibre avec les rivi\u00e8res), ou de puits personnels.<\/p>\n<p align=\"JUSTIFY\">Des mesures sp\u00e9cifiques sont \u00e9galement prises pour les usages industriels et commerciaux, pour la gestion des ouvrages hydrauliques, pour les activit\u00e9s agricoles, ainsi que pour les rejets dans le milieu naturel.<\/p>\n<p align=\"JUSTIFY\">L\u2019arr\u00eat\u00e9 pr\u00e9fectoral vise \u00e9galement cette ann\u00e9e un usage \u00e9mergent dans les Vosges, celui des bains \u00e0 remous, de type spa ou jacuzzi, qui sont de plus en plus pr\u00e9sents dans les locations saisonni\u00e8res touristiques et les h\u00f4tels. Il s\u2019agit d\u2019une cat\u00e9gorie de bassin collectif qui n\u00e9cessite une d\u00e9claration aupr\u00e8s de la mairie, cette derni\u00e8re devant transmettre la d\u00e9claration au Pr\u00e9fet en vue de la mise en place du contr\u00f4le sanitaire. En effet, ces installations pr\u00e9sentent des risques pour la sant\u00e9 des usagers (infections ORL, urinaires, ou respiratoires, l\u00e9gionellose, probl\u00e8mes dermatologiques). Aussi, elles<span lang=\"fr-FR\"> doivent \u00eatre vidang\u00e9es au moins tous les 7 \u00e0 15 jours, ce qui <\/span><span lang=\"fr-FR\">peut repr\u00e9senter des besoins mensuels de 5 \u00e0 10 m\u00b3 <\/span><span lang=\"fr-FR\">d\u2019eau <\/span><span lang=\"fr-FR\">par bain, voire plus en fonction de la fr\u00e9quentation. <\/span><span lang=\"fr-FR\">\u00c9tant<\/span><span lang=\"fr-FR\"> donn\u00e9 la multiplication de ces installations <\/span><span lang=\"fr-FR\">dans les Vosges<\/span><span lang=\"fr-FR\">, <\/span><span lang=\"fr-FR\">l\u2019arr\u00eat\u00e9 pr\u00e9fectoral \u00ab\u00a0<\/span><span lang=\"fr-FR\">s\u00e9cheresse\u00a0\u00bb impose <\/span><span lang=\"fr-FR\">cette ann\u00e9e <\/span><span lang=\"fr-FR\">que les exploitants de ces bains \u00e0 remous demandent une autorisation \u00e0 l\u2019exploitant du r\u00e9seau d\u2019eau potable, ce dernier pouvant refuser. Il s\u2019agira donc d\u2019un levier d\u2019action important pour les r\u00e9seaux d\u2019eau potable fortement touch\u00e9s par la s\u00e9cheresse.<\/span><\/p>\n<p align=\"JUSTIFY\">L\u2019ensemble de ces dispositions sont applicables jusqu\u2019au 15 ao\u00fbt 2019. Les contrevenants s\u2019exposent \u00e0 des amendes (1 500 euros, 3 000 euros pour les r\u00e9cidivistes).<\/p>\n<h3 lang=\"fr-FR\" align=\"JUSTIFY\"><strong>Les donn\u00e9es sur la situation hydrologique et les arr\u00eat\u00e9s pris peuvent \u00eatre consult\u00e9s sur les sites\u00a0:<\/strong><\/h3>\n<p align=\"JUSTIFY\">\u2013 de la DREAL GRAND EST\u00a0: <strong><a href=\"http:\/\/www.grand-est.developpement-durable.gouv.fr\/etiage-secheresse-r244.html\" target=\"_blank\" rel=\"noopener\">http:\/\/www.grand-est.developpement-durable.gouv.fr\/etiage-secheresse-r244.html<\/a><\/strong><\/p>\n<p align=\"JUSTIFY\">\u2013 PROPLUVIA\u00a0: <strong><a href=\"http:\/\/propluvia.developpement-durable.gouv.fr\/propluvia\/faces\/index.jsp\" target=\"_blank\" rel=\"noopener\">http:\/\/propluvia.developpement-durable.gouv.fr\/propluvia\/faces\/index.jsp<\/a><\/strong><\/p>\n<p lang=\"fr-FR\" align=\"JUSTIFY\">L\u2019eau est un bien commun dont il appartient \u00e0 chacun de pr\u00e9server la ressource.<\/p>\n","protected":false},"excerpt":{"rendered":"<p>Le d\u00e9ficit pluviom\u00e9trique global qui perdure a entra\u00een\u00e9 une baisse g\u00e9n\u00e9rale des d\u00e9bits de tous les cours d\u2019eau dans les [&hellip;]<\/p>\n","protected":false},"author":1,"featured_media":2386,"comment_status":"open","ping_status":"open","sticky":false,"template":"","format":"standard","meta":{"footnotes":""},"categories":[20,18],"tags":[3230],"class_list":["post-42861","post","type-post","status-publish","format-standard","has-post-thumbnail","hentry","category-a-la-une","category-vosges","tag-secheresse"],"acf":[],"yoast_head":"<!-- This site is optimized with the Yoast SEO plugin v22.5 - https:\/\/yoast.com\/wordpress\/plugins\/seo\/ -->\n<title>Alerte s\u00e9cheresse : le pr\u00e9fet des Vosges prend des mesures de limitation des usages de l\u2019eau sur tout le d\u00e9partement - Gerardmer Info<\/title>\n<meta name=\"robots\" content=\"index, follow, max-snippet:-1, max-image-preview:large, max-video-preview:-1\" \/>\n<link rel=\"canonical\" href=\"https:\/\/vosgesinfo.fr\/gerardmerinfo\/2019\/07\/alerte-secheresse-prefet-vosges-prend-mesures-de-limitation-usages-de-leau-departement\/\" \/>\n<meta name=\"twitter:card\" content=\"summary_large_image\" \/>\n<meta name=\"twitter:title\" content=\"Alerte s\u00e9cheresse : le pr\u00e9fet des Vosges prend des mesures de limitation des usages de l\u2019eau sur tout le d\u00e9partement - Gerardmer Info\" \/>\n<meta name=\"twitter:description\" content=\"Le d\u00e9ficit pluviom\u00e9trique global qui perdure a entra\u00een\u00e9 une baisse g\u00e9n\u00e9rale des d\u00e9bits de tous les cours d\u2019eau dans les [&hellip;]\" \/>\n<meta name=\"twitter:image\" content=\"https:\/\/vosgesinfo.fr\/app\/uploads\/sites\/6\/2018\/11\/eau.jpg\" \/>\n<meta name=\"twitter:creator\" content=\"@VosgesInfo88\" \/>\n<meta name=\"twitter:site\" content=\"@VosgesInfo88\" \/>\n<meta name=\"twitter:label1\" content=\"\u00c9crit par\" \/>\n\t<meta name=\"twitter:data1\" content=\"qs_admin\" \/>\n\t<meta name=\"twitter:label2\" content=\"Dur\u00e9e de lecture estim\u00e9e\" \/>\n\t<meta name=\"twitter:data2\" content=\"4 minutes\" \/>\n<script type=\"application\/ld+json\" class=\"yoast-schema-graph\">{\"@context\":\"https:\/\/schema.org\",\"@graph\":[{\"@type\":\"Article\",\"@id\":\"https:\/\/vosgesinfo.fr\/gerardmerinfo\/2019\/07\/alerte-secheresse-prefet-vosges-prend-mesures-de-limitation-usages-de-leau-departement\/#article\",\"isPartOf\":{\"@id\":\"https:\/\/vosgesinfo.fr\/gerardmerinfo\/2019\/07\/alerte-secheresse-prefet-vosges-prend-mesures-de-limitation-usages-de-leau-departement\/\"},\"author\":{\"name\":\"qs_admin\",\"@id\":\"https:\/\/vosgesinfo.fr\/gerardmerinfo\/#\/schema\/person\/bc5d02d71e6932e81b6dadb7386667b1\"},\"headline\":\"Alerte s\u00e9cheresse : le pr\u00e9fet des Vosges prend des mesures de limitation des usages de l\u2019eau sur tout le d\u00e9partement\",\"datePublished\":\"2019-07-10T15:13:06+00:00\",\"dateModified\":\"2019-07-10T15:13:06+00:00\",\"mainEntityOfPage\":{\"@id\":\"https:\/\/vosgesinfo.fr\/gerardmerinfo\/2019\/07\/alerte-secheresse-prefet-vosges-prend-mesures-de-limitation-usages-de-leau-departement\/\"},\"wordCount\":760,\"commentCount\":0,\"publisher\":{\"@id\":\"https:\/\/vosgesinfo.fr\/gerardmerinfo\/#organization\"},\"image\":{\"@id\":\"https:\/\/vosgesinfo.fr\/gerardmerinfo\/2019\/07\/alerte-secheresse-prefet-vosges-prend-mesures-de-limitation-usages-de-leau-departement\/#primaryimage\"},\"thumbnailUrl\":\"https:\/\/vosgesinfo.fr\/app\/uploads\/sites\/6\/2018\/11\/eau.jpg\",\"keywords\":[\"secheresse\"],\"articleSection\":[\"A la une\",\"Vosges\"],\"inLanguage\":\"fr-FR\",\"potentialAction\":[{\"@type\":\"CommentAction\",\"name\":\"Comment\",\"target\":[\"https:\/\/vosgesinfo.fr\/gerardmerinfo\/2019\/07\/alerte-secheresse-prefet-vosges-prend-mesures-de-limitation-usages-de-leau-departement\/#respond\"]}]},{\"@type\":\"WebPage\",\"@id\":\"https:\/\/vosgesinfo.fr\/gerardmerinfo\/2019\/07\/alerte-secheresse-prefet-vosges-prend-mesures-de-limitation-usages-de-leau-departement\/\",\"url\":\"https:\/\/vosgesinfo.fr\/gerardmerinfo\/2019\/07\/alerte-secheresse-prefet-vosges-prend-mesures-de-limitation-usages-de-leau-departement\/\",\"name\":\"Alerte s\u00e9cheresse : le pr\u00e9fet des Vosges prend des mesures de limitation des usages de l\u2019eau sur tout le d\u00e9partement - Gerardmer Info\",\"isPartOf\":{\"@id\":\"https:\/\/vosgesinfo.fr\/gerardmerinfo\/#website\"},\"primaryImageOfPage\":{\"@id\":\"https:\/\/vosgesinfo.fr\/gerardmerinfo\/2019\/07\/alerte-secheresse-prefet-vosges-prend-mesures-de-limitation-usages-de-leau-departement\/#primaryimage\"},\"image\":{\"@id\":\"https:\/\/vosgesinfo.fr\/gerardmerinfo\/2019\/07\/alerte-secheresse-prefet-vosges-prend-mesures-de-limitation-usages-de-leau-departement\/#primaryimage\"},\"thumbnailUrl\":\"https:\/\/vosgesinfo.fr\/app\/uploads\/sites\/6\/2018\/11\/eau.jpg\",\"datePublished\":\"2019-07-10T15:13:06+00:00\",\"dateModified\":\"2019-07-10T15:13:06+00:00\",\"breadcrumb\":{\"@id\":\"https:\/\/vosgesinfo.fr\/gerardmerinfo\/2019\/07\/alerte-secheresse-prefet-vosges-prend-mesures-de-limitation-usages-de-leau-departement\/#breadcrumb\"},\"inLanguage\":\"fr-FR\",\"potentialAction\":[{\"@type\":\"ReadAction\",\"target\":[\"https:\/\/vosgesinfo.fr\/gerardmerinfo\/2019\/07\/alerte-secheresse-prefet-vosges-prend-mesures-de-limitation-usages-de-leau-departement\/\"]}]},{\"@type\":\"ImageObject\",\"inLanguage\":\"fr-FR\",\"@id\":\"https:\/\/vosgesinfo.fr\/gerardmerinfo\/2019\/07\/alerte-secheresse-prefet-vosges-prend-mesures-de-limitation-usages-de-leau-departement\/#primaryimage\",\"url\":\"https:\/\/vosgesinfo.fr\/app\/uploads\/sites\/6\/2018\/11\/eau.jpg\",\"contentUrl\":\"https:\/\/vosgesinfo.fr\/app\/uploads\/sites\/6\/2018\/11\/eau.jpg\"},{\"@type\":\"BreadcrumbList\",\"@id\":\"https:\/\/vosgesinfo.fr\/gerardmerinfo\/2019\/07\/alerte-secheresse-prefet-vosges-prend-mesures-de-limitation-usages-de-leau-departement\/#breadcrumb\",\"itemListElement\":[{\"@type\":\"ListItem\",\"position\":1,\"name\":\"Home\",\"item\":\"https:\/\/vosgesinfo.fr\/gerardmerinfo\/\"},{\"@type\":\"ListItem\",\"position\":2,\"name\":\"Alerte s\u00e9cheresse : le pr\u00e9fet des Vosges prend des mesures de limitation des usages de l\u2019eau sur tout le d\u00e9partement\"}]},{\"@type\":\"WebSite\",\"@id\":\"https:\/\/vosgesinfo.fr\/gerardmerinfo\/#website\",\"url\":\"https:\/\/vosgesinfo.fr\/gerardmerinfo\/\",\"name\":\"Gerardmer Info\",\"description\":\"Toute l&#039;actualit\u00e9 de G\u00e9rardmer\",\"publisher\":{\"@id\":\"https:\/\/vosgesinfo.fr\/gerardmerinfo\/#organization\"},\"alternateName\":\"Toute l'actualit\u00e9 de G\u00e9rardmer\",\"potentialAction\":[{\"@type\":\"SearchAction\",\"target\":{\"@type\":\"EntryPoint\",\"urlTemplate\":\"https:\/\/vosgesinfo.fr\/gerardmerinfo\/?s={search_term_string}\"},\"query-input\":\"required name=search_term_string\"}],\"inLanguage\":\"fr-FR\"},{\"@type\":\"Organization\",\"@id\":\"https:\/\/vosgesinfo.fr\/gerardmerinfo\/#organization\",\"name\":\"Gerardmer Info\",\"url\":\"https:\/\/vosgesinfo.fr\/gerardmerinfo\/\",\"logo\":{\"@type\":\"ImageObject\",\"inLanguage\":\"fr-FR\",\"@id\":\"https:\/\/vosgesinfo.fr\/gerardmerinfo\/#\/schema\/logo\/image\/\",\"url\":\"https:\/\/vosgesinfo.fr\/app\/uploads\/sites\/6\/2023\/08\/favicon-gerardmerinfo.png\",\"contentUrl\":\"https:\/\/vosgesinfo.fr\/app\/uploads\/sites\/6\/2023\/08\/favicon-gerardmerinfo.png\",\"width\":512,\"height\":512,\"caption\":\"Gerardmer Info\"},\"image\":{\"@id\":\"https:\/\/vosgesinfo.fr\/gerardmerinfo\/#\/schema\/logo\/image\/\"},\"sameAs\":[\"https:\/\/www.facebook.com\/profile.php?id=100049475262660\",\"https:\/\/x.com\/VosgesInfo88\",\"https:\/\/www.youtube.com\/@vosgesinfo\"]},{\"@type\":\"Person\",\"@id\":\"https:\/\/vosgesinfo.fr\/gerardmerinfo\/#\/schema\/person\/bc5d02d71e6932e81b6dadb7386667b1\",\"name\":\"qs_admin\",\"image\":{\"@type\":\"ImageObject\",\"inLanguage\":\"fr-FR\",\"@id\":\"https:\/\/vosgesinfo.fr\/gerardmerinfo\/#\/schema\/person\/image\/\",\"url\":\"https:\/\/secure.gravatar.com\/avatar\/94b18ee0ed79e4a42ea2f2931277b6841a8999fc6fde214600c78057cf1fe1de?s=96&d=mm&r=g\",\"contentUrl\":\"https:\/\/secure.gravatar.com\/avatar\/94b18ee0ed79e4a42ea2f2931277b6841a8999fc6fde214600c78057cf1fe1de?s=96&d=mm&r=g\",\"caption\":\"qs_admin\"},\"sameAs\":[\"https:\/\/vosgesinfo.fr\/wp\"],\"url\":\"https:\/\/vosgesinfo.fr\/gerardmerinfo\/author\/qs_admin\/\"}]}<\/script>\n<!-- \/ Yoast SEO plugin. -->","yoast_head_json":{"title":"Alerte s\u00e9cheresse : le pr\u00e9fet des Vosges prend des mesures de limitation des usages de l\u2019eau sur tout le d\u00e9partement - Gerardmer Info","robots":{"index":"index","follow":"follow","max-snippet":"max-snippet:-1","max-image-preview":"max-image-preview:large","max-video-preview":"max-video-preview:-1"},"canonical":"https:\/\/vosgesinfo.fr\/gerardmerinfo\/2019\/07\/alerte-secheresse-prefet-vosges-prend-mesures-de-limitation-usages-de-leau-departement\/","twitter_card":"summary_large_image","twitter_title":"Alerte s\u00e9cheresse : le pr\u00e9fet des Vosges prend des mesures de limitation des usages de l\u2019eau sur tout le d\u00e9partement - Gerardmer Info","twitter_description":"Le d\u00e9ficit pluviom\u00e9trique global qui perdure a entra\u00een\u00e9 une baisse g\u00e9n\u00e9rale des d\u00e9bits de tous les cours d\u2019eau dans les [&hellip;]","twitter_image":"https:\/\/vosgesinfo.fr\/app\/uploads\/sites\/6\/2018\/11\/eau.jpg","twitter_creator":"@VosgesInfo88","twitter_site":"@VosgesInfo88","twitter_misc":{"\u00c9crit par":"qs_admin","Dur\u00e9e de lecture estim\u00e9e":"4 minutes"},"schema":{"@context":"https:\/\/schema.org","@graph":[{"@type":"Article","@id":"https:\/\/vosgesinfo.fr\/gerardmerinfo\/2019\/07\/alerte-secheresse-prefet-vosges-prend-mesures-de-limitation-usages-de-leau-departement\/#article","isPartOf":{"@id":"https:\/\/vosgesinfo.fr\/gerardmerinfo\/2019\/07\/alerte-secheresse-prefet-vosges-prend-mesures-de-limitation-usages-de-leau-departement\/"},"author":{"name":"qs_admin","@id":"https:\/\/vosgesinfo.fr\/gerardmerinfo\/#\/schema\/person\/bc5d02d71e6932e81b6dadb7386667b1"},"headline":"Alerte s\u00e9cheresse : le pr\u00e9fet des Vosges prend des mesures de limitation des usages de l\u2019eau sur tout le d\u00e9partement","datePublished":"2019-07-10T15:13:06+00:00","dateModified":"2019-07-10T15:13:06+00:00","mainEntityOfPage":{"@id":"https:\/\/vosgesinfo.fr\/gerardmerinfo\/2019\/07\/alerte-secheresse-prefet-vosges-prend-mesures-de-limitation-usages-de-leau-departement\/"},"wordCount":760,"commentCount":0,"publisher":{"@id":"https:\/\/vosgesinfo.fr\/gerardmerinfo\/#organization"},"image":{"@id":"https:\/\/vosgesinfo.fr\/gerardmerinfo\/2019\/07\/alerte-secheresse-prefet-vosges-prend-mesures-de-limitation-usages-de-leau-departement\/#primaryimage"},"thumbnailUrl":"https:\/\/vosgesinfo.fr\/app\/uploads\/sites\/6\/2018\/11\/eau.jpg","keywords":["secheresse"],"articleSection":["A la une","Vosges"],"inLanguage":"fr-FR","potentialAction":[{"@type":"CommentAction","name":"Comment","target":["https:\/\/vosgesinfo.fr\/gerardmerinfo\/2019\/07\/alerte-secheresse-prefet-vosges-prend-mesures-de-limitation-usages-de-leau-departement\/#respond"]}]},{"@type":"WebPage","@id":"https:\/\/vosgesinfo.fr\/gerardmerinfo\/2019\/07\/alerte-secheresse-prefet-vosges-prend-mesures-de-limitation-usages-de-leau-departement\/","url":"https:\/\/vosgesinfo.fr\/gerardmerinfo\/2019\/07\/alerte-secheresse-prefet-vosges-prend-mesures-de-limitation-usages-de-leau-departement\/","name":"Alerte s\u00e9cheresse : le pr\u00e9fet des Vosges prend des mesures de limitation des usages de l\u2019eau sur tout le d\u00e9partement - Gerardmer Info","isPartOf":{"@id":"https:\/\/vosgesinfo.fr\/gerardmerinfo\/#website"},"primaryImageOfPage":{"@id":"https:\/\/vosgesinfo.fr\/gerardmerinfo\/2019\/07\/alerte-secheresse-prefet-vosges-prend-mesures-de-limitation-usages-de-leau-departement\/#primaryimage"},"image":{"@id":"https:\/\/vosgesinfo.fr\/gerardmerinfo\/2019\/07\/alerte-secheresse-prefet-vosges-prend-mesures-de-limitation-usages-de-leau-departement\/#primaryimage"},"thumbnailUrl":"https:\/\/vosgesinfo.fr\/app\/uploads\/sites\/6\/2018\/11\/eau.jpg","datePublished":"2019-07-10T15:13:06+00:00","dateModified":"2019-07-10T15:13:06+00:00","breadcrumb":{"@id":"https:\/\/vosgesinfo.fr\/gerardmerinfo\/2019\/07\/alerte-secheresse-prefet-vosges-prend-mesures-de-limitation-usages-de-leau-departement\/#breadcrumb"},"inLanguage":"fr-FR","potentialAction":[{"@type":"ReadAction","target":["https:\/\/vosgesinfo.fr\/gerardmerinfo\/2019\/07\/alerte-secheresse-prefet-vosges-prend-mesures-de-limitation-usages-de-leau-departement\/"]}]},{"@type":"ImageObject","inLanguage":"fr-FR","@id":"https:\/\/vosgesinfo.fr\/gerardmerinfo\/2019\/07\/alerte-secheresse-prefet-vosges-prend-mesures-de-limitation-usages-de-leau-departement\/#primaryimage","url":"https:\/\/vosgesinfo.fr\/app\/uploads\/sites\/6\/2018\/11\/eau.jpg","contentUrl":"https:\/\/vosgesinfo.fr\/app\/uploads\/sites\/6\/2018\/11\/eau.jpg"},{"@type":"BreadcrumbList","@id":"https:\/\/vosgesinfo.fr\/gerardmerinfo\/2019\/07\/alerte-secheresse-prefet-vosges-prend-mesures-de-limitation-usages-de-leau-departement\/#breadcrumb","itemListElement":[{"@type":"ListItem","position":1,"name":"Home","item":"https:\/\/vosgesinfo.fr\/gerardmerinfo\/"},{"@type":"ListItem","position":2,"name":"Alerte s\u00e9cheresse : le pr\u00e9fet des Vosges prend des mesures de limitation des usages de l\u2019eau sur tout le d\u00e9partement"}]},{"@type":"WebSite","@id":"https:\/\/vosgesinfo.fr\/gerardmerinfo\/#website","url":"https:\/\/vosgesinfo.fr\/gerardmerinfo\/","name":"Gerardmer Info","description":"Toute l&#039;actualit\u00e9 de G\u00e9rardmer","publisher":{"@id":"https:\/\/vosgesinfo.fr\/gerardmerinfo\/#organization"},"alternateName":"Toute l'actualit\u00e9 de G\u00e9rardmer","potentialAction":[{"@type":"SearchAction","target":{"@type":"EntryPoint","urlTemplate":"https:\/\/vosgesinfo.fr\/gerardmerinfo\/?s={search_term_string}"},"query-input":"required name=search_term_string"}],"inLanguage":"fr-FR"},{"@type":"Organization","@id":"https:\/\/vosgesinfo.fr\/gerardmerinfo\/#organization","name":"Gerardmer Info","url":"https:\/\/vosgesinfo.fr\/gerardmerinfo\/","logo":{"@type":"ImageObject","inLanguage":"fr-FR","@id":"https:\/\/vosgesinfo.fr\/gerardmerinfo\/#\/schema\/logo\/image\/","url":"https:\/\/vosgesinfo.fr\/app\/uploads\/sites\/6\/2023\/08\/favicon-gerardmerinfo.png","contentUrl":"https:\/\/vosgesinfo.fr\/app\/uploads\/sites\/6\/2023\/08\/favicon-gerardmerinfo.png","width":512,"height":512,"caption":"Gerardmer Info"},"image":{"@id":"https:\/\/vosgesinfo.fr\/gerardmerinfo\/#\/schema\/logo\/image\/"},"sameAs":["https:\/\/www.facebook.com\/profile.php?id=100049475262660","https:\/\/x.com\/VosgesInfo88","https:\/\/www.youtube.com\/@vosgesinfo"]},{"@type":"Person","@id":"https:\/\/vosgesinfo.fr\/gerardmerinfo\/#\/schema\/person\/bc5d02d71e6932e81b6dadb7386667b1","name":"qs_admin","image":{"@type":"ImageObject","inLanguage":"fr-FR","@id":"https:\/\/vosgesinfo.fr\/gerardmerinfo\/#\/schema\/person\/image\/","url":"https:\/\/secure.gravatar.com\/avatar\/94b18ee0ed79e4a42ea2f2931277b6841a8999fc6fde214600c78057cf1fe1de?s=96&d=mm&r=g","contentUrl":"https:\/\/secure.gravatar.com\/avatar\/94b18ee0ed79e4a42ea2f2931277b6841a8999fc6fde214600c78057cf1fe1de?s=96&d=mm&r=g","caption":"qs_admin"},"sameAs":["https:\/\/vosgesinfo.fr\/wp"],"url":"https:\/\/vosgesinfo.fr\/gerardmerinfo\/author\/qs_admin\/"}]}},"_links":{"self":[{"href":"https:\/\/vosgesinfo.fr\/gerardmerinfo\/wp-json\/wp\/v2\/posts\/42861","targetHints":{"allow":["GET"]}}],"collection":[{"href":"https:\/\/vosgesinfo.fr\/gerardmerinfo\/wp-json\/wp\/v2\/posts"}],"about":[{"href":"https:\/\/vosgesinfo.fr\/gerardmerinfo\/wp-json\/wp\/v2\/types\/post"}],"author":[{"embeddable":true,"href":"https:\/\/vosgesinfo.fr\/gerardmerinfo\/wp-json\/wp\/v2\/users\/1"}],"replies":[{"embeddable":true,"href":"https:\/\/vosgesinfo.fr\/gerardmerinfo\/wp-json\/wp\/v2\/comments?post=42861"}],"version-history":[{"count":0,"href":"https:\/\/vosgesinfo.fr\/gerardmerinfo\/wp-json\/wp\/v2\/posts\/42861\/revisions"}],"wp:featuredmedia":[{"embeddable":true,"href":"https:\/\/vosgesinfo.fr\/gerardmerinfo\/wp-json\/wp\/v2\/media\/2386"}],"wp:attachment":[{"href":"https:\/\/vosgesinfo.fr\/gerardmerinfo\/wp-json\/wp\/v2\/media?parent=42861"}],"wp:term":[{"taxonomy":"category","embeddable":true,"href":"https:\/\/vosgesinfo.fr\/gerardmerinfo\/wp-json\/wp\/v2\/categories?post=42861"},{"taxonomy":"post_tag","embeddable":true,"href":"https:\/\/vosgesinfo.fr\/gerardmerinfo\/wp-json\/wp\/v2\/tags?post=42861"}],"curies":[{"name":"wp","href":"https:\/\/api.w.org\/{rel}","templated":true}]}}