{"id":42864,"date":"2019-07-11T04:40:11","date_gmt":"2019-07-11T02:40:11","guid":{"rendered":"https:\/\/vosgesinfo.fr\/gerardmerinfo\/2019\/07\/tennis-tete-de-serie-timea-bacsinszky-eliminee-premier-tour\/"},"modified":"2019-07-11T04:40:11","modified_gmt":"2019-07-11T02:40:11","slug":"tennis-tete-de-serie-timea-bacsinszky-eliminee-premier-tour","status":"publish","type":"post","link":"https:\/\/vosgesinfo.fr\/gerardmerinfo\/2019\/07\/tennis-tete-de-serie-timea-bacsinszky-eliminee-premier-tour\/","title":{"rendered":"Tennis : La t\u00eate de s\u00e9rie Tim\u00e9a Bacsinszky \u00e9limin\u00e9e d\u00e8s le premier tour"},"content":{"rendered":"<p>Les principales t\u00eates de s\u00e9rie des qualifications ont tenu leur rang pour ce premier tour, hormis la N\u00b0 9, en la personne de la Slovaque Michaela Honcova (N\u00b0 504) qui a chut\u00e9 face \u00e0 la Lorraine, Constance Sibille (6-2, 6-1), qui n\u2019a fait qu\u2019une bouch\u00e9e de son adversaire. Un retour gagnant pour la r\u00e9gionale qui a multipli\u00e9 les blessures et qui a tr\u00e8s peu jou\u00e9 cette ann\u00e9e. Mais Contrex\u00e9ville, c\u2019est un peu son jardin ici et elle a rapidement trouv\u00e9 ses marques. En revanche pour les deux autres repr\u00e9sentantes du Grand Est, la championne lorraine de 2<sup>e<\/sup> s\u00e9rie, Anna-Maria Jovanovic, n\u2019a rien pu faire face \u00e0 la Tricolore Manon Arangioli (N\u00b0 492) qui s\u2019est impos\u00e9e presque facilement (6-1, 6-2). Quant \u00e0 Margaux Rouvroy, jeune tenniswoman qui s\u2019entra\u00eene au CREPS de Reims et qui a gagn\u00e9 un 15 000 dollars, il y a quinze jours \u00e0 Tabarka, elle s\u2019est inclin\u00e9e honorablement (6-4, 6-3) face \u00e0 la t\u00eate d\u2019affiche N\u00b0 2, la Croate Jana Fett (N\u00b0 331), qui sera dans le tableau principal.<a href=\"https:\/\/laplainedesvosgesinfo.fr\/wp-content\/uploads\/2019\/07\/Aravane-Reza\u00ef-Fra.jpg\" data-featherlight=\"image\"><br \/>\n<\/a><\/p>\n","protected":false},"excerpt":{"rendered":"<p>Les principales t\u00eates de s\u00e9rie des qualifications ont tenu leur rang pour ce premier tour, hormis la N\u00b0 9, en [&hellip;]<\/p>\n","protected":false},"author":1,"featured_media":42865,"comment_status":"open","ping_status":"open","sticky":false,"template":"","format":"standard","meta":{"footnotes":""},"categories":[20,14,18],"tags":[4178],"class_list":["post-42864","post","type-post","status-publish","format-standard","has-post-thumbnail","hentry","category-a-la-une","category-sport","category-vosges","tag-grand-est-open-88"],"acf":[],"yoast_head":"<!-- This site is optimized with the Yoast SEO plugin v22.5 - https:\/\/yoast.com\/wordpress\/plugins\/seo\/ -->\n<title>Tennis : La t\u00eate de s\u00e9rie Tim\u00e9a Bacsinszky \u00e9limin\u00e9e d\u00e8s le premier tour - Gerardmer Info<\/title>\n<meta name=\"robots\" content=\"index, follow, max-snippet:-1, max-image-preview:large, max-video-preview:-1\" \/>\n<link rel=\"canonical\" href=\"https:\/\/vosgesinfo.fr\/gerardmerinfo\/2019\/07\/tennis-tete-de-serie-timea-bacsinszky-eliminee-premier-tour\/\" \/>\n<meta name=\"twitter:card\" content=\"summary_large_image\" \/>\n<meta name=\"twitter:title\" content=\"Tennis : La t\u00eate de s\u00e9rie Tim\u00e9a Bacsinszky \u00e9limin\u00e9e d\u00e8s le premier tour - Gerardmer Info\" \/>\n<meta name=\"twitter:description\" content=\"Les principales t\u00eates de s\u00e9rie des qualifications ont tenu leur rang pour ce premier tour, hormis la N\u00b0 9, en [&hellip;]\" \/>\n<meta name=\"twitter:image\" content=\"https:\/\/vosgesinfo.fr\/app\/uploads\/sites\/6\/2024\/07\/201907timea-bacsinszky-sui3.jpg\" \/>\n<meta name=\"twitter:creator\" content=\"@VosgesInfo88\" \/>\n<meta name=\"twitter:site\" content=\"@VosgesInfo88\" \/>\n<meta name=\"twitter:label1\" content=\"\u00c9crit par\" \/>\n\t<meta name=\"twitter:data1\" content=\"qs_admin\" \/>\n\t<meta name=\"twitter:label2\" content=\"Dur\u00e9e de lecture estim\u00e9e\" \/>\n\t<meta name=\"twitter:data2\" content=\"1 minute\" \/>\n<script type=\"application\/ld+json\" class=\"yoast-schema-graph\">{\"@context\":\"https:\/\/schema.org\",\"@graph\":[{\"@type\":\"Article\",\"@id\":\"https:\/\/vosgesinfo.fr\/gerardmerinfo\/2019\/07\/tennis-tete-de-serie-timea-bacsinszky-eliminee-premier-tour\/#article\",\"isPartOf\":{\"@id\":\"https:\/\/vosgesinfo.fr\/gerardmerinfo\/2019\/07\/tennis-tete-de-serie-timea-bacsinszky-eliminee-premier-tour\/\"},\"author\":{\"name\":\"qs_admin\",\"@id\":\"https:\/\/vosgesinfo.fr\/gerardmerinfo\/#\/schema\/person\/bc5d02d71e6932e81b6dadb7386667b1\"},\"headline\":\"Tennis : La t\u00eate de s\u00e9rie Tim\u00e9a Bacsinszky \u00e9limin\u00e9e d\u00e8s le premier tour\",\"datePublished\":\"2019-07-11T02:40:11+00:00\",\"dateModified\":\"2019-07-11T02:40:11+00:00\",\"mainEntityOfPage\":{\"@id\":\"https:\/\/vosgesinfo.fr\/gerardmerinfo\/2019\/07\/tennis-tete-de-serie-timea-bacsinszky-eliminee-premier-tour\/\"},\"wordCount\":197,\"commentCount\":0,\"publisher\":{\"@id\":\"https:\/\/vosgesinfo.fr\/gerardmerinfo\/#organization\"},\"image\":{\"@id\":\"https:\/\/vosgesinfo.fr\/gerardmerinfo\/2019\/07\/tennis-tete-de-serie-timea-bacsinszky-eliminee-premier-tour\/#primaryimage\"},\"thumbnailUrl\":\"https:\/\/vosgesinfo.fr\/app\/uploads\/sites\/6\/2024\/07\/201907timea-bacsinszky-sui3.jpg\",\"keywords\":[\"Grand Est Open 88\"],\"articleSection\":[\"A la une\",\"Sport\",\"Vosges\"],\"inLanguage\":\"fr-FR\",\"potentialAction\":[{\"@type\":\"CommentAction\",\"name\":\"Comment\",\"target\":[\"https:\/\/vosgesinfo.fr\/gerardmerinfo\/2019\/07\/tennis-tete-de-serie-timea-bacsinszky-eliminee-premier-tour\/#respond\"]}]},{\"@type\":\"WebPage\",\"@id\":\"https:\/\/vosgesinfo.fr\/gerardmerinfo\/2019\/07\/tennis-tete-de-serie-timea-bacsinszky-eliminee-premier-tour\/\",\"url\":\"https:\/\/vosgesinfo.fr\/gerardmerinfo\/2019\/07\/tennis-tete-de-serie-timea-bacsinszky-eliminee-premier-tour\/\",\"name\":\"Tennis : La t\u00eate de s\u00e9rie Tim\u00e9a Bacsinszky \u00e9limin\u00e9e d\u00e8s le premier tour - Gerardmer Info\",\"isPartOf\":{\"@id\":\"https:\/\/vosgesinfo.fr\/gerardmerinfo\/#website\"},\"primaryImageOfPage\":{\"@id\":\"https:\/\/vosgesinfo.fr\/gerardmerinfo\/2019\/07\/tennis-tete-de-serie-timea-bacsinszky-eliminee-premier-tour\/#primaryimage\"},\"image\":{\"@id\":\"https:\/\/vosgesinfo.fr\/gerardmerinfo\/2019\/07\/tennis-tete-de-serie-timea-bacsinszky-eliminee-premier-tour\/#primaryimage\"},\"thumbnailUrl\":\"https:\/\/vosgesinfo.fr\/app\/uploads\/sites\/6\/2024\/07\/201907timea-bacsinszky-sui3.jpg\",\"datePublished\":\"2019-07-11T02:40:11+00:00\",\"dateModified\":\"2019-07-11T02:40:11+00:00\",\"breadcrumb\":{\"@id\":\"https:\/\/vosgesinfo.fr\/gerardmerinfo\/2019\/07\/tennis-tete-de-serie-timea-bacsinszky-eliminee-premier-tour\/#breadcrumb\"},\"inLanguage\":\"fr-FR\",\"potentialAction\":[{\"@type\":\"ReadAction\",\"target\":[\"https:\/\/vosgesinfo.fr\/gerardmerinfo\/2019\/07\/tennis-tete-de-serie-timea-bacsinszky-eliminee-premier-tour\/\"]}]},{\"@type\":\"ImageObject\",\"inLanguage\":\"fr-FR\",\"@id\":\"https:\/\/vosgesinfo.fr\/gerardmerinfo\/2019\/07\/tennis-tete-de-serie-timea-bacsinszky-eliminee-premier-tour\/#primaryimage\",\"url\":\"https:\/\/vosgesinfo.fr\/app\/uploads\/sites\/6\/2024\/07\/201907timea-bacsinszky-sui3.jpg\",\"contentUrl\":\"https:\/\/vosgesinfo.fr\/app\/uploads\/sites\/6\/2024\/07\/201907timea-bacsinszky-sui3.jpg\",\"width\":800,\"height\":533},{\"@type\":\"BreadcrumbList\",\"@id\":\"https:\/\/vosgesinfo.fr\/gerardmerinfo\/2019\/07\/tennis-tete-de-serie-timea-bacsinszky-eliminee-premier-tour\/#breadcrumb\",\"itemListElement\":[{\"@type\":\"ListItem\",\"position\":1,\"name\":\"Home\",\"item\":\"https:\/\/vosgesinfo.fr\/gerardmerinfo\/\"},{\"@type\":\"ListItem\",\"position\":2,\"name\":\"Tennis : La t\u00eate de s\u00e9rie Tim\u00e9a Bacsinszky \u00e9limin\u00e9e d\u00e8s le premier tour\"}]},{\"@type\":\"WebSite\",\"@id\":\"https:\/\/vosgesinfo.fr\/gerardmerinfo\/#website\",\"url\":\"https:\/\/vosgesinfo.fr\/gerardmerinfo\/\",\"name\":\"Gerardmer Info\",\"description\":\"Toute l&#039;actualit\u00e9 de G\u00e9rardmer\",\"publisher\":{\"@id\":\"https:\/\/vosgesinfo.fr\/gerardmerinfo\/#organization\"},\"alternateName\":\"Toute l'actualit\u00e9 de G\u00e9rardmer\",\"potentialAction\":[{\"@type\":\"SearchAction\",\"target\":{\"@type\":\"EntryPoint\",\"urlTemplate\":\"https:\/\/vosgesinfo.fr\/gerardmerinfo\/?s={search_term_string}\"},\"query-input\":\"required name=search_term_string\"}],\"inLanguage\":\"fr-FR\"},{\"@type\":\"Organization\",\"@id\":\"https:\/\/vosgesinfo.fr\/gerardmerinfo\/#organization\",\"name\":\"Gerardmer Info\",\"url\":\"https:\/\/vosgesinfo.fr\/gerardmerinfo\/\",\"logo\":{\"@type\":\"ImageObject\",\"inLanguage\":\"fr-FR\",\"@id\":\"https:\/\/vosgesinfo.fr\/gerardmerinfo\/#\/schema\/logo\/image\/\",\"url\":\"https:\/\/vosgesinfo.fr\/app\/uploads\/sites\/6\/2023\/08\/favicon-gerardmerinfo.png\",\"contentUrl\":\"https:\/\/vosgesinfo.fr\/app\/uploads\/sites\/6\/2023\/08\/favicon-gerardmerinfo.png\",\"width\":512,\"height\":512,\"caption\":\"Gerardmer Info\"},\"image\":{\"@id\":\"https:\/\/vosgesinfo.fr\/gerardmerinfo\/#\/schema\/logo\/image\/\"},\"sameAs\":[\"https:\/\/www.facebook.com\/profile.php?id=100049475262660\",\"https:\/\/x.com\/VosgesInfo88\",\"https:\/\/www.youtube.com\/@vosgesinfo\"]},{\"@type\":\"Person\",\"@id\":\"https:\/\/vosgesinfo.fr\/gerardmerinfo\/#\/schema\/person\/bc5d02d71e6932e81b6dadb7386667b1\",\"name\":\"qs_admin\",\"image\":{\"@type\":\"ImageObject\",\"inLanguage\":\"fr-FR\",\"@id\":\"https:\/\/vosgesinfo.fr\/gerardmerinfo\/#\/schema\/person\/image\/\",\"url\":\"https:\/\/secure.gravatar.com\/avatar\/94b18ee0ed79e4a42ea2f2931277b6841a8999fc6fde214600c78057cf1fe1de?s=96&d=mm&r=g\",\"contentUrl\":\"https:\/\/secure.gravatar.com\/avatar\/94b18ee0ed79e4a42ea2f2931277b6841a8999fc6fde214600c78057cf1fe1de?s=96&d=mm&r=g\",\"caption\":\"qs_admin\"},\"sameAs\":[\"https:\/\/vosgesinfo.fr\/wp\"],\"url\":\"https:\/\/vosgesinfo.fr\/gerardmerinfo\/author\/qs_admin\/\"}]}<\/script>\n<!-- \/ Yoast SEO plugin. -->","yoast_head_json":{"title":"Tennis : La t\u00eate de s\u00e9rie Tim\u00e9a Bacsinszky \u00e9limin\u00e9e d\u00e8s le premier tour - Gerardmer Info","robots":{"index":"index","follow":"follow","max-snippet":"max-snippet:-1","max-image-preview":"max-image-preview:large","max-video-preview":"max-video-preview:-1"},"canonical":"https:\/\/vosgesinfo.fr\/gerardmerinfo\/2019\/07\/tennis-tete-de-serie-timea-bacsinszky-eliminee-premier-tour\/","twitter_card":"summary_large_image","twitter_title":"Tennis : La t\u00eate de s\u00e9rie Tim\u00e9a Bacsinszky \u00e9limin\u00e9e d\u00e8s le premier tour - Gerardmer Info","twitter_description":"Les principales t\u00eates de s\u00e9rie des qualifications ont tenu leur rang pour ce premier tour, hormis la N\u00b0 9, en [&hellip;]","twitter_image":"https:\/\/vosgesinfo.fr\/app\/uploads\/sites\/6\/2024\/07\/201907timea-bacsinszky-sui3.jpg","twitter_creator":"@VosgesInfo88","twitter_site":"@VosgesInfo88","twitter_misc":{"\u00c9crit par":"qs_admin","Dur\u00e9e de lecture estim\u00e9e":"1 minute"},"schema":{"@context":"https:\/\/schema.org","@graph":[{"@type":"Article","@id":"https:\/\/vosgesinfo.fr\/gerardmerinfo\/2019\/07\/tennis-tete-de-serie-timea-bacsinszky-eliminee-premier-tour\/#article","isPartOf":{"@id":"https:\/\/vosgesinfo.fr\/gerardmerinfo\/2019\/07\/tennis-tete-de-serie-timea-bacsinszky-eliminee-premier-tour\/"},"author":{"name":"qs_admin","@id":"https:\/\/vosgesinfo.fr\/gerardmerinfo\/#\/schema\/person\/bc5d02d71e6932e81b6dadb7386667b1"},"headline":"Tennis : La t\u00eate de s\u00e9rie Tim\u00e9a Bacsinszky \u00e9limin\u00e9e d\u00e8s le premier tour","datePublished":"2019-07-11T02:40:11+00:00","dateModified":"2019-07-11T02:40:11+00:00","mainEntityOfPage":{"@id":"https:\/\/vosgesinfo.fr\/gerardmerinfo\/2019\/07\/tennis-tete-de-serie-timea-bacsinszky-eliminee-premier-tour\/"},"wordCount":197,"commentCount":0,"publisher":{"@id":"https:\/\/vosgesinfo.fr\/gerardmerinfo\/#organization"},"image":{"@id":"https:\/\/vosgesinfo.fr\/gerardmerinfo\/2019\/07\/tennis-tete-de-serie-timea-bacsinszky-eliminee-premier-tour\/#primaryimage"},"thumbnailUrl":"https:\/\/vosgesinfo.fr\/app\/uploads\/sites\/6\/2024\/07\/201907timea-bacsinszky-sui3.jpg","keywords":["Grand Est Open 88"],"articleSection":["A la une","Sport","Vosges"],"inLanguage":"fr-FR","potentialAction":[{"@type":"CommentAction","name":"Comment","target":["https:\/\/vosgesinfo.fr\/gerardmerinfo\/2019\/07\/tennis-tete-de-serie-timea-bacsinszky-eliminee-premier-tour\/#respond"]}]},{"@type":"WebPage","@id":"https:\/\/vosgesinfo.fr\/gerardmerinfo\/2019\/07\/tennis-tete-de-serie-timea-bacsinszky-eliminee-premier-tour\/","url":"https:\/\/vosgesinfo.fr\/gerardmerinfo\/2019\/07\/tennis-tete-de-serie-timea-bacsinszky-eliminee-premier-tour\/","name":"Tennis : La t\u00eate de s\u00e9rie Tim\u00e9a Bacsinszky \u00e9limin\u00e9e d\u00e8s le premier tour - Gerardmer Info","isPartOf":{"@id":"https:\/\/vosgesinfo.fr\/gerardmerinfo\/#website"},"primaryImageOfPage":{"@id":"https:\/\/vosgesinfo.fr\/gerardmerinfo\/2019\/07\/tennis-tete-de-serie-timea-bacsinszky-eliminee-premier-tour\/#primaryimage"},"image":{"@id":"https:\/\/vosgesinfo.fr\/gerardmerinfo\/2019\/07\/tennis-tete-de-serie-timea-bacsinszky-eliminee-premier-tour\/#primaryimage"},"thumbnailUrl":"https:\/\/vosgesinfo.fr\/app\/uploads\/sites\/6\/2024\/07\/201907timea-bacsinszky-sui3.jpg","datePublished":"2019-07-11T02:40:11+00:00","dateModified":"2019-07-11T02:40:11+00:00","breadcrumb":{"@id":"https:\/\/vosgesinfo.fr\/gerardmerinfo\/2019\/07\/tennis-tete-de-serie-timea-bacsinszky-eliminee-premier-tour\/#breadcrumb"},"inLanguage":"fr-FR","potentialAction":[{"@type":"ReadAction","target":["https:\/\/vosgesinfo.fr\/gerardmerinfo\/2019\/07\/tennis-tete-de-serie-timea-bacsinszky-eliminee-premier-tour\/"]}]},{"@type":"ImageObject","inLanguage":"fr-FR","@id":"https:\/\/vosgesinfo.fr\/gerardmerinfo\/2019\/07\/tennis-tete-de-serie-timea-bacsinszky-eliminee-premier-tour\/#primaryimage","url":"https:\/\/vosgesinfo.fr\/app\/uploads\/sites\/6\/2024\/07\/201907timea-bacsinszky-sui3.jpg","contentUrl":"https:\/\/vosgesinfo.fr\/app\/uploads\/sites\/6\/2024\/07\/201907timea-bacsinszky-sui3.jpg","width":800,"height":533},{"@type":"BreadcrumbList","@id":"https:\/\/vosgesinfo.fr\/gerardmerinfo\/2019\/07\/tennis-tete-de-serie-timea-bacsinszky-eliminee-premier-tour\/#breadcrumb","itemListElement":[{"@type":"ListItem","position":1,"name":"Home","item":"https:\/\/vosgesinfo.fr\/gerardmerinfo\/"},{"@type":"ListItem","position":2,"name":"Tennis : La t\u00eate de s\u00e9rie Tim\u00e9a Bacsinszky \u00e9limin\u00e9e d\u00e8s le premier tour"}]},{"@type":"WebSite","@id":"https:\/\/vosgesinfo.fr\/gerardmerinfo\/#website","url":"https:\/\/vosgesinfo.fr\/gerardmerinfo\/","name":"Gerardmer Info","description":"Toute l&#039;actualit\u00e9 de G\u00e9rardmer","publisher":{"@id":"https:\/\/vosgesinfo.fr\/gerardmerinfo\/#organization"},"alternateName":"Toute l'actualit\u00e9 de G\u00e9rardmer","potentialAction":[{"@type":"SearchAction","target":{"@type":"EntryPoint","urlTemplate":"https:\/\/vosgesinfo.fr\/gerardmerinfo\/?s={search_term_string}"},"query-input":"required name=search_term_string"}],"inLanguage":"fr-FR"},{"@type":"Organization","@id":"https:\/\/vosgesinfo.fr\/gerardmerinfo\/#organization","name":"Gerardmer Info","url":"https:\/\/vosgesinfo.fr\/gerardmerinfo\/","logo":{"@type":"ImageObject","inLanguage":"fr-FR","@id":"https:\/\/vosgesinfo.fr\/gerardmerinfo\/#\/schema\/logo\/image\/","url":"https:\/\/vosgesinfo.fr\/app\/uploads\/sites\/6\/2023\/08\/favicon-gerardmerinfo.png","contentUrl":"https:\/\/vosgesinfo.fr\/app\/uploads\/sites\/6\/2023\/08\/favicon-gerardmerinfo.png","width":512,"height":512,"caption":"Gerardmer Info"},"image":{"@id":"https:\/\/vosgesinfo.fr\/gerardmerinfo\/#\/schema\/logo\/image\/"},"sameAs":["https:\/\/www.facebook.com\/profile.php?id=100049475262660","https:\/\/x.com\/VosgesInfo88","https:\/\/www.youtube.com\/@vosgesinfo"]},{"@type":"Person","@id":"https:\/\/vosgesinfo.fr\/gerardmerinfo\/#\/schema\/person\/bc5d02d71e6932e81b6dadb7386667b1","name":"qs_admin","image":{"@type":"ImageObject","inLanguage":"fr-FR","@id":"https:\/\/vosgesinfo.fr\/gerardmerinfo\/#\/schema\/person\/image\/","url":"https:\/\/secure.gravatar.com\/avatar\/94b18ee0ed79e4a42ea2f2931277b6841a8999fc6fde214600c78057cf1fe1de?s=96&d=mm&r=g","contentUrl":"https:\/\/secure.gravatar.com\/avatar\/94b18ee0ed79e4a42ea2f2931277b6841a8999fc6fde214600c78057cf1fe1de?s=96&d=mm&r=g","caption":"qs_admin"},"sameAs":["https:\/\/vosgesinfo.fr\/wp"],"url":"https:\/\/vosgesinfo.fr\/gerardmerinfo\/author\/qs_admin\/"}]}},"_links":{"self":[{"href":"https:\/\/vosgesinfo.fr\/gerardmerinfo\/wp-json\/wp\/v2\/posts\/42864","targetHints":{"allow":["GET"]}}],"collection":[{"href":"https:\/\/vosgesinfo.fr\/gerardmerinfo\/wp-json\/wp\/v2\/posts"}],"about":[{"href":"https:\/\/vosgesinfo.fr\/gerardmerinfo\/wp-json\/wp\/v2\/types\/post"}],"author":[{"embeddable":true,"href":"https:\/\/vosgesinfo.fr\/gerardmerinfo\/wp-json\/wp\/v2\/users\/1"}],"replies":[{"embeddable":true,"href":"https:\/\/vosgesinfo.fr\/gerardmerinfo\/wp-json\/wp\/v2\/comments?post=42864"}],"version-history":[{"count":0,"href":"https:\/\/vosgesinfo.fr\/gerardmerinfo\/wp-json\/wp\/v2\/posts\/42864\/revisions"}],"wp:featuredmedia":[{"embeddable":true,"href":"https:\/\/vosgesinfo.fr\/gerardmerinfo\/wp-json\/wp\/v2\/media\/42865"}],"wp:attachment":[{"href":"https:\/\/vosgesinfo.fr\/gerardmerinfo\/wp-json\/wp\/v2\/media?parent=42864"}],"wp:term":[{"taxonomy":"category","embeddable":true,"href":"https:\/\/vosgesinfo.fr\/gerardmerinfo\/wp-json\/wp\/v2\/categories?post=42864"},{"taxonomy":"post_tag","embeddable":true,"href":"https:\/\/vosgesinfo.fr\/gerardmerinfo\/wp-json\/wp\/v2\/tags?post=42864"}],"curies":[{"name":"wp","href":"https:\/\/api.w.org\/{rel}","templated":true}]}}