{"id":43007,"date":"2019-07-16T16:45:36","date_gmt":"2019-07-16T14:45:36","guid":{"rendered":"https:\/\/vosgesinfo.fr\/gerardmerinfo\/2019\/07\/letang-de-belbriette-pourrait-etre-sauve\/"},"modified":"2019-07-16T16:45:36","modified_gmt":"2019-07-16T14:45:36","slug":"letang-de-belbriette-pourrait-etre-sauve","status":"publish","type":"post","link":"https:\/\/vosgesinfo.fr\/gerardmerinfo\/2019\/07\/letang-de-belbriette-pourrait-etre-sauve\/","title":{"rendered":"L&rsquo;\u00e9tang de Belbriette pourrait \u00eatre sauv\u00e9"},"content":{"rendered":"<p>&nbsp;<\/p>\n<div id=\"attachment_150102\" style=\"width: 810px\" class=\"wp-caption aligncenter\"><a href=\"https:\/\/gerardmerinfo.fr\/2019\/07\/letang-de-belbriette-pourrait-etre-sauve\/p1130278\/\" rel=\"attachment wp-att-150102\"><img decoding=\"async\" aria-describedby=\"caption-attachment-150102\" class=\"wp-image-150102 size-full\" src=\"\/2019\/07\/P1130278.jpg\" alt=\"P1130278\" width=\"800\" height=\"600\" \/><\/a><p id=\"caption-attachment-150102\" class=\"wp-caption-text\"><span style=\"color: #000000;\">De G \u00e0 D. Hippolyte Perry, Jean-S\u00e9bastien Abel et Jacques Bernhard pour l&rsquo;ONF<\/span><\/p><\/div>\n\n<p style=\"text-align: left;\">A la suite des diff\u00e9rents articles consacr\u00e9s \u00e0 l&rsquo;\u00e9tang de Belbriette, l&rsquo;ONF, Office National des For\u00eats, a souhait\u00e9 revenir sur le dossier afin de lui donner un peu plus de perspective. Nous avons rencontr\u00e9 sur le terrain Hippolyte Perry de l\u2019agence de Montagne de Remiremont en charge du dossier accompagn\u00e9 pour la circonstance\u00a0 de Jacques Bernhard, responsable du secteur de G\u00e9rardmer et Jean-S\u00e9bastien Abel, agent de terrain sp\u00e9cialiste du milieu aquatique. Les techniciens de l&rsquo;ONF sont clairs et la volont\u00e9 de l\u2019administration est de conserver l&rsquo;\u00e9tang, le seul en Lorraine dans une configuration similaire. Il faudra cependant laisser le temps au temps, le dossier est \u00e0 l&rsquo;\u00e9tude dans les mains du\u00a0 bureau ARTELIA de Strasbourg qui doit remettre ses conclusions dans seulement 9 mois, soit \u00e0 la fin du printemps 2020.<\/p>\n<p style=\"text-align: left;\">Mieux vaut tard que jamais, d&rsquo;autant que le lieu est sous le coup de la loi sur l&rsquo;eau datant de 1992, mais dont les effets sont en application seulement depuis le d\u00e9but des ann\u00e9es 2000. Hippolyte Perry a, quant \u00e0 lui, pris la destin\u00e9e d&rsquo;un secteur laiss\u00e9 vacant pendant de trop nombreuses ann\u00e9es.<\/p>\n<p style=\"text-align: left;\">\u00ab\u00a0<em>L<\/em>&lsquo;<em>\u00e9tang n&rsquo;est absolument pas en conformit\u00e9 avec la loi et nous sommes aujourd\u2019hui sous la pression de la Police et de l\u2019Agence de l&rsquo;Eau qui nous imposent de nous adapter\u00a0\u00bb<\/em> confirme Hippolyte Perry \u00ab\u00a0<em>on nous demande de r\u00e9tablir la trame bleue <\/em><strong>(voire la note plus bas)<\/strong><em>, soit moins d&rsquo;obstacle \u00e0 l&rsquo;\u00e9coulement de l&rsquo;eau et des s\u00e9diments pour une libre circulation du flux<\/em>\u00ab\u00a0.<\/p>\n<p style=\"text-align: left;\">L&rsquo;ONF doit faire face \u00e0 deux cas de figure. Le 1er pour la r\u00e9fection du barrage et la r\u00e9alisation, parall\u00e8lement, d&rsquo;un bras de contournement (passe \u00e0 poisson mais pas seulement). Un choix couteux subventionn\u00e9 seulement \u00e0 hauteur de 30%. La seconde solution serait carr\u00e9ment de supprimer le barrage ce qui effacerait d\u00e9finitivement\u00a0 l&rsquo;\u00e9tang avec des aides de l&rsquo;ordre de 80%&#8230;.cherchez l&rsquo;erreur !<\/p>\n<p style=\"text-align: left;\">L&rsquo;avant projet est en pleine maturation, mais il faudra encore du temps et sans doute pas mal de r\u00e9unions du comit\u00e9 de pilotage afin d&rsquo;analyser les conclusions de l&rsquo;\u00e9tude (pas avant 1 an). Parmi les parties prenantes, on devrait retrouver \u00e9galement autour de la table les \u00e9lus de la communes de Xonrupt et sans doute de la communaut\u00e9 de communes, les responsables du Parc des Ballons, de l&rsquo;Agence de l&rsquo;Eau&#8230;.voire les repr\u00e9sentants du D\u00e9partement dans le cadre d&rsquo;un \u00e9ventuel financement des travaux. Car c&rsquo;est bien la solution la plus couteuse imagin\u00e9e aujourd&rsquo;hui par l&rsquo;ONF.<\/p>\n<p style=\"text-align: left;\">En attendant, l&rsquo;\u00e9tang est en survie mais\u00a0 tr\u00e8s surveill\u00e9 par les agents de l&rsquo;ONF et ceux de la\u00a0 Police de l&rsquo;eau. Derni\u00e8rement des ballastes ou poutres ont \u00e9t\u00e9 repositionn\u00e9es sur l&rsquo;\u00e9cluse sans autorisation afin de cesser l\u2019\u00e9coulement du cours d\u2019eau et surtout\u00a0 de remplir l&rsquo;espace tr\u00e8s ass\u00e9ch\u00e9. \u00a0\u00bb C<em>&lsquo;est une erreur \u00e0 ne plus commettre<\/em> \u00a0\u00bb confirme en ch\u0153ur les techniciens \u00a0\u00bb <em>c&rsquo;est tr\u00e8s mauvais pour l&rsquo;\u00e9quilibre du ruisseau en aval du barrage et surtout la pression r\u00e9active les fuites et fragilise l&rsquo;endroit. Il faudra \u00eatre patient m\u00eame si l&rsquo;on sait pertinemment que le dossier est \u00e0 fleur de peau au sein m\u00eame de la population locale.<br \/>\n<\/em><\/p>\n<p style=\"text-align: left;\">Au del\u00e0 des mots et des conclusions parfois faites de centaines de pages, il faudra choisir et surtout agir !<\/p>\n<p style=\"text-align: left;\"><strong>Note :<\/strong> <span class=\"ILfuVd\"><span class=\"e24Kjd\">En France, <b>la trame<\/b> <b>bleue<\/b> d\u00e9signe officiellement depuis 2007 un des grands projets nationaux fran\u00e7ais issus du Grenelle de l&rsquo;Environnement. Elle est constitu\u00e9e de l&rsquo;ensemble du maillage des corridors biologiques (ou corridors \u00e9cologiques, existants ou \u00e0 restaurer), des \u00ab r\u00e9servoirs de biodiversit\u00e9 \u00bb.<\/span><\/span><\/p>\n<p style=\"text-align: left;\"><span style=\"color: #0000ff;\"><strong>\u00a0<a style=\"color: #0000ff;\" href=\"https:\/\/fr.wikipedia.org\/wiki\/Trame_bleue\">https:\/\/fr.wikipedia.org\/wiki\/Trame_bleue<\/a><\/strong><\/span><\/p>\n","protected":false},"excerpt":{"rendered":"<p>&nbsp; A la suite des diff\u00e9rents articles consacr\u00e9s \u00e0 l&rsquo;\u00e9tang de Belbriette, l&rsquo;ONF, Office National des For\u00eats, a souhait\u00e9 revenir [&hellip;]<\/p>\n","protected":false},"author":1,"featured_media":43008,"comment_status":"open","ping_status":"open","sticky":false,"template":"","format":"standard","meta":{"footnotes":""},"categories":[20,18],"tags":[1861,4186,4187,449,4188,1582],"class_list":["post-43007","post","type-post","status-publish","format-standard","has-post-thumbnail","hentry","category-a-la-une","category-vosges","tag-belbriette","tag-etang","tag-geerardmer","tag-onf","tag-sauver","tag-xonrupt"],"acf":[],"yoast_head":"<!-- This site is optimized with the Yoast SEO plugin v22.5 - https:\/\/yoast.com\/wordpress\/plugins\/seo\/ -->\n<title>L&#039;\u00e9tang de Belbriette pourrait \u00eatre sauv\u00e9 - Gerardmer Info<\/title>\n<meta name=\"robots\" content=\"index, follow, max-snippet:-1, max-image-preview:large, max-video-preview:-1\" \/>\n<link rel=\"canonical\" href=\"https:\/\/vosgesinfo.fr\/gerardmerinfo\/2019\/07\/letang-de-belbriette-pourrait-etre-sauve\/\" \/>\n<meta name=\"twitter:card\" content=\"summary_large_image\" \/>\n<meta name=\"twitter:title\" content=\"L&#039;\u00e9tang de Belbriette pourrait \u00eatre sauv\u00e9 - Gerardmer Info\" \/>\n<meta name=\"twitter:description\" content=\"&nbsp; A la suite des diff\u00e9rents articles consacr\u00e9s \u00e0 l&rsquo;\u00e9tang de Belbriette, l&rsquo;ONF, Office National des For\u00eats, a souhait\u00e9 revenir [&hellip;]\" \/>\n<meta name=\"twitter:image\" content=\"https:\/\/vosgesinfo.fr\/app\/uploads\/sites\/6\/2024\/07\/201907p1130278.jpg\" \/>\n<meta name=\"twitter:creator\" content=\"@VosgesInfo88\" \/>\n<meta name=\"twitter:site\" content=\"@VosgesInfo88\" \/>\n<meta name=\"twitter:label1\" content=\"\u00c9crit par\" \/>\n\t<meta name=\"twitter:data1\" content=\"qs_admin\" \/>\n\t<meta name=\"twitter:label2\" content=\"Dur\u00e9e de lecture estim\u00e9e\" \/>\n\t<meta name=\"twitter:data2\" content=\"3 minutes\" \/>\n<script type=\"application\/ld+json\" class=\"yoast-schema-graph\">{\"@context\":\"https:\/\/schema.org\",\"@graph\":[{\"@type\":\"Article\",\"@id\":\"https:\/\/vosgesinfo.fr\/gerardmerinfo\/2019\/07\/letang-de-belbriette-pourrait-etre-sauve\/#article\",\"isPartOf\":{\"@id\":\"https:\/\/vosgesinfo.fr\/gerardmerinfo\/2019\/07\/letang-de-belbriette-pourrait-etre-sauve\/\"},\"author\":{\"name\":\"qs_admin\",\"@id\":\"https:\/\/vosgesinfo.fr\/gerardmerinfo\/#\/schema\/person\/bc5d02d71e6932e81b6dadb7386667b1\"},\"headline\":\"L&rsquo;\u00e9tang de Belbriette pourrait \u00eatre sauv\u00e9\",\"datePublished\":\"2019-07-16T14:45:36+00:00\",\"dateModified\":\"2019-07-16T14:45:36+00:00\",\"mainEntityOfPage\":{\"@id\":\"https:\/\/vosgesinfo.fr\/gerardmerinfo\/2019\/07\/letang-de-belbriette-pourrait-etre-sauve\/\"},\"wordCount\":674,\"commentCount\":0,\"publisher\":{\"@id\":\"https:\/\/vosgesinfo.fr\/gerardmerinfo\/#organization\"},\"image\":{\"@id\":\"https:\/\/vosgesinfo.fr\/gerardmerinfo\/2019\/07\/letang-de-belbriette-pourrait-etre-sauve\/#primaryimage\"},\"thumbnailUrl\":\"https:\/\/vosgesinfo.fr\/app\/uploads\/sites\/6\/2024\/07\/201907p1130278.jpg\",\"keywords\":[\"belbriette\",\"\u00e9tang\",\"G\u00e9\u00e9rardmer\",\"ONF\",\"sauver\",\"xonrupt\"],\"articleSection\":[\"A la une\",\"Vosges\"],\"inLanguage\":\"fr-FR\",\"potentialAction\":[{\"@type\":\"CommentAction\",\"name\":\"Comment\",\"target\":[\"https:\/\/vosgesinfo.fr\/gerardmerinfo\/2019\/07\/letang-de-belbriette-pourrait-etre-sauve\/#respond\"]}]},{\"@type\":\"WebPage\",\"@id\":\"https:\/\/vosgesinfo.fr\/gerardmerinfo\/2019\/07\/letang-de-belbriette-pourrait-etre-sauve\/\",\"url\":\"https:\/\/vosgesinfo.fr\/gerardmerinfo\/2019\/07\/letang-de-belbriette-pourrait-etre-sauve\/\",\"name\":\"L'\u00e9tang de Belbriette pourrait \u00eatre sauv\u00e9 - Gerardmer Info\",\"isPartOf\":{\"@id\":\"https:\/\/vosgesinfo.fr\/gerardmerinfo\/#website\"},\"primaryImageOfPage\":{\"@id\":\"https:\/\/vosgesinfo.fr\/gerardmerinfo\/2019\/07\/letang-de-belbriette-pourrait-etre-sauve\/#primaryimage\"},\"image\":{\"@id\":\"https:\/\/vosgesinfo.fr\/gerardmerinfo\/2019\/07\/letang-de-belbriette-pourrait-etre-sauve\/#primaryimage\"},\"thumbnailUrl\":\"https:\/\/vosgesinfo.fr\/app\/uploads\/sites\/6\/2024\/07\/201907p1130278.jpg\",\"datePublished\":\"2019-07-16T14:45:36+00:00\",\"dateModified\":\"2019-07-16T14:45:36+00:00\",\"breadcrumb\":{\"@id\":\"https:\/\/vosgesinfo.fr\/gerardmerinfo\/2019\/07\/letang-de-belbriette-pourrait-etre-sauve\/#breadcrumb\"},\"inLanguage\":\"fr-FR\",\"potentialAction\":[{\"@type\":\"ReadAction\",\"target\":[\"https:\/\/vosgesinfo.fr\/gerardmerinfo\/2019\/07\/letang-de-belbriette-pourrait-etre-sauve\/\"]}]},{\"@type\":\"ImageObject\",\"inLanguage\":\"fr-FR\",\"@id\":\"https:\/\/vosgesinfo.fr\/gerardmerinfo\/2019\/07\/letang-de-belbriette-pourrait-etre-sauve\/#primaryimage\",\"url\":\"https:\/\/vosgesinfo.fr\/app\/uploads\/sites\/6\/2024\/07\/201907p1130278.jpg\",\"contentUrl\":\"https:\/\/vosgesinfo.fr\/app\/uploads\/sites\/6\/2024\/07\/201907p1130278.jpg\",\"width\":800,\"height\":600},{\"@type\":\"BreadcrumbList\",\"@id\":\"https:\/\/vosgesinfo.fr\/gerardmerinfo\/2019\/07\/letang-de-belbriette-pourrait-etre-sauve\/#breadcrumb\",\"itemListElement\":[{\"@type\":\"ListItem\",\"position\":1,\"name\":\"Home\",\"item\":\"https:\/\/vosgesinfo.fr\/gerardmerinfo\/\"},{\"@type\":\"ListItem\",\"position\":2,\"name\":\"L&rsquo;\u00e9tang de Belbriette pourrait \u00eatre sauv\u00e9\"}]},{\"@type\":\"WebSite\",\"@id\":\"https:\/\/vosgesinfo.fr\/gerardmerinfo\/#website\",\"url\":\"https:\/\/vosgesinfo.fr\/gerardmerinfo\/\",\"name\":\"Gerardmer Info\",\"description\":\"Toute l&#039;actualit\u00e9 de G\u00e9rardmer\",\"publisher\":{\"@id\":\"https:\/\/vosgesinfo.fr\/gerardmerinfo\/#organization\"},\"alternateName\":\"Toute l'actualit\u00e9 de G\u00e9rardmer\",\"potentialAction\":[{\"@type\":\"SearchAction\",\"target\":{\"@type\":\"EntryPoint\",\"urlTemplate\":\"https:\/\/vosgesinfo.fr\/gerardmerinfo\/?s={search_term_string}\"},\"query-input\":\"required name=search_term_string\"}],\"inLanguage\":\"fr-FR\"},{\"@type\":\"Organization\",\"@id\":\"https:\/\/vosgesinfo.fr\/gerardmerinfo\/#organization\",\"name\":\"Gerardmer Info\",\"url\":\"https:\/\/vosgesinfo.fr\/gerardmerinfo\/\",\"logo\":{\"@type\":\"ImageObject\",\"inLanguage\":\"fr-FR\",\"@id\":\"https:\/\/vosgesinfo.fr\/gerardmerinfo\/#\/schema\/logo\/image\/\",\"url\":\"https:\/\/vosgesinfo.fr\/app\/uploads\/sites\/6\/2023\/08\/favicon-gerardmerinfo.png\",\"contentUrl\":\"https:\/\/vosgesinfo.fr\/app\/uploads\/sites\/6\/2023\/08\/favicon-gerardmerinfo.png\",\"width\":512,\"height\":512,\"caption\":\"Gerardmer Info\"},\"image\":{\"@id\":\"https:\/\/vosgesinfo.fr\/gerardmerinfo\/#\/schema\/logo\/image\/\"},\"sameAs\":[\"https:\/\/www.facebook.com\/profile.php?id=100049475262660\",\"https:\/\/x.com\/VosgesInfo88\",\"https:\/\/www.youtube.com\/@vosgesinfo\"]},{\"@type\":\"Person\",\"@id\":\"https:\/\/vosgesinfo.fr\/gerardmerinfo\/#\/schema\/person\/bc5d02d71e6932e81b6dadb7386667b1\",\"name\":\"qs_admin\",\"image\":{\"@type\":\"ImageObject\",\"inLanguage\":\"fr-FR\",\"@id\":\"https:\/\/vosgesinfo.fr\/gerardmerinfo\/#\/schema\/person\/image\/\",\"url\":\"https:\/\/secure.gravatar.com\/avatar\/94b18ee0ed79e4a42ea2f2931277b6841a8999fc6fde214600c78057cf1fe1de?s=96&d=mm&r=g\",\"contentUrl\":\"https:\/\/secure.gravatar.com\/avatar\/94b18ee0ed79e4a42ea2f2931277b6841a8999fc6fde214600c78057cf1fe1de?s=96&d=mm&r=g\",\"caption\":\"qs_admin\"},\"sameAs\":[\"https:\/\/vosgesinfo.fr\/wp\"],\"url\":\"https:\/\/vosgesinfo.fr\/gerardmerinfo\/author\/qs_admin\/\"}]}<\/script>\n<!-- \/ Yoast SEO plugin. -->","yoast_head_json":{"title":"L'\u00e9tang de Belbriette pourrait \u00eatre sauv\u00e9 - Gerardmer Info","robots":{"index":"index","follow":"follow","max-snippet":"max-snippet:-1","max-image-preview":"max-image-preview:large","max-video-preview":"max-video-preview:-1"},"canonical":"https:\/\/vosgesinfo.fr\/gerardmerinfo\/2019\/07\/letang-de-belbriette-pourrait-etre-sauve\/","twitter_card":"summary_large_image","twitter_title":"L'\u00e9tang de Belbriette pourrait \u00eatre sauv\u00e9 - Gerardmer Info","twitter_description":"&nbsp; A la suite des diff\u00e9rents articles consacr\u00e9s \u00e0 l&rsquo;\u00e9tang de Belbriette, l&rsquo;ONF, Office National des For\u00eats, a souhait\u00e9 revenir [&hellip;]","twitter_image":"https:\/\/vosgesinfo.fr\/app\/uploads\/sites\/6\/2024\/07\/201907p1130278.jpg","twitter_creator":"@VosgesInfo88","twitter_site":"@VosgesInfo88","twitter_misc":{"\u00c9crit par":"qs_admin","Dur\u00e9e de lecture estim\u00e9e":"3 minutes"},"schema":{"@context":"https:\/\/schema.org","@graph":[{"@type":"Article","@id":"https:\/\/vosgesinfo.fr\/gerardmerinfo\/2019\/07\/letang-de-belbriette-pourrait-etre-sauve\/#article","isPartOf":{"@id":"https:\/\/vosgesinfo.fr\/gerardmerinfo\/2019\/07\/letang-de-belbriette-pourrait-etre-sauve\/"},"author":{"name":"qs_admin","@id":"https:\/\/vosgesinfo.fr\/gerardmerinfo\/#\/schema\/person\/bc5d02d71e6932e81b6dadb7386667b1"},"headline":"L&rsquo;\u00e9tang de Belbriette pourrait \u00eatre sauv\u00e9","datePublished":"2019-07-16T14:45:36+00:00","dateModified":"2019-07-16T14:45:36+00:00","mainEntityOfPage":{"@id":"https:\/\/vosgesinfo.fr\/gerardmerinfo\/2019\/07\/letang-de-belbriette-pourrait-etre-sauve\/"},"wordCount":674,"commentCount":0,"publisher":{"@id":"https:\/\/vosgesinfo.fr\/gerardmerinfo\/#organization"},"image":{"@id":"https:\/\/vosgesinfo.fr\/gerardmerinfo\/2019\/07\/letang-de-belbriette-pourrait-etre-sauve\/#primaryimage"},"thumbnailUrl":"https:\/\/vosgesinfo.fr\/app\/uploads\/sites\/6\/2024\/07\/201907p1130278.jpg","keywords":["belbriette","\u00e9tang","G\u00e9\u00e9rardmer","ONF","sauver","xonrupt"],"articleSection":["A la une","Vosges"],"inLanguage":"fr-FR","potentialAction":[{"@type":"CommentAction","name":"Comment","target":["https:\/\/vosgesinfo.fr\/gerardmerinfo\/2019\/07\/letang-de-belbriette-pourrait-etre-sauve\/#respond"]}]},{"@type":"WebPage","@id":"https:\/\/vosgesinfo.fr\/gerardmerinfo\/2019\/07\/letang-de-belbriette-pourrait-etre-sauve\/","url":"https:\/\/vosgesinfo.fr\/gerardmerinfo\/2019\/07\/letang-de-belbriette-pourrait-etre-sauve\/","name":"L'\u00e9tang de Belbriette pourrait \u00eatre sauv\u00e9 - Gerardmer Info","isPartOf":{"@id":"https:\/\/vosgesinfo.fr\/gerardmerinfo\/#website"},"primaryImageOfPage":{"@id":"https:\/\/vosgesinfo.fr\/gerardmerinfo\/2019\/07\/letang-de-belbriette-pourrait-etre-sauve\/#primaryimage"},"image":{"@id":"https:\/\/vosgesinfo.fr\/gerardmerinfo\/2019\/07\/letang-de-belbriette-pourrait-etre-sauve\/#primaryimage"},"thumbnailUrl":"https:\/\/vosgesinfo.fr\/app\/uploads\/sites\/6\/2024\/07\/201907p1130278.jpg","datePublished":"2019-07-16T14:45:36+00:00","dateModified":"2019-07-16T14:45:36+00:00","breadcrumb":{"@id":"https:\/\/vosgesinfo.fr\/gerardmerinfo\/2019\/07\/letang-de-belbriette-pourrait-etre-sauve\/#breadcrumb"},"inLanguage":"fr-FR","potentialAction":[{"@type":"ReadAction","target":["https:\/\/vosgesinfo.fr\/gerardmerinfo\/2019\/07\/letang-de-belbriette-pourrait-etre-sauve\/"]}]},{"@type":"ImageObject","inLanguage":"fr-FR","@id":"https:\/\/vosgesinfo.fr\/gerardmerinfo\/2019\/07\/letang-de-belbriette-pourrait-etre-sauve\/#primaryimage","url":"https:\/\/vosgesinfo.fr\/app\/uploads\/sites\/6\/2024\/07\/201907p1130278.jpg","contentUrl":"https:\/\/vosgesinfo.fr\/app\/uploads\/sites\/6\/2024\/07\/201907p1130278.jpg","width":800,"height":600},{"@type":"BreadcrumbList","@id":"https:\/\/vosgesinfo.fr\/gerardmerinfo\/2019\/07\/letang-de-belbriette-pourrait-etre-sauve\/#breadcrumb","itemListElement":[{"@type":"ListItem","position":1,"name":"Home","item":"https:\/\/vosgesinfo.fr\/gerardmerinfo\/"},{"@type":"ListItem","position":2,"name":"L&rsquo;\u00e9tang de Belbriette pourrait \u00eatre sauv\u00e9"}]},{"@type":"WebSite","@id":"https:\/\/vosgesinfo.fr\/gerardmerinfo\/#website","url":"https:\/\/vosgesinfo.fr\/gerardmerinfo\/","name":"Gerardmer Info","description":"Toute l&#039;actualit\u00e9 de G\u00e9rardmer","publisher":{"@id":"https:\/\/vosgesinfo.fr\/gerardmerinfo\/#organization"},"alternateName":"Toute l'actualit\u00e9 de G\u00e9rardmer","potentialAction":[{"@type":"SearchAction","target":{"@type":"EntryPoint","urlTemplate":"https:\/\/vosgesinfo.fr\/gerardmerinfo\/?s={search_term_string}"},"query-input":"required name=search_term_string"}],"inLanguage":"fr-FR"},{"@type":"Organization","@id":"https:\/\/vosgesinfo.fr\/gerardmerinfo\/#organization","name":"Gerardmer Info","url":"https:\/\/vosgesinfo.fr\/gerardmerinfo\/","logo":{"@type":"ImageObject","inLanguage":"fr-FR","@id":"https:\/\/vosgesinfo.fr\/gerardmerinfo\/#\/schema\/logo\/image\/","url":"https:\/\/vosgesinfo.fr\/app\/uploads\/sites\/6\/2023\/08\/favicon-gerardmerinfo.png","contentUrl":"https:\/\/vosgesinfo.fr\/app\/uploads\/sites\/6\/2023\/08\/favicon-gerardmerinfo.png","width":512,"height":512,"caption":"Gerardmer Info"},"image":{"@id":"https:\/\/vosgesinfo.fr\/gerardmerinfo\/#\/schema\/logo\/image\/"},"sameAs":["https:\/\/www.facebook.com\/profile.php?id=100049475262660","https:\/\/x.com\/VosgesInfo88","https:\/\/www.youtube.com\/@vosgesinfo"]},{"@type":"Person","@id":"https:\/\/vosgesinfo.fr\/gerardmerinfo\/#\/schema\/person\/bc5d02d71e6932e81b6dadb7386667b1","name":"qs_admin","image":{"@type":"ImageObject","inLanguage":"fr-FR","@id":"https:\/\/vosgesinfo.fr\/gerardmerinfo\/#\/schema\/person\/image\/","url":"https:\/\/secure.gravatar.com\/avatar\/94b18ee0ed79e4a42ea2f2931277b6841a8999fc6fde214600c78057cf1fe1de?s=96&d=mm&r=g","contentUrl":"https:\/\/secure.gravatar.com\/avatar\/94b18ee0ed79e4a42ea2f2931277b6841a8999fc6fde214600c78057cf1fe1de?s=96&d=mm&r=g","caption":"qs_admin"},"sameAs":["https:\/\/vosgesinfo.fr\/wp"],"url":"https:\/\/vosgesinfo.fr\/gerardmerinfo\/author\/qs_admin\/"}]}},"_links":{"self":[{"href":"https:\/\/vosgesinfo.fr\/gerardmerinfo\/wp-json\/wp\/v2\/posts\/43007","targetHints":{"allow":["GET"]}}],"collection":[{"href":"https:\/\/vosgesinfo.fr\/gerardmerinfo\/wp-json\/wp\/v2\/posts"}],"about":[{"href":"https:\/\/vosgesinfo.fr\/gerardmerinfo\/wp-json\/wp\/v2\/types\/post"}],"author":[{"embeddable":true,"href":"https:\/\/vosgesinfo.fr\/gerardmerinfo\/wp-json\/wp\/v2\/users\/1"}],"replies":[{"embeddable":true,"href":"https:\/\/vosgesinfo.fr\/gerardmerinfo\/wp-json\/wp\/v2\/comments?post=43007"}],"version-history":[{"count":0,"href":"https:\/\/vosgesinfo.fr\/gerardmerinfo\/wp-json\/wp\/v2\/posts\/43007\/revisions"}],"wp:featuredmedia":[{"embeddable":true,"href":"https:\/\/vosgesinfo.fr\/gerardmerinfo\/wp-json\/wp\/v2\/media\/43008"}],"wp:attachment":[{"href":"https:\/\/vosgesinfo.fr\/gerardmerinfo\/wp-json\/wp\/v2\/media?parent=43007"}],"wp:term":[{"taxonomy":"category","embeddable":true,"href":"https:\/\/vosgesinfo.fr\/gerardmerinfo\/wp-json\/wp\/v2\/categories?post=43007"},{"taxonomy":"post_tag","embeddable":true,"href":"https:\/\/vosgesinfo.fr\/gerardmerinfo\/wp-json\/wp\/v2\/tags?post=43007"}],"curies":[{"name":"wp","href":"https:\/\/api.w.org\/{rel}","templated":true}]}}