{"id":43012,"date":"2019-07-16T16:44:29","date_gmt":"2019-07-16T14:44:29","guid":{"rendered":"https:\/\/vosgesinfo.fr\/gerardmerinfo\/2019\/07\/europe-eco-velo-matthias-thomas-retour-france-dattaquer-sud-de-leurope\/"},"modified":"2019-07-16T16:44:29","modified_gmt":"2019-07-16T14:44:29","slug":"europe-eco-velo-matthias-thomas-retour-france-dattaquer-sud-de-leurope","status":"publish","type":"post","link":"https:\/\/vosgesinfo.fr\/gerardmerinfo\/2019\/07\/europe-eco-velo-matthias-thomas-retour-france-dattaquer-sud-de-leurope\/","title":{"rendered":"Europe Eco V\u00e9lo : Matthias et Thomas font le retour en France avant d&rsquo;attaquer le Sud de l&rsquo;Europe"},"content":{"rendered":"\n<p>&nbsp;<\/p>\n<h3><span class=\"m_-7476193220203795518m_4943124164955595790gmail-m_-8260915384588678692s1\">Matthias et Thomas ont\u00a0 actuellement au sud de Paris et en sont \u00e0 leur sixi\u00e8me pays travers\u00e9 depuis le d\u00e9but de leur p\u00e9riple qui, rappelons-le, a d\u00e9but\u00e9 en Norv\u00e8ge il y a un peu plus d&rsquo;un mois !\u00a0<\/span><\/h3>\n<p class=\"m_-7476193220203795518m_4943124164955595790gmail-m_-8260915384588678692p1\"><span class=\"m_-7476193220203795518m_4943124164955595790gmail-m_-8260915384588678692s1\">Depuis peu, ils ont donc fait leur retour en France, franchissant ainsi la barre des 3000 km ! Ils ont pass\u00e9 Compi\u00e8gne o\u00f9 ils ont d\u00e9j\u00e0 donn\u00e9 une conf\u00e9rence sur le d\u00e9but de leur aventure \u00e0 des enfants de 8-15 ans et leurs animateurs ! \u00ab\u00a0C\u2019\u00e9tait une exp\u00e9rience incroyable et sommes tellement heureux d\u2019avoir pu faire voyager toutes ces personnes et d\u2019avoir pu v\u00e9hiculer nos valeurs ! Nous recommencerons \u00e0 Biarritz et esp\u00e9rons avoir d\u2019autres villes int\u00e9ress\u00e9es par notre initiative\u00a0\u00bb pr\u00e9cisent les deux comp\u00e8res.<br \/>\n<\/span><\/p>\n<p class=\"m_-7476193220203795518m_4943124164955595790gmail-m_-8260915384588678692p1\"><span class=\"m_-7476193220203795518m_4943124164955595790gmail-m_-8260915384588678692s1\">Ils ont pass\u00e9 Paris sans encombre, avec une circulation un peu chaotique et donc tout en restant tr\u00e8s prudents. Ils vont pouvoir \u00e9tudier les pistes cyclables fran\u00e7aises et donner leur avis sur la question en fin de p\u00e9riple en s&rsquo;appuyant sur ce qu&rsquo;ils ont pu voir dans d&rsquo;autres pays. \u00ab\u00a0Nous avons d\u00e9j\u00e0 remarqu\u00e9 une diff\u00e9rence entre les pays scandinaves et le d\u00e9but de l\u2019Allemagne, par le comportement sur la route des voitures ou camions, les acc\u00e8s pour v\u00e9los sur les trottoirs par exemple, de la priorit\u00e9 laiss\u00e9e aux v\u00e9los ou non. Cependant il y a un avantage \u00e0 \u00eatre en Allemagne, les prix sont plus raisonnables pour la nourriture ! Les paysages sont plus ou moins semblables \u00e0 la France, moins impressionnants que les scandinaves, mais de beaux points de vue tout de m\u00eame&#8230;\u00a0\u00bb ajoutent Matthias et Thomas<br \/>\n<\/span><\/p>\n<p class=\"m_-7476193220203795518m_4943124164955595790gmail-m_-8260915384588678692p1\"><span class=\"m_-7476193220203795518m_4943124164955595790gmail-m_-8260915384588678692s1\">En Belgique, ils ont parcouru 240 km en 3 jours avec une pause \u00e0 Li\u00e8ge d\u2019une journ\u00e9e pour laver enti\u00e8rement leurs affaires et reprendre des forces ! Ils ont \u00e9t\u00e9 agr\u00e9ablement surpris de voir un nombre incalculable de pistes cyclables : \u00ab\u00a0En tant que cyclistes, c\u2019est vraiment agr\u00e9able d\u2019\u00eatre en s\u00e9curit\u00e9 sur des pistes cyclables, et d&rsquo;autant plus pour nous avec nos remorques ! Par contre, gros point n\u00e9gatif, la salet\u00e9 des routes &#8230; plus de 6 kilos d\u2019ordures ramass\u00e9es, et nous aurions pu en ramasser bien plus, mais nous aurions d\u00fb nous arr\u00eater un mois entier ! Les pistes cyclables et les routes belges sont extr\u00eamement sales, un manque de civisme et d\u2019\u00e9ducation de la part de certains, c\u2019est dommage pour notre plan\u00e8te&#8230; Mais nous avons encore une fois la chance de tomber sur des Belges bienveillants qui nous h\u00e9bergent et avec qui nous partageons notre aventure et nous remercient m\u00eame d\u2019avoir frapper \u00e0 leur porte.\u00a0\u00bb<br \/>\n<\/span><\/p>\n<p class=\"m_-7476193220203795518m_4943124164955595790gmail-m_-8260915384588678692p1\"><span class=\"m_-7476193220203795518m_4943124164955595790gmail-m_-8260915384588678692s1\">Alors que certaines tendances se d\u00e9gagent au fil de la route, ils sont pr\u00eats \u00e0 affronter la suite de notre p\u00e9riple, avec encore plus de 1 000 kilom\u00e8tres en France et plus de 800 en Espagne, et le trajet retour qui se fera sur la c\u00f4te nord Espagnole jusqu&rsquo;\u00e0 Bordeaux, o\u00f9 ils reprendront le train pour rentrer sur Nancy.<br \/>\n<\/span><\/p>\n","protected":false},"excerpt":{"rendered":"<p>&nbsp; Matthias et Thomas ont\u00a0 actuellement au sud de Paris et en sont \u00e0 leur sixi\u00e8me pays travers\u00e9 depuis le [&hellip;]<\/p>\n","protected":false},"author":42,"featured_media":43013,"comment_status":"open","ping_status":"open","sticky":false,"template":"","format":"standard","meta":{"footnotes":""},"categories":[20,25,14,18],"tags":[4189],"class_list":["post-43012","post","type-post","status-publish","format-standard","has-post-thumbnail","hentry","category-a-la-une","category-gerardmer","category-sport","category-vosges","tag-europe-eco-velo"],"acf":[],"yoast_head":"<!-- This site is optimized with the Yoast SEO plugin v22.5 - https:\/\/yoast.com\/wordpress\/plugins\/seo\/ -->\n<title>Europe Eco V\u00e9lo : Matthias et Thomas font le retour en France avant d&#039;attaquer le Sud de l&#039;Europe - Gerardmer Info<\/title>\n<meta name=\"robots\" content=\"index, follow, max-snippet:-1, max-image-preview:large, max-video-preview:-1\" \/>\n<link rel=\"canonical\" href=\"https:\/\/vosgesinfo.fr\/gerardmerinfo\/2019\/07\/europe-eco-velo-matthias-thomas-retour-france-dattaquer-sud-de-leurope\/\" \/>\n<meta name=\"twitter:card\" content=\"summary_large_image\" \/>\n<meta name=\"twitter:title\" content=\"Europe Eco V\u00e9lo : Matthias et Thomas font le retour en France avant d&#039;attaquer le Sud de l&#039;Europe - Gerardmer Info\" \/>\n<meta name=\"twitter:description\" content=\"&nbsp; Matthias et Thomas ont\u00a0 actuellement au sud de Paris et en sont \u00e0 leur sixi\u00e8me pays travers\u00e9 depuis le [&hellip;]\" \/>\n<meta name=\"twitter:image\" content=\"https:\/\/vosgesinfo.fr\/app\/uploads\/sites\/6\/2024\/07\/201907europe-eco-velo-matthias-thomas-7.jpeg\" \/>\n<meta name=\"twitter:creator\" content=\"@VosgesInfo88\" \/>\n<meta name=\"twitter:site\" content=\"@VosgesInfo88\" \/>\n<meta name=\"twitter:label1\" content=\"\u00c9crit par\" \/>\n\t<meta name=\"twitter:data1\" content=\"QG\" \/>\n\t<meta name=\"twitter:label2\" content=\"Dur\u00e9e de lecture estim\u00e9e\" \/>\n\t<meta name=\"twitter:data2\" content=\"3 minutes\" \/>\n<script type=\"application\/ld+json\" class=\"yoast-schema-graph\">{\"@context\":\"https:\/\/schema.org\",\"@graph\":[{\"@type\":\"Article\",\"@id\":\"https:\/\/vosgesinfo.fr\/gerardmerinfo\/2019\/07\/europe-eco-velo-matthias-thomas-retour-france-dattaquer-sud-de-leurope\/#article\",\"isPartOf\":{\"@id\":\"https:\/\/vosgesinfo.fr\/gerardmerinfo\/2019\/07\/europe-eco-velo-matthias-thomas-retour-france-dattaquer-sud-de-leurope\/\"},\"author\":{\"name\":\"QG\",\"@id\":\"https:\/\/vosgesinfo.fr\/gerardmerinfo\/#\/schema\/person\/db5605779a843dad16b5368f3e7613a5\"},\"headline\":\"Europe Eco V\u00e9lo : Matthias et Thomas font le retour en France avant d&rsquo;attaquer le Sud de l&rsquo;Europe\",\"datePublished\":\"2019-07-16T14:44:29+00:00\",\"dateModified\":\"2019-07-16T14:44:29+00:00\",\"mainEntityOfPage\":{\"@id\":\"https:\/\/vosgesinfo.fr\/gerardmerinfo\/2019\/07\/europe-eco-velo-matthias-thomas-retour-france-dattaquer-sud-de-leurope\/\"},\"wordCount\":542,\"commentCount\":0,\"publisher\":{\"@id\":\"https:\/\/vosgesinfo.fr\/gerardmerinfo\/#organization\"},\"image\":{\"@id\":\"https:\/\/vosgesinfo.fr\/gerardmerinfo\/2019\/07\/europe-eco-velo-matthias-thomas-retour-france-dattaquer-sud-de-leurope\/#primaryimage\"},\"thumbnailUrl\":\"https:\/\/vosgesinfo.fr\/app\/uploads\/sites\/6\/2024\/07\/201907europe-eco-velo-matthias-thomas-7.jpeg\",\"keywords\":[\"europe eco velo\"],\"articleSection\":[\"A la une\",\"G\u00e9rardmer\",\"Sport\",\"Vosges\"],\"inLanguage\":\"fr-FR\",\"potentialAction\":[{\"@type\":\"CommentAction\",\"name\":\"Comment\",\"target\":[\"https:\/\/vosgesinfo.fr\/gerardmerinfo\/2019\/07\/europe-eco-velo-matthias-thomas-retour-france-dattaquer-sud-de-leurope\/#respond\"]}]},{\"@type\":\"WebPage\",\"@id\":\"https:\/\/vosgesinfo.fr\/gerardmerinfo\/2019\/07\/europe-eco-velo-matthias-thomas-retour-france-dattaquer-sud-de-leurope\/\",\"url\":\"https:\/\/vosgesinfo.fr\/gerardmerinfo\/2019\/07\/europe-eco-velo-matthias-thomas-retour-france-dattaquer-sud-de-leurope\/\",\"name\":\"Europe Eco V\u00e9lo : Matthias et Thomas font le retour en France avant d'attaquer le Sud de l'Europe - Gerardmer Info\",\"isPartOf\":{\"@id\":\"https:\/\/vosgesinfo.fr\/gerardmerinfo\/#website\"},\"primaryImageOfPage\":{\"@id\":\"https:\/\/vosgesinfo.fr\/gerardmerinfo\/2019\/07\/europe-eco-velo-matthias-thomas-retour-france-dattaquer-sud-de-leurope\/#primaryimage\"},\"image\":{\"@id\":\"https:\/\/vosgesinfo.fr\/gerardmerinfo\/2019\/07\/europe-eco-velo-matthias-thomas-retour-france-dattaquer-sud-de-leurope\/#primaryimage\"},\"thumbnailUrl\":\"https:\/\/vosgesinfo.fr\/app\/uploads\/sites\/6\/2024\/07\/201907europe-eco-velo-matthias-thomas-7.jpeg\",\"datePublished\":\"2019-07-16T14:44:29+00:00\",\"dateModified\":\"2019-07-16T14:44:29+00:00\",\"breadcrumb\":{\"@id\":\"https:\/\/vosgesinfo.fr\/gerardmerinfo\/2019\/07\/europe-eco-velo-matthias-thomas-retour-france-dattaquer-sud-de-leurope\/#breadcrumb\"},\"inLanguage\":\"fr-FR\",\"potentialAction\":[{\"@type\":\"ReadAction\",\"target\":[\"https:\/\/vosgesinfo.fr\/gerardmerinfo\/2019\/07\/europe-eco-velo-matthias-thomas-retour-france-dattaquer-sud-de-leurope\/\"]}]},{\"@type\":\"ImageObject\",\"inLanguage\":\"fr-FR\",\"@id\":\"https:\/\/vosgesinfo.fr\/gerardmerinfo\/2019\/07\/europe-eco-velo-matthias-thomas-retour-france-dattaquer-sud-de-leurope\/#primaryimage\",\"url\":\"https:\/\/vosgesinfo.fr\/app\/uploads\/sites\/6\/2024\/07\/201907europe-eco-velo-matthias-thomas-7.jpeg\",\"contentUrl\":\"https:\/\/vosgesinfo.fr\/app\/uploads\/sites\/6\/2024\/07\/201907europe-eco-velo-matthias-thomas-7.jpeg\",\"width\":800,\"height\":600},{\"@type\":\"BreadcrumbList\",\"@id\":\"https:\/\/vosgesinfo.fr\/gerardmerinfo\/2019\/07\/europe-eco-velo-matthias-thomas-retour-france-dattaquer-sud-de-leurope\/#breadcrumb\",\"itemListElement\":[{\"@type\":\"ListItem\",\"position\":1,\"name\":\"Home\",\"item\":\"https:\/\/vosgesinfo.fr\/gerardmerinfo\/\"},{\"@type\":\"ListItem\",\"position\":2,\"name\":\"Europe Eco V\u00e9lo : Matthias et Thomas font le retour en France avant d&rsquo;attaquer le Sud de l&rsquo;Europe\"}]},{\"@type\":\"WebSite\",\"@id\":\"https:\/\/vosgesinfo.fr\/gerardmerinfo\/#website\",\"url\":\"https:\/\/vosgesinfo.fr\/gerardmerinfo\/\",\"name\":\"Gerardmer Info\",\"description\":\"Toute l&#039;actualit\u00e9 de G\u00e9rardmer\",\"publisher\":{\"@id\":\"https:\/\/vosgesinfo.fr\/gerardmerinfo\/#organization\"},\"alternateName\":\"Toute l'actualit\u00e9 de G\u00e9rardmer\",\"potentialAction\":[{\"@type\":\"SearchAction\",\"target\":{\"@type\":\"EntryPoint\",\"urlTemplate\":\"https:\/\/vosgesinfo.fr\/gerardmerinfo\/?s={search_term_string}\"},\"query-input\":\"required name=search_term_string\"}],\"inLanguage\":\"fr-FR\"},{\"@type\":\"Organization\",\"@id\":\"https:\/\/vosgesinfo.fr\/gerardmerinfo\/#organization\",\"name\":\"Gerardmer Info\",\"url\":\"https:\/\/vosgesinfo.fr\/gerardmerinfo\/\",\"logo\":{\"@type\":\"ImageObject\",\"inLanguage\":\"fr-FR\",\"@id\":\"https:\/\/vosgesinfo.fr\/gerardmerinfo\/#\/schema\/logo\/image\/\",\"url\":\"https:\/\/vosgesinfo.fr\/app\/uploads\/sites\/6\/2023\/08\/favicon-gerardmerinfo.png\",\"contentUrl\":\"https:\/\/vosgesinfo.fr\/app\/uploads\/sites\/6\/2023\/08\/favicon-gerardmerinfo.png\",\"width\":512,\"height\":512,\"caption\":\"Gerardmer Info\"},\"image\":{\"@id\":\"https:\/\/vosgesinfo.fr\/gerardmerinfo\/#\/schema\/logo\/image\/\"},\"sameAs\":[\"https:\/\/www.facebook.com\/profile.php?id=100049475262660\",\"https:\/\/x.com\/VosgesInfo88\",\"https:\/\/www.youtube.com\/@vosgesinfo\"]},{\"@type\":\"Person\",\"@id\":\"https:\/\/vosgesinfo.fr\/gerardmerinfo\/#\/schema\/person\/db5605779a843dad16b5368f3e7613a5\",\"name\":\"QG\",\"image\":{\"@type\":\"ImageObject\",\"inLanguage\":\"fr-FR\",\"@id\":\"https:\/\/vosgesinfo.fr\/gerardmerinfo\/#\/schema\/person\/image\/\",\"url\":\"https:\/\/secure.gravatar.com\/avatar\/ea80c42c204b534408512832fde52504ecabb9706bcb6151cf6175e5b64e6793?s=96&d=mm&r=g\",\"contentUrl\":\"https:\/\/secure.gravatar.com\/avatar\/ea80c42c204b534408512832fde52504ecabb9706bcb6151cf6175e5b64e6793?s=96&d=mm&r=g\",\"caption\":\"QG\"},\"url\":\"https:\/\/vosgesinfo.fr\/gerardmerinfo\/author\/quentin88\/\"}]}<\/script>\n<!-- \/ Yoast SEO plugin. -->","yoast_head_json":{"title":"Europe Eco V\u00e9lo : Matthias et Thomas font le retour en France avant d'attaquer le Sud de l'Europe - Gerardmer Info","robots":{"index":"index","follow":"follow","max-snippet":"max-snippet:-1","max-image-preview":"max-image-preview:large","max-video-preview":"max-video-preview:-1"},"canonical":"https:\/\/vosgesinfo.fr\/gerardmerinfo\/2019\/07\/europe-eco-velo-matthias-thomas-retour-france-dattaquer-sud-de-leurope\/","twitter_card":"summary_large_image","twitter_title":"Europe Eco V\u00e9lo : Matthias et Thomas font le retour en France avant d'attaquer le Sud de l'Europe - Gerardmer Info","twitter_description":"&nbsp; Matthias et Thomas ont\u00a0 actuellement au sud de Paris et en sont \u00e0 leur sixi\u00e8me pays travers\u00e9 depuis le [&hellip;]","twitter_image":"https:\/\/vosgesinfo.fr\/app\/uploads\/sites\/6\/2024\/07\/201907europe-eco-velo-matthias-thomas-7.jpeg","twitter_creator":"@VosgesInfo88","twitter_site":"@VosgesInfo88","twitter_misc":{"\u00c9crit par":"QG","Dur\u00e9e de lecture estim\u00e9e":"3 minutes"},"schema":{"@context":"https:\/\/schema.org","@graph":[{"@type":"Article","@id":"https:\/\/vosgesinfo.fr\/gerardmerinfo\/2019\/07\/europe-eco-velo-matthias-thomas-retour-france-dattaquer-sud-de-leurope\/#article","isPartOf":{"@id":"https:\/\/vosgesinfo.fr\/gerardmerinfo\/2019\/07\/europe-eco-velo-matthias-thomas-retour-france-dattaquer-sud-de-leurope\/"},"author":{"name":"QG","@id":"https:\/\/vosgesinfo.fr\/gerardmerinfo\/#\/schema\/person\/db5605779a843dad16b5368f3e7613a5"},"headline":"Europe Eco V\u00e9lo : Matthias et Thomas font le retour en France avant d&rsquo;attaquer le Sud de l&rsquo;Europe","datePublished":"2019-07-16T14:44:29+00:00","dateModified":"2019-07-16T14:44:29+00:00","mainEntityOfPage":{"@id":"https:\/\/vosgesinfo.fr\/gerardmerinfo\/2019\/07\/europe-eco-velo-matthias-thomas-retour-france-dattaquer-sud-de-leurope\/"},"wordCount":542,"commentCount":0,"publisher":{"@id":"https:\/\/vosgesinfo.fr\/gerardmerinfo\/#organization"},"image":{"@id":"https:\/\/vosgesinfo.fr\/gerardmerinfo\/2019\/07\/europe-eco-velo-matthias-thomas-retour-france-dattaquer-sud-de-leurope\/#primaryimage"},"thumbnailUrl":"https:\/\/vosgesinfo.fr\/app\/uploads\/sites\/6\/2024\/07\/201907europe-eco-velo-matthias-thomas-7.jpeg","keywords":["europe eco velo"],"articleSection":["A la une","G\u00e9rardmer","Sport","Vosges"],"inLanguage":"fr-FR","potentialAction":[{"@type":"CommentAction","name":"Comment","target":["https:\/\/vosgesinfo.fr\/gerardmerinfo\/2019\/07\/europe-eco-velo-matthias-thomas-retour-france-dattaquer-sud-de-leurope\/#respond"]}]},{"@type":"WebPage","@id":"https:\/\/vosgesinfo.fr\/gerardmerinfo\/2019\/07\/europe-eco-velo-matthias-thomas-retour-france-dattaquer-sud-de-leurope\/","url":"https:\/\/vosgesinfo.fr\/gerardmerinfo\/2019\/07\/europe-eco-velo-matthias-thomas-retour-france-dattaquer-sud-de-leurope\/","name":"Europe Eco V\u00e9lo : Matthias et Thomas font le retour en France avant d'attaquer le Sud de l'Europe - Gerardmer Info","isPartOf":{"@id":"https:\/\/vosgesinfo.fr\/gerardmerinfo\/#website"},"primaryImageOfPage":{"@id":"https:\/\/vosgesinfo.fr\/gerardmerinfo\/2019\/07\/europe-eco-velo-matthias-thomas-retour-france-dattaquer-sud-de-leurope\/#primaryimage"},"image":{"@id":"https:\/\/vosgesinfo.fr\/gerardmerinfo\/2019\/07\/europe-eco-velo-matthias-thomas-retour-france-dattaquer-sud-de-leurope\/#primaryimage"},"thumbnailUrl":"https:\/\/vosgesinfo.fr\/app\/uploads\/sites\/6\/2024\/07\/201907europe-eco-velo-matthias-thomas-7.jpeg","datePublished":"2019-07-16T14:44:29+00:00","dateModified":"2019-07-16T14:44:29+00:00","breadcrumb":{"@id":"https:\/\/vosgesinfo.fr\/gerardmerinfo\/2019\/07\/europe-eco-velo-matthias-thomas-retour-france-dattaquer-sud-de-leurope\/#breadcrumb"},"inLanguage":"fr-FR","potentialAction":[{"@type":"ReadAction","target":["https:\/\/vosgesinfo.fr\/gerardmerinfo\/2019\/07\/europe-eco-velo-matthias-thomas-retour-france-dattaquer-sud-de-leurope\/"]}]},{"@type":"ImageObject","inLanguage":"fr-FR","@id":"https:\/\/vosgesinfo.fr\/gerardmerinfo\/2019\/07\/europe-eco-velo-matthias-thomas-retour-france-dattaquer-sud-de-leurope\/#primaryimage","url":"https:\/\/vosgesinfo.fr\/app\/uploads\/sites\/6\/2024\/07\/201907europe-eco-velo-matthias-thomas-7.jpeg","contentUrl":"https:\/\/vosgesinfo.fr\/app\/uploads\/sites\/6\/2024\/07\/201907europe-eco-velo-matthias-thomas-7.jpeg","width":800,"height":600},{"@type":"BreadcrumbList","@id":"https:\/\/vosgesinfo.fr\/gerardmerinfo\/2019\/07\/europe-eco-velo-matthias-thomas-retour-france-dattaquer-sud-de-leurope\/#breadcrumb","itemListElement":[{"@type":"ListItem","position":1,"name":"Home","item":"https:\/\/vosgesinfo.fr\/gerardmerinfo\/"},{"@type":"ListItem","position":2,"name":"Europe Eco V\u00e9lo : Matthias et Thomas font le retour en France avant d&rsquo;attaquer le Sud de l&rsquo;Europe"}]},{"@type":"WebSite","@id":"https:\/\/vosgesinfo.fr\/gerardmerinfo\/#website","url":"https:\/\/vosgesinfo.fr\/gerardmerinfo\/","name":"Gerardmer Info","description":"Toute l&#039;actualit\u00e9 de G\u00e9rardmer","publisher":{"@id":"https:\/\/vosgesinfo.fr\/gerardmerinfo\/#organization"},"alternateName":"Toute l'actualit\u00e9 de G\u00e9rardmer","potentialAction":[{"@type":"SearchAction","target":{"@type":"EntryPoint","urlTemplate":"https:\/\/vosgesinfo.fr\/gerardmerinfo\/?s={search_term_string}"},"query-input":"required name=search_term_string"}],"inLanguage":"fr-FR"},{"@type":"Organization","@id":"https:\/\/vosgesinfo.fr\/gerardmerinfo\/#organization","name":"Gerardmer Info","url":"https:\/\/vosgesinfo.fr\/gerardmerinfo\/","logo":{"@type":"ImageObject","inLanguage":"fr-FR","@id":"https:\/\/vosgesinfo.fr\/gerardmerinfo\/#\/schema\/logo\/image\/","url":"https:\/\/vosgesinfo.fr\/app\/uploads\/sites\/6\/2023\/08\/favicon-gerardmerinfo.png","contentUrl":"https:\/\/vosgesinfo.fr\/app\/uploads\/sites\/6\/2023\/08\/favicon-gerardmerinfo.png","width":512,"height":512,"caption":"Gerardmer Info"},"image":{"@id":"https:\/\/vosgesinfo.fr\/gerardmerinfo\/#\/schema\/logo\/image\/"},"sameAs":["https:\/\/www.facebook.com\/profile.php?id=100049475262660","https:\/\/x.com\/VosgesInfo88","https:\/\/www.youtube.com\/@vosgesinfo"]},{"@type":"Person","@id":"https:\/\/vosgesinfo.fr\/gerardmerinfo\/#\/schema\/person\/db5605779a843dad16b5368f3e7613a5","name":"QG","image":{"@type":"ImageObject","inLanguage":"fr-FR","@id":"https:\/\/vosgesinfo.fr\/gerardmerinfo\/#\/schema\/person\/image\/","url":"https:\/\/secure.gravatar.com\/avatar\/ea80c42c204b534408512832fde52504ecabb9706bcb6151cf6175e5b64e6793?s=96&d=mm&r=g","contentUrl":"https:\/\/secure.gravatar.com\/avatar\/ea80c42c204b534408512832fde52504ecabb9706bcb6151cf6175e5b64e6793?s=96&d=mm&r=g","caption":"QG"},"url":"https:\/\/vosgesinfo.fr\/gerardmerinfo\/author\/quentin88\/"}]}},"_links":{"self":[{"href":"https:\/\/vosgesinfo.fr\/gerardmerinfo\/wp-json\/wp\/v2\/posts\/43012","targetHints":{"allow":["GET"]}}],"collection":[{"href":"https:\/\/vosgesinfo.fr\/gerardmerinfo\/wp-json\/wp\/v2\/posts"}],"about":[{"href":"https:\/\/vosgesinfo.fr\/gerardmerinfo\/wp-json\/wp\/v2\/types\/post"}],"author":[{"embeddable":true,"href":"https:\/\/vosgesinfo.fr\/gerardmerinfo\/wp-json\/wp\/v2\/users\/42"}],"replies":[{"embeddable":true,"href":"https:\/\/vosgesinfo.fr\/gerardmerinfo\/wp-json\/wp\/v2\/comments?post=43012"}],"version-history":[{"count":0,"href":"https:\/\/vosgesinfo.fr\/gerardmerinfo\/wp-json\/wp\/v2\/posts\/43012\/revisions"}],"wp:featuredmedia":[{"embeddable":true,"href":"https:\/\/vosgesinfo.fr\/gerardmerinfo\/wp-json\/wp\/v2\/media\/43013"}],"wp:attachment":[{"href":"https:\/\/vosgesinfo.fr\/gerardmerinfo\/wp-json\/wp\/v2\/media?parent=43012"}],"wp:term":[{"taxonomy":"category","embeddable":true,"href":"https:\/\/vosgesinfo.fr\/gerardmerinfo\/wp-json\/wp\/v2\/categories?post=43012"},{"taxonomy":"post_tag","embeddable":true,"href":"https:\/\/vosgesinfo.fr\/gerardmerinfo\/wp-json\/wp\/v2\/tags?post=43012"}],"curies":[{"name":"wp","href":"https:\/\/api.w.org\/{rel}","templated":true}]}}