{"id":43027,"date":"2019-07-17T12:43:46","date_gmt":"2019-07-17T10:43:46","guid":{"rendered":"https:\/\/vosgesinfo.fr\/gerardmerinfo\/2019\/07\/championnats-de-france-canoe-kayak-descente-course-ligne\/"},"modified":"2019-07-17T12:43:46","modified_gmt":"2019-07-17T10:43:46","slug":"championnats-de-france-canoe-kayak-descente-course-ligne","status":"publish","type":"post","link":"https:\/\/vosgesinfo.fr\/gerardmerinfo\/2019\/07\/championnats-de-france-canoe-kayak-descente-course-ligne\/","title":{"rendered":"Championnats de France Cano\u00eb-Kayak &#8211; Descente et Course en Ligne"},"content":{"rendered":"\n<p><span style=\"font-size: 12pt;\"> Cette ann\u00e9e, la FFCK avait valid\u00e9 l&rsquo;organisation des championnats de France de Descente et de Course en ligne le m\u00eame week-end , ce qui obligea les athl\u00e8tes \u00e0 choisir&#8230; On est donc loin des passerelles inter-disciplines pr\u00f4n\u00e9es par la m\u00eame f\u00e9d\u00e9ration ! <\/span><\/p>\n<p><span style=\"font-size: small;\"><br \/>\n<span style=\"font-size: 12pt;\"> Les G\u00e9r\u00f4mois se sont donc s\u00e9par\u00e9s, la majorit\u00e9 partant pr\u00e8s de Barcelonette sur l&rsquo;Ubaye pour la Descente de rivi\u00e8re et 2 cadettes partant avec le comit\u00e9 Grand Est sur le bassin de la Haie Traversaine en Mayenne pour la Course en Ligne. <\/span><\/span><\/p>\n<p><span style=\"font-size: 12pt;\"> Am\u00e9lie Nicot d\u00e9croche 2 m\u00e9dailles en C1, l&rsquo;argent sur 500 m, le bronze sur 200 m, puis fera 5\u00e8me en K2 avec Chanel Delicourt sur 200 m. <\/span><\/p>\n<p><span style=\"font-size: 12pt;\"> De l&rsquo;autre c\u00f4t\u00e9 de la France, sur l&rsquo;Ubaye, on retiendra la s\u00e9lection en \u00c9quipe de France Junior de Coline Husson, elle partira samedi pour la Bosnie disputer les Mondiaux Juniors \u00e0 Banja Luka, gr\u00e2ce \u00e0 sa victoire en Classique et sa 2\u00e8me place en sprint. <\/span><br \/>\n<span style=\"font-size: 12pt;\"> On notera aussi les titres obtenus dans la nouvelle \u00e9preuve \u00ab\u00a0Mass Start\u00a0\u00bb (d\u00e9part group\u00e9) du C2 senior Louis Lapointe \/ Adrien Parmentelat, du C1 v\u00e9t\u00e9ran Gwendal Duchet, de la K1 junior Coline Husson, mais aussi par l&rsquo;\u00e9quipe Sprint C1 dame Claire Haab \/ Mathilde Valdenaire \/ Coline Husson. <\/span><\/p>\n<p><span style=\"font-size: 12pt;\"> Au classement des Clubs, l&rsquo;ASG-CK se positionne \u00e0 la 2\u00e8me place derri\u00e8re son grand rival Marsac sur l&rsquo;Isle. Le titre sera difficile \u00e0 d\u00e9crocher en fin d&rsquo;ann\u00e9e mais le podium est d\u00e9j\u00e0 quasi garanti apr\u00e8s les points marqu\u00e9s lors de ces championnats. <\/span><\/p>\n<p><span style=\"font-size: 12pt;\"> Les r\u00e9sultats des G\u00e9r\u00f4mois sur l&rsquo;Ubaye :<\/span><\/p>\n<p><span style=\"font-size: 12pt;\"> \u00a0 Classique:<\/span><br \/>\n<span style=\"font-size: 12pt;\"> C1 Senior:\u00a0\u00a0\u00a0\u00a0 2. Louis Lapointe <\/span><br \/>\n<span style=\"font-size: 12pt;\"> \u00a0\u00a0\u00a0\u00a0\u00a0\u00a0\u00a0\u00a0\u00a0\u00a0\u00a0\u00a0\u00a0\u00a0\u00a0\u00a0\u00a0\u00a0\u00a0\u00a0 18. Robin Waller<\/span><br \/>\n<span style=\"font-size: 12pt;\"> C1 V\u00e9t\u00e9ran:\u00a0 2. Gwendal Duchet<\/span><br \/>\n<span style=\"font-size: 12pt;\"> C2 S\u00e9nior :\u00a0\u00a0 3. Louis Lapointe \/ Adrien Parmentelat <\/span><br \/>\n<span style=\"font-size: 12pt;\"> K1 Juniore : 1. Coline Husson<\/span><br \/>\n<span style=\"font-size: 12pt;\"> \u00a0\u00a0\u00a0\u00a0\u00a0\u00a0\u00a0\u00a0\u00a0\u00a0\u00a0\u00a0\u00a0\u00a0\u00a0\u00a0\u00a0\u00a0\u00a0\u00a0\u00a0 13. Cl\u00e9mentine Gegout<\/span><br \/>\n<span style=\"font-size: 12pt;\"> \u00a0\u00a0\u00a0\u00a0\u00a0\u00a0\u00a0\u00a0\u00a0\u00a0\u00a0\u00a0\u00a0\u00a0\u00a0\u00a0\u00a0\u00a0\u00a0\u00a0\u00a0 16. \u00c9lise Nicot<\/span><br \/>\n<span style=\"font-size: 12pt;\"> K1 Seniore : 4. Mathilde Valdenaire <\/span><br \/>\n<span style=\"font-size: 12pt;\"> K1 Senior :\u00a0 13. Christophe Poulain <\/span><br \/>\n<span style=\"font-size: 12pt;\"> \u00a0\u00a0\u00a0\u00a0\u00a0\u00a0\u00a0\u00a0\u00a0\u00a0\u00a0\u00a0\u00a0\u00a0\u00a0\u00a0\u00a0\u00a0\u00a0\u00a0 16. Yves Wehmer<\/span><br \/>\n<span style=\"font-size: 12pt;\"> \u00a0\u00a0\u00a0\u00a0\u00a0\u00a0\u00a0\u00a0\u00a0\u00a0\u00a0\u00a0\u00a0\u00a0\u00a0\u00a0\u00a0\u00a0\u00a0\u00a0 41. Adrien Parmentelat <\/span><br \/>\n<span style=\"font-size: 12pt;\"> K1 V\u00e9t\u00e9ran: 7. Gwendal Duchet <\/span><\/p>\n<p><span style=\"font-size: 12pt;\"> \u00a0\u00a0 Sprint:<\/span><br \/>\n<span style=\"font-size: 12pt;\"> C1 Juniore:\u00a0 2. Coline Husson<\/span><br \/>\n<span style=\"font-size: 12pt;\"> C1 Seniore:\u00a0 5. Claire Haab<\/span><br \/>\n<span style=\"font-size: 12pt;\"> C1 Senior:\u00a0\u00a0\u00a0 5. Louis Lapointe <\/span><br \/>\n<span style=\"font-size: 12pt;\"> C2 Senior:\u00a0\u00a0 2. Louis Lapointe \/ Adrien Parmentelat <\/span><br \/>\n<span style=\"font-size: 12pt;\"> K1 Juniore: 2. Coline Husson <\/span><br \/>\n<span style=\"font-size: 12pt;\"> K1 Seniore: 5. Mathilde Valdenaire <\/span><br \/>\n<span style=\"font-size: 12pt;\"> K1 Senior:\u00a0\u00a0 11. Adrien Parmentelat <\/span><br \/>\n<span style=\"font-size: 12pt;\"> \u00a0\u00a0\u00a0\u00a0\u00a0\u00a0\u00a0\u00a0\u00a0\u00a0\u00a0\u00a0\u00a0\u00a0\u00a0\u00a0\u00a0\u00a0\u00a0\u00a0 17. Christophe Poulain <\/span><br \/>\n<span style=\"font-size: 12pt;\"> K1 V\u00e9t\u00e9ran: 5. Gwendal Duchet <\/span><\/p>\n<p><span style=\"font-size: 12pt;\"> \u00a0 Mass Start:<\/span><br \/>\n<span style=\"font-size: 12pt;\"> C1 Senior:\u00a0\u00a0 2. Louis Lapointe<\/span><br \/>\n<span style=\"font-size: 12pt;\"> C1 V\u00e9t\u00e9ran: 1. Gwendal Duchet <\/span><br \/>\n<span style=\"font-size: 12pt;\"> C2 Senior:\u00a0\u00a0 1. Louis Lapointe \/ Adrien Parmentelat <\/span><br \/>\n<span style=\"font-size: 12pt;\"> K1 Juniore: 1. Coline Husson <\/span><br \/>\n<span style=\"font-size: 12pt;\"> \u00a0\u00a0\u00a0\u00a0\u00a0\u00a0\u00a0\u00a0\u00a0\u00a0\u00a0\u00a0\u00a0\u00a0\u00a0\u00a0\u00a0\u00a0\u00a0\u00a0\u00a0 7. Cl\u00e9mentine Gegout<\/span><br \/>\n<span style=\"font-size: 12pt;\"> K1 Seniore: 3. Mathilde Valdenaire <\/span><br \/>\n<span style=\"font-size: 12pt;\"> K1 Senior:\u00a0\u00a0 12. Yves Wehmer<\/span><\/p>\n<p><span style=\"font-size: 12pt;\"> \u00a0 \u00c9quipe Sprint:<\/span><br \/>\n<span style=\"font-size: 12pt;\"> C1 Dame:\u00a0 1. Claire Haab \/ Mathilde Valdenaire \/ Coline Husson <\/span><br \/>\n<span style=\"font-size: 12pt;\"> C1 Senior: 3. Louis Lapointe \/ Jan Pischek \/ Robin Waller<\/span><br \/>\n<span style=\"font-size: 12pt;\"> C2. :\u00a0\u00a0\u00a0\u00a0\u00a0\u00a0\u00a0\u00a0\u00a0\u00a0 2. Adrien, Louis \/ Jan, Robin \/ Yves, Gwendal<\/span><br \/>\n<span style=\"font-size: 12pt;\"> K1 Juniores: 2. Coline Husson \/ Cl\u00e9mentine Gegout \/ \u00c9lise Nicot<\/span><br \/>\n<span style=\"font-size: 12pt;\"> K1 Senior:\u00a0 4. Adrien Parmentelat \/ Christophe Poulain \/ Yves Wehmer<\/span><br \/>\n<span style=\"font-size: 12pt;\"> \u00a0\u00a0\u00a0\u00a0\u00a0\u00a0\u00a0\u00a0\u00a0\u00a0\u00a0\u00a0\u00a0\u00a0\u00a0\u00a0\u00a0\u00a0 18. Gwendal Duchet \/ Mathilde Valdenaire \/ Claire Haab<\/span><\/p>\n<p><span style=\"font-size: 12pt;\"> EV<\/span><\/p>\n<p><span style=\"font-size: 12pt;\"> Cr\u00e9dit Photos: Quentin Valdenaire<\/span><\/p>\n","protected":false},"excerpt":{"rendered":"<p>Cette ann\u00e9e, la FFCK avait valid\u00e9 l&rsquo;organisation des championnats de France de Descente et de Course en ligne le m\u00eame [&hellip;]<\/p>\n","protected":false},"author":1,"featured_media":43028,"comment_status":"open","ping_status":"open","sticky":false,"template":"","format":"standard","meta":{"footnotes":""},"categories":[20,14],"tags":[249],"class_list":["post-43027","post","type-post","status-publish","format-standard","has-post-thumbnail","hentry","category-a-la-une","category-sport","tag-asg-canoe-kayak"],"acf":[],"yoast_head":"<!-- This site is optimized with the Yoast SEO plugin v22.5 - https:\/\/yoast.com\/wordpress\/plugins\/seo\/ -->\n<title>Championnats de France Cano\u00eb-Kayak - Descente et Course en Ligne - Gerardmer Info<\/title>\n<meta name=\"robots\" content=\"index, follow, max-snippet:-1, max-image-preview:large, max-video-preview:-1\" \/>\n<link rel=\"canonical\" href=\"https:\/\/vosgesinfo.fr\/gerardmerinfo\/2019\/07\/championnats-de-france-canoe-kayak-descente-course-ligne\/\" \/>\n<meta name=\"twitter:card\" content=\"summary_large_image\" \/>\n<meta name=\"twitter:title\" content=\"Championnats de France Cano\u00eb-Kayak - Descente et Course en Ligne - Gerardmer Info\" \/>\n<meta name=\"twitter:description\" content=\"Cette ann\u00e9e, la FFCK avait valid\u00e9 l&rsquo;organisation des championnats de France de Descente et de Course en ligne le m\u00eame [&hellip;]\" \/>\n<meta name=\"twitter:image\" content=\"https:\/\/vosgesinfo.fr\/app\/uploads\/sites\/6\/2024\/07\/201907fb-img-1563310138204.jpg\" \/>\n<meta name=\"twitter:creator\" content=\"@VosgesInfo88\" \/>\n<meta name=\"twitter:site\" content=\"@VosgesInfo88\" \/>\n<meta name=\"twitter:label1\" content=\"\u00c9crit par\" \/>\n\t<meta name=\"twitter:data1\" content=\"qs_admin\" \/>\n\t<meta name=\"twitter:label2\" content=\"Dur\u00e9e de lecture estim\u00e9e\" \/>\n\t<meta name=\"twitter:data2\" content=\"2 minutes\" \/>\n<script type=\"application\/ld+json\" class=\"yoast-schema-graph\">{\"@context\":\"https:\/\/schema.org\",\"@graph\":[{\"@type\":\"Article\",\"@id\":\"https:\/\/vosgesinfo.fr\/gerardmerinfo\/2019\/07\/championnats-de-france-canoe-kayak-descente-course-ligne\/#article\",\"isPartOf\":{\"@id\":\"https:\/\/vosgesinfo.fr\/gerardmerinfo\/2019\/07\/championnats-de-france-canoe-kayak-descente-course-ligne\/\"},\"author\":{\"name\":\"qs_admin\",\"@id\":\"https:\/\/vosgesinfo.fr\/gerardmerinfo\/#\/schema\/person\/bc5d02d71e6932e81b6dadb7386667b1\"},\"headline\":\"Championnats de France Cano\u00eb-Kayak &#8211; Descente et Course en Ligne\",\"datePublished\":\"2019-07-17T10:43:46+00:00\",\"dateModified\":\"2019-07-17T10:43:46+00:00\",\"mainEntityOfPage\":{\"@id\":\"https:\/\/vosgesinfo.fr\/gerardmerinfo\/2019\/07\/championnats-de-france-canoe-kayak-descente-course-ligne\/\"},\"wordCount\":471,\"commentCount\":0,\"publisher\":{\"@id\":\"https:\/\/vosgesinfo.fr\/gerardmerinfo\/#organization\"},\"image\":{\"@id\":\"https:\/\/vosgesinfo.fr\/gerardmerinfo\/2019\/07\/championnats-de-france-canoe-kayak-descente-course-ligne\/#primaryimage\"},\"thumbnailUrl\":\"https:\/\/vosgesinfo.fr\/app\/uploads\/sites\/6\/2024\/07\/201907fb-img-1563310138204.jpg\",\"keywords\":[\"asg canoe kayak\"],\"articleSection\":[\"A la une\",\"Sport\"],\"inLanguage\":\"fr-FR\",\"potentialAction\":[{\"@type\":\"CommentAction\",\"name\":\"Comment\",\"target\":[\"https:\/\/vosgesinfo.fr\/gerardmerinfo\/2019\/07\/championnats-de-france-canoe-kayak-descente-course-ligne\/#respond\"]}]},{\"@type\":\"WebPage\",\"@id\":\"https:\/\/vosgesinfo.fr\/gerardmerinfo\/2019\/07\/championnats-de-france-canoe-kayak-descente-course-ligne\/\",\"url\":\"https:\/\/vosgesinfo.fr\/gerardmerinfo\/2019\/07\/championnats-de-france-canoe-kayak-descente-course-ligne\/\",\"name\":\"Championnats de France Cano\u00eb-Kayak - Descente et Course en Ligne - Gerardmer Info\",\"isPartOf\":{\"@id\":\"https:\/\/vosgesinfo.fr\/gerardmerinfo\/#website\"},\"primaryImageOfPage\":{\"@id\":\"https:\/\/vosgesinfo.fr\/gerardmerinfo\/2019\/07\/championnats-de-france-canoe-kayak-descente-course-ligne\/#primaryimage\"},\"image\":{\"@id\":\"https:\/\/vosgesinfo.fr\/gerardmerinfo\/2019\/07\/championnats-de-france-canoe-kayak-descente-course-ligne\/#primaryimage\"},\"thumbnailUrl\":\"https:\/\/vosgesinfo.fr\/app\/uploads\/sites\/6\/2024\/07\/201907fb-img-1563310138204.jpg\",\"datePublished\":\"2019-07-17T10:43:46+00:00\",\"dateModified\":\"2019-07-17T10:43:46+00:00\",\"breadcrumb\":{\"@id\":\"https:\/\/vosgesinfo.fr\/gerardmerinfo\/2019\/07\/championnats-de-france-canoe-kayak-descente-course-ligne\/#breadcrumb\"},\"inLanguage\":\"fr-FR\",\"potentialAction\":[{\"@type\":\"ReadAction\",\"target\":[\"https:\/\/vosgesinfo.fr\/gerardmerinfo\/2019\/07\/championnats-de-france-canoe-kayak-descente-course-ligne\/\"]}]},{\"@type\":\"ImageObject\",\"inLanguage\":\"fr-FR\",\"@id\":\"https:\/\/vosgesinfo.fr\/gerardmerinfo\/2019\/07\/championnats-de-france-canoe-kayak-descente-course-ligne\/#primaryimage\",\"url\":\"https:\/\/vosgesinfo.fr\/app\/uploads\/sites\/6\/2024\/07\/201907fb-img-1563310138204.jpg\",\"contentUrl\":\"https:\/\/vosgesinfo.fr\/app\/uploads\/sites\/6\/2024\/07\/201907fb-img-1563310138204.jpg\",\"width\":800,\"height\":532},{\"@type\":\"BreadcrumbList\",\"@id\":\"https:\/\/vosgesinfo.fr\/gerardmerinfo\/2019\/07\/championnats-de-france-canoe-kayak-descente-course-ligne\/#breadcrumb\",\"itemListElement\":[{\"@type\":\"ListItem\",\"position\":1,\"name\":\"Home\",\"item\":\"https:\/\/vosgesinfo.fr\/gerardmerinfo\/\"},{\"@type\":\"ListItem\",\"position\":2,\"name\":\"Championnats de France Cano\u00eb-Kayak &#8211; Descente et Course en Ligne\"}]},{\"@type\":\"WebSite\",\"@id\":\"https:\/\/vosgesinfo.fr\/gerardmerinfo\/#website\",\"url\":\"https:\/\/vosgesinfo.fr\/gerardmerinfo\/\",\"name\":\"Gerardmer Info\",\"description\":\"Toute l&#039;actualit\u00e9 de G\u00e9rardmer\",\"publisher\":{\"@id\":\"https:\/\/vosgesinfo.fr\/gerardmerinfo\/#organization\"},\"alternateName\":\"Toute l'actualit\u00e9 de G\u00e9rardmer\",\"potentialAction\":[{\"@type\":\"SearchAction\",\"target\":{\"@type\":\"EntryPoint\",\"urlTemplate\":\"https:\/\/vosgesinfo.fr\/gerardmerinfo\/?s={search_term_string}\"},\"query-input\":\"required name=search_term_string\"}],\"inLanguage\":\"fr-FR\"},{\"@type\":\"Organization\",\"@id\":\"https:\/\/vosgesinfo.fr\/gerardmerinfo\/#organization\",\"name\":\"Gerardmer Info\",\"url\":\"https:\/\/vosgesinfo.fr\/gerardmerinfo\/\",\"logo\":{\"@type\":\"ImageObject\",\"inLanguage\":\"fr-FR\",\"@id\":\"https:\/\/vosgesinfo.fr\/gerardmerinfo\/#\/schema\/logo\/image\/\",\"url\":\"https:\/\/vosgesinfo.fr\/app\/uploads\/sites\/6\/2023\/08\/favicon-gerardmerinfo.png\",\"contentUrl\":\"https:\/\/vosgesinfo.fr\/app\/uploads\/sites\/6\/2023\/08\/favicon-gerardmerinfo.png\",\"width\":512,\"height\":512,\"caption\":\"Gerardmer Info\"},\"image\":{\"@id\":\"https:\/\/vosgesinfo.fr\/gerardmerinfo\/#\/schema\/logo\/image\/\"},\"sameAs\":[\"https:\/\/www.facebook.com\/profile.php?id=100049475262660\",\"https:\/\/x.com\/VosgesInfo88\",\"https:\/\/www.youtube.com\/@vosgesinfo\"]},{\"@type\":\"Person\",\"@id\":\"https:\/\/vosgesinfo.fr\/gerardmerinfo\/#\/schema\/person\/bc5d02d71e6932e81b6dadb7386667b1\",\"name\":\"qs_admin\",\"image\":{\"@type\":\"ImageObject\",\"inLanguage\":\"fr-FR\",\"@id\":\"https:\/\/vosgesinfo.fr\/gerardmerinfo\/#\/schema\/person\/image\/\",\"url\":\"https:\/\/secure.gravatar.com\/avatar\/94b18ee0ed79e4a42ea2f2931277b6841a8999fc6fde214600c78057cf1fe1de?s=96&d=mm&r=g\",\"contentUrl\":\"https:\/\/secure.gravatar.com\/avatar\/94b18ee0ed79e4a42ea2f2931277b6841a8999fc6fde214600c78057cf1fe1de?s=96&d=mm&r=g\",\"caption\":\"qs_admin\"},\"sameAs\":[\"https:\/\/vosgesinfo.fr\/wp\"],\"url\":\"https:\/\/vosgesinfo.fr\/gerardmerinfo\/author\/qs_admin\/\"}]}<\/script>\n<!-- \/ Yoast SEO plugin. -->","yoast_head_json":{"title":"Championnats de France Cano\u00eb-Kayak - Descente et Course en Ligne - Gerardmer Info","robots":{"index":"index","follow":"follow","max-snippet":"max-snippet:-1","max-image-preview":"max-image-preview:large","max-video-preview":"max-video-preview:-1"},"canonical":"https:\/\/vosgesinfo.fr\/gerardmerinfo\/2019\/07\/championnats-de-france-canoe-kayak-descente-course-ligne\/","twitter_card":"summary_large_image","twitter_title":"Championnats de France Cano\u00eb-Kayak - Descente et Course en Ligne - Gerardmer Info","twitter_description":"Cette ann\u00e9e, la FFCK avait valid\u00e9 l&rsquo;organisation des championnats de France de Descente et de Course en ligne le m\u00eame [&hellip;]","twitter_image":"https:\/\/vosgesinfo.fr\/app\/uploads\/sites\/6\/2024\/07\/201907fb-img-1563310138204.jpg","twitter_creator":"@VosgesInfo88","twitter_site":"@VosgesInfo88","twitter_misc":{"\u00c9crit par":"qs_admin","Dur\u00e9e de lecture estim\u00e9e":"2 minutes"},"schema":{"@context":"https:\/\/schema.org","@graph":[{"@type":"Article","@id":"https:\/\/vosgesinfo.fr\/gerardmerinfo\/2019\/07\/championnats-de-france-canoe-kayak-descente-course-ligne\/#article","isPartOf":{"@id":"https:\/\/vosgesinfo.fr\/gerardmerinfo\/2019\/07\/championnats-de-france-canoe-kayak-descente-course-ligne\/"},"author":{"name":"qs_admin","@id":"https:\/\/vosgesinfo.fr\/gerardmerinfo\/#\/schema\/person\/bc5d02d71e6932e81b6dadb7386667b1"},"headline":"Championnats de France Cano\u00eb-Kayak &#8211; Descente et Course en Ligne","datePublished":"2019-07-17T10:43:46+00:00","dateModified":"2019-07-17T10:43:46+00:00","mainEntityOfPage":{"@id":"https:\/\/vosgesinfo.fr\/gerardmerinfo\/2019\/07\/championnats-de-france-canoe-kayak-descente-course-ligne\/"},"wordCount":471,"commentCount":0,"publisher":{"@id":"https:\/\/vosgesinfo.fr\/gerardmerinfo\/#organization"},"image":{"@id":"https:\/\/vosgesinfo.fr\/gerardmerinfo\/2019\/07\/championnats-de-france-canoe-kayak-descente-course-ligne\/#primaryimage"},"thumbnailUrl":"https:\/\/vosgesinfo.fr\/app\/uploads\/sites\/6\/2024\/07\/201907fb-img-1563310138204.jpg","keywords":["asg canoe kayak"],"articleSection":["A la une","Sport"],"inLanguage":"fr-FR","potentialAction":[{"@type":"CommentAction","name":"Comment","target":["https:\/\/vosgesinfo.fr\/gerardmerinfo\/2019\/07\/championnats-de-france-canoe-kayak-descente-course-ligne\/#respond"]}]},{"@type":"WebPage","@id":"https:\/\/vosgesinfo.fr\/gerardmerinfo\/2019\/07\/championnats-de-france-canoe-kayak-descente-course-ligne\/","url":"https:\/\/vosgesinfo.fr\/gerardmerinfo\/2019\/07\/championnats-de-france-canoe-kayak-descente-course-ligne\/","name":"Championnats de France Cano\u00eb-Kayak - Descente et Course en Ligne - Gerardmer Info","isPartOf":{"@id":"https:\/\/vosgesinfo.fr\/gerardmerinfo\/#website"},"primaryImageOfPage":{"@id":"https:\/\/vosgesinfo.fr\/gerardmerinfo\/2019\/07\/championnats-de-france-canoe-kayak-descente-course-ligne\/#primaryimage"},"image":{"@id":"https:\/\/vosgesinfo.fr\/gerardmerinfo\/2019\/07\/championnats-de-france-canoe-kayak-descente-course-ligne\/#primaryimage"},"thumbnailUrl":"https:\/\/vosgesinfo.fr\/app\/uploads\/sites\/6\/2024\/07\/201907fb-img-1563310138204.jpg","datePublished":"2019-07-17T10:43:46+00:00","dateModified":"2019-07-17T10:43:46+00:00","breadcrumb":{"@id":"https:\/\/vosgesinfo.fr\/gerardmerinfo\/2019\/07\/championnats-de-france-canoe-kayak-descente-course-ligne\/#breadcrumb"},"inLanguage":"fr-FR","potentialAction":[{"@type":"ReadAction","target":["https:\/\/vosgesinfo.fr\/gerardmerinfo\/2019\/07\/championnats-de-france-canoe-kayak-descente-course-ligne\/"]}]},{"@type":"ImageObject","inLanguage":"fr-FR","@id":"https:\/\/vosgesinfo.fr\/gerardmerinfo\/2019\/07\/championnats-de-france-canoe-kayak-descente-course-ligne\/#primaryimage","url":"https:\/\/vosgesinfo.fr\/app\/uploads\/sites\/6\/2024\/07\/201907fb-img-1563310138204.jpg","contentUrl":"https:\/\/vosgesinfo.fr\/app\/uploads\/sites\/6\/2024\/07\/201907fb-img-1563310138204.jpg","width":800,"height":532},{"@type":"BreadcrumbList","@id":"https:\/\/vosgesinfo.fr\/gerardmerinfo\/2019\/07\/championnats-de-france-canoe-kayak-descente-course-ligne\/#breadcrumb","itemListElement":[{"@type":"ListItem","position":1,"name":"Home","item":"https:\/\/vosgesinfo.fr\/gerardmerinfo\/"},{"@type":"ListItem","position":2,"name":"Championnats de France Cano\u00eb-Kayak &#8211; Descente et Course en Ligne"}]},{"@type":"WebSite","@id":"https:\/\/vosgesinfo.fr\/gerardmerinfo\/#website","url":"https:\/\/vosgesinfo.fr\/gerardmerinfo\/","name":"Gerardmer Info","description":"Toute l&#039;actualit\u00e9 de G\u00e9rardmer","publisher":{"@id":"https:\/\/vosgesinfo.fr\/gerardmerinfo\/#organization"},"alternateName":"Toute l'actualit\u00e9 de G\u00e9rardmer","potentialAction":[{"@type":"SearchAction","target":{"@type":"EntryPoint","urlTemplate":"https:\/\/vosgesinfo.fr\/gerardmerinfo\/?s={search_term_string}"},"query-input":"required name=search_term_string"}],"inLanguage":"fr-FR"},{"@type":"Organization","@id":"https:\/\/vosgesinfo.fr\/gerardmerinfo\/#organization","name":"Gerardmer Info","url":"https:\/\/vosgesinfo.fr\/gerardmerinfo\/","logo":{"@type":"ImageObject","inLanguage":"fr-FR","@id":"https:\/\/vosgesinfo.fr\/gerardmerinfo\/#\/schema\/logo\/image\/","url":"https:\/\/vosgesinfo.fr\/app\/uploads\/sites\/6\/2023\/08\/favicon-gerardmerinfo.png","contentUrl":"https:\/\/vosgesinfo.fr\/app\/uploads\/sites\/6\/2023\/08\/favicon-gerardmerinfo.png","width":512,"height":512,"caption":"Gerardmer Info"},"image":{"@id":"https:\/\/vosgesinfo.fr\/gerardmerinfo\/#\/schema\/logo\/image\/"},"sameAs":["https:\/\/www.facebook.com\/profile.php?id=100049475262660","https:\/\/x.com\/VosgesInfo88","https:\/\/www.youtube.com\/@vosgesinfo"]},{"@type":"Person","@id":"https:\/\/vosgesinfo.fr\/gerardmerinfo\/#\/schema\/person\/bc5d02d71e6932e81b6dadb7386667b1","name":"qs_admin","image":{"@type":"ImageObject","inLanguage":"fr-FR","@id":"https:\/\/vosgesinfo.fr\/gerardmerinfo\/#\/schema\/person\/image\/","url":"https:\/\/secure.gravatar.com\/avatar\/94b18ee0ed79e4a42ea2f2931277b6841a8999fc6fde214600c78057cf1fe1de?s=96&d=mm&r=g","contentUrl":"https:\/\/secure.gravatar.com\/avatar\/94b18ee0ed79e4a42ea2f2931277b6841a8999fc6fde214600c78057cf1fe1de?s=96&d=mm&r=g","caption":"qs_admin"},"sameAs":["https:\/\/vosgesinfo.fr\/wp"],"url":"https:\/\/vosgesinfo.fr\/gerardmerinfo\/author\/qs_admin\/"}]}},"_links":{"self":[{"href":"https:\/\/vosgesinfo.fr\/gerardmerinfo\/wp-json\/wp\/v2\/posts\/43027","targetHints":{"allow":["GET"]}}],"collection":[{"href":"https:\/\/vosgesinfo.fr\/gerardmerinfo\/wp-json\/wp\/v2\/posts"}],"about":[{"href":"https:\/\/vosgesinfo.fr\/gerardmerinfo\/wp-json\/wp\/v2\/types\/post"}],"author":[{"embeddable":true,"href":"https:\/\/vosgesinfo.fr\/gerardmerinfo\/wp-json\/wp\/v2\/users\/1"}],"replies":[{"embeddable":true,"href":"https:\/\/vosgesinfo.fr\/gerardmerinfo\/wp-json\/wp\/v2\/comments?post=43027"}],"version-history":[{"count":0,"href":"https:\/\/vosgesinfo.fr\/gerardmerinfo\/wp-json\/wp\/v2\/posts\/43027\/revisions"}],"wp:featuredmedia":[{"embeddable":true,"href":"https:\/\/vosgesinfo.fr\/gerardmerinfo\/wp-json\/wp\/v2\/media\/43028"}],"wp:attachment":[{"href":"https:\/\/vosgesinfo.fr\/gerardmerinfo\/wp-json\/wp\/v2\/media?parent=43027"}],"wp:term":[{"taxonomy":"category","embeddable":true,"href":"https:\/\/vosgesinfo.fr\/gerardmerinfo\/wp-json\/wp\/v2\/categories?post=43027"},{"taxonomy":"post_tag","embeddable":true,"href":"https:\/\/vosgesinfo.fr\/gerardmerinfo\/wp-json\/wp\/v2\/tags?post=43027"}],"curies":[{"name":"wp","href":"https:\/\/api.w.org\/{rel}","templated":true}]}}