{"id":43139,"date":"2019-07-23T16:44:42","date_gmt":"2019-07-23T14:44:42","guid":{"rendered":"https:\/\/vosgesinfo.fr\/gerardmerinfo\/2019\/07\/vosges-passent-niveau-3-alerte-canicule\/"},"modified":"2019-07-23T16:44:42","modified_gmt":"2019-07-23T14:44:42","slug":"vosges-passent-niveau-3-alerte-canicule","status":"publish","type":"post","link":"https:\/\/vosgesinfo.fr\/gerardmerinfo\/2019\/07\/vosges-passent-niveau-3-alerte-canicule\/","title":{"rendered":"Les Vosges passent au \u00ab niveau 3 alerte canicule \u00bb"},"content":{"rendered":"<p><strong><a href=\"https:\/\/gerardmerinfo.fr\/2019\/07\/vosges-passent-niveau-3-alerte-canicule\/soleil-3\/\" rel=\"attachment wp-att-150395\"><img decoding=\"async\" class=\"aligncenter size-full wp-image-150395\" src=\"\/2019\/07\/Soleil.jpg\" alt=\"Soleil\" width=\"800\" height=\"601\" \/><\/a>Pierre ORY, Pr\u00e9fet des Vosges<\/strong>, apr\u00e8s avis de l\u2019Agence R\u00e9gionale de Sant\u00e9 Grand Est, en raison de plusieurs jours cons\u00e9cutifs de fortes chaleurs et alors que, selon les pr\u00e9visions m\u00e9t\u00e9orologiques, la vague de chaleur actuelle devrait se poursuivre ces prochains jours et s\u2019intensifier,<strong> a d\u00e9cid\u00e9 de d\u00e9clencher le niveau 3 \u00ab\u00a0alerte canicule\u00a0\u00bb du plan d\u00e9partemental canicule <u>\u00e0 compter de ce jour, mardi 23 juillet, \u00e0 16h00<\/u><\/strong><\/p>\n<p>Pour le d\u00e9partement des Vosges, le niveau 3 est une phase d\u2019alerte qui r\u00e9pond au niveau de vigilance orange de M\u00e9t\u00e9o France, lorsqu\u2019on observe 3 jours cons\u00e9cutifs de temp\u00e9ratures maximales sup\u00e9rieures \u00e0 33\u00b0C et des temp\u00e9ratures nocturnes ne descendant pas en dessous de 18\u00b0C.<\/p>\n<p><strong>Les services de l\u2019\u00c9tat et les maires du d\u00e9partement ont \u00e9t\u00e9 alert\u00e9s<\/strong> de l\u2019activation du niveau 3 pour mettre en \u0153uvre les mesures de surveillance n\u00e9cessaires sur le terrain.<\/p>\n<p>Ce plan permet de mettre en place <strong>des actions de pr\u00e9vention et de gestion par les services publics et les diff\u00e9rents acteurs territoriaux de fa\u00e7on adapt\u00e9e \u00e0 l\u2019intensit\u00e9 et \u00e0 la dur\u00e9e du ph\u00e9nom\u00e8ne pour assurer la meilleure prise en charge des personnes .<\/strong><\/p>\n<p>&nbsp;<\/p>\n<p><strong>Il convient \u00e9galement de rappeler, notamment aux personnes fragiles, les quelques conseils utiles en cas de fortes chaleurs :<\/strong><\/p>\n<ul>\n<li><strong>maintenez votre logement frais<\/strong> (fermez fen\u00eatres et volets la journ\u00e9e, ouvrez-les le soir et la nuit s\u2019il fait plus frais) ;<\/li>\n<li><strong>buvez de l\u2019eau <\/strong>r\u00e9guli\u00e8rement et fr\u00e9quemment <strong>sans attendre d\u2019avoir soif<\/strong> ;<\/li>\n<li><strong>rafra\u00eechissez-vous<\/strong> et mouillez-vous le corps, notamment le visage et les avants bras, plusieurs fois par jour ;<\/li>\n<li><strong>passez si possible plusieurs heures par jour dans un lieu frais<\/strong> (cin\u00e9ma, biblioth\u00e8que municipale, supermarch\u00e9\u2026) ;<\/li>\n<li><strong>\u00e9vitez de sortir aux heures les plus chaudes<\/strong> ;<\/li>\n<li><strong>\u00e9viter les efforts physiques intenses<\/strong> ;<\/li>\n<li><strong>restez en contact avec votre entourage<\/strong> et donner r\u00e9guli\u00e8rement de vos nouvelles \u00e0 vos proches et d\u00e8s que n\u00e9cessaire, <strong>osez demander de l\u2019aide<\/strong> ;<\/li>\n<li>Si vous connaissez des personnes \u00e2g\u00e9es, handicap\u00e9es ou fragiles qui sont isol\u00e9es, <strong>incitez les \u00e0 s\u2019inscrire sur la liste mise \u00e0 leur disposition par chaque mairie<\/strong> afin de recevoir de l\u2019aide de b\u00e9n\u00e9voles, et, pendant une vague de chaleur, prenez de leurs nouvelles r\u00e9guli\u00e8rement ;<\/li>\n<li>pour r\u00e9pondre \u00e0 vos questions et vous informer sur les recommandations sanitaires \u00e0 suivre en p\u00e9riode de fortes chaleurs, <strong>appelez la plateforme t\u00e9l\u00e9phonique d\u2019information <\/strong><strong>\u00ab Canicule Info Service \u00bb au <\/strong>\u00a0<strong>0800 06 66 66 (appel gratuit depuis un poste fixe en France, du lundi au samedi de 9h \u00e0 19h) .<\/strong><\/li>\n<\/ul>\n<p><strong>Si vous voyez une personne victime d\u2019un malaise ou d\u2019un coup de chaleur, appelez imm\u00e9diatement les secours en composant le 15 ou le 112.<\/strong><\/p>\n<p>&nbsp;<\/p>\n<ul>\n<li><strong><em>Rappel des signes d\u2019alerte de d\u00e9shydratation chez la personne \u00e2g\u00e9e :<\/em><\/strong><\/li>\n<li>Modification du comportement habituel, grande faiblesse, grande fatigue, difficult\u00e9 inhabituelle \u00e0 se d\u00e9placer.<\/li>\n<li>Maux de t\u00eate, \u00e9tourdissements, vertiges, troubles de la conscience, voire convulsions.<\/li>\n<li>Naus\u00e9es, vomissements, diarrh\u00e9e, soif.<\/li>\n<li>Crampes musculaires.<\/li>\n<li>Temp\u00e9rature corporelle \u00e9lev\u00e9e (sup\u00e9rieure \u00e0 38,5\u00b0C).<\/li>\n<li>Agitation nocturne inhabituelle.<\/li>\n<\/ul>\n<p>&nbsp;<\/p>\n<ul>\n<li><strong>Les nourrissons et les jeunes enfants <\/strong>s\u2019exposent aussi au risque de la d\u00e9shydratation car ils transpirent beaucoup pour maintenir leur corps \u00e0 la bonne temp\u00e9rature. Pour y rem\u00e9dier, ils doivent <strong>boire abondamment,<\/strong> <strong>surtout de l\u2019eau,<\/strong> et <strong>rester le moins possible expos\u00e9s \u00e0 la chaleur<\/strong>.<strong> Les nourrissons et les jeunes enfants ne doivent <u>jamais<\/u> \u00eatre laiss\u00e9s en plein soleil ni \u00eatre laiss\u00e9s seuls dans un v\u00e9hicule.<\/strong><\/li>\n<\/ul>\n<p>&nbsp;<\/p>\n<ul>\n<li><strong>Les adultes <\/strong>(et notamment les <strong>personnes travaillant en ext\u00e9rieur<\/strong>) sont \u00e9galement concern\u00e9s par les risques li\u00e9s \u00e0 la d\u00e9shydratation. Ils doivent boire abondamment de l\u2019eau ou <strong>des boissons non alcoolis\u00e9es<\/strong> et <strong>rester le moins possible expos\u00e9s \u00e0 la chaleur<\/strong>. Il convient \u00e9galement d\u2019\u00e9viter les efforts physiques intenses et de pr\u00e9server l\u2019int\u00e9rieur de sa maison de la chaleur.<\/li>\n<\/ul>\n<p>&nbsp;<\/p>\n<p><strong><em>En cette p\u00e9riode de d\u00e9part et retour de vacances, si vous devez prendre la route ou les transports pensez \u00e0\u00a0:<\/em><\/strong><\/p>\n<ul>\n<li><strong>\u00c9viter de circuler aux heures les plus chaudes<\/strong> et faire des pauses plus fr\u00e9quentes et dans des lieux \u00e0 l\u2019ombre et frais\u00a0;<\/li>\n<li><strong>\u00catre<\/strong> particuli\u00e8rement <strong>vigilant<\/strong> avec les <strong>personnes fragiles ou \u00e2g\u00e9es<\/strong>;<\/li>\n<li><strong>Emporter des quantit\u00e9s d\u2019eau suffisantes<\/strong> et <strong>boire (et donner \u00e0 boire) r\u00e9guli\u00e8rement de l\u00a0\u2018eau<\/strong>. (Ne pas h\u00e9siter \u00e0 utiliser les points d\u2019eau ou fontaines \u00e0 eau disponibles dans les gares ou sur les aires d\u2019autoroute)\u00a0;<\/li>\n<li>Se rafra\u00eechir et se mouiller le corps plusieurs fois par jour\u00a0;<\/li>\n<li>Se v\u00eatir l\u00e9g\u00e8rement en privil\u00e9giant des v\u00eatements amples, l\u00e9gers, et de couleurs claires.<\/li>\n<\/ul>\n<p><strong>Pour vous accompagner sur la route et dans les gares, des messages de pr\u00e9vention seront diffus\u00e9s sur les panneaux lumineux et par les radios autorouti\u00e8res (107,7 FM).<\/strong><\/p>\n","protected":false},"excerpt":{"rendered":"<p>Pierre ORY, Pr\u00e9fet des Vosges, apr\u00e8s avis de l\u2019Agence R\u00e9gionale de Sant\u00e9 Grand Est, en raison de plusieurs jours cons\u00e9cutifs [&hellip;]<\/p>\n","protected":false},"author":1,"featured_media":13332,"comment_status":"open","ping_status":"open","sticky":false,"template":"","format":"standard","meta":{"footnotes":""},"categories":[20,18],"tags":[],"class_list":["post-43139","post","type-post","status-publish","format-standard","has-post-thumbnail","hentry","category-a-la-une","category-vosges"],"acf":[],"yoast_head":"<!-- This site is optimized with the Yoast SEO plugin v22.5 - https:\/\/yoast.com\/wordpress\/plugins\/seo\/ -->\n<title>Les Vosges passent au \u00ab niveau 3 alerte canicule \u00bb - Gerardmer Info<\/title>\n<meta name=\"robots\" content=\"index, follow, max-snippet:-1, max-image-preview:large, max-video-preview:-1\" \/>\n<link rel=\"canonical\" href=\"https:\/\/vosgesinfo.fr\/gerardmerinfo\/2019\/07\/vosges-passent-niveau-3-alerte-canicule\/\" \/>\n<meta name=\"twitter:card\" content=\"summary_large_image\" \/>\n<meta name=\"twitter:title\" content=\"Les Vosges passent au \u00ab niveau 3 alerte canicule \u00bb - Gerardmer Info\" \/>\n<meta name=\"twitter:description\" content=\"Pierre ORY, Pr\u00e9fet des Vosges, apr\u00e8s avis de l\u2019Agence R\u00e9gionale de Sant\u00e9 Grand Est, en raison de plusieurs jours cons\u00e9cutifs [&hellip;]\" \/>\n<meta name=\"twitter:image\" content=\"https:\/\/vosgesinfo.fr\/app\/uploads\/sites\/6\/2015\/08\/soleil.jpg\" \/>\n<meta name=\"twitter:creator\" content=\"@VosgesInfo88\" \/>\n<meta name=\"twitter:site\" content=\"@VosgesInfo88\" \/>\n<meta name=\"twitter:label1\" content=\"\u00c9crit par\" \/>\n\t<meta name=\"twitter:data1\" content=\"qs_admin\" \/>\n\t<meta name=\"twitter:label2\" content=\"Dur\u00e9e de lecture estim\u00e9e\" \/>\n\t<meta name=\"twitter:data2\" content=\"4 minutes\" \/>\n<script type=\"application\/ld+json\" class=\"yoast-schema-graph\">{\"@context\":\"https:\/\/schema.org\",\"@graph\":[{\"@type\":\"Article\",\"@id\":\"https:\/\/vosgesinfo.fr\/gerardmerinfo\/2019\/07\/vosges-passent-niveau-3-alerte-canicule\/#article\",\"isPartOf\":{\"@id\":\"https:\/\/vosgesinfo.fr\/gerardmerinfo\/2019\/07\/vosges-passent-niveau-3-alerte-canicule\/\"},\"author\":{\"name\":\"qs_admin\",\"@id\":\"https:\/\/vosgesinfo.fr\/gerardmerinfo\/#\/schema\/person\/bc5d02d71e6932e81b6dadb7386667b1\"},\"headline\":\"Les Vosges passent au \u00ab niveau 3 alerte canicule \u00bb\",\"datePublished\":\"2019-07-23T14:44:42+00:00\",\"dateModified\":\"2019-07-23T14:44:42+00:00\",\"mainEntityOfPage\":{\"@id\":\"https:\/\/vosgesinfo.fr\/gerardmerinfo\/2019\/07\/vosges-passent-niveau-3-alerte-canicule\/\"},\"wordCount\":821,\"commentCount\":0,\"publisher\":{\"@id\":\"https:\/\/vosgesinfo.fr\/gerardmerinfo\/#organization\"},\"image\":{\"@id\":\"https:\/\/vosgesinfo.fr\/gerardmerinfo\/2019\/07\/vosges-passent-niveau-3-alerte-canicule\/#primaryimage\"},\"thumbnailUrl\":\"https:\/\/vosgesinfo.fr\/app\/uploads\/sites\/6\/2015\/08\/soleil.jpg\",\"articleSection\":[\"A la une\",\"Vosges\"],\"inLanguage\":\"fr-FR\",\"potentialAction\":[{\"@type\":\"CommentAction\",\"name\":\"Comment\",\"target\":[\"https:\/\/vosgesinfo.fr\/gerardmerinfo\/2019\/07\/vosges-passent-niveau-3-alerte-canicule\/#respond\"]}]},{\"@type\":\"WebPage\",\"@id\":\"https:\/\/vosgesinfo.fr\/gerardmerinfo\/2019\/07\/vosges-passent-niveau-3-alerte-canicule\/\",\"url\":\"https:\/\/vosgesinfo.fr\/gerardmerinfo\/2019\/07\/vosges-passent-niveau-3-alerte-canicule\/\",\"name\":\"Les Vosges passent au \u00ab niveau 3 alerte canicule \u00bb - Gerardmer Info\",\"isPartOf\":{\"@id\":\"https:\/\/vosgesinfo.fr\/gerardmerinfo\/#website\"},\"primaryImageOfPage\":{\"@id\":\"https:\/\/vosgesinfo.fr\/gerardmerinfo\/2019\/07\/vosges-passent-niveau-3-alerte-canicule\/#primaryimage\"},\"image\":{\"@id\":\"https:\/\/vosgesinfo.fr\/gerardmerinfo\/2019\/07\/vosges-passent-niveau-3-alerte-canicule\/#primaryimage\"},\"thumbnailUrl\":\"https:\/\/vosgesinfo.fr\/app\/uploads\/sites\/6\/2015\/08\/soleil.jpg\",\"datePublished\":\"2019-07-23T14:44:42+00:00\",\"dateModified\":\"2019-07-23T14:44:42+00:00\",\"breadcrumb\":{\"@id\":\"https:\/\/vosgesinfo.fr\/gerardmerinfo\/2019\/07\/vosges-passent-niveau-3-alerte-canicule\/#breadcrumb\"},\"inLanguage\":\"fr-FR\",\"potentialAction\":[{\"@type\":\"ReadAction\",\"target\":[\"https:\/\/vosgesinfo.fr\/gerardmerinfo\/2019\/07\/vosges-passent-niveau-3-alerte-canicule\/\"]}]},{\"@type\":\"ImageObject\",\"inLanguage\":\"fr-FR\",\"@id\":\"https:\/\/vosgesinfo.fr\/gerardmerinfo\/2019\/07\/vosges-passent-niveau-3-alerte-canicule\/#primaryimage\",\"url\":\"https:\/\/vosgesinfo.fr\/app\/uploads\/sites\/6\/2015\/08\/soleil.jpg\",\"contentUrl\":\"https:\/\/vosgesinfo.fr\/app\/uploads\/sites\/6\/2015\/08\/soleil.jpg\"},{\"@type\":\"BreadcrumbList\",\"@id\":\"https:\/\/vosgesinfo.fr\/gerardmerinfo\/2019\/07\/vosges-passent-niveau-3-alerte-canicule\/#breadcrumb\",\"itemListElement\":[{\"@type\":\"ListItem\",\"position\":1,\"name\":\"Home\",\"item\":\"https:\/\/vosgesinfo.fr\/gerardmerinfo\/\"},{\"@type\":\"ListItem\",\"position\":2,\"name\":\"Les Vosges passent au \u00ab niveau 3 alerte canicule \u00bb\"}]},{\"@type\":\"WebSite\",\"@id\":\"https:\/\/vosgesinfo.fr\/gerardmerinfo\/#website\",\"url\":\"https:\/\/vosgesinfo.fr\/gerardmerinfo\/\",\"name\":\"Gerardmer Info\",\"description\":\"Toute l&#039;actualit\u00e9 de G\u00e9rardmer\",\"publisher\":{\"@id\":\"https:\/\/vosgesinfo.fr\/gerardmerinfo\/#organization\"},\"alternateName\":\"Toute l'actualit\u00e9 de G\u00e9rardmer\",\"potentialAction\":[{\"@type\":\"SearchAction\",\"target\":{\"@type\":\"EntryPoint\",\"urlTemplate\":\"https:\/\/vosgesinfo.fr\/gerardmerinfo\/?s={search_term_string}\"},\"query-input\":\"required name=search_term_string\"}],\"inLanguage\":\"fr-FR\"},{\"@type\":\"Organization\",\"@id\":\"https:\/\/vosgesinfo.fr\/gerardmerinfo\/#organization\",\"name\":\"Gerardmer Info\",\"url\":\"https:\/\/vosgesinfo.fr\/gerardmerinfo\/\",\"logo\":{\"@type\":\"ImageObject\",\"inLanguage\":\"fr-FR\",\"@id\":\"https:\/\/vosgesinfo.fr\/gerardmerinfo\/#\/schema\/logo\/image\/\",\"url\":\"https:\/\/vosgesinfo.fr\/app\/uploads\/sites\/6\/2023\/08\/favicon-gerardmerinfo.png\",\"contentUrl\":\"https:\/\/vosgesinfo.fr\/app\/uploads\/sites\/6\/2023\/08\/favicon-gerardmerinfo.png\",\"width\":512,\"height\":512,\"caption\":\"Gerardmer Info\"},\"image\":{\"@id\":\"https:\/\/vosgesinfo.fr\/gerardmerinfo\/#\/schema\/logo\/image\/\"},\"sameAs\":[\"https:\/\/www.facebook.com\/profile.php?id=100049475262660\",\"https:\/\/x.com\/VosgesInfo88\",\"https:\/\/www.youtube.com\/@vosgesinfo\"]},{\"@type\":\"Person\",\"@id\":\"https:\/\/vosgesinfo.fr\/gerardmerinfo\/#\/schema\/person\/bc5d02d71e6932e81b6dadb7386667b1\",\"name\":\"qs_admin\",\"image\":{\"@type\":\"ImageObject\",\"inLanguage\":\"fr-FR\",\"@id\":\"https:\/\/vosgesinfo.fr\/gerardmerinfo\/#\/schema\/person\/image\/\",\"url\":\"https:\/\/secure.gravatar.com\/avatar\/94b18ee0ed79e4a42ea2f2931277b6841a8999fc6fde214600c78057cf1fe1de?s=96&d=mm&r=g\",\"contentUrl\":\"https:\/\/secure.gravatar.com\/avatar\/94b18ee0ed79e4a42ea2f2931277b6841a8999fc6fde214600c78057cf1fe1de?s=96&d=mm&r=g\",\"caption\":\"qs_admin\"},\"sameAs\":[\"https:\/\/vosgesinfo.fr\/wp\"],\"url\":\"https:\/\/vosgesinfo.fr\/gerardmerinfo\/author\/qs_admin\/\"}]}<\/script>\n<!-- \/ Yoast SEO plugin. -->","yoast_head_json":{"title":"Les Vosges passent au \u00ab niveau 3 alerte canicule \u00bb - Gerardmer Info","robots":{"index":"index","follow":"follow","max-snippet":"max-snippet:-1","max-image-preview":"max-image-preview:large","max-video-preview":"max-video-preview:-1"},"canonical":"https:\/\/vosgesinfo.fr\/gerardmerinfo\/2019\/07\/vosges-passent-niveau-3-alerte-canicule\/","twitter_card":"summary_large_image","twitter_title":"Les Vosges passent au \u00ab niveau 3 alerte canicule \u00bb - Gerardmer Info","twitter_description":"Pierre ORY, Pr\u00e9fet des Vosges, apr\u00e8s avis de l\u2019Agence R\u00e9gionale de Sant\u00e9 Grand Est, en raison de plusieurs jours cons\u00e9cutifs [&hellip;]","twitter_image":"https:\/\/vosgesinfo.fr\/app\/uploads\/sites\/6\/2015\/08\/soleil.jpg","twitter_creator":"@VosgesInfo88","twitter_site":"@VosgesInfo88","twitter_misc":{"\u00c9crit par":"qs_admin","Dur\u00e9e de lecture estim\u00e9e":"4 minutes"},"schema":{"@context":"https:\/\/schema.org","@graph":[{"@type":"Article","@id":"https:\/\/vosgesinfo.fr\/gerardmerinfo\/2019\/07\/vosges-passent-niveau-3-alerte-canicule\/#article","isPartOf":{"@id":"https:\/\/vosgesinfo.fr\/gerardmerinfo\/2019\/07\/vosges-passent-niveau-3-alerte-canicule\/"},"author":{"name":"qs_admin","@id":"https:\/\/vosgesinfo.fr\/gerardmerinfo\/#\/schema\/person\/bc5d02d71e6932e81b6dadb7386667b1"},"headline":"Les Vosges passent au \u00ab niveau 3 alerte canicule \u00bb","datePublished":"2019-07-23T14:44:42+00:00","dateModified":"2019-07-23T14:44:42+00:00","mainEntityOfPage":{"@id":"https:\/\/vosgesinfo.fr\/gerardmerinfo\/2019\/07\/vosges-passent-niveau-3-alerte-canicule\/"},"wordCount":821,"commentCount":0,"publisher":{"@id":"https:\/\/vosgesinfo.fr\/gerardmerinfo\/#organization"},"image":{"@id":"https:\/\/vosgesinfo.fr\/gerardmerinfo\/2019\/07\/vosges-passent-niveau-3-alerte-canicule\/#primaryimage"},"thumbnailUrl":"https:\/\/vosgesinfo.fr\/app\/uploads\/sites\/6\/2015\/08\/soleil.jpg","articleSection":["A la une","Vosges"],"inLanguage":"fr-FR","potentialAction":[{"@type":"CommentAction","name":"Comment","target":["https:\/\/vosgesinfo.fr\/gerardmerinfo\/2019\/07\/vosges-passent-niveau-3-alerte-canicule\/#respond"]}]},{"@type":"WebPage","@id":"https:\/\/vosgesinfo.fr\/gerardmerinfo\/2019\/07\/vosges-passent-niveau-3-alerte-canicule\/","url":"https:\/\/vosgesinfo.fr\/gerardmerinfo\/2019\/07\/vosges-passent-niveau-3-alerte-canicule\/","name":"Les Vosges passent au \u00ab niveau 3 alerte canicule \u00bb - Gerardmer Info","isPartOf":{"@id":"https:\/\/vosgesinfo.fr\/gerardmerinfo\/#website"},"primaryImageOfPage":{"@id":"https:\/\/vosgesinfo.fr\/gerardmerinfo\/2019\/07\/vosges-passent-niveau-3-alerte-canicule\/#primaryimage"},"image":{"@id":"https:\/\/vosgesinfo.fr\/gerardmerinfo\/2019\/07\/vosges-passent-niveau-3-alerte-canicule\/#primaryimage"},"thumbnailUrl":"https:\/\/vosgesinfo.fr\/app\/uploads\/sites\/6\/2015\/08\/soleil.jpg","datePublished":"2019-07-23T14:44:42+00:00","dateModified":"2019-07-23T14:44:42+00:00","breadcrumb":{"@id":"https:\/\/vosgesinfo.fr\/gerardmerinfo\/2019\/07\/vosges-passent-niveau-3-alerte-canicule\/#breadcrumb"},"inLanguage":"fr-FR","potentialAction":[{"@type":"ReadAction","target":["https:\/\/vosgesinfo.fr\/gerardmerinfo\/2019\/07\/vosges-passent-niveau-3-alerte-canicule\/"]}]},{"@type":"ImageObject","inLanguage":"fr-FR","@id":"https:\/\/vosgesinfo.fr\/gerardmerinfo\/2019\/07\/vosges-passent-niveau-3-alerte-canicule\/#primaryimage","url":"https:\/\/vosgesinfo.fr\/app\/uploads\/sites\/6\/2015\/08\/soleil.jpg","contentUrl":"https:\/\/vosgesinfo.fr\/app\/uploads\/sites\/6\/2015\/08\/soleil.jpg"},{"@type":"BreadcrumbList","@id":"https:\/\/vosgesinfo.fr\/gerardmerinfo\/2019\/07\/vosges-passent-niveau-3-alerte-canicule\/#breadcrumb","itemListElement":[{"@type":"ListItem","position":1,"name":"Home","item":"https:\/\/vosgesinfo.fr\/gerardmerinfo\/"},{"@type":"ListItem","position":2,"name":"Les Vosges passent au \u00ab niveau 3 alerte canicule \u00bb"}]},{"@type":"WebSite","@id":"https:\/\/vosgesinfo.fr\/gerardmerinfo\/#website","url":"https:\/\/vosgesinfo.fr\/gerardmerinfo\/","name":"Gerardmer Info","description":"Toute l&#039;actualit\u00e9 de G\u00e9rardmer","publisher":{"@id":"https:\/\/vosgesinfo.fr\/gerardmerinfo\/#organization"},"alternateName":"Toute l'actualit\u00e9 de G\u00e9rardmer","potentialAction":[{"@type":"SearchAction","target":{"@type":"EntryPoint","urlTemplate":"https:\/\/vosgesinfo.fr\/gerardmerinfo\/?s={search_term_string}"},"query-input":"required name=search_term_string"}],"inLanguage":"fr-FR"},{"@type":"Organization","@id":"https:\/\/vosgesinfo.fr\/gerardmerinfo\/#organization","name":"Gerardmer Info","url":"https:\/\/vosgesinfo.fr\/gerardmerinfo\/","logo":{"@type":"ImageObject","inLanguage":"fr-FR","@id":"https:\/\/vosgesinfo.fr\/gerardmerinfo\/#\/schema\/logo\/image\/","url":"https:\/\/vosgesinfo.fr\/app\/uploads\/sites\/6\/2023\/08\/favicon-gerardmerinfo.png","contentUrl":"https:\/\/vosgesinfo.fr\/app\/uploads\/sites\/6\/2023\/08\/favicon-gerardmerinfo.png","width":512,"height":512,"caption":"Gerardmer Info"},"image":{"@id":"https:\/\/vosgesinfo.fr\/gerardmerinfo\/#\/schema\/logo\/image\/"},"sameAs":["https:\/\/www.facebook.com\/profile.php?id=100049475262660","https:\/\/x.com\/VosgesInfo88","https:\/\/www.youtube.com\/@vosgesinfo"]},{"@type":"Person","@id":"https:\/\/vosgesinfo.fr\/gerardmerinfo\/#\/schema\/person\/bc5d02d71e6932e81b6dadb7386667b1","name":"qs_admin","image":{"@type":"ImageObject","inLanguage":"fr-FR","@id":"https:\/\/vosgesinfo.fr\/gerardmerinfo\/#\/schema\/person\/image\/","url":"https:\/\/secure.gravatar.com\/avatar\/94b18ee0ed79e4a42ea2f2931277b6841a8999fc6fde214600c78057cf1fe1de?s=96&d=mm&r=g","contentUrl":"https:\/\/secure.gravatar.com\/avatar\/94b18ee0ed79e4a42ea2f2931277b6841a8999fc6fde214600c78057cf1fe1de?s=96&d=mm&r=g","caption":"qs_admin"},"sameAs":["https:\/\/vosgesinfo.fr\/wp"],"url":"https:\/\/vosgesinfo.fr\/gerardmerinfo\/author\/qs_admin\/"}]}},"_links":{"self":[{"href":"https:\/\/vosgesinfo.fr\/gerardmerinfo\/wp-json\/wp\/v2\/posts\/43139","targetHints":{"allow":["GET"]}}],"collection":[{"href":"https:\/\/vosgesinfo.fr\/gerardmerinfo\/wp-json\/wp\/v2\/posts"}],"about":[{"href":"https:\/\/vosgesinfo.fr\/gerardmerinfo\/wp-json\/wp\/v2\/types\/post"}],"author":[{"embeddable":true,"href":"https:\/\/vosgesinfo.fr\/gerardmerinfo\/wp-json\/wp\/v2\/users\/1"}],"replies":[{"embeddable":true,"href":"https:\/\/vosgesinfo.fr\/gerardmerinfo\/wp-json\/wp\/v2\/comments?post=43139"}],"version-history":[{"count":0,"href":"https:\/\/vosgesinfo.fr\/gerardmerinfo\/wp-json\/wp\/v2\/posts\/43139\/revisions"}],"wp:featuredmedia":[{"embeddable":true,"href":"https:\/\/vosgesinfo.fr\/gerardmerinfo\/wp-json\/wp\/v2\/media\/13332"}],"wp:attachment":[{"href":"https:\/\/vosgesinfo.fr\/gerardmerinfo\/wp-json\/wp\/v2\/media?parent=43139"}],"wp:term":[{"taxonomy":"category","embeddable":true,"href":"https:\/\/vosgesinfo.fr\/gerardmerinfo\/wp-json\/wp\/v2\/categories?post=43139"},{"taxonomy":"post_tag","embeddable":true,"href":"https:\/\/vosgesinfo.fr\/gerardmerinfo\/wp-json\/wp\/v2\/tags?post=43139"}],"curies":[{"name":"wp","href":"https:\/\/api.w.org\/{rel}","templated":true}]}}