{"id":43143,"date":"2019-07-24T05:09:18","date_gmt":"2019-07-24T03:09:18","guid":{"rendered":"https:\/\/vosgesinfo.fr\/gerardmerinfo\/2019\/07\/revoila-vosges-rallye-festival\/"},"modified":"2019-07-24T05:09:18","modified_gmt":"2019-07-24T03:09:18","slug":"revoila-vosges-rallye-festival","status":"publish","type":"post","link":"https:\/\/vosgesinfo.fr\/gerardmerinfo\/2019\/07\/revoila-vosges-rallye-festival\/","title":{"rendered":"Revoil\u00e0 le Vosges Rallye Festival"},"content":{"rendered":"\n<p>Dans un mois, \u00e0 cette heure-ci, les concurrents seront rentr\u00e9s de plein pieds dans la troisi\u00e8me \u00e9dition du Vosges Rallye Festival. Des concurrents de marque viennent de nous confirmer leur pr\u00e9sence. Et d&rsquo;ici la cl\u00f4ture des engagements dans 2 jours, de belles surprises attendent encore les spectateurs du cot\u00e9 de Molsheim. Car la manifestation a bien pris la direction de l&rsquo;Alsace.<\/p>\n<p>Mais d\u00e8s \u00e0 pr\u00e9sent la barre des 100 engag\u00e9s est largement d\u00e9pass\u00e9e avec une nouvelle fois un fort contingent de concurrents \u00e9trangers.<\/p>\n<p><strong>Stig BLOMQVIST f\u00eate un anniversaire au Vosges Rallye Festival<\/strong><\/p>\n<p>Le Safari Rallye est sans aucun doute le plus difficile des rallyes du Championnat du Monde. A la fin des ann\u00e9es &rsquo;80, Volkswagen ambitionnait d&rsquo;inscrire l&rsquo;\u00e9preuve \u00e0 son palmar\u00e8s. L&rsquo;\u00e9quipe de Wolfsburg comptait pour cela sur la l\u00e9g\u00e8ret\u00e9 et la rusticit\u00e9 de sa Golf 16 soupapes, deux qualit\u00e9s qui devaient lui permettre de prendre l&rsquo;avantage sur les 4 roues motrices, Lancia Delta en t\u00eate.<\/p>\n<p>Si en 1988, les deux autos d&rsquo;Erwin WEBER et Lars-Erik TORPH abandonnaient, l&rsquo;ann\u00e9e suivante, Stig BLOMQVIST, qui avait remplac\u00e9 TORPH dans l&rsquo;\u00e9quipe, terminait sur le podium malgr\u00e9 une heure perdue pour r\u00e9parer sa transmission. C&rsquo;\u00e9tait il y a 30 ans !<\/p>\n<p>L&rsquo;occasion \u00e9tait belle pour Stig BLOMQVIST de f\u00eater cet anniversaire \u00e0 l&rsquo;occasion du Vosges Rallye Festival. Il a pour cela r\u00e9pondu \u00e0 l&rsquo;invitation de Wolf-Dieter IHLE. Le sympathique pilote et collectionneur allemand s&rsquo;est port\u00e9 acqu\u00e9reur il y a de cela quelques ann\u00e9es de la Golf usine de Lars-Erik TORPH, celle-l\u00e0 m\u00eame avec laquelle il a particip\u00e9 \u00e0 l&rsquo;\u00e9dition 1988 du Safari Rallye. Elle est actuellement en cours de restauration pour retrouver sa configuration d&rsquo;\u00e9poque et le Vosges Rallye Festival sera sa premi\u00e8re sortie.<\/p>\n<p><strong>Pilou et Mimile retrouvent l&rsquo;A310.<\/strong><\/p>\n<p>Cela pourrait \u00eatre le titre d&rsquo;une bande dessin\u00e9e mais c&rsquo;est l&rsquo;histoire de belles retrouvailles. \u00ab Pilou \u00bb, c&rsquo;est Pierre MENY, le talentueux pilote g\u00e9romois qui dans les ann\u00e9es &rsquo;70 et &rsquo;80 comptait parmi les meilleurs pilotes amateurs de l&rsquo;hexagone. \u00ab Mimile \u00bb, c&rsquo;est Jean-Fran\u00e7ois LIENERE. G\u00e9romois lui aussi, il a effectu\u00e9 une grande partie de sa carri\u00e8re de copilote avec Pierre MENY, avant de prendre place \u00e0 la droite de Fran\u00e7ois CHATRIOT. Du baquet de la Renault 5 Tour de Corse, il sautera dans le fauteuil de Team Manager de l&rsquo;\u00e9quipe Diac, avant de devenir responsable du Service Comp\u00e9tition Renault Sport. Lorsque le programme rallye est mis en jach\u00e8re, il rejoint Citro\u00ebn Racing, toujours au sein du d\u00e9partement Comp\u00e9tition Clients.<\/p>\n<p>Si ensemble, ils ont essentiellement couru en Championnat de France des rallye, ils ont tent\u00e9 en 1980 l&rsquo;exp\u00e9rience du Championnat du Monde \u00e0 l&rsquo;occasion du Rallye Monte-Carlo. L&rsquo;A310, engag\u00e9e en groupe 3, ne verra malheureusement pas le port de Monaco, mais le duo d\u00e9crochera en fin de saison le tr\u00e8s convoit\u00e9 Troph\u00e9e Renault.<\/p>\n<p>A l&rsquo;issue de l&rsquo;\u00e9dition 2017 \u00e0 laquelle ils ont particip\u00e9 au volant d&rsquo;une A310 de s\u00e9rie, Pierre MENY et Jean-Fran\u00e7ois LIENERE se sont mis en t\u00eate de disputer l&rsquo;\u00e9dition 2019 au volant d&rsquo;une r\u00e9plique de l&rsquo;auto du Monte-Carlo. Pr\u00e8s de deux ann\u00e9es ont \u00e9t\u00e9 n\u00e9cessaires pour mener \u00e0 bien le projet. Pr\u00e8s de 40 ans apr\u00e8s, \u00ab Pilou \u00bb et \u00ab Mimile \u00bb vont pouvoir se rem\u00e9morer bien des souvenirs dans l&rsquo;habitacle de l&rsquo;Alpine.<\/p>\n<p><strong>Un bapt\u00eame dans une auto l\u00e9gendaire \u00e0 gagner.<\/strong><\/p>\n<p>Qui ne r\u00eave pas de parcourir une \u00e9preuve de d\u00e9monstration, casqu\u00e9 et harnach\u00e9 dans une auto de rallye l\u00e9gendaire ? Un r\u00eave qui peut devenir r\u00e9alit\u00e9 pour les spectateurs qui auront achet\u00e9 leurs pass sur internet. Un tirage au sort parmi tous les acheteur d\u00e9signera en effet les heureux laur\u00e9ats qui pourront vivre de l\u2019int\u00e9rieur le grand frisson.<\/p>\n<p>Alors rendez-vous sur <a href=\"http:\/\/www.vosges-rallye-festival.com\/index.php\/fr\/spectateurs\/billets-en-ligne\">http:\/\/www.vosges-rallye-festival.com\/index.php\/fr\/spectateurs\/billets-en-ligne<\/a><\/p>\n","protected":false},"excerpt":{"rendered":"<p>Dans un mois, \u00e0 cette heure-ci, les concurrents seront rentr\u00e9s de plein pieds dans la troisi\u00e8me \u00e9dition du Vosges Rallye [&hellip;]<\/p>\n","protected":false},"author":1,"featured_media":43144,"comment_status":"open","ping_status":"open","sticky":false,"template":"","format":"standard","meta":{"footnotes":""},"categories":[20,14,18],"tags":[],"class_list":["post-43143","post","type-post","status-publish","format-standard","has-post-thumbnail","hentry","category-a-la-une","category-sport","category-vosges"],"acf":[],"yoast_head":"<!-- This site is optimized with the Yoast SEO plugin v22.5 - https:\/\/yoast.com\/wordpress\/plugins\/seo\/ -->\n<title>Revoil\u00e0 le Vosges Rallye Festival - Gerardmer Info<\/title>\n<meta name=\"robots\" content=\"index, follow, max-snippet:-1, max-image-preview:large, max-video-preview:-1\" \/>\n<link rel=\"canonical\" href=\"https:\/\/vosgesinfo.fr\/gerardmerinfo\/2019\/07\/revoila-vosges-rallye-festival\/\" \/>\n<meta name=\"twitter:card\" content=\"summary_large_image\" \/>\n<meta name=\"twitter:title\" content=\"Revoil\u00e0 le Vosges Rallye Festival - Gerardmer Info\" \/>\n<meta name=\"twitter:description\" content=\"Dans un mois, \u00e0 cette heure-ci, les concurrents seront rentr\u00e9s de plein pieds dans la troisi\u00e8me \u00e9dition du Vosges Rallye [&hellip;]\" \/>\n<meta name=\"twitter:image\" content=\"https:\/\/vosgesinfo.fr\/app\/uploads\/sites\/6\/2024\/07\/201907meny-lienere.jpg\" \/>\n<meta name=\"twitter:creator\" content=\"@VosgesInfo88\" \/>\n<meta name=\"twitter:site\" content=\"@VosgesInfo88\" \/>\n<meta name=\"twitter:label1\" content=\"\u00c9crit par\" \/>\n\t<meta name=\"twitter:data1\" content=\"qs_admin\" \/>\n\t<meta name=\"twitter:label2\" content=\"Dur\u00e9e de lecture estim\u00e9e\" \/>\n\t<meta name=\"twitter:data2\" content=\"3 minutes\" \/>\n<script type=\"application\/ld+json\" class=\"yoast-schema-graph\">{\"@context\":\"https:\/\/schema.org\",\"@graph\":[{\"@type\":\"Article\",\"@id\":\"https:\/\/vosgesinfo.fr\/gerardmerinfo\/2019\/07\/revoila-vosges-rallye-festival\/#article\",\"isPartOf\":{\"@id\":\"https:\/\/vosgesinfo.fr\/gerardmerinfo\/2019\/07\/revoila-vosges-rallye-festival\/\"},\"author\":{\"name\":\"qs_admin\",\"@id\":\"https:\/\/vosgesinfo.fr\/gerardmerinfo\/#\/schema\/person\/bc5d02d71e6932e81b6dadb7386667b1\"},\"headline\":\"Revoil\u00e0 le Vosges Rallye Festival\",\"datePublished\":\"2019-07-24T03:09:18+00:00\",\"dateModified\":\"2019-07-24T03:09:18+00:00\",\"mainEntityOfPage\":{\"@id\":\"https:\/\/vosgesinfo.fr\/gerardmerinfo\/2019\/07\/revoila-vosges-rallye-festival\/\"},\"wordCount\":685,\"commentCount\":0,\"publisher\":{\"@id\":\"https:\/\/vosgesinfo.fr\/gerardmerinfo\/#organization\"},\"image\":{\"@id\":\"https:\/\/vosgesinfo.fr\/gerardmerinfo\/2019\/07\/revoila-vosges-rallye-festival\/#primaryimage\"},\"thumbnailUrl\":\"https:\/\/vosgesinfo.fr\/app\/uploads\/sites\/6\/2024\/07\/201907meny-lienere.jpg\",\"articleSection\":[\"A la une\",\"Sport\",\"Vosges\"],\"inLanguage\":\"fr-FR\",\"potentialAction\":[{\"@type\":\"CommentAction\",\"name\":\"Comment\",\"target\":[\"https:\/\/vosgesinfo.fr\/gerardmerinfo\/2019\/07\/revoila-vosges-rallye-festival\/#respond\"]}]},{\"@type\":\"WebPage\",\"@id\":\"https:\/\/vosgesinfo.fr\/gerardmerinfo\/2019\/07\/revoila-vosges-rallye-festival\/\",\"url\":\"https:\/\/vosgesinfo.fr\/gerardmerinfo\/2019\/07\/revoila-vosges-rallye-festival\/\",\"name\":\"Revoil\u00e0 le Vosges Rallye Festival - Gerardmer Info\",\"isPartOf\":{\"@id\":\"https:\/\/vosgesinfo.fr\/gerardmerinfo\/#website\"},\"primaryImageOfPage\":{\"@id\":\"https:\/\/vosgesinfo.fr\/gerardmerinfo\/2019\/07\/revoila-vosges-rallye-festival\/#primaryimage\"},\"image\":{\"@id\":\"https:\/\/vosgesinfo.fr\/gerardmerinfo\/2019\/07\/revoila-vosges-rallye-festival\/#primaryimage\"},\"thumbnailUrl\":\"https:\/\/vosgesinfo.fr\/app\/uploads\/sites\/6\/2024\/07\/201907meny-lienere.jpg\",\"datePublished\":\"2019-07-24T03:09:18+00:00\",\"dateModified\":\"2019-07-24T03:09:18+00:00\",\"breadcrumb\":{\"@id\":\"https:\/\/vosgesinfo.fr\/gerardmerinfo\/2019\/07\/revoila-vosges-rallye-festival\/#breadcrumb\"},\"inLanguage\":\"fr-FR\",\"potentialAction\":[{\"@type\":\"ReadAction\",\"target\":[\"https:\/\/vosgesinfo.fr\/gerardmerinfo\/2019\/07\/revoila-vosges-rallye-festival\/\"]}]},{\"@type\":\"ImageObject\",\"inLanguage\":\"fr-FR\",\"@id\":\"https:\/\/vosgesinfo.fr\/gerardmerinfo\/2019\/07\/revoila-vosges-rallye-festival\/#primaryimage\",\"url\":\"https:\/\/vosgesinfo.fr\/app\/uploads\/sites\/6\/2024\/07\/201907meny-lienere.jpg\",\"contentUrl\":\"https:\/\/vosgesinfo.fr\/app\/uploads\/sites\/6\/2024\/07\/201907meny-lienere.jpg\",\"width\":800,\"height\":600},{\"@type\":\"BreadcrumbList\",\"@id\":\"https:\/\/vosgesinfo.fr\/gerardmerinfo\/2019\/07\/revoila-vosges-rallye-festival\/#breadcrumb\",\"itemListElement\":[{\"@type\":\"ListItem\",\"position\":1,\"name\":\"Home\",\"item\":\"https:\/\/vosgesinfo.fr\/gerardmerinfo\/\"},{\"@type\":\"ListItem\",\"position\":2,\"name\":\"Revoil\u00e0 le Vosges Rallye Festival\"}]},{\"@type\":\"WebSite\",\"@id\":\"https:\/\/vosgesinfo.fr\/gerardmerinfo\/#website\",\"url\":\"https:\/\/vosgesinfo.fr\/gerardmerinfo\/\",\"name\":\"Gerardmer Info\",\"description\":\"Toute l&#039;actualit\u00e9 de G\u00e9rardmer\",\"publisher\":{\"@id\":\"https:\/\/vosgesinfo.fr\/gerardmerinfo\/#organization\"},\"alternateName\":\"Toute l'actualit\u00e9 de G\u00e9rardmer\",\"potentialAction\":[{\"@type\":\"SearchAction\",\"target\":{\"@type\":\"EntryPoint\",\"urlTemplate\":\"https:\/\/vosgesinfo.fr\/gerardmerinfo\/?s={search_term_string}\"},\"query-input\":\"required name=search_term_string\"}],\"inLanguage\":\"fr-FR\"},{\"@type\":\"Organization\",\"@id\":\"https:\/\/vosgesinfo.fr\/gerardmerinfo\/#organization\",\"name\":\"Gerardmer Info\",\"url\":\"https:\/\/vosgesinfo.fr\/gerardmerinfo\/\",\"logo\":{\"@type\":\"ImageObject\",\"inLanguage\":\"fr-FR\",\"@id\":\"https:\/\/vosgesinfo.fr\/gerardmerinfo\/#\/schema\/logo\/image\/\",\"url\":\"https:\/\/vosgesinfo.fr\/app\/uploads\/sites\/6\/2023\/08\/favicon-gerardmerinfo.png\",\"contentUrl\":\"https:\/\/vosgesinfo.fr\/app\/uploads\/sites\/6\/2023\/08\/favicon-gerardmerinfo.png\",\"width\":512,\"height\":512,\"caption\":\"Gerardmer Info\"},\"image\":{\"@id\":\"https:\/\/vosgesinfo.fr\/gerardmerinfo\/#\/schema\/logo\/image\/\"},\"sameAs\":[\"https:\/\/www.facebook.com\/profile.php?id=100049475262660\",\"https:\/\/x.com\/VosgesInfo88\",\"https:\/\/www.youtube.com\/@vosgesinfo\"]},{\"@type\":\"Person\",\"@id\":\"https:\/\/vosgesinfo.fr\/gerardmerinfo\/#\/schema\/person\/bc5d02d71e6932e81b6dadb7386667b1\",\"name\":\"qs_admin\",\"image\":{\"@type\":\"ImageObject\",\"inLanguage\":\"fr-FR\",\"@id\":\"https:\/\/vosgesinfo.fr\/gerardmerinfo\/#\/schema\/person\/image\/\",\"url\":\"https:\/\/secure.gravatar.com\/avatar\/94b18ee0ed79e4a42ea2f2931277b6841a8999fc6fde214600c78057cf1fe1de?s=96&d=mm&r=g\",\"contentUrl\":\"https:\/\/secure.gravatar.com\/avatar\/94b18ee0ed79e4a42ea2f2931277b6841a8999fc6fde214600c78057cf1fe1de?s=96&d=mm&r=g\",\"caption\":\"qs_admin\"},\"sameAs\":[\"https:\/\/vosgesinfo.fr\/wp\"],\"url\":\"https:\/\/vosgesinfo.fr\/gerardmerinfo\/author\/qs_admin\/\"}]}<\/script>\n<!-- \/ Yoast SEO plugin. -->","yoast_head_json":{"title":"Revoil\u00e0 le Vosges Rallye Festival - Gerardmer Info","robots":{"index":"index","follow":"follow","max-snippet":"max-snippet:-1","max-image-preview":"max-image-preview:large","max-video-preview":"max-video-preview:-1"},"canonical":"https:\/\/vosgesinfo.fr\/gerardmerinfo\/2019\/07\/revoila-vosges-rallye-festival\/","twitter_card":"summary_large_image","twitter_title":"Revoil\u00e0 le Vosges Rallye Festival - Gerardmer Info","twitter_description":"Dans un mois, \u00e0 cette heure-ci, les concurrents seront rentr\u00e9s de plein pieds dans la troisi\u00e8me \u00e9dition du Vosges Rallye [&hellip;]","twitter_image":"https:\/\/vosgesinfo.fr\/app\/uploads\/sites\/6\/2024\/07\/201907meny-lienere.jpg","twitter_creator":"@VosgesInfo88","twitter_site":"@VosgesInfo88","twitter_misc":{"\u00c9crit par":"qs_admin","Dur\u00e9e de lecture estim\u00e9e":"3 minutes"},"schema":{"@context":"https:\/\/schema.org","@graph":[{"@type":"Article","@id":"https:\/\/vosgesinfo.fr\/gerardmerinfo\/2019\/07\/revoila-vosges-rallye-festival\/#article","isPartOf":{"@id":"https:\/\/vosgesinfo.fr\/gerardmerinfo\/2019\/07\/revoila-vosges-rallye-festival\/"},"author":{"name":"qs_admin","@id":"https:\/\/vosgesinfo.fr\/gerardmerinfo\/#\/schema\/person\/bc5d02d71e6932e81b6dadb7386667b1"},"headline":"Revoil\u00e0 le Vosges Rallye Festival","datePublished":"2019-07-24T03:09:18+00:00","dateModified":"2019-07-24T03:09:18+00:00","mainEntityOfPage":{"@id":"https:\/\/vosgesinfo.fr\/gerardmerinfo\/2019\/07\/revoila-vosges-rallye-festival\/"},"wordCount":685,"commentCount":0,"publisher":{"@id":"https:\/\/vosgesinfo.fr\/gerardmerinfo\/#organization"},"image":{"@id":"https:\/\/vosgesinfo.fr\/gerardmerinfo\/2019\/07\/revoila-vosges-rallye-festival\/#primaryimage"},"thumbnailUrl":"https:\/\/vosgesinfo.fr\/app\/uploads\/sites\/6\/2024\/07\/201907meny-lienere.jpg","articleSection":["A la une","Sport","Vosges"],"inLanguage":"fr-FR","potentialAction":[{"@type":"CommentAction","name":"Comment","target":["https:\/\/vosgesinfo.fr\/gerardmerinfo\/2019\/07\/revoila-vosges-rallye-festival\/#respond"]}]},{"@type":"WebPage","@id":"https:\/\/vosgesinfo.fr\/gerardmerinfo\/2019\/07\/revoila-vosges-rallye-festival\/","url":"https:\/\/vosgesinfo.fr\/gerardmerinfo\/2019\/07\/revoila-vosges-rallye-festival\/","name":"Revoil\u00e0 le Vosges Rallye Festival - Gerardmer Info","isPartOf":{"@id":"https:\/\/vosgesinfo.fr\/gerardmerinfo\/#website"},"primaryImageOfPage":{"@id":"https:\/\/vosgesinfo.fr\/gerardmerinfo\/2019\/07\/revoila-vosges-rallye-festival\/#primaryimage"},"image":{"@id":"https:\/\/vosgesinfo.fr\/gerardmerinfo\/2019\/07\/revoila-vosges-rallye-festival\/#primaryimage"},"thumbnailUrl":"https:\/\/vosgesinfo.fr\/app\/uploads\/sites\/6\/2024\/07\/201907meny-lienere.jpg","datePublished":"2019-07-24T03:09:18+00:00","dateModified":"2019-07-24T03:09:18+00:00","breadcrumb":{"@id":"https:\/\/vosgesinfo.fr\/gerardmerinfo\/2019\/07\/revoila-vosges-rallye-festival\/#breadcrumb"},"inLanguage":"fr-FR","potentialAction":[{"@type":"ReadAction","target":["https:\/\/vosgesinfo.fr\/gerardmerinfo\/2019\/07\/revoila-vosges-rallye-festival\/"]}]},{"@type":"ImageObject","inLanguage":"fr-FR","@id":"https:\/\/vosgesinfo.fr\/gerardmerinfo\/2019\/07\/revoila-vosges-rallye-festival\/#primaryimage","url":"https:\/\/vosgesinfo.fr\/app\/uploads\/sites\/6\/2024\/07\/201907meny-lienere.jpg","contentUrl":"https:\/\/vosgesinfo.fr\/app\/uploads\/sites\/6\/2024\/07\/201907meny-lienere.jpg","width":800,"height":600},{"@type":"BreadcrumbList","@id":"https:\/\/vosgesinfo.fr\/gerardmerinfo\/2019\/07\/revoila-vosges-rallye-festival\/#breadcrumb","itemListElement":[{"@type":"ListItem","position":1,"name":"Home","item":"https:\/\/vosgesinfo.fr\/gerardmerinfo\/"},{"@type":"ListItem","position":2,"name":"Revoil\u00e0 le Vosges Rallye Festival"}]},{"@type":"WebSite","@id":"https:\/\/vosgesinfo.fr\/gerardmerinfo\/#website","url":"https:\/\/vosgesinfo.fr\/gerardmerinfo\/","name":"Gerardmer Info","description":"Toute l&#039;actualit\u00e9 de G\u00e9rardmer","publisher":{"@id":"https:\/\/vosgesinfo.fr\/gerardmerinfo\/#organization"},"alternateName":"Toute l'actualit\u00e9 de G\u00e9rardmer","potentialAction":[{"@type":"SearchAction","target":{"@type":"EntryPoint","urlTemplate":"https:\/\/vosgesinfo.fr\/gerardmerinfo\/?s={search_term_string}"},"query-input":"required name=search_term_string"}],"inLanguage":"fr-FR"},{"@type":"Organization","@id":"https:\/\/vosgesinfo.fr\/gerardmerinfo\/#organization","name":"Gerardmer Info","url":"https:\/\/vosgesinfo.fr\/gerardmerinfo\/","logo":{"@type":"ImageObject","inLanguage":"fr-FR","@id":"https:\/\/vosgesinfo.fr\/gerardmerinfo\/#\/schema\/logo\/image\/","url":"https:\/\/vosgesinfo.fr\/app\/uploads\/sites\/6\/2023\/08\/favicon-gerardmerinfo.png","contentUrl":"https:\/\/vosgesinfo.fr\/app\/uploads\/sites\/6\/2023\/08\/favicon-gerardmerinfo.png","width":512,"height":512,"caption":"Gerardmer Info"},"image":{"@id":"https:\/\/vosgesinfo.fr\/gerardmerinfo\/#\/schema\/logo\/image\/"},"sameAs":["https:\/\/www.facebook.com\/profile.php?id=100049475262660","https:\/\/x.com\/VosgesInfo88","https:\/\/www.youtube.com\/@vosgesinfo"]},{"@type":"Person","@id":"https:\/\/vosgesinfo.fr\/gerardmerinfo\/#\/schema\/person\/bc5d02d71e6932e81b6dadb7386667b1","name":"qs_admin","image":{"@type":"ImageObject","inLanguage":"fr-FR","@id":"https:\/\/vosgesinfo.fr\/gerardmerinfo\/#\/schema\/person\/image\/","url":"https:\/\/secure.gravatar.com\/avatar\/94b18ee0ed79e4a42ea2f2931277b6841a8999fc6fde214600c78057cf1fe1de?s=96&d=mm&r=g","contentUrl":"https:\/\/secure.gravatar.com\/avatar\/94b18ee0ed79e4a42ea2f2931277b6841a8999fc6fde214600c78057cf1fe1de?s=96&d=mm&r=g","caption":"qs_admin"},"sameAs":["https:\/\/vosgesinfo.fr\/wp"],"url":"https:\/\/vosgesinfo.fr\/gerardmerinfo\/author\/qs_admin\/"}]}},"_links":{"self":[{"href":"https:\/\/vosgesinfo.fr\/gerardmerinfo\/wp-json\/wp\/v2\/posts\/43143","targetHints":{"allow":["GET"]}}],"collection":[{"href":"https:\/\/vosgesinfo.fr\/gerardmerinfo\/wp-json\/wp\/v2\/posts"}],"about":[{"href":"https:\/\/vosgesinfo.fr\/gerardmerinfo\/wp-json\/wp\/v2\/types\/post"}],"author":[{"embeddable":true,"href":"https:\/\/vosgesinfo.fr\/gerardmerinfo\/wp-json\/wp\/v2\/users\/1"}],"replies":[{"embeddable":true,"href":"https:\/\/vosgesinfo.fr\/gerardmerinfo\/wp-json\/wp\/v2\/comments?post=43143"}],"version-history":[{"count":0,"href":"https:\/\/vosgesinfo.fr\/gerardmerinfo\/wp-json\/wp\/v2\/posts\/43143\/revisions"}],"wp:featuredmedia":[{"embeddable":true,"href":"https:\/\/vosgesinfo.fr\/gerardmerinfo\/wp-json\/wp\/v2\/media\/43144"}],"wp:attachment":[{"href":"https:\/\/vosgesinfo.fr\/gerardmerinfo\/wp-json\/wp\/v2\/media?parent=43143"}],"wp:term":[{"taxonomy":"category","embeddable":true,"href":"https:\/\/vosgesinfo.fr\/gerardmerinfo\/wp-json\/wp\/v2\/categories?post=43143"},{"taxonomy":"post_tag","embeddable":true,"href":"https:\/\/vosgesinfo.fr\/gerardmerinfo\/wp-json\/wp\/v2\/tags?post=43143"}],"curies":[{"name":"wp","href":"https:\/\/api.w.org\/{rel}","templated":true}]}}