{"id":43276,"date":"2019-08-27T15:06:46","date_gmt":"2019-08-27T13:06:46","guid":{"rendered":"https:\/\/vosgesinfo.fr\/gerardmerinfo\/2019\/08\/cine-cool-a-mcl-de-gerardmer\/"},"modified":"2019-08-27T15:06:46","modified_gmt":"2019-08-27T13:06:46","slug":"cine-cool-a-mcl-de-gerardmer","status":"publish","type":"post","link":"https:\/\/vosgesinfo.fr\/gerardmerinfo\/2019\/08\/cine-cool-a-mcl-de-gerardmer\/","title":{"rendered":"CIN\u00c9-COOL \u00e0 la MCL de G\u00e9rardmer"},"content":{"rendered":"<h3><span style=\"color: #333333;\"><span style=\"font-size: 12pt;\"><span style=\"font-family: Arial, sans-serif;\">CIN\u00c9-COOL <\/span><span style=\"font-family: Arial, sans-serif;\">c\u2019est <\/span><span style=\"font-family: Arial, sans-serif;\">la<\/span><span style=\"font-family: Arial, sans-serif;\"> place de cin\u00e9ma \u00e0 <\/span><span style=\"font-family: Arial, sans-serif;\">4\u20ac50<\/span><span style=\"font-family: Arial, sans-serif;\"> pour <\/span><span style=\"font-family: Arial, sans-serif;\">t<\/span><span style=\"font-family: Arial, sans-serif;\">ous les films, <\/span><span style=\"font-family: Arial, sans-serif;\">t<\/span><span style=\"font-family: Arial, sans-serif;\">outes les salles<\/span><em><span style=\"font-family: Arial, sans-serif;\"> participantes <\/span><\/em><em><span style=\"font-family: Arial, sans-serif;\">du Grand Est<\/span><\/em><span style=\"font-family: Arial, sans-serif;\">, <\/span><span style=\"font-family: Arial, sans-serif;\">t<\/span><span style=\"font-family: Arial, sans-serif;\">outes les s\u00e9ances. <\/span><\/span><em><span style=\"font-family: Arial, sans-serif;\"><span style=\"font-size: 12pt;\">A cette occasion la MCL vous propose 2 avant-premi\u00e8res exceptionnelles\u00a0:<\/span> <\/span><\/em><\/span><\/h3>\n<p><span style=\"font-family: Arial, sans-serif; font-size: 12pt;\"><span style=\"color: #ce181e;\"><b>Avant-premi\u00e8re<\/b><\/span><span style=\"color: #ce181e;\"><b> \u00ab<\/b><\/span><b> <\/b><span style=\"color: #ce181e;\"><b>DEMAIN EST A NOUS <\/b><\/span><span style=\"color: #ce181e;\"><b>\u00bb <\/b><\/span><span style=\"color: #ce181e;\"><b>en pr\u00e9sence du r\u00e9alisateur Gilles de Maistre<\/b><\/span><span style=\"color: #ce181e;\"><b><br \/>\n<\/b><\/span><span style=\"color: #ce181e;\"><b>Mercredi 28 ao\u00fbt<\/b><\/span><b> <\/b><span style=\"color: #ce181e;\"><b>\u00e0 <\/b><\/span><span style=\"color: #ce181e;\"><b>18h00<\/b><\/span><span style=\"color: #ce181e;\"><b> \u00e0 la MCL de G\u00e9rardmer<\/b><\/span><\/span><\/p>\n<p><span style=\"color: #ce181e; font-size: 12pt;\"><span style=\"font-family: Arial, sans-serif;\"><b><span style=\"color: #000000;\"><a href=\"\/2019\/08\/DEMAIN-EST-A-NOUS-AFFICHE.jpg\"><img decoding=\"async\" class=\"alignright size-medium wp-image-150787\" src=\"\/2019\/08\/DEMAIN-EST-A-NOUS-AFFICHE-187x255.jpg\" alt=\"DEMAIN EST A NOUS AFFICHE\" width=\"187\" height=\"255\" \/><\/a>Sortie le <\/span><span style=\"color: #000000;\">25<\/span><span style=\"color: #000000;\">\/<\/span><span style=\"color: #000000;\">09<\/span><span style=\"color: #000000;\">\/2019 \u2013 1h2<\/span><span style=\"color: #000000;\">3<\/span><\/b><\/span><\/span><\/p>\n<p align=\"left\"><span style=\"color: #333333; font-size: 12pt;\"><span style=\"font-family: Arial, sans-serif;\">Ce sont des enfants venus des quatre coins du monde, des enfants qui se battent pour de\u0301fendre leurs convictions. Ils s\u2019appellent Jose\u0301 Adolfo, Arthur, Ai\u0308ssatou, Heena, Peter, Kevin et Jocelyn&#8230; Jamais ils ne se sont dit qu\u2019ils e\u0301taient trop jeunes, trop faibles, trop isole\u0301s pour se lever contre l\u2019injustice ou les violences.Au contraire,gra\u0302ce a\u0300 leur force de caracte\u0300re et a\u0300 leur courage, ils inversent le cours des choses et entrai\u0302nent avec eux des dizaines d\u2019autres enfants.<\/span><\/span><\/p>\n<p align=\"left\"><span style=\"color: #333333; font-size: 12pt;\"><span style=\"font-family: Arial, sans-serif;\">Exploitation d\u2019e\u0302tres humains, travail des enfants, mariages force\u0301s, destruction de l\u2019environnement, extre\u0302me pauvrete\u0301&#8230; Ils s\u2019engagent sur tous les fronts. Si petits soient-ils, ils ont tre\u0300s to\u0302t pris conscience des ine\u0301galite\u0301s et des dysfonctionnements, soit parce qu\u2019ils en ont subi eux- me\u0302mes, soit parce qu\u2019ils en ont e\u0301te\u0301 te\u0301moins, et ils ont de\u0301cide\u0301 d\u2019agir.<\/span><\/span><\/p>\n<p align=\"left\"><span style=\"color: #333333; font-size: 12pt;\"><span style=\"font-family: Arial, sans-serif;\">De l\u2019Inde au Pe\u0301rou, de la Bolivie a\u0300 la Guine\u0301e, en passant par la France et les E\u0301tats-Unis, ce long me\u0301trage documentaire part a\u0300 la rencontre de ces enfants qui ont trouve\u0301 la force de mener leurs combats, pour un avenir meilleur.<\/span><\/span><\/p>\n<h1 class=\"x_western\"><span style=\"font-family: Arial, sans-serif; font-size: 12pt;\"><b>Le film sera <\/b><span style=\"color: #000000;\"><span lang=\"fr-FR\"><b>suivi d&rsquo;un <\/b><\/span><\/span><span style=\"color: #000000;\"><span lang=\"fr-FR\"><b>\u00e9change avec le r\u00e9alisateur Gilles de Maistre.<\/b><\/span><\/span><b><\/b><\/span><\/h1>\n<p align=\"left\"><span style=\"color: #000000; font-size: 12pt;\"><span style=\"font-family: Arial, sans-serif;\"><i><span lang=\"fr-FR\">Tarif sp\u00e9cial Cin\u00e9 cool\u00a0: 4,50\u20ac la place<\/span><span lang=\"fr-FR\"><br \/>\n<\/span><span lang=\"fr-FR\">Achat des places en pr\u00e9-vente <\/span><span lang=\"fr-FR\">\u00e0 la caisse cin\u00e9ma d\u00e8s maintenant.<\/span><\/i><\/span><\/span><\/p>\n<p><span style=\"font-family: Arial, sans-serif; font-size: 12pt;\"><span style=\"color: #ce181e;\"><b>Avant-premi\u00e8re<\/b><\/span><span style=\"color: #ce181e;\"><b> \u00ab<\/b><\/span><b> <\/b><span style=\"color: #ce181e;\"><b>ALICE ET LE MAIRE <\/b><\/span><span style=\"color: #ce181e;\"><b>\u00bb<\/b><\/span><span style=\"color: #ce181e;\"><b><br \/>\n<\/b><\/span><span style=\"color: #ce181e;\"><b>Vendredi 30 ao\u00fbt<\/b><\/span><b> <\/b><span style=\"color: #ce181e;\"><b>\u00e0 <\/b><\/span><span style=\"color: #ce181e;\"><b>20h30<\/b><\/span><span style=\"color: #ce181e;\"><b> \u00e0 la MCL de G\u00e9rardmer<\/b><\/span><\/span><\/p>\n<p><span style=\"font-family: Arial, sans-serif; font-size: 12pt;\"><span style=\"color: #000000;\"><b><a href=\"\/2019\/08\/ALICE-ET-LE-MAIRE-PHOTO6.jpg\"><img decoding=\"async\" class=\"alignright size-medium wp-image-150786\" src=\"\/2019\/08\/ALICE-ET-LE-MAIRE-PHOTO6-382x255.jpg\" alt=\"ALICE ET LE MAIRE PHOTO6\" width=\"382\" height=\"255\" \/><\/a>Sortie le 02\/10\/2019 &#8211; 1h43<\/b><\/span><br \/>\nAvec <span style=\"color: #000000;\">Nora Hamzawi, Fabrice Luchini, Maud Wyler, Ana\u00efs Demoustier<\/span><\/span><\/p>\n<p><span style=\"font-family: Arial, sans-serif; font-size: 12pt;\"><span style=\"color: #333333;\"><span lang=\"fr-FR\">Le maire de Lyon, Paul The\u0301raneau, va mal. Il n\u2019a plus une seule ide\u0301e. Apre\u0300s trente ans de vie politique, il se sent comple\u0300tement vide. Pour reme\u0301dier a\u0300 ce proble\u0300me, on de\u0301cide de lui adjoindre une jeune et brillante philosophe, Alice Heimann. Un dialogue se noue, qui rapproche Alice et le maire et e\u0301branle leurs certitudes.<\/span><\/span><span style=\"color: #26282a;\"><span lang=\"fr-FR\"><b><br \/>\n<\/b><\/span><\/span><\/span><\/p>\n<p align=\"left\"><span style=\"color: #000000;\"><span style=\"font-family: Arial, sans-serif;\"><span style=\"font-size: small;\"><i><span style=\"font-size: 12pt;\"><span lang=\"fr-FR\">Tarif sp\u00e9cial Cin\u00e9 cool\u00a0: 4,50\u20ac la place<\/span><span lang=\"fr-FR\"><br \/>\n<\/span><span lang=\"fr-FR\">Achat des places en pr\u00e9-vente <\/span><\/span><span lang=\"fr-FR\"><span style=\"font-size: 12pt;\">\u00e0 la caisse cin\u00e9ma d\u00e8s maintenant.<\/span><br \/>\n<\/span><\/i><\/span><\/span><\/span><\/p>\n","protected":false},"excerpt":{"rendered":"<p>CIN\u00c9-COOL c\u2019est la place de cin\u00e9ma \u00e0 4\u20ac50 pour tous les films, toutes les salles participantes du Grand Est, toutes [&hellip;]<\/p>\n","protected":false},"author":1,"featured_media":43277,"comment_status":"open","ping_status":"open","sticky":false,"template":"","format":"standard","meta":{"footnotes":""},"categories":[20,4,25],"tags":[103],"class_list":["post-43276","post","type-post","status-publish","format-standard","has-post-thumbnail","hentry","category-a-la-une","category-culture","category-gerardmer","tag-mcl-gerardmer"],"acf":[],"yoast_head":"<!-- This site is optimized with the Yoast SEO plugin v22.5 - https:\/\/yoast.com\/wordpress\/plugins\/seo\/ -->\n<title>CIN\u00c9-COOL \u00e0 la MCL de G\u00e9rardmer - Gerardmer Info<\/title>\n<meta name=\"robots\" content=\"index, follow, max-snippet:-1, max-image-preview:large, max-video-preview:-1\" \/>\n<link rel=\"canonical\" href=\"https:\/\/vosgesinfo.fr\/gerardmerinfo\/2019\/08\/cine-cool-a-mcl-de-gerardmer\/\" \/>\n<meta name=\"twitter:card\" content=\"summary_large_image\" \/>\n<meta name=\"twitter:title\" content=\"CIN\u00c9-COOL \u00e0 la MCL de G\u00e9rardmer - Gerardmer Info\" \/>\n<meta name=\"twitter:description\" content=\"CIN\u00c9-COOL c\u2019est la place de cin\u00e9ma \u00e0 4\u20ac50 pour tous les films, toutes les salles participantes du Grand Est, toutes [&hellip;]\" \/>\n<meta name=\"twitter:image\" content=\"https:\/\/vosgesinfo.fr\/app\/uploads\/sites\/6\/2024\/07\/201908alice-et-le-maire-photo6.jpg\" \/>\n<meta name=\"twitter:creator\" content=\"@VosgesInfo88\" \/>\n<meta name=\"twitter:site\" content=\"@VosgesInfo88\" \/>\n<meta name=\"twitter:label1\" content=\"\u00c9crit par\" \/>\n\t<meta name=\"twitter:data1\" content=\"qs_admin\" \/>\n\t<meta name=\"twitter:label2\" content=\"Dur\u00e9e de lecture estim\u00e9e\" \/>\n\t<meta name=\"twitter:data2\" content=\"2 minutes\" \/>\n<script type=\"application\/ld+json\" class=\"yoast-schema-graph\">{\"@context\":\"https:\/\/schema.org\",\"@graph\":[{\"@type\":\"Article\",\"@id\":\"https:\/\/vosgesinfo.fr\/gerardmerinfo\/2019\/08\/cine-cool-a-mcl-de-gerardmer\/#article\",\"isPartOf\":{\"@id\":\"https:\/\/vosgesinfo.fr\/gerardmerinfo\/2019\/08\/cine-cool-a-mcl-de-gerardmer\/\"},\"author\":{\"name\":\"qs_admin\",\"@id\":\"https:\/\/vosgesinfo.fr\/gerardmerinfo\/#\/schema\/person\/bc5d02d71e6932e81b6dadb7386667b1\"},\"headline\":\"CIN\u00c9-COOL \u00e0 la MCL de G\u00e9rardmer\",\"datePublished\":\"2019-08-27T13:06:46+00:00\",\"dateModified\":\"2019-08-27T13:06:46+00:00\",\"mainEntityOfPage\":{\"@id\":\"https:\/\/vosgesinfo.fr\/gerardmerinfo\/2019\/08\/cine-cool-a-mcl-de-gerardmer\/\"},\"wordCount\":425,\"commentCount\":0,\"publisher\":{\"@id\":\"https:\/\/vosgesinfo.fr\/gerardmerinfo\/#organization\"},\"image\":{\"@id\":\"https:\/\/vosgesinfo.fr\/gerardmerinfo\/2019\/08\/cine-cool-a-mcl-de-gerardmer\/#primaryimage\"},\"thumbnailUrl\":\"https:\/\/vosgesinfo.fr\/app\/uploads\/sites\/6\/2024\/07\/201908alice-et-le-maire-photo6.jpg\",\"keywords\":[\"MCL G\u00e9rardmer\"],\"articleSection\":[\"A la une\",\"Culture\",\"G\u00e9rardmer\"],\"inLanguage\":\"fr-FR\",\"potentialAction\":[{\"@type\":\"CommentAction\",\"name\":\"Comment\",\"target\":[\"https:\/\/vosgesinfo.fr\/gerardmerinfo\/2019\/08\/cine-cool-a-mcl-de-gerardmer\/#respond\"]}]},{\"@type\":\"WebPage\",\"@id\":\"https:\/\/vosgesinfo.fr\/gerardmerinfo\/2019\/08\/cine-cool-a-mcl-de-gerardmer\/\",\"url\":\"https:\/\/vosgesinfo.fr\/gerardmerinfo\/2019\/08\/cine-cool-a-mcl-de-gerardmer\/\",\"name\":\"CIN\u00c9-COOL \u00e0 la MCL de G\u00e9rardmer - Gerardmer Info\",\"isPartOf\":{\"@id\":\"https:\/\/vosgesinfo.fr\/gerardmerinfo\/#website\"},\"primaryImageOfPage\":{\"@id\":\"https:\/\/vosgesinfo.fr\/gerardmerinfo\/2019\/08\/cine-cool-a-mcl-de-gerardmer\/#primaryimage\"},\"image\":{\"@id\":\"https:\/\/vosgesinfo.fr\/gerardmerinfo\/2019\/08\/cine-cool-a-mcl-de-gerardmer\/#primaryimage\"},\"thumbnailUrl\":\"https:\/\/vosgesinfo.fr\/app\/uploads\/sites\/6\/2024\/07\/201908alice-et-le-maire-photo6.jpg\",\"datePublished\":\"2019-08-27T13:06:46+00:00\",\"dateModified\":\"2019-08-27T13:06:46+00:00\",\"breadcrumb\":{\"@id\":\"https:\/\/vosgesinfo.fr\/gerardmerinfo\/2019\/08\/cine-cool-a-mcl-de-gerardmer\/#breadcrumb\"},\"inLanguage\":\"fr-FR\",\"potentialAction\":[{\"@type\":\"ReadAction\",\"target\":[\"https:\/\/vosgesinfo.fr\/gerardmerinfo\/2019\/08\/cine-cool-a-mcl-de-gerardmer\/\"]}]},{\"@type\":\"ImageObject\",\"inLanguage\":\"fr-FR\",\"@id\":\"https:\/\/vosgesinfo.fr\/gerardmerinfo\/2019\/08\/cine-cool-a-mcl-de-gerardmer\/#primaryimage\",\"url\":\"https:\/\/vosgesinfo.fr\/app\/uploads\/sites\/6\/2024\/07\/201908alice-et-le-maire-photo6.jpg\",\"contentUrl\":\"https:\/\/vosgesinfo.fr\/app\/uploads\/sites\/6\/2024\/07\/201908alice-et-le-maire-photo6.jpg\",\"width\":800,\"height\":534},{\"@type\":\"BreadcrumbList\",\"@id\":\"https:\/\/vosgesinfo.fr\/gerardmerinfo\/2019\/08\/cine-cool-a-mcl-de-gerardmer\/#breadcrumb\",\"itemListElement\":[{\"@type\":\"ListItem\",\"position\":1,\"name\":\"Home\",\"item\":\"https:\/\/vosgesinfo.fr\/gerardmerinfo\/\"},{\"@type\":\"ListItem\",\"position\":2,\"name\":\"CIN\u00c9-COOL \u00e0 la MCL de G\u00e9rardmer\"}]},{\"@type\":\"WebSite\",\"@id\":\"https:\/\/vosgesinfo.fr\/gerardmerinfo\/#website\",\"url\":\"https:\/\/vosgesinfo.fr\/gerardmerinfo\/\",\"name\":\"Gerardmer Info\",\"description\":\"Toute l&#039;actualit\u00e9 de G\u00e9rardmer\",\"publisher\":{\"@id\":\"https:\/\/vosgesinfo.fr\/gerardmerinfo\/#organization\"},\"alternateName\":\"Toute l'actualit\u00e9 de G\u00e9rardmer\",\"potentialAction\":[{\"@type\":\"SearchAction\",\"target\":{\"@type\":\"EntryPoint\",\"urlTemplate\":\"https:\/\/vosgesinfo.fr\/gerardmerinfo\/?s={search_term_string}\"},\"query-input\":\"required name=search_term_string\"}],\"inLanguage\":\"fr-FR\"},{\"@type\":\"Organization\",\"@id\":\"https:\/\/vosgesinfo.fr\/gerardmerinfo\/#organization\",\"name\":\"Gerardmer Info\",\"url\":\"https:\/\/vosgesinfo.fr\/gerardmerinfo\/\",\"logo\":{\"@type\":\"ImageObject\",\"inLanguage\":\"fr-FR\",\"@id\":\"https:\/\/vosgesinfo.fr\/gerardmerinfo\/#\/schema\/logo\/image\/\",\"url\":\"https:\/\/vosgesinfo.fr\/app\/uploads\/sites\/6\/2023\/08\/favicon-gerardmerinfo.png\",\"contentUrl\":\"https:\/\/vosgesinfo.fr\/app\/uploads\/sites\/6\/2023\/08\/favicon-gerardmerinfo.png\",\"width\":512,\"height\":512,\"caption\":\"Gerardmer Info\"},\"image\":{\"@id\":\"https:\/\/vosgesinfo.fr\/gerardmerinfo\/#\/schema\/logo\/image\/\"},\"sameAs\":[\"https:\/\/www.facebook.com\/profile.php?id=100049475262660\",\"https:\/\/x.com\/VosgesInfo88\",\"https:\/\/www.youtube.com\/@vosgesinfo\"]},{\"@type\":\"Person\",\"@id\":\"https:\/\/vosgesinfo.fr\/gerardmerinfo\/#\/schema\/person\/bc5d02d71e6932e81b6dadb7386667b1\",\"name\":\"qs_admin\",\"image\":{\"@type\":\"ImageObject\",\"inLanguage\":\"fr-FR\",\"@id\":\"https:\/\/vosgesinfo.fr\/gerardmerinfo\/#\/schema\/person\/image\/\",\"url\":\"https:\/\/secure.gravatar.com\/avatar\/94b18ee0ed79e4a42ea2f2931277b6841a8999fc6fde214600c78057cf1fe1de?s=96&d=mm&r=g\",\"contentUrl\":\"https:\/\/secure.gravatar.com\/avatar\/94b18ee0ed79e4a42ea2f2931277b6841a8999fc6fde214600c78057cf1fe1de?s=96&d=mm&r=g\",\"caption\":\"qs_admin\"},\"sameAs\":[\"https:\/\/vosgesinfo.fr\/wp\"],\"url\":\"https:\/\/vosgesinfo.fr\/gerardmerinfo\/author\/qs_admin\/\"}]}<\/script>\n<!-- \/ Yoast SEO plugin. -->","yoast_head_json":{"title":"CIN\u00c9-COOL \u00e0 la MCL de G\u00e9rardmer - Gerardmer Info","robots":{"index":"index","follow":"follow","max-snippet":"max-snippet:-1","max-image-preview":"max-image-preview:large","max-video-preview":"max-video-preview:-1"},"canonical":"https:\/\/vosgesinfo.fr\/gerardmerinfo\/2019\/08\/cine-cool-a-mcl-de-gerardmer\/","twitter_card":"summary_large_image","twitter_title":"CIN\u00c9-COOL \u00e0 la MCL de G\u00e9rardmer - Gerardmer Info","twitter_description":"CIN\u00c9-COOL c\u2019est la place de cin\u00e9ma \u00e0 4\u20ac50 pour tous les films, toutes les salles participantes du Grand Est, toutes [&hellip;]","twitter_image":"https:\/\/vosgesinfo.fr\/app\/uploads\/sites\/6\/2024\/07\/201908alice-et-le-maire-photo6.jpg","twitter_creator":"@VosgesInfo88","twitter_site":"@VosgesInfo88","twitter_misc":{"\u00c9crit par":"qs_admin","Dur\u00e9e de lecture estim\u00e9e":"2 minutes"},"schema":{"@context":"https:\/\/schema.org","@graph":[{"@type":"Article","@id":"https:\/\/vosgesinfo.fr\/gerardmerinfo\/2019\/08\/cine-cool-a-mcl-de-gerardmer\/#article","isPartOf":{"@id":"https:\/\/vosgesinfo.fr\/gerardmerinfo\/2019\/08\/cine-cool-a-mcl-de-gerardmer\/"},"author":{"name":"qs_admin","@id":"https:\/\/vosgesinfo.fr\/gerardmerinfo\/#\/schema\/person\/bc5d02d71e6932e81b6dadb7386667b1"},"headline":"CIN\u00c9-COOL \u00e0 la MCL de G\u00e9rardmer","datePublished":"2019-08-27T13:06:46+00:00","dateModified":"2019-08-27T13:06:46+00:00","mainEntityOfPage":{"@id":"https:\/\/vosgesinfo.fr\/gerardmerinfo\/2019\/08\/cine-cool-a-mcl-de-gerardmer\/"},"wordCount":425,"commentCount":0,"publisher":{"@id":"https:\/\/vosgesinfo.fr\/gerardmerinfo\/#organization"},"image":{"@id":"https:\/\/vosgesinfo.fr\/gerardmerinfo\/2019\/08\/cine-cool-a-mcl-de-gerardmer\/#primaryimage"},"thumbnailUrl":"https:\/\/vosgesinfo.fr\/app\/uploads\/sites\/6\/2024\/07\/201908alice-et-le-maire-photo6.jpg","keywords":["MCL G\u00e9rardmer"],"articleSection":["A la une","Culture","G\u00e9rardmer"],"inLanguage":"fr-FR","potentialAction":[{"@type":"CommentAction","name":"Comment","target":["https:\/\/vosgesinfo.fr\/gerardmerinfo\/2019\/08\/cine-cool-a-mcl-de-gerardmer\/#respond"]}]},{"@type":"WebPage","@id":"https:\/\/vosgesinfo.fr\/gerardmerinfo\/2019\/08\/cine-cool-a-mcl-de-gerardmer\/","url":"https:\/\/vosgesinfo.fr\/gerardmerinfo\/2019\/08\/cine-cool-a-mcl-de-gerardmer\/","name":"CIN\u00c9-COOL \u00e0 la MCL de G\u00e9rardmer - Gerardmer Info","isPartOf":{"@id":"https:\/\/vosgesinfo.fr\/gerardmerinfo\/#website"},"primaryImageOfPage":{"@id":"https:\/\/vosgesinfo.fr\/gerardmerinfo\/2019\/08\/cine-cool-a-mcl-de-gerardmer\/#primaryimage"},"image":{"@id":"https:\/\/vosgesinfo.fr\/gerardmerinfo\/2019\/08\/cine-cool-a-mcl-de-gerardmer\/#primaryimage"},"thumbnailUrl":"https:\/\/vosgesinfo.fr\/app\/uploads\/sites\/6\/2024\/07\/201908alice-et-le-maire-photo6.jpg","datePublished":"2019-08-27T13:06:46+00:00","dateModified":"2019-08-27T13:06:46+00:00","breadcrumb":{"@id":"https:\/\/vosgesinfo.fr\/gerardmerinfo\/2019\/08\/cine-cool-a-mcl-de-gerardmer\/#breadcrumb"},"inLanguage":"fr-FR","potentialAction":[{"@type":"ReadAction","target":["https:\/\/vosgesinfo.fr\/gerardmerinfo\/2019\/08\/cine-cool-a-mcl-de-gerardmer\/"]}]},{"@type":"ImageObject","inLanguage":"fr-FR","@id":"https:\/\/vosgesinfo.fr\/gerardmerinfo\/2019\/08\/cine-cool-a-mcl-de-gerardmer\/#primaryimage","url":"https:\/\/vosgesinfo.fr\/app\/uploads\/sites\/6\/2024\/07\/201908alice-et-le-maire-photo6.jpg","contentUrl":"https:\/\/vosgesinfo.fr\/app\/uploads\/sites\/6\/2024\/07\/201908alice-et-le-maire-photo6.jpg","width":800,"height":534},{"@type":"BreadcrumbList","@id":"https:\/\/vosgesinfo.fr\/gerardmerinfo\/2019\/08\/cine-cool-a-mcl-de-gerardmer\/#breadcrumb","itemListElement":[{"@type":"ListItem","position":1,"name":"Home","item":"https:\/\/vosgesinfo.fr\/gerardmerinfo\/"},{"@type":"ListItem","position":2,"name":"CIN\u00c9-COOL \u00e0 la MCL de G\u00e9rardmer"}]},{"@type":"WebSite","@id":"https:\/\/vosgesinfo.fr\/gerardmerinfo\/#website","url":"https:\/\/vosgesinfo.fr\/gerardmerinfo\/","name":"Gerardmer Info","description":"Toute l&#039;actualit\u00e9 de G\u00e9rardmer","publisher":{"@id":"https:\/\/vosgesinfo.fr\/gerardmerinfo\/#organization"},"alternateName":"Toute l'actualit\u00e9 de G\u00e9rardmer","potentialAction":[{"@type":"SearchAction","target":{"@type":"EntryPoint","urlTemplate":"https:\/\/vosgesinfo.fr\/gerardmerinfo\/?s={search_term_string}"},"query-input":"required name=search_term_string"}],"inLanguage":"fr-FR"},{"@type":"Organization","@id":"https:\/\/vosgesinfo.fr\/gerardmerinfo\/#organization","name":"Gerardmer Info","url":"https:\/\/vosgesinfo.fr\/gerardmerinfo\/","logo":{"@type":"ImageObject","inLanguage":"fr-FR","@id":"https:\/\/vosgesinfo.fr\/gerardmerinfo\/#\/schema\/logo\/image\/","url":"https:\/\/vosgesinfo.fr\/app\/uploads\/sites\/6\/2023\/08\/favicon-gerardmerinfo.png","contentUrl":"https:\/\/vosgesinfo.fr\/app\/uploads\/sites\/6\/2023\/08\/favicon-gerardmerinfo.png","width":512,"height":512,"caption":"Gerardmer Info"},"image":{"@id":"https:\/\/vosgesinfo.fr\/gerardmerinfo\/#\/schema\/logo\/image\/"},"sameAs":["https:\/\/www.facebook.com\/profile.php?id=100049475262660","https:\/\/x.com\/VosgesInfo88","https:\/\/www.youtube.com\/@vosgesinfo"]},{"@type":"Person","@id":"https:\/\/vosgesinfo.fr\/gerardmerinfo\/#\/schema\/person\/bc5d02d71e6932e81b6dadb7386667b1","name":"qs_admin","image":{"@type":"ImageObject","inLanguage":"fr-FR","@id":"https:\/\/vosgesinfo.fr\/gerardmerinfo\/#\/schema\/person\/image\/","url":"https:\/\/secure.gravatar.com\/avatar\/94b18ee0ed79e4a42ea2f2931277b6841a8999fc6fde214600c78057cf1fe1de?s=96&d=mm&r=g","contentUrl":"https:\/\/secure.gravatar.com\/avatar\/94b18ee0ed79e4a42ea2f2931277b6841a8999fc6fde214600c78057cf1fe1de?s=96&d=mm&r=g","caption":"qs_admin"},"sameAs":["https:\/\/vosgesinfo.fr\/wp"],"url":"https:\/\/vosgesinfo.fr\/gerardmerinfo\/author\/qs_admin\/"}]}},"_links":{"self":[{"href":"https:\/\/vosgesinfo.fr\/gerardmerinfo\/wp-json\/wp\/v2\/posts\/43276","targetHints":{"allow":["GET"]}}],"collection":[{"href":"https:\/\/vosgesinfo.fr\/gerardmerinfo\/wp-json\/wp\/v2\/posts"}],"about":[{"href":"https:\/\/vosgesinfo.fr\/gerardmerinfo\/wp-json\/wp\/v2\/types\/post"}],"author":[{"embeddable":true,"href":"https:\/\/vosgesinfo.fr\/gerardmerinfo\/wp-json\/wp\/v2\/users\/1"}],"replies":[{"embeddable":true,"href":"https:\/\/vosgesinfo.fr\/gerardmerinfo\/wp-json\/wp\/v2\/comments?post=43276"}],"version-history":[{"count":0,"href":"https:\/\/vosgesinfo.fr\/gerardmerinfo\/wp-json\/wp\/v2\/posts\/43276\/revisions"}],"wp:featuredmedia":[{"embeddable":true,"href":"https:\/\/vosgesinfo.fr\/gerardmerinfo\/wp-json\/wp\/v2\/media\/43277"}],"wp:attachment":[{"href":"https:\/\/vosgesinfo.fr\/gerardmerinfo\/wp-json\/wp\/v2\/media?parent=43276"}],"wp:term":[{"taxonomy":"category","embeddable":true,"href":"https:\/\/vosgesinfo.fr\/gerardmerinfo\/wp-json\/wp\/v2\/categories?post=43276"},{"taxonomy":"post_tag","embeddable":true,"href":"https:\/\/vosgesinfo.fr\/gerardmerinfo\/wp-json\/wp\/v2\/tags?post=43276"}],"curies":[{"name":"wp","href":"https:\/\/api.w.org\/{rel}","templated":true}]}}