{"id":43490,"date":"2019-08-31T15:00:09","date_gmt":"2019-08-31T13:00:09","guid":{"rendered":"https:\/\/vosgesinfo.fr\/gerardmerinfo\/2019\/08\/cyclisme-22eme-edition-ballons-vosgiens\/"},"modified":"2019-08-31T15:00:09","modified_gmt":"2019-08-31T13:00:09","slug":"cyclisme-22eme-edition-ballons-vosgiens","status":"publish","type":"post","link":"https:\/\/vosgesinfo.fr\/gerardmerinfo\/2019\/08\/cyclisme-22eme-edition-ballons-vosgiens\/","title":{"rendered":"Cyclisme &#8211; 22\u00e8me \u00e9dition des Ballons Vosgiens"},"content":{"rendered":"<h3><span style=\"font-size: 12pt;\">La 22\u00e8me \u00e9dition des Ballons Vosgiens organis\u00e9e par le V\u00e9lo Sport G\u00e9r\u00f4mois aura lieu le dimanche 1er septembre 2019 \u00e0 G\u00e9rardmer. Pr\u00e8s de 1 100 coureurs sont attendus en provenance de\u00a0Grand Est, Allemagne, Suisse, Belgique, Luxembourg, Pays-Bas sur cette course qui mobilisera pas moins de 200 b\u00e9n\u00e9voles.<\/span><\/h3>\n<p><a href=\"\/2019\/08\/AFFICHE-2019.png\"><img decoding=\"async\" class=\"alignright size-medium wp-image-151259\" src=\"\/2019\/08\/AFFICHE-2019-181x255.png\" alt=\"AFFICHE 2019\" width=\"181\" height=\"255\" \/><\/a>Premi\u00e8re nouveaut\u00e9, cette \u00e9preuve cyclosportive lab\u00e9lis\u00e9e FFC sera assortie d&rsquo;une rando cyclotouristique de 53 km ouverte aux v\u00e9los \u00e0 assistance \u00e9lectrique (VAE). L&rsquo;occasion pour les non comp\u00e9titeurs de se faire plaisir et de participer \u00e0 la f\u00eate. Par ailleurs, Les Ballons Vosgiens 162 km ainsi que Les cr\u00eates 90 km ont subi un petit lifting avec des nouveaux parcours, histoire de varier un peu les plaisirs (voir d\u00e9tails sur le site de la course).<\/p>\n<p>Plus d&rsquo;informations et inscriptions sur le site de l&rsquo;\u00e9v\u00e9nement : <a href=\"http:\/\/lesballonsvosgiens.over-blog.com\/\" target=\"_blank\" rel=\"noopener\">http:\/\/lesballonsvosgiens.over-blog.com\/<\/a><\/p>\n<p>Heure des d\u00e9parts : 7h45 (163km), 8h30 (90km) et de 8h45 \u00e0 9h15 (Rando)<\/p>\n<p>Lieu de d\u00e9part : casino du Lac \u00e0 G\u00e9rardmer.<br \/>\nLieu d&rsquo;arriv\u00e9e : Site de la Mauselaine, G\u00e9rardmer.<\/p>\n<p style=\"text-align: center;\"><strong>Le programme de l&rsquo;\u00e9v\u00e9nement :<\/strong><\/p>\n<p><strong>*Samedi 31 AO\u00dbT<\/strong><br \/>\n14h00 \u00e0 19h00 Inscriptions sur place<br \/>\nRetraits des dossards pr\u00e9-inscrits.<br \/>\no Lieu : Brasserie-Self Le Grand Haut \u2013 domaine skiable de la Mauselaine<\/p>\n<p><strong>*Dimanche 1ER SEPTEMBRE<\/strong><br \/>\n6h00 \u00e0 7h00 Retraits des dossards pr\u00e9-inscrits \u00e0 la Brasserie-Self Le Grand Haut \u2013 domaine skiable de la Mauselaine.<br \/>\n7h40 Rassemblement et briefing des Ballons Vosgiens 163 km au parking du Casino du Lac<br \/>\n7h45 D\u00e9part des Ballons Vosgiens 163 km.<br \/>\n8h25 Rassemblement et briefing des participants aux Cr\u00eates 90 km au parking du Casino du Lac.<br \/>\n8h30 D\u00e9part des Cr\u00eates 90 km.<br \/>\n8h40 Rassemblement et briefing des participants \u00e0 la Rando des Ballons 52 km au parking du Casino du Lac.<br \/>\n8h45 \u2013 9h15 D\u00e9part de la Rando des Ballons 52 km.<br \/>\nA partir de 12h00 Repas chaud \u00e0 la Brasserie-Self Le Grand Haut sur pr\u00e9sentation du ticket repas.<br \/>\n14h30 Podium et r\u00e9sultats des Cr\u00eates 90 km sur l\u2019aire d\u2019arriv\u00e9e.<br \/>\n15h30 Podium et r\u00e9sultats des Ballons Vosgiens 163 km.<br \/>\nTirage au sort des lots<\/p>\n","protected":false},"excerpt":{"rendered":"<p>La 22\u00e8me \u00e9dition des Ballons Vosgiens organis\u00e9e par le V\u00e9lo Sport G\u00e9r\u00f4mois aura lieu le dimanche 1er septembre 2019 \u00e0 [&hellip;]<\/p>\n","protected":false},"author":1,"featured_media":43491,"comment_status":"open","ping_status":"open","sticky":false,"template":"","format":"standard","meta":{"footnotes":""},"categories":[20,14,18],"tags":[431,82],"class_list":["post-43490","post","type-post","status-publish","format-standard","has-post-thumbnail","hentry","category-a-la-une","category-sport","category-vosges","tag-ballons-vosgiens","tag-vsg"],"acf":[],"yoast_head":"<!-- This site is optimized with the Yoast SEO plugin v22.5 - https:\/\/yoast.com\/wordpress\/plugins\/seo\/ -->\n<title>Cyclisme - 22\u00e8me \u00e9dition des Ballons Vosgiens - Gerardmer Info<\/title>\n<meta name=\"robots\" content=\"index, follow, max-snippet:-1, max-image-preview:large, max-video-preview:-1\" \/>\n<link rel=\"canonical\" href=\"https:\/\/vosgesinfo.fr\/gerardmerinfo\/2019\/08\/cyclisme-22eme-edition-ballons-vosgiens\/\" \/>\n<meta name=\"twitter:card\" content=\"summary_large_image\" \/>\n<meta name=\"twitter:title\" content=\"Cyclisme - 22\u00e8me \u00e9dition des Ballons Vosgiens - Gerardmer Info\" \/>\n<meta name=\"twitter:description\" content=\"La 22\u00e8me \u00e9dition des Ballons Vosgiens organis\u00e9e par le V\u00e9lo Sport G\u00e9r\u00f4mois aura lieu le dimanche 1er septembre 2019 \u00e0 [&hellip;]\" \/>\n<meta name=\"twitter:image\" content=\"https:\/\/vosgesinfo.fr\/app\/uploads\/sites\/6\/2024\/07\/201908affiche-2019.png\" \/>\n<meta name=\"twitter:creator\" content=\"@VosgesInfo88\" \/>\n<meta name=\"twitter:site\" content=\"@VosgesInfo88\" \/>\n<meta name=\"twitter:label1\" content=\"\u00c9crit par\" \/>\n\t<meta name=\"twitter:data1\" content=\"qs_admin\" \/>\n\t<meta name=\"twitter:label2\" content=\"Dur\u00e9e de lecture estim\u00e9e\" \/>\n\t<meta name=\"twitter:data2\" content=\"2 minutes\" \/>\n<script type=\"application\/ld+json\" class=\"yoast-schema-graph\">{\"@context\":\"https:\/\/schema.org\",\"@graph\":[{\"@type\":\"Article\",\"@id\":\"https:\/\/vosgesinfo.fr\/gerardmerinfo\/2019\/08\/cyclisme-22eme-edition-ballons-vosgiens\/#article\",\"isPartOf\":{\"@id\":\"https:\/\/vosgesinfo.fr\/gerardmerinfo\/2019\/08\/cyclisme-22eme-edition-ballons-vosgiens\/\"},\"author\":{\"name\":\"qs_admin\",\"@id\":\"https:\/\/vosgesinfo.fr\/gerardmerinfo\/#\/schema\/person\/bc5d02d71e6932e81b6dadb7386667b1\"},\"headline\":\"Cyclisme &#8211; 22\u00e8me \u00e9dition des Ballons Vosgiens\",\"datePublished\":\"2019-08-31T13:00:09+00:00\",\"dateModified\":\"2019-08-31T13:00:09+00:00\",\"mainEntityOfPage\":{\"@id\":\"https:\/\/vosgesinfo.fr\/gerardmerinfo\/2019\/08\/cyclisme-22eme-edition-ballons-vosgiens\/\"},\"wordCount\":352,\"commentCount\":0,\"publisher\":{\"@id\":\"https:\/\/vosgesinfo.fr\/gerardmerinfo\/#organization\"},\"image\":{\"@id\":\"https:\/\/vosgesinfo.fr\/gerardmerinfo\/2019\/08\/cyclisme-22eme-edition-ballons-vosgiens\/#primaryimage\"},\"thumbnailUrl\":\"https:\/\/vosgesinfo.fr\/app\/uploads\/sites\/6\/2024\/07\/201908affiche-2019.png\",\"keywords\":[\"ballons vosgiens\",\"VSG\"],\"articleSection\":[\"A la une\",\"Sport\",\"Vosges\"],\"inLanguage\":\"fr-FR\",\"potentialAction\":[{\"@type\":\"CommentAction\",\"name\":\"Comment\",\"target\":[\"https:\/\/vosgesinfo.fr\/gerardmerinfo\/2019\/08\/cyclisme-22eme-edition-ballons-vosgiens\/#respond\"]}]},{\"@type\":\"WebPage\",\"@id\":\"https:\/\/vosgesinfo.fr\/gerardmerinfo\/2019\/08\/cyclisme-22eme-edition-ballons-vosgiens\/\",\"url\":\"https:\/\/vosgesinfo.fr\/gerardmerinfo\/2019\/08\/cyclisme-22eme-edition-ballons-vosgiens\/\",\"name\":\"Cyclisme - 22\u00e8me \u00e9dition des Ballons Vosgiens - Gerardmer Info\",\"isPartOf\":{\"@id\":\"https:\/\/vosgesinfo.fr\/gerardmerinfo\/#website\"},\"primaryImageOfPage\":{\"@id\":\"https:\/\/vosgesinfo.fr\/gerardmerinfo\/2019\/08\/cyclisme-22eme-edition-ballons-vosgiens\/#primaryimage\"},\"image\":{\"@id\":\"https:\/\/vosgesinfo.fr\/gerardmerinfo\/2019\/08\/cyclisme-22eme-edition-ballons-vosgiens\/#primaryimage\"},\"thumbnailUrl\":\"https:\/\/vosgesinfo.fr\/app\/uploads\/sites\/6\/2024\/07\/201908affiche-2019.png\",\"datePublished\":\"2019-08-31T13:00:09+00:00\",\"dateModified\":\"2019-08-31T13:00:09+00:00\",\"breadcrumb\":{\"@id\":\"https:\/\/vosgesinfo.fr\/gerardmerinfo\/2019\/08\/cyclisme-22eme-edition-ballons-vosgiens\/#breadcrumb\"},\"inLanguage\":\"fr-FR\",\"potentialAction\":[{\"@type\":\"ReadAction\",\"target\":[\"https:\/\/vosgesinfo.fr\/gerardmerinfo\/2019\/08\/cyclisme-22eme-edition-ballons-vosgiens\/\"]}]},{\"@type\":\"ImageObject\",\"inLanguage\":\"fr-FR\",\"@id\":\"https:\/\/vosgesinfo.fr\/gerardmerinfo\/2019\/08\/cyclisme-22eme-edition-ballons-vosgiens\/#primaryimage\",\"url\":\"https:\/\/vosgesinfo.fr\/app\/uploads\/sites\/6\/2024\/07\/201908affiche-2019.png\",\"contentUrl\":\"https:\/\/vosgesinfo.fr\/app\/uploads\/sites\/6\/2024\/07\/201908affiche-2019.png\",\"width\":567,\"height\":800},{\"@type\":\"BreadcrumbList\",\"@id\":\"https:\/\/vosgesinfo.fr\/gerardmerinfo\/2019\/08\/cyclisme-22eme-edition-ballons-vosgiens\/#breadcrumb\",\"itemListElement\":[{\"@type\":\"ListItem\",\"position\":1,\"name\":\"Home\",\"item\":\"https:\/\/vosgesinfo.fr\/gerardmerinfo\/\"},{\"@type\":\"ListItem\",\"position\":2,\"name\":\"Cyclisme &#8211; 22\u00e8me \u00e9dition des Ballons Vosgiens\"}]},{\"@type\":\"WebSite\",\"@id\":\"https:\/\/vosgesinfo.fr\/gerardmerinfo\/#website\",\"url\":\"https:\/\/vosgesinfo.fr\/gerardmerinfo\/\",\"name\":\"Gerardmer Info\",\"description\":\"Toute l&#039;actualit\u00e9 de G\u00e9rardmer\",\"publisher\":{\"@id\":\"https:\/\/vosgesinfo.fr\/gerardmerinfo\/#organization\"},\"alternateName\":\"Toute l'actualit\u00e9 de G\u00e9rardmer\",\"potentialAction\":[{\"@type\":\"SearchAction\",\"target\":{\"@type\":\"EntryPoint\",\"urlTemplate\":\"https:\/\/vosgesinfo.fr\/gerardmerinfo\/?s={search_term_string}\"},\"query-input\":\"required name=search_term_string\"}],\"inLanguage\":\"fr-FR\"},{\"@type\":\"Organization\",\"@id\":\"https:\/\/vosgesinfo.fr\/gerardmerinfo\/#organization\",\"name\":\"Gerardmer Info\",\"url\":\"https:\/\/vosgesinfo.fr\/gerardmerinfo\/\",\"logo\":{\"@type\":\"ImageObject\",\"inLanguage\":\"fr-FR\",\"@id\":\"https:\/\/vosgesinfo.fr\/gerardmerinfo\/#\/schema\/logo\/image\/\",\"url\":\"https:\/\/vosgesinfo.fr\/app\/uploads\/sites\/6\/2023\/08\/favicon-gerardmerinfo.png\",\"contentUrl\":\"https:\/\/vosgesinfo.fr\/app\/uploads\/sites\/6\/2023\/08\/favicon-gerardmerinfo.png\",\"width\":512,\"height\":512,\"caption\":\"Gerardmer Info\"},\"image\":{\"@id\":\"https:\/\/vosgesinfo.fr\/gerardmerinfo\/#\/schema\/logo\/image\/\"},\"sameAs\":[\"https:\/\/www.facebook.com\/profile.php?id=100049475262660\",\"https:\/\/x.com\/VosgesInfo88\",\"https:\/\/www.youtube.com\/@vosgesinfo\"]},{\"@type\":\"Person\",\"@id\":\"https:\/\/vosgesinfo.fr\/gerardmerinfo\/#\/schema\/person\/bc5d02d71e6932e81b6dadb7386667b1\",\"name\":\"qs_admin\",\"image\":{\"@type\":\"ImageObject\",\"inLanguage\":\"fr-FR\",\"@id\":\"https:\/\/vosgesinfo.fr\/gerardmerinfo\/#\/schema\/person\/image\/\",\"url\":\"https:\/\/secure.gravatar.com\/avatar\/94b18ee0ed79e4a42ea2f2931277b6841a8999fc6fde214600c78057cf1fe1de?s=96&d=mm&r=g\",\"contentUrl\":\"https:\/\/secure.gravatar.com\/avatar\/94b18ee0ed79e4a42ea2f2931277b6841a8999fc6fde214600c78057cf1fe1de?s=96&d=mm&r=g\",\"caption\":\"qs_admin\"},\"sameAs\":[\"https:\/\/vosgesinfo.fr\/wp\"],\"url\":\"https:\/\/vosgesinfo.fr\/gerardmerinfo\/author\/qs_admin\/\"}]}<\/script>\n<!-- \/ Yoast SEO plugin. -->","yoast_head_json":{"title":"Cyclisme - 22\u00e8me \u00e9dition des Ballons Vosgiens - Gerardmer Info","robots":{"index":"index","follow":"follow","max-snippet":"max-snippet:-1","max-image-preview":"max-image-preview:large","max-video-preview":"max-video-preview:-1"},"canonical":"https:\/\/vosgesinfo.fr\/gerardmerinfo\/2019\/08\/cyclisme-22eme-edition-ballons-vosgiens\/","twitter_card":"summary_large_image","twitter_title":"Cyclisme - 22\u00e8me \u00e9dition des Ballons Vosgiens - Gerardmer Info","twitter_description":"La 22\u00e8me \u00e9dition des Ballons Vosgiens organis\u00e9e par le V\u00e9lo Sport G\u00e9r\u00f4mois aura lieu le dimanche 1er septembre 2019 \u00e0 [&hellip;]","twitter_image":"https:\/\/vosgesinfo.fr\/app\/uploads\/sites\/6\/2024\/07\/201908affiche-2019.png","twitter_creator":"@VosgesInfo88","twitter_site":"@VosgesInfo88","twitter_misc":{"\u00c9crit par":"qs_admin","Dur\u00e9e de lecture estim\u00e9e":"2 minutes"},"schema":{"@context":"https:\/\/schema.org","@graph":[{"@type":"Article","@id":"https:\/\/vosgesinfo.fr\/gerardmerinfo\/2019\/08\/cyclisme-22eme-edition-ballons-vosgiens\/#article","isPartOf":{"@id":"https:\/\/vosgesinfo.fr\/gerardmerinfo\/2019\/08\/cyclisme-22eme-edition-ballons-vosgiens\/"},"author":{"name":"qs_admin","@id":"https:\/\/vosgesinfo.fr\/gerardmerinfo\/#\/schema\/person\/bc5d02d71e6932e81b6dadb7386667b1"},"headline":"Cyclisme &#8211; 22\u00e8me \u00e9dition des Ballons Vosgiens","datePublished":"2019-08-31T13:00:09+00:00","dateModified":"2019-08-31T13:00:09+00:00","mainEntityOfPage":{"@id":"https:\/\/vosgesinfo.fr\/gerardmerinfo\/2019\/08\/cyclisme-22eme-edition-ballons-vosgiens\/"},"wordCount":352,"commentCount":0,"publisher":{"@id":"https:\/\/vosgesinfo.fr\/gerardmerinfo\/#organization"},"image":{"@id":"https:\/\/vosgesinfo.fr\/gerardmerinfo\/2019\/08\/cyclisme-22eme-edition-ballons-vosgiens\/#primaryimage"},"thumbnailUrl":"https:\/\/vosgesinfo.fr\/app\/uploads\/sites\/6\/2024\/07\/201908affiche-2019.png","keywords":["ballons vosgiens","VSG"],"articleSection":["A la une","Sport","Vosges"],"inLanguage":"fr-FR","potentialAction":[{"@type":"CommentAction","name":"Comment","target":["https:\/\/vosgesinfo.fr\/gerardmerinfo\/2019\/08\/cyclisme-22eme-edition-ballons-vosgiens\/#respond"]}]},{"@type":"WebPage","@id":"https:\/\/vosgesinfo.fr\/gerardmerinfo\/2019\/08\/cyclisme-22eme-edition-ballons-vosgiens\/","url":"https:\/\/vosgesinfo.fr\/gerardmerinfo\/2019\/08\/cyclisme-22eme-edition-ballons-vosgiens\/","name":"Cyclisme - 22\u00e8me \u00e9dition des Ballons Vosgiens - Gerardmer Info","isPartOf":{"@id":"https:\/\/vosgesinfo.fr\/gerardmerinfo\/#website"},"primaryImageOfPage":{"@id":"https:\/\/vosgesinfo.fr\/gerardmerinfo\/2019\/08\/cyclisme-22eme-edition-ballons-vosgiens\/#primaryimage"},"image":{"@id":"https:\/\/vosgesinfo.fr\/gerardmerinfo\/2019\/08\/cyclisme-22eme-edition-ballons-vosgiens\/#primaryimage"},"thumbnailUrl":"https:\/\/vosgesinfo.fr\/app\/uploads\/sites\/6\/2024\/07\/201908affiche-2019.png","datePublished":"2019-08-31T13:00:09+00:00","dateModified":"2019-08-31T13:00:09+00:00","breadcrumb":{"@id":"https:\/\/vosgesinfo.fr\/gerardmerinfo\/2019\/08\/cyclisme-22eme-edition-ballons-vosgiens\/#breadcrumb"},"inLanguage":"fr-FR","potentialAction":[{"@type":"ReadAction","target":["https:\/\/vosgesinfo.fr\/gerardmerinfo\/2019\/08\/cyclisme-22eme-edition-ballons-vosgiens\/"]}]},{"@type":"ImageObject","inLanguage":"fr-FR","@id":"https:\/\/vosgesinfo.fr\/gerardmerinfo\/2019\/08\/cyclisme-22eme-edition-ballons-vosgiens\/#primaryimage","url":"https:\/\/vosgesinfo.fr\/app\/uploads\/sites\/6\/2024\/07\/201908affiche-2019.png","contentUrl":"https:\/\/vosgesinfo.fr\/app\/uploads\/sites\/6\/2024\/07\/201908affiche-2019.png","width":567,"height":800},{"@type":"BreadcrumbList","@id":"https:\/\/vosgesinfo.fr\/gerardmerinfo\/2019\/08\/cyclisme-22eme-edition-ballons-vosgiens\/#breadcrumb","itemListElement":[{"@type":"ListItem","position":1,"name":"Home","item":"https:\/\/vosgesinfo.fr\/gerardmerinfo\/"},{"@type":"ListItem","position":2,"name":"Cyclisme &#8211; 22\u00e8me \u00e9dition des Ballons Vosgiens"}]},{"@type":"WebSite","@id":"https:\/\/vosgesinfo.fr\/gerardmerinfo\/#website","url":"https:\/\/vosgesinfo.fr\/gerardmerinfo\/","name":"Gerardmer Info","description":"Toute l&#039;actualit\u00e9 de G\u00e9rardmer","publisher":{"@id":"https:\/\/vosgesinfo.fr\/gerardmerinfo\/#organization"},"alternateName":"Toute l'actualit\u00e9 de G\u00e9rardmer","potentialAction":[{"@type":"SearchAction","target":{"@type":"EntryPoint","urlTemplate":"https:\/\/vosgesinfo.fr\/gerardmerinfo\/?s={search_term_string}"},"query-input":"required name=search_term_string"}],"inLanguage":"fr-FR"},{"@type":"Organization","@id":"https:\/\/vosgesinfo.fr\/gerardmerinfo\/#organization","name":"Gerardmer Info","url":"https:\/\/vosgesinfo.fr\/gerardmerinfo\/","logo":{"@type":"ImageObject","inLanguage":"fr-FR","@id":"https:\/\/vosgesinfo.fr\/gerardmerinfo\/#\/schema\/logo\/image\/","url":"https:\/\/vosgesinfo.fr\/app\/uploads\/sites\/6\/2023\/08\/favicon-gerardmerinfo.png","contentUrl":"https:\/\/vosgesinfo.fr\/app\/uploads\/sites\/6\/2023\/08\/favicon-gerardmerinfo.png","width":512,"height":512,"caption":"Gerardmer Info"},"image":{"@id":"https:\/\/vosgesinfo.fr\/gerardmerinfo\/#\/schema\/logo\/image\/"},"sameAs":["https:\/\/www.facebook.com\/profile.php?id=100049475262660","https:\/\/x.com\/VosgesInfo88","https:\/\/www.youtube.com\/@vosgesinfo"]},{"@type":"Person","@id":"https:\/\/vosgesinfo.fr\/gerardmerinfo\/#\/schema\/person\/bc5d02d71e6932e81b6dadb7386667b1","name":"qs_admin","image":{"@type":"ImageObject","inLanguage":"fr-FR","@id":"https:\/\/vosgesinfo.fr\/gerardmerinfo\/#\/schema\/person\/image\/","url":"https:\/\/secure.gravatar.com\/avatar\/94b18ee0ed79e4a42ea2f2931277b6841a8999fc6fde214600c78057cf1fe1de?s=96&d=mm&r=g","contentUrl":"https:\/\/secure.gravatar.com\/avatar\/94b18ee0ed79e4a42ea2f2931277b6841a8999fc6fde214600c78057cf1fe1de?s=96&d=mm&r=g","caption":"qs_admin"},"sameAs":["https:\/\/vosgesinfo.fr\/wp"],"url":"https:\/\/vosgesinfo.fr\/gerardmerinfo\/author\/qs_admin\/"}]}},"_links":{"self":[{"href":"https:\/\/vosgesinfo.fr\/gerardmerinfo\/wp-json\/wp\/v2\/posts\/43490","targetHints":{"allow":["GET"]}}],"collection":[{"href":"https:\/\/vosgesinfo.fr\/gerardmerinfo\/wp-json\/wp\/v2\/posts"}],"about":[{"href":"https:\/\/vosgesinfo.fr\/gerardmerinfo\/wp-json\/wp\/v2\/types\/post"}],"author":[{"embeddable":true,"href":"https:\/\/vosgesinfo.fr\/gerardmerinfo\/wp-json\/wp\/v2\/users\/1"}],"replies":[{"embeddable":true,"href":"https:\/\/vosgesinfo.fr\/gerardmerinfo\/wp-json\/wp\/v2\/comments?post=43490"}],"version-history":[{"count":0,"href":"https:\/\/vosgesinfo.fr\/gerardmerinfo\/wp-json\/wp\/v2\/posts\/43490\/revisions"}],"wp:featuredmedia":[{"embeddable":true,"href":"https:\/\/vosgesinfo.fr\/gerardmerinfo\/wp-json\/wp\/v2\/media\/43491"}],"wp:attachment":[{"href":"https:\/\/vosgesinfo.fr\/gerardmerinfo\/wp-json\/wp\/v2\/media?parent=43490"}],"wp:term":[{"taxonomy":"category","embeddable":true,"href":"https:\/\/vosgesinfo.fr\/gerardmerinfo\/wp-json\/wp\/v2\/categories?post=43490"},{"taxonomy":"post_tag","embeddable":true,"href":"https:\/\/vosgesinfo.fr\/gerardmerinfo\/wp-json\/wp\/v2\/tags?post=43490"}],"curies":[{"name":"wp","href":"https:\/\/api.w.org\/{rel}","templated":true}]}}