{"id":43498,"date":"2019-08-13T17:01:56","date_gmt":"2019-08-13T15:01:56","guid":{"rendered":"https:\/\/vosgesinfo.fr\/gerardmerinfo\/2019\/08\/seance-de-dedicace-gaelle-fratelli-auteure-jeunesse\/"},"modified":"2019-08-13T17:01:56","modified_gmt":"2019-08-13T15:01:56","slug":"seance-de-dedicace-gaelle-fratelli-auteure-jeunesse","status":"publish","type":"post","link":"https:\/\/vosgesinfo.fr\/gerardmerinfo\/2019\/08\/seance-de-dedicace-gaelle-fratelli-auteure-jeunesse\/","title":{"rendered":"S\u00e9ance de d\u00e9dicace avec Ga\u00eblle Fratelli, auteure jeunesse"},"content":{"rendered":"<h3><span style=\"font-family: Verdana;\">Ce samedi 17 Ao\u00fbt de 10 h \u00e0 12 h et de 14 h \u00e0 16 h, la librairie des Lacs aura le plaisir d&rsquo;accueillir Ga\u00eblle Fratelli, auteure jeunesse.<\/span><\/h3>\n<div><span style=\"font-family: Verdana;\"><br \/>\n<\/span><\/div>\n<div><i><span style=\"font-family: Verdana;\"><a href=\"\/2019\/08\/illustration-rencontre-avec-gaelle-fratelli_1-1565635591.jpg\"><img decoding=\"async\" class=\"alignright size-full wp-image-151289\" src=\"\/2019\/08\/illustration-rencontre-avec-gaelle-fratelli_1-1565635591.jpg\" alt=\"illustration-rencontre-avec-gaelle-fratelli_1-1565635591\" width=\"300\" height=\"424\" \/><\/a><\/span><\/i><span style=\"font-family: Verdana;\"><span style=\"font-size: 14pt;\">Dans ses albums pour la jeunesse, Ga\u00eblle Fratelli (\u00e9galement Responsable des \u00e9ditions \u00ab\u00a0L&rsquo;Inattendue\u00a0\u00bb)\u00a0<\/span><\/span><span style=\"font-size: 14pt;\">aborde les th\u00e8mes du voyage, de la d\u00e9couverte et de la curiosit\u00e9. Son travail est tourn\u00e9 vers l\u2019humain, \u00e0 la rencontre de soi-m\u00eame et de l\u2019Autre.\u00a0<\/span><\/div>\n<div><span style=\"font-family: Verdana; font-size: 14pt;\">En outre, com\u00e9dienne de formation et intervenante th\u00e9\u00e2tre aupr\u00e8s d\u2019enfants depuis 2000, elle \u00e9crit et cr\u00e9e des spectacles jeune-public depuis plusieurs ann\u00e9es, des contes originaux qu\u2019elle rend vivants par sa mani\u00e8re de les interpr\u00e9ter, par l\u2019intervention de musique et de chansons et par la manipulation de marionnettes, d\u2019objets ou de poup\u00e9es.\u00a0<\/span><\/div>\n<div><span style=\"font-family: Verdana; font-size: 14pt;\"><br \/>\n<\/span><\/div>\n<div><span style=\"font-family: Verdana; font-size: 14pt;\">Elle sera accompagn\u00e9e de Julian Marchais, \u00e9galement auteur pour la jeunesse.<\/span><\/div>\n","protected":false},"excerpt":{"rendered":"<p>Ce samedi 17 Ao\u00fbt de 10 h \u00e0 12 h et de 14 h \u00e0 16 h, la librairie des [&hellip;]<\/p>\n","protected":false},"author":1,"featured_media":43499,"comment_status":"open","ping_status":"open","sticky":false,"template":"","format":"standard","meta":{"footnotes":""},"categories":[20,4,64],"tags":[1854],"class_list":["post-43498","post","type-post","status-publish","format-standard","has-post-thumbnail","hentry","category-a-la-une","category-culture","category-litterature","tag-librairie-des-lacs"],"acf":[],"yoast_head":"<!-- This site is optimized with the Yoast SEO plugin v22.5 - https:\/\/yoast.com\/wordpress\/plugins\/seo\/ -->\n<title>S\u00e9ance de d\u00e9dicace avec Ga\u00eblle Fratelli, auteure jeunesse - Gerardmer Info<\/title>\n<meta name=\"robots\" content=\"index, follow, max-snippet:-1, max-image-preview:large, max-video-preview:-1\" \/>\n<link rel=\"canonical\" href=\"https:\/\/vosgesinfo.fr\/gerardmerinfo\/2019\/08\/seance-de-dedicace-gaelle-fratelli-auteure-jeunesse\/\" \/>\n<meta name=\"twitter:card\" content=\"summary_large_image\" \/>\n<meta name=\"twitter:title\" content=\"S\u00e9ance de d\u00e9dicace avec Ga\u00eblle Fratelli, auteure jeunesse - Gerardmer Info\" \/>\n<meta name=\"twitter:description\" content=\"Ce samedi 17 Ao\u00fbt de 10 h \u00e0 12 h et de 14 h \u00e0 16 h, la librairie des [&hellip;]\" \/>\n<meta name=\"twitter:image\" content=\"https:\/\/vosgesinfo.fr\/app\/uploads\/sites\/6\/2024\/07\/201908illustration-rencontre-avec-gaelle-fratelli-1-1565635591.jpg\" \/>\n<meta name=\"twitter:creator\" content=\"@VosgesInfo88\" \/>\n<meta name=\"twitter:site\" content=\"@VosgesInfo88\" \/>\n<meta name=\"twitter:label1\" content=\"\u00c9crit par\" \/>\n\t<meta name=\"twitter:data1\" content=\"qs_admin\" \/>\n\t<meta name=\"twitter:label2\" content=\"Dur\u00e9e de lecture estim\u00e9e\" \/>\n\t<meta name=\"twitter:data2\" content=\"1 minute\" \/>\n<script type=\"application\/ld+json\" class=\"yoast-schema-graph\">{\"@context\":\"https:\/\/schema.org\",\"@graph\":[{\"@type\":\"Article\",\"@id\":\"https:\/\/vosgesinfo.fr\/gerardmerinfo\/2019\/08\/seance-de-dedicace-gaelle-fratelli-auteure-jeunesse\/#article\",\"isPartOf\":{\"@id\":\"https:\/\/vosgesinfo.fr\/gerardmerinfo\/2019\/08\/seance-de-dedicace-gaelle-fratelli-auteure-jeunesse\/\"},\"author\":{\"name\":\"qs_admin\",\"@id\":\"https:\/\/vosgesinfo.fr\/gerardmerinfo\/#\/schema\/person\/bc5d02d71e6932e81b6dadb7386667b1\"},\"headline\":\"S\u00e9ance de d\u00e9dicace avec Ga\u00eblle Fratelli, auteure jeunesse\",\"datePublished\":\"2019-08-13T15:01:56+00:00\",\"dateModified\":\"2019-08-13T15:01:56+00:00\",\"mainEntityOfPage\":{\"@id\":\"https:\/\/vosgesinfo.fr\/gerardmerinfo\/2019\/08\/seance-de-dedicace-gaelle-fratelli-auteure-jeunesse\/\"},\"wordCount\":155,\"commentCount\":0,\"publisher\":{\"@id\":\"https:\/\/vosgesinfo.fr\/gerardmerinfo\/#organization\"},\"image\":{\"@id\":\"https:\/\/vosgesinfo.fr\/gerardmerinfo\/2019\/08\/seance-de-dedicace-gaelle-fratelli-auteure-jeunesse\/#primaryimage\"},\"thumbnailUrl\":\"https:\/\/vosgesinfo.fr\/app\/uploads\/sites\/6\/2024\/07\/201908illustration-rencontre-avec-gaelle-fratelli-1-1565635591.jpg\",\"keywords\":[\"librairie des lacs\"],\"articleSection\":[\"A la une\",\"Culture\",\"Litt\u00e9rature\"],\"inLanguage\":\"fr-FR\",\"potentialAction\":[{\"@type\":\"CommentAction\",\"name\":\"Comment\",\"target\":[\"https:\/\/vosgesinfo.fr\/gerardmerinfo\/2019\/08\/seance-de-dedicace-gaelle-fratelli-auteure-jeunesse\/#respond\"]}]},{\"@type\":\"WebPage\",\"@id\":\"https:\/\/vosgesinfo.fr\/gerardmerinfo\/2019\/08\/seance-de-dedicace-gaelle-fratelli-auteure-jeunesse\/\",\"url\":\"https:\/\/vosgesinfo.fr\/gerardmerinfo\/2019\/08\/seance-de-dedicace-gaelle-fratelli-auteure-jeunesse\/\",\"name\":\"S\u00e9ance de d\u00e9dicace avec Ga\u00eblle Fratelli, auteure jeunesse - Gerardmer Info\",\"isPartOf\":{\"@id\":\"https:\/\/vosgesinfo.fr\/gerardmerinfo\/#website\"},\"primaryImageOfPage\":{\"@id\":\"https:\/\/vosgesinfo.fr\/gerardmerinfo\/2019\/08\/seance-de-dedicace-gaelle-fratelli-auteure-jeunesse\/#primaryimage\"},\"image\":{\"@id\":\"https:\/\/vosgesinfo.fr\/gerardmerinfo\/2019\/08\/seance-de-dedicace-gaelle-fratelli-auteure-jeunesse\/#primaryimage\"},\"thumbnailUrl\":\"https:\/\/vosgesinfo.fr\/app\/uploads\/sites\/6\/2024\/07\/201908illustration-rencontre-avec-gaelle-fratelli-1-1565635591.jpg\",\"datePublished\":\"2019-08-13T15:01:56+00:00\",\"dateModified\":\"2019-08-13T15:01:56+00:00\",\"breadcrumb\":{\"@id\":\"https:\/\/vosgesinfo.fr\/gerardmerinfo\/2019\/08\/seance-de-dedicace-gaelle-fratelli-auteure-jeunesse\/#breadcrumb\"},\"inLanguage\":\"fr-FR\",\"potentialAction\":[{\"@type\":\"ReadAction\",\"target\":[\"https:\/\/vosgesinfo.fr\/gerardmerinfo\/2019\/08\/seance-de-dedicace-gaelle-fratelli-auteure-jeunesse\/\"]}]},{\"@type\":\"ImageObject\",\"inLanguage\":\"fr-FR\",\"@id\":\"https:\/\/vosgesinfo.fr\/gerardmerinfo\/2019\/08\/seance-de-dedicace-gaelle-fratelli-auteure-jeunesse\/#primaryimage\",\"url\":\"https:\/\/vosgesinfo.fr\/app\/uploads\/sites\/6\/2024\/07\/201908illustration-rencontre-avec-gaelle-fratelli-1-1565635591.jpg\",\"contentUrl\":\"https:\/\/vosgesinfo.fr\/app\/uploads\/sites\/6\/2024\/07\/201908illustration-rencontre-avec-gaelle-fratelli-1-1565635591.jpg\",\"width\":300,\"height\":424},{\"@type\":\"BreadcrumbList\",\"@id\":\"https:\/\/vosgesinfo.fr\/gerardmerinfo\/2019\/08\/seance-de-dedicace-gaelle-fratelli-auteure-jeunesse\/#breadcrumb\",\"itemListElement\":[{\"@type\":\"ListItem\",\"position\":1,\"name\":\"Home\",\"item\":\"https:\/\/vosgesinfo.fr\/gerardmerinfo\/\"},{\"@type\":\"ListItem\",\"position\":2,\"name\":\"S\u00e9ance de d\u00e9dicace avec Ga\u00eblle Fratelli, auteure jeunesse\"}]},{\"@type\":\"WebSite\",\"@id\":\"https:\/\/vosgesinfo.fr\/gerardmerinfo\/#website\",\"url\":\"https:\/\/vosgesinfo.fr\/gerardmerinfo\/\",\"name\":\"Gerardmer Info\",\"description\":\"Toute l&#039;actualit\u00e9 de G\u00e9rardmer\",\"publisher\":{\"@id\":\"https:\/\/vosgesinfo.fr\/gerardmerinfo\/#organization\"},\"alternateName\":\"Toute l'actualit\u00e9 de G\u00e9rardmer\",\"potentialAction\":[{\"@type\":\"SearchAction\",\"target\":{\"@type\":\"EntryPoint\",\"urlTemplate\":\"https:\/\/vosgesinfo.fr\/gerardmerinfo\/?s={search_term_string}\"},\"query-input\":\"required name=search_term_string\"}],\"inLanguage\":\"fr-FR\"},{\"@type\":\"Organization\",\"@id\":\"https:\/\/vosgesinfo.fr\/gerardmerinfo\/#organization\",\"name\":\"Gerardmer Info\",\"url\":\"https:\/\/vosgesinfo.fr\/gerardmerinfo\/\",\"logo\":{\"@type\":\"ImageObject\",\"inLanguage\":\"fr-FR\",\"@id\":\"https:\/\/vosgesinfo.fr\/gerardmerinfo\/#\/schema\/logo\/image\/\",\"url\":\"https:\/\/vosgesinfo.fr\/app\/uploads\/sites\/6\/2023\/08\/favicon-gerardmerinfo.png\",\"contentUrl\":\"https:\/\/vosgesinfo.fr\/app\/uploads\/sites\/6\/2023\/08\/favicon-gerardmerinfo.png\",\"width\":512,\"height\":512,\"caption\":\"Gerardmer Info\"},\"image\":{\"@id\":\"https:\/\/vosgesinfo.fr\/gerardmerinfo\/#\/schema\/logo\/image\/\"},\"sameAs\":[\"https:\/\/www.facebook.com\/profile.php?id=100049475262660\",\"https:\/\/x.com\/VosgesInfo88\",\"https:\/\/www.youtube.com\/@vosgesinfo\"]},{\"@type\":\"Person\",\"@id\":\"https:\/\/vosgesinfo.fr\/gerardmerinfo\/#\/schema\/person\/bc5d02d71e6932e81b6dadb7386667b1\",\"name\":\"qs_admin\",\"image\":{\"@type\":\"ImageObject\",\"inLanguage\":\"fr-FR\",\"@id\":\"https:\/\/vosgesinfo.fr\/gerardmerinfo\/#\/schema\/person\/image\/\",\"url\":\"https:\/\/secure.gravatar.com\/avatar\/94b18ee0ed79e4a42ea2f2931277b6841a8999fc6fde214600c78057cf1fe1de?s=96&d=mm&r=g\",\"contentUrl\":\"https:\/\/secure.gravatar.com\/avatar\/94b18ee0ed79e4a42ea2f2931277b6841a8999fc6fde214600c78057cf1fe1de?s=96&d=mm&r=g\",\"caption\":\"qs_admin\"},\"sameAs\":[\"https:\/\/vosgesinfo.fr\/wp\"],\"url\":\"https:\/\/vosgesinfo.fr\/gerardmerinfo\/author\/qs_admin\/\"}]}<\/script>\n<!-- \/ Yoast SEO plugin. -->","yoast_head_json":{"title":"S\u00e9ance de d\u00e9dicace avec Ga\u00eblle Fratelli, auteure jeunesse - Gerardmer Info","robots":{"index":"index","follow":"follow","max-snippet":"max-snippet:-1","max-image-preview":"max-image-preview:large","max-video-preview":"max-video-preview:-1"},"canonical":"https:\/\/vosgesinfo.fr\/gerardmerinfo\/2019\/08\/seance-de-dedicace-gaelle-fratelli-auteure-jeunesse\/","twitter_card":"summary_large_image","twitter_title":"S\u00e9ance de d\u00e9dicace avec Ga\u00eblle Fratelli, auteure jeunesse - Gerardmer Info","twitter_description":"Ce samedi 17 Ao\u00fbt de 10 h \u00e0 12 h et de 14 h \u00e0 16 h, la librairie des [&hellip;]","twitter_image":"https:\/\/vosgesinfo.fr\/app\/uploads\/sites\/6\/2024\/07\/201908illustration-rencontre-avec-gaelle-fratelli-1-1565635591.jpg","twitter_creator":"@VosgesInfo88","twitter_site":"@VosgesInfo88","twitter_misc":{"\u00c9crit par":"qs_admin","Dur\u00e9e de lecture estim\u00e9e":"1 minute"},"schema":{"@context":"https:\/\/schema.org","@graph":[{"@type":"Article","@id":"https:\/\/vosgesinfo.fr\/gerardmerinfo\/2019\/08\/seance-de-dedicace-gaelle-fratelli-auteure-jeunesse\/#article","isPartOf":{"@id":"https:\/\/vosgesinfo.fr\/gerardmerinfo\/2019\/08\/seance-de-dedicace-gaelle-fratelli-auteure-jeunesse\/"},"author":{"name":"qs_admin","@id":"https:\/\/vosgesinfo.fr\/gerardmerinfo\/#\/schema\/person\/bc5d02d71e6932e81b6dadb7386667b1"},"headline":"S\u00e9ance de d\u00e9dicace avec Ga\u00eblle Fratelli, auteure jeunesse","datePublished":"2019-08-13T15:01:56+00:00","dateModified":"2019-08-13T15:01:56+00:00","mainEntityOfPage":{"@id":"https:\/\/vosgesinfo.fr\/gerardmerinfo\/2019\/08\/seance-de-dedicace-gaelle-fratelli-auteure-jeunesse\/"},"wordCount":155,"commentCount":0,"publisher":{"@id":"https:\/\/vosgesinfo.fr\/gerardmerinfo\/#organization"},"image":{"@id":"https:\/\/vosgesinfo.fr\/gerardmerinfo\/2019\/08\/seance-de-dedicace-gaelle-fratelli-auteure-jeunesse\/#primaryimage"},"thumbnailUrl":"https:\/\/vosgesinfo.fr\/app\/uploads\/sites\/6\/2024\/07\/201908illustration-rencontre-avec-gaelle-fratelli-1-1565635591.jpg","keywords":["librairie des lacs"],"articleSection":["A la une","Culture","Litt\u00e9rature"],"inLanguage":"fr-FR","potentialAction":[{"@type":"CommentAction","name":"Comment","target":["https:\/\/vosgesinfo.fr\/gerardmerinfo\/2019\/08\/seance-de-dedicace-gaelle-fratelli-auteure-jeunesse\/#respond"]}]},{"@type":"WebPage","@id":"https:\/\/vosgesinfo.fr\/gerardmerinfo\/2019\/08\/seance-de-dedicace-gaelle-fratelli-auteure-jeunesse\/","url":"https:\/\/vosgesinfo.fr\/gerardmerinfo\/2019\/08\/seance-de-dedicace-gaelle-fratelli-auteure-jeunesse\/","name":"S\u00e9ance de d\u00e9dicace avec Ga\u00eblle Fratelli, auteure jeunesse - Gerardmer Info","isPartOf":{"@id":"https:\/\/vosgesinfo.fr\/gerardmerinfo\/#website"},"primaryImageOfPage":{"@id":"https:\/\/vosgesinfo.fr\/gerardmerinfo\/2019\/08\/seance-de-dedicace-gaelle-fratelli-auteure-jeunesse\/#primaryimage"},"image":{"@id":"https:\/\/vosgesinfo.fr\/gerardmerinfo\/2019\/08\/seance-de-dedicace-gaelle-fratelli-auteure-jeunesse\/#primaryimage"},"thumbnailUrl":"https:\/\/vosgesinfo.fr\/app\/uploads\/sites\/6\/2024\/07\/201908illustration-rencontre-avec-gaelle-fratelli-1-1565635591.jpg","datePublished":"2019-08-13T15:01:56+00:00","dateModified":"2019-08-13T15:01:56+00:00","breadcrumb":{"@id":"https:\/\/vosgesinfo.fr\/gerardmerinfo\/2019\/08\/seance-de-dedicace-gaelle-fratelli-auteure-jeunesse\/#breadcrumb"},"inLanguage":"fr-FR","potentialAction":[{"@type":"ReadAction","target":["https:\/\/vosgesinfo.fr\/gerardmerinfo\/2019\/08\/seance-de-dedicace-gaelle-fratelli-auteure-jeunesse\/"]}]},{"@type":"ImageObject","inLanguage":"fr-FR","@id":"https:\/\/vosgesinfo.fr\/gerardmerinfo\/2019\/08\/seance-de-dedicace-gaelle-fratelli-auteure-jeunesse\/#primaryimage","url":"https:\/\/vosgesinfo.fr\/app\/uploads\/sites\/6\/2024\/07\/201908illustration-rencontre-avec-gaelle-fratelli-1-1565635591.jpg","contentUrl":"https:\/\/vosgesinfo.fr\/app\/uploads\/sites\/6\/2024\/07\/201908illustration-rencontre-avec-gaelle-fratelli-1-1565635591.jpg","width":300,"height":424},{"@type":"BreadcrumbList","@id":"https:\/\/vosgesinfo.fr\/gerardmerinfo\/2019\/08\/seance-de-dedicace-gaelle-fratelli-auteure-jeunesse\/#breadcrumb","itemListElement":[{"@type":"ListItem","position":1,"name":"Home","item":"https:\/\/vosgesinfo.fr\/gerardmerinfo\/"},{"@type":"ListItem","position":2,"name":"S\u00e9ance de d\u00e9dicace avec Ga\u00eblle Fratelli, auteure jeunesse"}]},{"@type":"WebSite","@id":"https:\/\/vosgesinfo.fr\/gerardmerinfo\/#website","url":"https:\/\/vosgesinfo.fr\/gerardmerinfo\/","name":"Gerardmer Info","description":"Toute l&#039;actualit\u00e9 de G\u00e9rardmer","publisher":{"@id":"https:\/\/vosgesinfo.fr\/gerardmerinfo\/#organization"},"alternateName":"Toute l'actualit\u00e9 de G\u00e9rardmer","potentialAction":[{"@type":"SearchAction","target":{"@type":"EntryPoint","urlTemplate":"https:\/\/vosgesinfo.fr\/gerardmerinfo\/?s={search_term_string}"},"query-input":"required name=search_term_string"}],"inLanguage":"fr-FR"},{"@type":"Organization","@id":"https:\/\/vosgesinfo.fr\/gerardmerinfo\/#organization","name":"Gerardmer Info","url":"https:\/\/vosgesinfo.fr\/gerardmerinfo\/","logo":{"@type":"ImageObject","inLanguage":"fr-FR","@id":"https:\/\/vosgesinfo.fr\/gerardmerinfo\/#\/schema\/logo\/image\/","url":"https:\/\/vosgesinfo.fr\/app\/uploads\/sites\/6\/2023\/08\/favicon-gerardmerinfo.png","contentUrl":"https:\/\/vosgesinfo.fr\/app\/uploads\/sites\/6\/2023\/08\/favicon-gerardmerinfo.png","width":512,"height":512,"caption":"Gerardmer Info"},"image":{"@id":"https:\/\/vosgesinfo.fr\/gerardmerinfo\/#\/schema\/logo\/image\/"},"sameAs":["https:\/\/www.facebook.com\/profile.php?id=100049475262660","https:\/\/x.com\/VosgesInfo88","https:\/\/www.youtube.com\/@vosgesinfo"]},{"@type":"Person","@id":"https:\/\/vosgesinfo.fr\/gerardmerinfo\/#\/schema\/person\/bc5d02d71e6932e81b6dadb7386667b1","name":"qs_admin","image":{"@type":"ImageObject","inLanguage":"fr-FR","@id":"https:\/\/vosgesinfo.fr\/gerardmerinfo\/#\/schema\/person\/image\/","url":"https:\/\/secure.gravatar.com\/avatar\/94b18ee0ed79e4a42ea2f2931277b6841a8999fc6fde214600c78057cf1fe1de?s=96&d=mm&r=g","contentUrl":"https:\/\/secure.gravatar.com\/avatar\/94b18ee0ed79e4a42ea2f2931277b6841a8999fc6fde214600c78057cf1fe1de?s=96&d=mm&r=g","caption":"qs_admin"},"sameAs":["https:\/\/vosgesinfo.fr\/wp"],"url":"https:\/\/vosgesinfo.fr\/gerardmerinfo\/author\/qs_admin\/"}]}},"_links":{"self":[{"href":"https:\/\/vosgesinfo.fr\/gerardmerinfo\/wp-json\/wp\/v2\/posts\/43498","targetHints":{"allow":["GET"]}}],"collection":[{"href":"https:\/\/vosgesinfo.fr\/gerardmerinfo\/wp-json\/wp\/v2\/posts"}],"about":[{"href":"https:\/\/vosgesinfo.fr\/gerardmerinfo\/wp-json\/wp\/v2\/types\/post"}],"author":[{"embeddable":true,"href":"https:\/\/vosgesinfo.fr\/gerardmerinfo\/wp-json\/wp\/v2\/users\/1"}],"replies":[{"embeddable":true,"href":"https:\/\/vosgesinfo.fr\/gerardmerinfo\/wp-json\/wp\/v2\/comments?post=43498"}],"version-history":[{"count":0,"href":"https:\/\/vosgesinfo.fr\/gerardmerinfo\/wp-json\/wp\/v2\/posts\/43498\/revisions"}],"wp:featuredmedia":[{"embeddable":true,"href":"https:\/\/vosgesinfo.fr\/gerardmerinfo\/wp-json\/wp\/v2\/media\/43499"}],"wp:attachment":[{"href":"https:\/\/vosgesinfo.fr\/gerardmerinfo\/wp-json\/wp\/v2\/media?parent=43498"}],"wp:term":[{"taxonomy":"category","embeddable":true,"href":"https:\/\/vosgesinfo.fr\/gerardmerinfo\/wp-json\/wp\/v2\/categories?post=43498"},{"taxonomy":"post_tag","embeddable":true,"href":"https:\/\/vosgesinfo.fr\/gerardmerinfo\/wp-json\/wp\/v2\/tags?post=43498"}],"curies":[{"name":"wp","href":"https:\/\/api.w.org\/{rel}","templated":true}]}}