{"id":43506,"date":"2019-08-15T16:41:11","date_gmt":"2019-08-15T14:41:11","guid":{"rendered":"https:\/\/vosgesinfo.fr\/gerardmerinfo\/2019\/08\/mcl-nouveau-programme-activites-attend\/"},"modified":"2019-08-15T16:41:11","modified_gmt":"2019-08-15T14:41:11","slug":"mcl-nouveau-programme-activites-attend","status":"publish","type":"post","link":"https:\/\/vosgesinfo.fr\/gerardmerinfo\/2019\/08\/mcl-nouveau-programme-activites-attend\/","title":{"rendered":"MCL &#8211; le nouveau programme des activit\u00e9s vous attend"},"content":{"rendered":"<div id=\"attachment_151318\" style=\"width: 810px\" class=\"wp-caption aligncenter\"><a href=\"\/2019\/08\/IMG_20190814_144436.jpg\"><img decoding=\"async\" aria-describedby=\"caption-attachment-151318\" class=\"size-full wp-image-151318\" src=\"\/2019\/08\/IMG_20190814_144436.jpg\" alt=\"Thibaut &amp; Marie-France vous accueilleront et se feront un plaisir d'enregistrer vos inscriptions pour l'ann\u00e9e \u00e0 venir !\" width=\"800\" height=\"600\" \/><\/a><p id=\"caption-attachment-151318\" class=\"wp-caption-text\">Thibaut &amp; Marie-France vous accueilleront et se feront un plaisir d&rsquo;enregistrer vos inscriptions pour l&rsquo;ann\u00e9e \u00e0 venir !<\/p><\/div>\n<h3><\/h3>\n<h3><span style=\"font-size: 12pt;\">La MCL de G\u00e9rardmer vient de sortir son nouveau programme d&rsquo;activit\u00e9s pour la saison 2019-2020 \u00e0 la veille de la fermeture annuelle programm\u00e9e du 15 ao\u00fbt au 3 septembre 2019. Une p\u00e9riode pendant laquelle vous aurez tout le temps de faire votre choix avant la rentr\u00e9e et les journ\u00e9es d&rsquo;inscriptions qui l&rsquo;accompagnent.<\/span><\/h3>\n<p>Mais avant de rentrer dans le vif du sujet, rappelons bri\u00e8vement que la maison ouvrira tout de m\u00eame le mercredi 28 et le vendredi 30 ao\u00fbt afin de participer au dispositif Cin\u00e9 Cool et ainsi proposer deux films en avant-premi\u00e8re :<span style=\"font-size: 12pt;\"> \u00ab\u00a0Demain est \u00e0 nous\u00a0\u00bb le 28 \u00e0 18 h 00 en pr\u00e9sence du r\u00e9alisateur<\/span><span style=\"font-size: 12pt;\"> Gilles de Maistre, et \u00ab\u00a0Alice et le maire\u00a0\u00bb le 30 \u00e0 20 h 30. La MCL ouvrira ensuite ses portes pour lancer sa saison le mercredi 4 septembre, ouverture suivie de la premi\u00e8re journ\u00e9e d&rsquo;inscriptions le samedi 7, puis de la seconde le mercredi 11 septembre. Lors de ces deux rendez-vous, vous pourrez \u00e9galement vous procurer les autres programmes de la maison concernant les expositions, les concerts, la Saison Culturelle et le festival Graines des Toilles qui aura lieu en octobre.<br \/>\n<\/span><\/p>\n<p>En attendant que vous mettiez la main sur toutes ces petites mines d&rsquo;informations, sachez d\u00e9j\u00e0 que 6 nouvelles activit\u00e9s font leur entr\u00e9e dans la danse : \u00ab\u00a0l&rsquo;art de la contrep\u00e8terie\u00a0\u00bb qui sera anim\u00e9e par Serge Renou, le \u00ab\u00a0scrapbooking\u00a0\u00bb avec Ang\u00e9lique Ballejos, la \u00ab\u00a0danse country\/new world of the dance\u00a0\u00bb avec Wilma Valdenaire, le dessin \u00ab\u00a0manga\u00a0\u00bb avec Pascaline Hans-Muroiwa, et enfin une activit\u00e9 \u00ab\u00a0d\u00e9tente cr\u00e9ative\u00a0\u00bb avec Nathalie Dubois. Un atelier qui conjugue techniques de relaxation et de respiration avec des techniques de langage cr\u00e9atif&#8230; Le tout pour se d\u00e9tendre, lib\u00e9rer sa confiance en soi tout en s&rsquo;amusant.<\/p>\n<p>Notez \u00e9galement que pour cette saison 2019-2020, la MCL proposera plus de stages et ateliers ponctuels, une formule un peu plus \u00ab\u00a0\u00e0 la carte\u00a0\u00bb avec des sessions uniques que vous pourrez combiner ou non en fonction des th\u00e9matiques qui vous int\u00e9ressent et de vos envies. A ce sujet, un atelier cerf-volant accompagn\u00e9 d&rsquo;un s\u00e9jour \u00e0 Berck-sur-Mer aura lieu du 14 au 19 avril 2020. Il sera ouvert \u00e0 toutes et \u00e0 tous (atelier familial) et vous permettra de d\u00e9couvrir la pratique du cerf-volant ainsi que la 34\u00e8me \u00e9dition des Rencontres Internationales \u00e0 Berck-sur-Mer, sur les plages de la Manche ! Attention, le nombre de place est limit\u00e9, il ne faudra pas tarder \u00e0 s&rsquo;inscrire ! Pour le reste, on vous laisse vous plonger dans le programme et faire votre choix, il y a de quoi faire, entre loisirs cr\u00e9atifs, danse, , langues vivantes, multim\u00e9dia, musique etc.<\/p>\n","protected":false},"excerpt":{"rendered":"<p>La MCL de G\u00e9rardmer vient de sortir son nouveau programme d&rsquo;activit\u00e9s pour la saison 2019-2020 \u00e0 la veille de la [&hellip;]<\/p>\n","protected":false},"author":42,"featured_media":43507,"comment_status":"open","ping_status":"open","sticky":false,"template":"","format":"standard","meta":{"footnotes":""},"categories":[20,4,25,17],"tags":[103],"class_list":["post-43506","post","type-post","status-publish","format-standard","has-post-thumbnail","hentry","category-a-la-une","category-culture","category-gerardmer","category-vie-associative","tag-mcl-gerardmer"],"acf":[],"yoast_head":"<!-- This site is optimized with the Yoast SEO plugin v22.5 - https:\/\/yoast.com\/wordpress\/plugins\/seo\/ -->\n<title>MCL - le nouveau programme des activit\u00e9s vous attend - Gerardmer Info<\/title>\n<meta name=\"robots\" content=\"index, follow, max-snippet:-1, max-image-preview:large, max-video-preview:-1\" \/>\n<link rel=\"canonical\" href=\"https:\/\/vosgesinfo.fr\/gerardmerinfo\/2019\/08\/mcl-nouveau-programme-activites-attend\/\" \/>\n<meta name=\"twitter:card\" content=\"summary_large_image\" \/>\n<meta name=\"twitter:title\" content=\"MCL - le nouveau programme des activit\u00e9s vous attend - Gerardmer Info\" \/>\n<meta name=\"twitter:description\" content=\"La MCL de G\u00e9rardmer vient de sortir son nouveau programme d&rsquo;activit\u00e9s pour la saison 2019-2020 \u00e0 la veille de la [&hellip;]\" \/>\n<meta name=\"twitter:image\" content=\"https:\/\/vosgesinfo.fr\/app\/uploads\/sites\/6\/2024\/07\/201908img-20190814-144436.jpg\" \/>\n<meta name=\"twitter:creator\" content=\"@VosgesInfo88\" \/>\n<meta name=\"twitter:site\" content=\"@VosgesInfo88\" \/>\n<meta name=\"twitter:label1\" content=\"\u00c9crit par\" \/>\n\t<meta name=\"twitter:data1\" content=\"QG\" \/>\n\t<meta name=\"twitter:label2\" content=\"Dur\u00e9e de lecture estim\u00e9e\" \/>\n\t<meta name=\"twitter:data2\" content=\"2 minutes\" \/>\n<script type=\"application\/ld+json\" class=\"yoast-schema-graph\">{\"@context\":\"https:\/\/schema.org\",\"@graph\":[{\"@type\":\"Article\",\"@id\":\"https:\/\/vosgesinfo.fr\/gerardmerinfo\/2019\/08\/mcl-nouveau-programme-activites-attend\/#article\",\"isPartOf\":{\"@id\":\"https:\/\/vosgesinfo.fr\/gerardmerinfo\/2019\/08\/mcl-nouveau-programme-activites-attend\/\"},\"author\":{\"name\":\"QG\",\"@id\":\"https:\/\/vosgesinfo.fr\/gerardmerinfo\/#\/schema\/person\/db5605779a843dad16b5368f3e7613a5\"},\"headline\":\"MCL &#8211; le nouveau programme des activit\u00e9s vous attend\",\"datePublished\":\"2019-08-15T14:41:11+00:00\",\"dateModified\":\"2019-08-15T14:41:11+00:00\",\"mainEntityOfPage\":{\"@id\":\"https:\/\/vosgesinfo.fr\/gerardmerinfo\/2019\/08\/mcl-nouveau-programme-activites-attend\/\"},\"wordCount\":474,\"commentCount\":0,\"publisher\":{\"@id\":\"https:\/\/vosgesinfo.fr\/gerardmerinfo\/#organization\"},\"image\":{\"@id\":\"https:\/\/vosgesinfo.fr\/gerardmerinfo\/2019\/08\/mcl-nouveau-programme-activites-attend\/#primaryimage\"},\"thumbnailUrl\":\"https:\/\/vosgesinfo.fr\/app\/uploads\/sites\/6\/2024\/07\/201908img-20190814-144436.jpg\",\"keywords\":[\"MCL G\u00e9rardmer\"],\"articleSection\":[\"A la une\",\"Culture\",\"G\u00e9rardmer\",\"Vie Associative\"],\"inLanguage\":\"fr-FR\",\"potentialAction\":[{\"@type\":\"CommentAction\",\"name\":\"Comment\",\"target\":[\"https:\/\/vosgesinfo.fr\/gerardmerinfo\/2019\/08\/mcl-nouveau-programme-activites-attend\/#respond\"]}]},{\"@type\":\"WebPage\",\"@id\":\"https:\/\/vosgesinfo.fr\/gerardmerinfo\/2019\/08\/mcl-nouveau-programme-activites-attend\/\",\"url\":\"https:\/\/vosgesinfo.fr\/gerardmerinfo\/2019\/08\/mcl-nouveau-programme-activites-attend\/\",\"name\":\"MCL - le nouveau programme des activit\u00e9s vous attend - Gerardmer Info\",\"isPartOf\":{\"@id\":\"https:\/\/vosgesinfo.fr\/gerardmerinfo\/#website\"},\"primaryImageOfPage\":{\"@id\":\"https:\/\/vosgesinfo.fr\/gerardmerinfo\/2019\/08\/mcl-nouveau-programme-activites-attend\/#primaryimage\"},\"image\":{\"@id\":\"https:\/\/vosgesinfo.fr\/gerardmerinfo\/2019\/08\/mcl-nouveau-programme-activites-attend\/#primaryimage\"},\"thumbnailUrl\":\"https:\/\/vosgesinfo.fr\/app\/uploads\/sites\/6\/2024\/07\/201908img-20190814-144436.jpg\",\"datePublished\":\"2019-08-15T14:41:11+00:00\",\"dateModified\":\"2019-08-15T14:41:11+00:00\",\"breadcrumb\":{\"@id\":\"https:\/\/vosgesinfo.fr\/gerardmerinfo\/2019\/08\/mcl-nouveau-programme-activites-attend\/#breadcrumb\"},\"inLanguage\":\"fr-FR\",\"potentialAction\":[{\"@type\":\"ReadAction\",\"target\":[\"https:\/\/vosgesinfo.fr\/gerardmerinfo\/2019\/08\/mcl-nouveau-programme-activites-attend\/\"]}]},{\"@type\":\"ImageObject\",\"inLanguage\":\"fr-FR\",\"@id\":\"https:\/\/vosgesinfo.fr\/gerardmerinfo\/2019\/08\/mcl-nouveau-programme-activites-attend\/#primaryimage\",\"url\":\"https:\/\/vosgesinfo.fr\/app\/uploads\/sites\/6\/2024\/07\/201908img-20190814-144436.jpg\",\"contentUrl\":\"https:\/\/vosgesinfo.fr\/app\/uploads\/sites\/6\/2024\/07\/201908img-20190814-144436.jpg\",\"width\":800,\"height\":600},{\"@type\":\"BreadcrumbList\",\"@id\":\"https:\/\/vosgesinfo.fr\/gerardmerinfo\/2019\/08\/mcl-nouveau-programme-activites-attend\/#breadcrumb\",\"itemListElement\":[{\"@type\":\"ListItem\",\"position\":1,\"name\":\"Home\",\"item\":\"https:\/\/vosgesinfo.fr\/gerardmerinfo\/\"},{\"@type\":\"ListItem\",\"position\":2,\"name\":\"MCL &#8211; le nouveau programme des activit\u00e9s vous attend\"}]},{\"@type\":\"WebSite\",\"@id\":\"https:\/\/vosgesinfo.fr\/gerardmerinfo\/#website\",\"url\":\"https:\/\/vosgesinfo.fr\/gerardmerinfo\/\",\"name\":\"Gerardmer Info\",\"description\":\"Toute l&#039;actualit\u00e9 de G\u00e9rardmer\",\"publisher\":{\"@id\":\"https:\/\/vosgesinfo.fr\/gerardmerinfo\/#organization\"},\"alternateName\":\"Toute l'actualit\u00e9 de G\u00e9rardmer\",\"potentialAction\":[{\"@type\":\"SearchAction\",\"target\":{\"@type\":\"EntryPoint\",\"urlTemplate\":\"https:\/\/vosgesinfo.fr\/gerardmerinfo\/?s={search_term_string}\"},\"query-input\":\"required name=search_term_string\"}],\"inLanguage\":\"fr-FR\"},{\"@type\":\"Organization\",\"@id\":\"https:\/\/vosgesinfo.fr\/gerardmerinfo\/#organization\",\"name\":\"Gerardmer Info\",\"url\":\"https:\/\/vosgesinfo.fr\/gerardmerinfo\/\",\"logo\":{\"@type\":\"ImageObject\",\"inLanguage\":\"fr-FR\",\"@id\":\"https:\/\/vosgesinfo.fr\/gerardmerinfo\/#\/schema\/logo\/image\/\",\"url\":\"https:\/\/vosgesinfo.fr\/app\/uploads\/sites\/6\/2023\/08\/favicon-gerardmerinfo.png\",\"contentUrl\":\"https:\/\/vosgesinfo.fr\/app\/uploads\/sites\/6\/2023\/08\/favicon-gerardmerinfo.png\",\"width\":512,\"height\":512,\"caption\":\"Gerardmer Info\"},\"image\":{\"@id\":\"https:\/\/vosgesinfo.fr\/gerardmerinfo\/#\/schema\/logo\/image\/\"},\"sameAs\":[\"https:\/\/www.facebook.com\/profile.php?id=100049475262660\",\"https:\/\/x.com\/VosgesInfo88\",\"https:\/\/www.youtube.com\/@vosgesinfo\"]},{\"@type\":\"Person\",\"@id\":\"https:\/\/vosgesinfo.fr\/gerardmerinfo\/#\/schema\/person\/db5605779a843dad16b5368f3e7613a5\",\"name\":\"QG\",\"image\":{\"@type\":\"ImageObject\",\"inLanguage\":\"fr-FR\",\"@id\":\"https:\/\/vosgesinfo.fr\/gerardmerinfo\/#\/schema\/person\/image\/\",\"url\":\"https:\/\/secure.gravatar.com\/avatar\/ea80c42c204b534408512832fde52504ecabb9706bcb6151cf6175e5b64e6793?s=96&d=mm&r=g\",\"contentUrl\":\"https:\/\/secure.gravatar.com\/avatar\/ea80c42c204b534408512832fde52504ecabb9706bcb6151cf6175e5b64e6793?s=96&d=mm&r=g\",\"caption\":\"QG\"},\"url\":\"https:\/\/vosgesinfo.fr\/gerardmerinfo\/author\/quentin88\/\"}]}<\/script>\n<!-- \/ Yoast SEO plugin. -->","yoast_head_json":{"title":"MCL - le nouveau programme des activit\u00e9s vous attend - Gerardmer Info","robots":{"index":"index","follow":"follow","max-snippet":"max-snippet:-1","max-image-preview":"max-image-preview:large","max-video-preview":"max-video-preview:-1"},"canonical":"https:\/\/vosgesinfo.fr\/gerardmerinfo\/2019\/08\/mcl-nouveau-programme-activites-attend\/","twitter_card":"summary_large_image","twitter_title":"MCL - le nouveau programme des activit\u00e9s vous attend - Gerardmer Info","twitter_description":"La MCL de G\u00e9rardmer vient de sortir son nouveau programme d&rsquo;activit\u00e9s pour la saison 2019-2020 \u00e0 la veille de la [&hellip;]","twitter_image":"https:\/\/vosgesinfo.fr\/app\/uploads\/sites\/6\/2024\/07\/201908img-20190814-144436.jpg","twitter_creator":"@VosgesInfo88","twitter_site":"@VosgesInfo88","twitter_misc":{"\u00c9crit par":"QG","Dur\u00e9e de lecture estim\u00e9e":"2 minutes"},"schema":{"@context":"https:\/\/schema.org","@graph":[{"@type":"Article","@id":"https:\/\/vosgesinfo.fr\/gerardmerinfo\/2019\/08\/mcl-nouveau-programme-activites-attend\/#article","isPartOf":{"@id":"https:\/\/vosgesinfo.fr\/gerardmerinfo\/2019\/08\/mcl-nouveau-programme-activites-attend\/"},"author":{"name":"QG","@id":"https:\/\/vosgesinfo.fr\/gerardmerinfo\/#\/schema\/person\/db5605779a843dad16b5368f3e7613a5"},"headline":"MCL &#8211; le nouveau programme des activit\u00e9s vous attend","datePublished":"2019-08-15T14:41:11+00:00","dateModified":"2019-08-15T14:41:11+00:00","mainEntityOfPage":{"@id":"https:\/\/vosgesinfo.fr\/gerardmerinfo\/2019\/08\/mcl-nouveau-programme-activites-attend\/"},"wordCount":474,"commentCount":0,"publisher":{"@id":"https:\/\/vosgesinfo.fr\/gerardmerinfo\/#organization"},"image":{"@id":"https:\/\/vosgesinfo.fr\/gerardmerinfo\/2019\/08\/mcl-nouveau-programme-activites-attend\/#primaryimage"},"thumbnailUrl":"https:\/\/vosgesinfo.fr\/app\/uploads\/sites\/6\/2024\/07\/201908img-20190814-144436.jpg","keywords":["MCL G\u00e9rardmer"],"articleSection":["A la une","Culture","G\u00e9rardmer","Vie Associative"],"inLanguage":"fr-FR","potentialAction":[{"@type":"CommentAction","name":"Comment","target":["https:\/\/vosgesinfo.fr\/gerardmerinfo\/2019\/08\/mcl-nouveau-programme-activites-attend\/#respond"]}]},{"@type":"WebPage","@id":"https:\/\/vosgesinfo.fr\/gerardmerinfo\/2019\/08\/mcl-nouveau-programme-activites-attend\/","url":"https:\/\/vosgesinfo.fr\/gerardmerinfo\/2019\/08\/mcl-nouveau-programme-activites-attend\/","name":"MCL - le nouveau programme des activit\u00e9s vous attend - Gerardmer Info","isPartOf":{"@id":"https:\/\/vosgesinfo.fr\/gerardmerinfo\/#website"},"primaryImageOfPage":{"@id":"https:\/\/vosgesinfo.fr\/gerardmerinfo\/2019\/08\/mcl-nouveau-programme-activites-attend\/#primaryimage"},"image":{"@id":"https:\/\/vosgesinfo.fr\/gerardmerinfo\/2019\/08\/mcl-nouveau-programme-activites-attend\/#primaryimage"},"thumbnailUrl":"https:\/\/vosgesinfo.fr\/app\/uploads\/sites\/6\/2024\/07\/201908img-20190814-144436.jpg","datePublished":"2019-08-15T14:41:11+00:00","dateModified":"2019-08-15T14:41:11+00:00","breadcrumb":{"@id":"https:\/\/vosgesinfo.fr\/gerardmerinfo\/2019\/08\/mcl-nouveau-programme-activites-attend\/#breadcrumb"},"inLanguage":"fr-FR","potentialAction":[{"@type":"ReadAction","target":["https:\/\/vosgesinfo.fr\/gerardmerinfo\/2019\/08\/mcl-nouveau-programme-activites-attend\/"]}]},{"@type":"ImageObject","inLanguage":"fr-FR","@id":"https:\/\/vosgesinfo.fr\/gerardmerinfo\/2019\/08\/mcl-nouveau-programme-activites-attend\/#primaryimage","url":"https:\/\/vosgesinfo.fr\/app\/uploads\/sites\/6\/2024\/07\/201908img-20190814-144436.jpg","contentUrl":"https:\/\/vosgesinfo.fr\/app\/uploads\/sites\/6\/2024\/07\/201908img-20190814-144436.jpg","width":800,"height":600},{"@type":"BreadcrumbList","@id":"https:\/\/vosgesinfo.fr\/gerardmerinfo\/2019\/08\/mcl-nouveau-programme-activites-attend\/#breadcrumb","itemListElement":[{"@type":"ListItem","position":1,"name":"Home","item":"https:\/\/vosgesinfo.fr\/gerardmerinfo\/"},{"@type":"ListItem","position":2,"name":"MCL &#8211; le nouveau programme des activit\u00e9s vous attend"}]},{"@type":"WebSite","@id":"https:\/\/vosgesinfo.fr\/gerardmerinfo\/#website","url":"https:\/\/vosgesinfo.fr\/gerardmerinfo\/","name":"Gerardmer Info","description":"Toute l&#039;actualit\u00e9 de G\u00e9rardmer","publisher":{"@id":"https:\/\/vosgesinfo.fr\/gerardmerinfo\/#organization"},"alternateName":"Toute l'actualit\u00e9 de G\u00e9rardmer","potentialAction":[{"@type":"SearchAction","target":{"@type":"EntryPoint","urlTemplate":"https:\/\/vosgesinfo.fr\/gerardmerinfo\/?s={search_term_string}"},"query-input":"required name=search_term_string"}],"inLanguage":"fr-FR"},{"@type":"Organization","@id":"https:\/\/vosgesinfo.fr\/gerardmerinfo\/#organization","name":"Gerardmer Info","url":"https:\/\/vosgesinfo.fr\/gerardmerinfo\/","logo":{"@type":"ImageObject","inLanguage":"fr-FR","@id":"https:\/\/vosgesinfo.fr\/gerardmerinfo\/#\/schema\/logo\/image\/","url":"https:\/\/vosgesinfo.fr\/app\/uploads\/sites\/6\/2023\/08\/favicon-gerardmerinfo.png","contentUrl":"https:\/\/vosgesinfo.fr\/app\/uploads\/sites\/6\/2023\/08\/favicon-gerardmerinfo.png","width":512,"height":512,"caption":"Gerardmer Info"},"image":{"@id":"https:\/\/vosgesinfo.fr\/gerardmerinfo\/#\/schema\/logo\/image\/"},"sameAs":["https:\/\/www.facebook.com\/profile.php?id=100049475262660","https:\/\/x.com\/VosgesInfo88","https:\/\/www.youtube.com\/@vosgesinfo"]},{"@type":"Person","@id":"https:\/\/vosgesinfo.fr\/gerardmerinfo\/#\/schema\/person\/db5605779a843dad16b5368f3e7613a5","name":"QG","image":{"@type":"ImageObject","inLanguage":"fr-FR","@id":"https:\/\/vosgesinfo.fr\/gerardmerinfo\/#\/schema\/person\/image\/","url":"https:\/\/secure.gravatar.com\/avatar\/ea80c42c204b534408512832fde52504ecabb9706bcb6151cf6175e5b64e6793?s=96&d=mm&r=g","contentUrl":"https:\/\/secure.gravatar.com\/avatar\/ea80c42c204b534408512832fde52504ecabb9706bcb6151cf6175e5b64e6793?s=96&d=mm&r=g","caption":"QG"},"url":"https:\/\/vosgesinfo.fr\/gerardmerinfo\/author\/quentin88\/"}]}},"_links":{"self":[{"href":"https:\/\/vosgesinfo.fr\/gerardmerinfo\/wp-json\/wp\/v2\/posts\/43506","targetHints":{"allow":["GET"]}}],"collection":[{"href":"https:\/\/vosgesinfo.fr\/gerardmerinfo\/wp-json\/wp\/v2\/posts"}],"about":[{"href":"https:\/\/vosgesinfo.fr\/gerardmerinfo\/wp-json\/wp\/v2\/types\/post"}],"author":[{"embeddable":true,"href":"https:\/\/vosgesinfo.fr\/gerardmerinfo\/wp-json\/wp\/v2\/users\/42"}],"replies":[{"embeddable":true,"href":"https:\/\/vosgesinfo.fr\/gerardmerinfo\/wp-json\/wp\/v2\/comments?post=43506"}],"version-history":[{"count":0,"href":"https:\/\/vosgesinfo.fr\/gerardmerinfo\/wp-json\/wp\/v2\/posts\/43506\/revisions"}],"wp:featuredmedia":[{"embeddable":true,"href":"https:\/\/vosgesinfo.fr\/gerardmerinfo\/wp-json\/wp\/v2\/media\/43507"}],"wp:attachment":[{"href":"https:\/\/vosgesinfo.fr\/gerardmerinfo\/wp-json\/wp\/v2\/media?parent=43506"}],"wp:term":[{"taxonomy":"category","embeddable":true,"href":"https:\/\/vosgesinfo.fr\/gerardmerinfo\/wp-json\/wp\/v2\/categories?post=43506"},{"taxonomy":"post_tag","embeddable":true,"href":"https:\/\/vosgesinfo.fr\/gerardmerinfo\/wp-json\/wp\/v2\/tags?post=43506"}],"curies":[{"name":"wp","href":"https:\/\/api.w.org\/{rel}","templated":true}]}}