{"id":43621,"date":"2019-08-27T15:36:07","date_gmt":"2019-08-27T13:36:07","guid":{"rendered":"https:\/\/vosgesinfo.fr\/gerardmerinfo\/2019\/08\/mediatheque-se-met-aux-couleurs-de-woodstock\/"},"modified":"2019-08-27T15:36:07","modified_gmt":"2019-08-27T13:36:07","slug":"mediatheque-se-met-aux-couleurs-de-woodstock","status":"publish","type":"post","link":"https:\/\/vosgesinfo.fr\/gerardmerinfo\/2019\/08\/mediatheque-se-met-aux-couleurs-de-woodstock\/","title":{"rendered":"La m\u00e9diath\u00e8que se met aux couleurs de Woodstock"},"content":{"rendered":"\n<h3>La Main Cr\u00e9atrice a voulu coller \u00e0 l&rsquo;actu cet \u00e9t\u00e9 en choisissant le mouvement Hippie comme th\u00e8me de sa nouvelle exposition visible jusqu&rsquo;en d\u00e9cembre prochain dans le hall d&rsquo;entr\u00e9e de la m\u00e9diath\u00e8que.<\/h3>\n<p>Et l&rsquo;animatrice de la Main Cr\u00e9atrice a eu le nez fin en profitant du 50\u00e8me anniversaire de Woodstock pour mettre sur pieds cette exposition avec les habitu\u00e9s de l&rsquo;atelier. Adultes, enfants et ados, ils ont tous mis leur pierre \u00e0 l&rsquo;\u00e9difice, y compris Sophie Clair elle-m\u00eame, auteure d&rsquo;une splendide affiche. Forc\u00e9ment tr\u00e8s color\u00e9e, cette exposition s&rsquo;attarde sur le mouvement Hippie en abordant ses origines avec les Hispters, anc\u00eatres des Hippies, mais aussi les artistes qui ont \u00e9t\u00e9 les portes-drapeaux du mouvement et les festivals dans lesquels ils se sont produits : Woodstock bien s\u00fbr, mais aussi Monterey ou Altamont pour ne citer que ces trois l\u00e0. C\u00f4t\u00e9 musiciens, \u00e9voquons Jimi Hendrix, Jim Morrison, Janis Joplin ou les Beatles (qui ont loup\u00e9 le coche \u00e0 Woodstock d&rsquo;ailleurs !).<\/p>\n<p>Une exposition qui fait la part belle \u00e0 la musique donc, mais aussi \u00e0 l&rsquo;engagement politique avec 4 piliers du mouvement qui sont l\u2019opposition \u00e0 la guerre (en g\u00e9n\u00e9ral et plus particuli\u00e8rement celle du Vietnam) et \u00e0 la soci\u00e9t\u00e9 de consommation, le refus de l&rsquo;autorit\u00e9 et la libert\u00e9 sexuelle. Vous \u00eates donc invit\u00e9s \u00e0 retrouver tout cela \u00e0 travers des cr\u00e9ations color\u00e9es et des techniques tr\u00e8s vari\u00e9es (peintures, monotype, collage\/d\u00e9coupage, feutres, crayons de couleur etc&#8230;), des petits textes explicatifs particuli\u00e8rement bien s\u00e9lectionn\u00e9s et une salle ambiance tr\u00e8s 70&rsquo;s. Alors nostalgiques ou pas, foncez \u00e0 la m\u00e9diath\u00e8que, vous ne serez pas d\u00e9\u00e7u, Sophie et ses amis ont bien travaill\u00e9 depuis octobre dernier pour vous proposer ce petit condens\u00e9 de culture hippie \u00e0 savourer sans mod\u00e9ration&#8230;<\/p>\n","protected":false},"excerpt":{"rendered":"<p>La Main Cr\u00e9atrice a voulu coller \u00e0 l&rsquo;actu cet \u00e9t\u00e9 en choisissant le mouvement Hippie comme th\u00e8me de sa nouvelle [&hellip;]<\/p>\n","protected":false},"author":42,"featured_media":43622,"comment_status":"open","ping_status":"open","sticky":false,"template":"","format":"standard","meta":{"footnotes":""},"categories":[20,4,25],"tags":[],"class_list":["post-43621","post","type-post","status-publish","format-standard","has-post-thumbnail","hentry","category-a-la-une","category-culture","category-gerardmer"],"acf":[],"yoast_head":"<!-- This site is optimized with the Yoast SEO plugin v22.5 - https:\/\/yoast.com\/wordpress\/plugins\/seo\/ -->\n<title>La m\u00e9diath\u00e8que se met aux couleurs de Woodstock - Gerardmer Info<\/title>\n<meta name=\"robots\" content=\"index, follow, max-snippet:-1, max-image-preview:large, max-video-preview:-1\" \/>\n<link rel=\"canonical\" href=\"https:\/\/vosgesinfo.fr\/gerardmerinfo\/2019\/08\/mediatheque-se-met-aux-couleurs-de-woodstock\/\" \/>\n<meta name=\"twitter:card\" content=\"summary_large_image\" \/>\n<meta name=\"twitter:title\" content=\"La m\u00e9diath\u00e8que se met aux couleurs de Woodstock - Gerardmer Info\" \/>\n<meta name=\"twitter:description\" content=\"La Main Cr\u00e9atrice a voulu coller \u00e0 l&rsquo;actu cet \u00e9t\u00e9 en choisissant le mouvement Hippie comme th\u00e8me de sa nouvelle [&hellip;]\" \/>\n<meta name=\"twitter:image\" content=\"https:\/\/vosgesinfo.fr\/app\/uploads\/sites\/6\/2024\/07\/201908expo-hippie-mediatheque-tilleul-6.jpg\" \/>\n<meta name=\"twitter:creator\" content=\"@VosgesInfo88\" \/>\n<meta name=\"twitter:site\" content=\"@VosgesInfo88\" \/>\n<meta name=\"twitter:label1\" content=\"\u00c9crit par\" \/>\n\t<meta name=\"twitter:data1\" content=\"QG\" \/>\n\t<meta name=\"twitter:label2\" content=\"Dur\u00e9e de lecture estim\u00e9e\" \/>\n\t<meta name=\"twitter:data2\" content=\"2 minutes\" \/>\n<script type=\"application\/ld+json\" class=\"yoast-schema-graph\">{\"@context\":\"https:\/\/schema.org\",\"@graph\":[{\"@type\":\"Article\",\"@id\":\"https:\/\/vosgesinfo.fr\/gerardmerinfo\/2019\/08\/mediatheque-se-met-aux-couleurs-de-woodstock\/#article\",\"isPartOf\":{\"@id\":\"https:\/\/vosgesinfo.fr\/gerardmerinfo\/2019\/08\/mediatheque-se-met-aux-couleurs-de-woodstock\/\"},\"author\":{\"name\":\"QG\",\"@id\":\"https:\/\/vosgesinfo.fr\/gerardmerinfo\/#\/schema\/person\/db5605779a843dad16b5368f3e7613a5\"},\"headline\":\"La m\u00e9diath\u00e8que se met aux couleurs de Woodstock\",\"datePublished\":\"2019-08-27T13:36:07+00:00\",\"dateModified\":\"2019-08-27T13:36:07+00:00\",\"mainEntityOfPage\":{\"@id\":\"https:\/\/vosgesinfo.fr\/gerardmerinfo\/2019\/08\/mediatheque-se-met-aux-couleurs-de-woodstock\/\"},\"wordCount\":333,\"commentCount\":0,\"publisher\":{\"@id\":\"https:\/\/vosgesinfo.fr\/gerardmerinfo\/#organization\"},\"image\":{\"@id\":\"https:\/\/vosgesinfo.fr\/gerardmerinfo\/2019\/08\/mediatheque-se-met-aux-couleurs-de-woodstock\/#primaryimage\"},\"thumbnailUrl\":\"https:\/\/vosgesinfo.fr\/app\/uploads\/sites\/6\/2024\/07\/201908expo-hippie-mediatheque-tilleul-6.jpg\",\"articleSection\":[\"A la une\",\"Culture\",\"G\u00e9rardmer\"],\"inLanguage\":\"fr-FR\",\"potentialAction\":[{\"@type\":\"CommentAction\",\"name\":\"Comment\",\"target\":[\"https:\/\/vosgesinfo.fr\/gerardmerinfo\/2019\/08\/mediatheque-se-met-aux-couleurs-de-woodstock\/#respond\"]}]},{\"@type\":\"WebPage\",\"@id\":\"https:\/\/vosgesinfo.fr\/gerardmerinfo\/2019\/08\/mediatheque-se-met-aux-couleurs-de-woodstock\/\",\"url\":\"https:\/\/vosgesinfo.fr\/gerardmerinfo\/2019\/08\/mediatheque-se-met-aux-couleurs-de-woodstock\/\",\"name\":\"La m\u00e9diath\u00e8que se met aux couleurs de Woodstock - Gerardmer Info\",\"isPartOf\":{\"@id\":\"https:\/\/vosgesinfo.fr\/gerardmerinfo\/#website\"},\"primaryImageOfPage\":{\"@id\":\"https:\/\/vosgesinfo.fr\/gerardmerinfo\/2019\/08\/mediatheque-se-met-aux-couleurs-de-woodstock\/#primaryimage\"},\"image\":{\"@id\":\"https:\/\/vosgesinfo.fr\/gerardmerinfo\/2019\/08\/mediatheque-se-met-aux-couleurs-de-woodstock\/#primaryimage\"},\"thumbnailUrl\":\"https:\/\/vosgesinfo.fr\/app\/uploads\/sites\/6\/2024\/07\/201908expo-hippie-mediatheque-tilleul-6.jpg\",\"datePublished\":\"2019-08-27T13:36:07+00:00\",\"dateModified\":\"2019-08-27T13:36:07+00:00\",\"breadcrumb\":{\"@id\":\"https:\/\/vosgesinfo.fr\/gerardmerinfo\/2019\/08\/mediatheque-se-met-aux-couleurs-de-woodstock\/#breadcrumb\"},\"inLanguage\":\"fr-FR\",\"potentialAction\":[{\"@type\":\"ReadAction\",\"target\":[\"https:\/\/vosgesinfo.fr\/gerardmerinfo\/2019\/08\/mediatheque-se-met-aux-couleurs-de-woodstock\/\"]}]},{\"@type\":\"ImageObject\",\"inLanguage\":\"fr-FR\",\"@id\":\"https:\/\/vosgesinfo.fr\/gerardmerinfo\/2019\/08\/mediatheque-se-met-aux-couleurs-de-woodstock\/#primaryimage\",\"url\":\"https:\/\/vosgesinfo.fr\/app\/uploads\/sites\/6\/2024\/07\/201908expo-hippie-mediatheque-tilleul-6.jpg\",\"contentUrl\":\"https:\/\/vosgesinfo.fr\/app\/uploads\/sites\/6\/2024\/07\/201908expo-hippie-mediatheque-tilleul-6.jpg\",\"width\":800,\"height\":600},{\"@type\":\"BreadcrumbList\",\"@id\":\"https:\/\/vosgesinfo.fr\/gerardmerinfo\/2019\/08\/mediatheque-se-met-aux-couleurs-de-woodstock\/#breadcrumb\",\"itemListElement\":[{\"@type\":\"ListItem\",\"position\":1,\"name\":\"Home\",\"item\":\"https:\/\/vosgesinfo.fr\/gerardmerinfo\/\"},{\"@type\":\"ListItem\",\"position\":2,\"name\":\"La m\u00e9diath\u00e8que se met aux couleurs de Woodstock\"}]},{\"@type\":\"WebSite\",\"@id\":\"https:\/\/vosgesinfo.fr\/gerardmerinfo\/#website\",\"url\":\"https:\/\/vosgesinfo.fr\/gerardmerinfo\/\",\"name\":\"Gerardmer Info\",\"description\":\"Toute l&#039;actualit\u00e9 de G\u00e9rardmer\",\"publisher\":{\"@id\":\"https:\/\/vosgesinfo.fr\/gerardmerinfo\/#organization\"},\"alternateName\":\"Toute l'actualit\u00e9 de G\u00e9rardmer\",\"potentialAction\":[{\"@type\":\"SearchAction\",\"target\":{\"@type\":\"EntryPoint\",\"urlTemplate\":\"https:\/\/vosgesinfo.fr\/gerardmerinfo\/?s={search_term_string}\"},\"query-input\":\"required name=search_term_string\"}],\"inLanguage\":\"fr-FR\"},{\"@type\":\"Organization\",\"@id\":\"https:\/\/vosgesinfo.fr\/gerardmerinfo\/#organization\",\"name\":\"Gerardmer Info\",\"url\":\"https:\/\/vosgesinfo.fr\/gerardmerinfo\/\",\"logo\":{\"@type\":\"ImageObject\",\"inLanguage\":\"fr-FR\",\"@id\":\"https:\/\/vosgesinfo.fr\/gerardmerinfo\/#\/schema\/logo\/image\/\",\"url\":\"https:\/\/vosgesinfo.fr\/app\/uploads\/sites\/6\/2023\/08\/favicon-gerardmerinfo.png\",\"contentUrl\":\"https:\/\/vosgesinfo.fr\/app\/uploads\/sites\/6\/2023\/08\/favicon-gerardmerinfo.png\",\"width\":512,\"height\":512,\"caption\":\"Gerardmer Info\"},\"image\":{\"@id\":\"https:\/\/vosgesinfo.fr\/gerardmerinfo\/#\/schema\/logo\/image\/\"},\"sameAs\":[\"https:\/\/www.facebook.com\/profile.php?id=100049475262660\",\"https:\/\/x.com\/VosgesInfo88\",\"https:\/\/www.youtube.com\/@vosgesinfo\"]},{\"@type\":\"Person\",\"@id\":\"https:\/\/vosgesinfo.fr\/gerardmerinfo\/#\/schema\/person\/db5605779a843dad16b5368f3e7613a5\",\"name\":\"QG\",\"image\":{\"@type\":\"ImageObject\",\"inLanguage\":\"fr-FR\",\"@id\":\"https:\/\/vosgesinfo.fr\/gerardmerinfo\/#\/schema\/person\/image\/\",\"url\":\"https:\/\/secure.gravatar.com\/avatar\/ea80c42c204b534408512832fde52504ecabb9706bcb6151cf6175e5b64e6793?s=96&d=mm&r=g\",\"contentUrl\":\"https:\/\/secure.gravatar.com\/avatar\/ea80c42c204b534408512832fde52504ecabb9706bcb6151cf6175e5b64e6793?s=96&d=mm&r=g\",\"caption\":\"QG\"},\"url\":\"https:\/\/vosgesinfo.fr\/gerardmerinfo\/author\/quentin88\/\"}]}<\/script>\n<!-- \/ Yoast SEO plugin. -->","yoast_head_json":{"title":"La m\u00e9diath\u00e8que se met aux couleurs de Woodstock - Gerardmer Info","robots":{"index":"index","follow":"follow","max-snippet":"max-snippet:-1","max-image-preview":"max-image-preview:large","max-video-preview":"max-video-preview:-1"},"canonical":"https:\/\/vosgesinfo.fr\/gerardmerinfo\/2019\/08\/mediatheque-se-met-aux-couleurs-de-woodstock\/","twitter_card":"summary_large_image","twitter_title":"La m\u00e9diath\u00e8que se met aux couleurs de Woodstock - Gerardmer Info","twitter_description":"La Main Cr\u00e9atrice a voulu coller \u00e0 l&rsquo;actu cet \u00e9t\u00e9 en choisissant le mouvement Hippie comme th\u00e8me de sa nouvelle [&hellip;]","twitter_image":"https:\/\/vosgesinfo.fr\/app\/uploads\/sites\/6\/2024\/07\/201908expo-hippie-mediatheque-tilleul-6.jpg","twitter_creator":"@VosgesInfo88","twitter_site":"@VosgesInfo88","twitter_misc":{"\u00c9crit par":"QG","Dur\u00e9e de lecture estim\u00e9e":"2 minutes"},"schema":{"@context":"https:\/\/schema.org","@graph":[{"@type":"Article","@id":"https:\/\/vosgesinfo.fr\/gerardmerinfo\/2019\/08\/mediatheque-se-met-aux-couleurs-de-woodstock\/#article","isPartOf":{"@id":"https:\/\/vosgesinfo.fr\/gerardmerinfo\/2019\/08\/mediatheque-se-met-aux-couleurs-de-woodstock\/"},"author":{"name":"QG","@id":"https:\/\/vosgesinfo.fr\/gerardmerinfo\/#\/schema\/person\/db5605779a843dad16b5368f3e7613a5"},"headline":"La m\u00e9diath\u00e8que se met aux couleurs de Woodstock","datePublished":"2019-08-27T13:36:07+00:00","dateModified":"2019-08-27T13:36:07+00:00","mainEntityOfPage":{"@id":"https:\/\/vosgesinfo.fr\/gerardmerinfo\/2019\/08\/mediatheque-se-met-aux-couleurs-de-woodstock\/"},"wordCount":333,"commentCount":0,"publisher":{"@id":"https:\/\/vosgesinfo.fr\/gerardmerinfo\/#organization"},"image":{"@id":"https:\/\/vosgesinfo.fr\/gerardmerinfo\/2019\/08\/mediatheque-se-met-aux-couleurs-de-woodstock\/#primaryimage"},"thumbnailUrl":"https:\/\/vosgesinfo.fr\/app\/uploads\/sites\/6\/2024\/07\/201908expo-hippie-mediatheque-tilleul-6.jpg","articleSection":["A la une","Culture","G\u00e9rardmer"],"inLanguage":"fr-FR","potentialAction":[{"@type":"CommentAction","name":"Comment","target":["https:\/\/vosgesinfo.fr\/gerardmerinfo\/2019\/08\/mediatheque-se-met-aux-couleurs-de-woodstock\/#respond"]}]},{"@type":"WebPage","@id":"https:\/\/vosgesinfo.fr\/gerardmerinfo\/2019\/08\/mediatheque-se-met-aux-couleurs-de-woodstock\/","url":"https:\/\/vosgesinfo.fr\/gerardmerinfo\/2019\/08\/mediatheque-se-met-aux-couleurs-de-woodstock\/","name":"La m\u00e9diath\u00e8que se met aux couleurs de Woodstock - Gerardmer Info","isPartOf":{"@id":"https:\/\/vosgesinfo.fr\/gerardmerinfo\/#website"},"primaryImageOfPage":{"@id":"https:\/\/vosgesinfo.fr\/gerardmerinfo\/2019\/08\/mediatheque-se-met-aux-couleurs-de-woodstock\/#primaryimage"},"image":{"@id":"https:\/\/vosgesinfo.fr\/gerardmerinfo\/2019\/08\/mediatheque-se-met-aux-couleurs-de-woodstock\/#primaryimage"},"thumbnailUrl":"https:\/\/vosgesinfo.fr\/app\/uploads\/sites\/6\/2024\/07\/201908expo-hippie-mediatheque-tilleul-6.jpg","datePublished":"2019-08-27T13:36:07+00:00","dateModified":"2019-08-27T13:36:07+00:00","breadcrumb":{"@id":"https:\/\/vosgesinfo.fr\/gerardmerinfo\/2019\/08\/mediatheque-se-met-aux-couleurs-de-woodstock\/#breadcrumb"},"inLanguage":"fr-FR","potentialAction":[{"@type":"ReadAction","target":["https:\/\/vosgesinfo.fr\/gerardmerinfo\/2019\/08\/mediatheque-se-met-aux-couleurs-de-woodstock\/"]}]},{"@type":"ImageObject","inLanguage":"fr-FR","@id":"https:\/\/vosgesinfo.fr\/gerardmerinfo\/2019\/08\/mediatheque-se-met-aux-couleurs-de-woodstock\/#primaryimage","url":"https:\/\/vosgesinfo.fr\/app\/uploads\/sites\/6\/2024\/07\/201908expo-hippie-mediatheque-tilleul-6.jpg","contentUrl":"https:\/\/vosgesinfo.fr\/app\/uploads\/sites\/6\/2024\/07\/201908expo-hippie-mediatheque-tilleul-6.jpg","width":800,"height":600},{"@type":"BreadcrumbList","@id":"https:\/\/vosgesinfo.fr\/gerardmerinfo\/2019\/08\/mediatheque-se-met-aux-couleurs-de-woodstock\/#breadcrumb","itemListElement":[{"@type":"ListItem","position":1,"name":"Home","item":"https:\/\/vosgesinfo.fr\/gerardmerinfo\/"},{"@type":"ListItem","position":2,"name":"La m\u00e9diath\u00e8que se met aux couleurs de Woodstock"}]},{"@type":"WebSite","@id":"https:\/\/vosgesinfo.fr\/gerardmerinfo\/#website","url":"https:\/\/vosgesinfo.fr\/gerardmerinfo\/","name":"Gerardmer Info","description":"Toute l&#039;actualit\u00e9 de G\u00e9rardmer","publisher":{"@id":"https:\/\/vosgesinfo.fr\/gerardmerinfo\/#organization"},"alternateName":"Toute l'actualit\u00e9 de G\u00e9rardmer","potentialAction":[{"@type":"SearchAction","target":{"@type":"EntryPoint","urlTemplate":"https:\/\/vosgesinfo.fr\/gerardmerinfo\/?s={search_term_string}"},"query-input":"required name=search_term_string"}],"inLanguage":"fr-FR"},{"@type":"Organization","@id":"https:\/\/vosgesinfo.fr\/gerardmerinfo\/#organization","name":"Gerardmer Info","url":"https:\/\/vosgesinfo.fr\/gerardmerinfo\/","logo":{"@type":"ImageObject","inLanguage":"fr-FR","@id":"https:\/\/vosgesinfo.fr\/gerardmerinfo\/#\/schema\/logo\/image\/","url":"https:\/\/vosgesinfo.fr\/app\/uploads\/sites\/6\/2023\/08\/favicon-gerardmerinfo.png","contentUrl":"https:\/\/vosgesinfo.fr\/app\/uploads\/sites\/6\/2023\/08\/favicon-gerardmerinfo.png","width":512,"height":512,"caption":"Gerardmer Info"},"image":{"@id":"https:\/\/vosgesinfo.fr\/gerardmerinfo\/#\/schema\/logo\/image\/"},"sameAs":["https:\/\/www.facebook.com\/profile.php?id=100049475262660","https:\/\/x.com\/VosgesInfo88","https:\/\/www.youtube.com\/@vosgesinfo"]},{"@type":"Person","@id":"https:\/\/vosgesinfo.fr\/gerardmerinfo\/#\/schema\/person\/db5605779a843dad16b5368f3e7613a5","name":"QG","image":{"@type":"ImageObject","inLanguage":"fr-FR","@id":"https:\/\/vosgesinfo.fr\/gerardmerinfo\/#\/schema\/person\/image\/","url":"https:\/\/secure.gravatar.com\/avatar\/ea80c42c204b534408512832fde52504ecabb9706bcb6151cf6175e5b64e6793?s=96&d=mm&r=g","contentUrl":"https:\/\/secure.gravatar.com\/avatar\/ea80c42c204b534408512832fde52504ecabb9706bcb6151cf6175e5b64e6793?s=96&d=mm&r=g","caption":"QG"},"url":"https:\/\/vosgesinfo.fr\/gerardmerinfo\/author\/quentin88\/"}]}},"_links":{"self":[{"href":"https:\/\/vosgesinfo.fr\/gerardmerinfo\/wp-json\/wp\/v2\/posts\/43621","targetHints":{"allow":["GET"]}}],"collection":[{"href":"https:\/\/vosgesinfo.fr\/gerardmerinfo\/wp-json\/wp\/v2\/posts"}],"about":[{"href":"https:\/\/vosgesinfo.fr\/gerardmerinfo\/wp-json\/wp\/v2\/types\/post"}],"author":[{"embeddable":true,"href":"https:\/\/vosgesinfo.fr\/gerardmerinfo\/wp-json\/wp\/v2\/users\/42"}],"replies":[{"embeddable":true,"href":"https:\/\/vosgesinfo.fr\/gerardmerinfo\/wp-json\/wp\/v2\/comments?post=43621"}],"version-history":[{"count":0,"href":"https:\/\/vosgesinfo.fr\/gerardmerinfo\/wp-json\/wp\/v2\/posts\/43621\/revisions"}],"wp:featuredmedia":[{"embeddable":true,"href":"https:\/\/vosgesinfo.fr\/gerardmerinfo\/wp-json\/wp\/v2\/media\/43622"}],"wp:attachment":[{"href":"https:\/\/vosgesinfo.fr\/gerardmerinfo\/wp-json\/wp\/v2\/media?parent=43621"}],"wp:term":[{"taxonomy":"category","embeddable":true,"href":"https:\/\/vosgesinfo.fr\/gerardmerinfo\/wp-json\/wp\/v2\/categories?post=43621"},{"taxonomy":"post_tag","embeddable":true,"href":"https:\/\/vosgesinfo.fr\/gerardmerinfo\/wp-json\/wp\/v2\/tags?post=43621"}],"curies":[{"name":"wp","href":"https:\/\/api.w.org\/{rel}","templated":true}]}}