{"id":43643,"date":"2019-08-25T10:30:47","date_gmt":"2019-08-25T08:30:47","guid":{"rendered":"https:\/\/vosgesinfo.fr\/gerardmerinfo\/2019\/08\/mamie-de-86-ans-effectue-bapteme-de-plongee-petits-enfants\/"},"modified":"2019-08-25T10:30:47","modified_gmt":"2019-08-25T08:30:47","slug":"mamie-de-86-ans-effectue-bapteme-de-plongee-petits-enfants","status":"publish","type":"post","link":"https:\/\/vosgesinfo.fr\/gerardmerinfo\/2019\/08\/mamie-de-86-ans-effectue-bapteme-de-plongee-petits-enfants\/","title":{"rendered":"Une mamie de 86 ans effectue un bapt\u00eame de plong\u00e9e avec ses petits-enfants"},"content":{"rendered":"\n<h3>Dimanche matin, rendez-vous de bonne heure et de bonne humeur pour la Nanc\u00e9ienne Madeleine LAURE qui effectuait son bapt\u00eame de plong\u00e9e \u00e0 la base nautique de G\u00e9rardmer avec le club des Joyaux T\u00eatards.<\/h3>\n<p>Jusque l\u00e0, comme qui dirait, rien de bien exceptionnel&#8230; Sauf que Madeleine est une heureuse et dynamique mamie de 86 ans, soit la doyenne des \u00ab\u00a0baptis\u00e9s\u00a0\u00bb par le club de plong\u00e9e g\u00e9r\u00f4mois. Excellente cuisini\u00e8re, tricoteuse chevronn\u00e9e, elle est enti\u00e8rement autonome, fait toujours ses courses \u00e0 v\u00e9lo, marche quotidiennement entre 5 et 6 km, et va r\u00e9guli\u00e8rement \u00e0 la piscine. Sachant que son fils Patrick est adh\u00e9rent et encadrant chez les Joyeux T\u00eatards de la Perle des Vosges, c&rsquo;\u00e9tait l&rsquo;occasion qui faisait le larron !<\/p>\n<div id=\"attachment_151722\" style=\"width: 350px\" class=\"wp-caption alignright\"><a href=\"\/2019\/08\/madeleine-plong\u00e9e.jpg\"><img decoding=\"async\" aria-describedby=\"caption-attachment-151722\" class=\"wp-image-151722 size-medium\" src=\"\/2019\/08\/madeleine-plong\u00e9e-340x255.jpg\" alt=\"madeleine plong\u00e9e\" width=\"340\" height=\"255\" \/><\/a><p id=\"caption-attachment-151722\" class=\"wp-caption-text\">Madeleine dans le grand bain !<\/p><\/div>\n<p>\u00ab\u00a0J&rsquo;habite \u00e0 S\u00e9lestat, j&rsquo;aurais pu aller ailleurs, mais je suis arriv\u00e9 au club de G\u00e9rardmer il y a environ trois ans parce qu&rsquo;ici c&rsquo;est sans doute le seul club du secteur o\u00f9 on peut plonger pour ainsi dire tout le temps si on veut\u00a0\u00bb , pr\u00e9cise Patrick avant de commencer le petit briefing qui pr\u00e9c\u00e8de traditionnellement le bapt\u00eame. Et comme cette session \u00e9tait tout de m\u00eame une histoire de famille, Madeleine, concentr\u00e9e avant de se jeter \u00e0 l&rsquo;eau, avait entra\u00een\u00e9e dans l&rsquo;aventure ses petits-enfants Armeline et Valentin. Ce dernier effectuait lui aussi son bapt\u00eame, alors que la jeune femme, d\u00e9j\u00e0 plongeuse, allait s&rsquo;occuper d&rsquo;immortaliser l&rsquo;\u00e9v\u00e9nement en prenant des photos sous-marines.<\/p>\n<p>Bref, une splendide matin\u00e9e pour Madeleine qui a particuli\u00e8rement appr\u00e9ci\u00e9 l&rsquo;accueil chaleureux des b\u00e9n\u00e9voles du club, ravis de faire partager leur passion \u00e0 cette charmante dame. Elle a ainsi prouv\u00e9 qu&rsquo;il n&rsquo;y avait pas d&rsquo;\u00e2ge pour un bapt\u00eame de plong\u00e9e. A ce sujet, rappelons que le club g\u00e9r\u00f4mois organise une journ\u00e9e portes ouvertes le dimanche 1er septembre avec des bapt\u00eames gratuits toute la journ\u00e9e ou presque, avis aux amateurs !!<\/p>\n","protected":false},"excerpt":{"rendered":"<p>Dimanche matin, rendez-vous de bonne heure et de bonne humeur pour la Nanc\u00e9ienne Madeleine LAURE qui effectuait son bapt\u00eame de [&hellip;]<\/p>\n","protected":false},"author":42,"featured_media":43644,"comment_status":"open","ping_status":"open","sticky":false,"template":"","format":"standard","meta":{"footnotes":""},"categories":[20,25,14],"tags":[2308,370],"class_list":["post-43643","post","type-post","status-publish","format-standard","has-post-thumbnail","hentry","category-a-la-une","category-gerardmer","category-sport","tag-joyeux-tetards","tag-plongee"],"acf":[],"yoast_head":"<!-- This site is optimized with the Yoast SEO plugin v22.5 - https:\/\/yoast.com\/wordpress\/plugins\/seo\/ -->\n<title>Une mamie de 86 ans effectue un bapt\u00eame de plong\u00e9e avec ses petits-enfants - Gerardmer Info<\/title>\n<meta name=\"robots\" content=\"index, follow, max-snippet:-1, max-image-preview:large, max-video-preview:-1\" \/>\n<link rel=\"canonical\" href=\"https:\/\/vosgesinfo.fr\/gerardmerinfo\/2019\/08\/mamie-de-86-ans-effectue-bapteme-de-plongee-petits-enfants\/\" \/>\n<meta name=\"twitter:card\" content=\"summary_large_image\" \/>\n<meta name=\"twitter:title\" content=\"Une mamie de 86 ans effectue un bapt\u00eame de plong\u00e9e avec ses petits-enfants - Gerardmer Info\" \/>\n<meta name=\"twitter:description\" content=\"Dimanche matin, rendez-vous de bonne heure et de bonne humeur pour la Nanc\u00e9ienne Madeleine LAURE qui effectuait son bapt\u00eame de [&hellip;]\" \/>\n<meta name=\"twitter:image\" content=\"https:\/\/vosgesinfo.fr\/app\/uploads\/sites\/6\/2024\/07\/201908madeleine-plongee.jpg\" \/>\n<meta name=\"twitter:creator\" content=\"@VosgesInfo88\" \/>\n<meta name=\"twitter:site\" content=\"@VosgesInfo88\" \/>\n<meta name=\"twitter:label1\" content=\"\u00c9crit par\" \/>\n\t<meta name=\"twitter:data1\" content=\"QG\" \/>\n\t<meta name=\"twitter:label2\" content=\"Dur\u00e9e de lecture estim\u00e9e\" \/>\n\t<meta name=\"twitter:data2\" content=\"2 minutes\" \/>\n<script type=\"application\/ld+json\" class=\"yoast-schema-graph\">{\"@context\":\"https:\/\/schema.org\",\"@graph\":[{\"@type\":\"Article\",\"@id\":\"https:\/\/vosgesinfo.fr\/gerardmerinfo\/2019\/08\/mamie-de-86-ans-effectue-bapteme-de-plongee-petits-enfants\/#article\",\"isPartOf\":{\"@id\":\"https:\/\/vosgesinfo.fr\/gerardmerinfo\/2019\/08\/mamie-de-86-ans-effectue-bapteme-de-plongee-petits-enfants\/\"},\"author\":{\"name\":\"QG\",\"@id\":\"https:\/\/vosgesinfo.fr\/gerardmerinfo\/#\/schema\/person\/db5605779a843dad16b5368f3e7613a5\"},\"headline\":\"Une mamie de 86 ans effectue un bapt\u00eame de plong\u00e9e avec ses petits-enfants\",\"datePublished\":\"2019-08-25T08:30:47+00:00\",\"dateModified\":\"2019-08-25T08:30:47+00:00\",\"mainEntityOfPage\":{\"@id\":\"https:\/\/vosgesinfo.fr\/gerardmerinfo\/2019\/08\/mamie-de-86-ans-effectue-bapteme-de-plongee-petits-enfants\/\"},\"wordCount\":376,\"commentCount\":0,\"publisher\":{\"@id\":\"https:\/\/vosgesinfo.fr\/gerardmerinfo\/#organization\"},\"image\":{\"@id\":\"https:\/\/vosgesinfo.fr\/gerardmerinfo\/2019\/08\/mamie-de-86-ans-effectue-bapteme-de-plongee-petits-enfants\/#primaryimage\"},\"thumbnailUrl\":\"https:\/\/vosgesinfo.fr\/app\/uploads\/sites\/6\/2024\/07\/201908madeleine-plongee.jpg\",\"keywords\":[\"Joyeux t\u00e9tards\",\"plong\u00e9e\"],\"articleSection\":[\"A la une\",\"G\u00e9rardmer\",\"Sport\"],\"inLanguage\":\"fr-FR\",\"potentialAction\":[{\"@type\":\"CommentAction\",\"name\":\"Comment\",\"target\":[\"https:\/\/vosgesinfo.fr\/gerardmerinfo\/2019\/08\/mamie-de-86-ans-effectue-bapteme-de-plongee-petits-enfants\/#respond\"]}]},{\"@type\":\"WebPage\",\"@id\":\"https:\/\/vosgesinfo.fr\/gerardmerinfo\/2019\/08\/mamie-de-86-ans-effectue-bapteme-de-plongee-petits-enfants\/\",\"url\":\"https:\/\/vosgesinfo.fr\/gerardmerinfo\/2019\/08\/mamie-de-86-ans-effectue-bapteme-de-plongee-petits-enfants\/\",\"name\":\"Une mamie de 86 ans effectue un bapt\u00eame de plong\u00e9e avec ses petits-enfants - Gerardmer Info\",\"isPartOf\":{\"@id\":\"https:\/\/vosgesinfo.fr\/gerardmerinfo\/#website\"},\"primaryImageOfPage\":{\"@id\":\"https:\/\/vosgesinfo.fr\/gerardmerinfo\/2019\/08\/mamie-de-86-ans-effectue-bapteme-de-plongee-petits-enfants\/#primaryimage\"},\"image\":{\"@id\":\"https:\/\/vosgesinfo.fr\/gerardmerinfo\/2019\/08\/mamie-de-86-ans-effectue-bapteme-de-plongee-petits-enfants\/#primaryimage\"},\"thumbnailUrl\":\"https:\/\/vosgesinfo.fr\/app\/uploads\/sites\/6\/2024\/07\/201908madeleine-plongee.jpg\",\"datePublished\":\"2019-08-25T08:30:47+00:00\",\"dateModified\":\"2019-08-25T08:30:47+00:00\",\"breadcrumb\":{\"@id\":\"https:\/\/vosgesinfo.fr\/gerardmerinfo\/2019\/08\/mamie-de-86-ans-effectue-bapteme-de-plongee-petits-enfants\/#breadcrumb\"},\"inLanguage\":\"fr-FR\",\"potentialAction\":[{\"@type\":\"ReadAction\",\"target\":[\"https:\/\/vosgesinfo.fr\/gerardmerinfo\/2019\/08\/mamie-de-86-ans-effectue-bapteme-de-plongee-petits-enfants\/\"]}]},{\"@type\":\"ImageObject\",\"inLanguage\":\"fr-FR\",\"@id\":\"https:\/\/vosgesinfo.fr\/gerardmerinfo\/2019\/08\/mamie-de-86-ans-effectue-bapteme-de-plongee-petits-enfants\/#primaryimage\",\"url\":\"https:\/\/vosgesinfo.fr\/app\/uploads\/sites\/6\/2024\/07\/201908madeleine-plongee.jpg\",\"contentUrl\":\"https:\/\/vosgesinfo.fr\/app\/uploads\/sites\/6\/2024\/07\/201908madeleine-plongee.jpg\",\"width\":800,\"height\":600},{\"@type\":\"BreadcrumbList\",\"@id\":\"https:\/\/vosgesinfo.fr\/gerardmerinfo\/2019\/08\/mamie-de-86-ans-effectue-bapteme-de-plongee-petits-enfants\/#breadcrumb\",\"itemListElement\":[{\"@type\":\"ListItem\",\"position\":1,\"name\":\"Home\",\"item\":\"https:\/\/vosgesinfo.fr\/gerardmerinfo\/\"},{\"@type\":\"ListItem\",\"position\":2,\"name\":\"Une mamie de 86 ans effectue un bapt\u00eame de plong\u00e9e avec ses petits-enfants\"}]},{\"@type\":\"WebSite\",\"@id\":\"https:\/\/vosgesinfo.fr\/gerardmerinfo\/#website\",\"url\":\"https:\/\/vosgesinfo.fr\/gerardmerinfo\/\",\"name\":\"Gerardmer Info\",\"description\":\"Toute l&#039;actualit\u00e9 de G\u00e9rardmer\",\"publisher\":{\"@id\":\"https:\/\/vosgesinfo.fr\/gerardmerinfo\/#organization\"},\"alternateName\":\"Toute l'actualit\u00e9 de G\u00e9rardmer\",\"potentialAction\":[{\"@type\":\"SearchAction\",\"target\":{\"@type\":\"EntryPoint\",\"urlTemplate\":\"https:\/\/vosgesinfo.fr\/gerardmerinfo\/?s={search_term_string}\"},\"query-input\":\"required name=search_term_string\"}],\"inLanguage\":\"fr-FR\"},{\"@type\":\"Organization\",\"@id\":\"https:\/\/vosgesinfo.fr\/gerardmerinfo\/#organization\",\"name\":\"Gerardmer Info\",\"url\":\"https:\/\/vosgesinfo.fr\/gerardmerinfo\/\",\"logo\":{\"@type\":\"ImageObject\",\"inLanguage\":\"fr-FR\",\"@id\":\"https:\/\/vosgesinfo.fr\/gerardmerinfo\/#\/schema\/logo\/image\/\",\"url\":\"https:\/\/vosgesinfo.fr\/app\/uploads\/sites\/6\/2023\/08\/favicon-gerardmerinfo.png\",\"contentUrl\":\"https:\/\/vosgesinfo.fr\/app\/uploads\/sites\/6\/2023\/08\/favicon-gerardmerinfo.png\",\"width\":512,\"height\":512,\"caption\":\"Gerardmer Info\"},\"image\":{\"@id\":\"https:\/\/vosgesinfo.fr\/gerardmerinfo\/#\/schema\/logo\/image\/\"},\"sameAs\":[\"https:\/\/www.facebook.com\/profile.php?id=100049475262660\",\"https:\/\/x.com\/VosgesInfo88\",\"https:\/\/www.youtube.com\/@vosgesinfo\"]},{\"@type\":\"Person\",\"@id\":\"https:\/\/vosgesinfo.fr\/gerardmerinfo\/#\/schema\/person\/db5605779a843dad16b5368f3e7613a5\",\"name\":\"QG\",\"image\":{\"@type\":\"ImageObject\",\"inLanguage\":\"fr-FR\",\"@id\":\"https:\/\/vosgesinfo.fr\/gerardmerinfo\/#\/schema\/person\/image\/\",\"url\":\"https:\/\/secure.gravatar.com\/avatar\/ea80c42c204b534408512832fde52504ecabb9706bcb6151cf6175e5b64e6793?s=96&d=mm&r=g\",\"contentUrl\":\"https:\/\/secure.gravatar.com\/avatar\/ea80c42c204b534408512832fde52504ecabb9706bcb6151cf6175e5b64e6793?s=96&d=mm&r=g\",\"caption\":\"QG\"},\"url\":\"https:\/\/vosgesinfo.fr\/gerardmerinfo\/author\/quentin88\/\"}]}<\/script>\n<!-- \/ Yoast SEO plugin. -->","yoast_head_json":{"title":"Une mamie de 86 ans effectue un bapt\u00eame de plong\u00e9e avec ses petits-enfants - Gerardmer Info","robots":{"index":"index","follow":"follow","max-snippet":"max-snippet:-1","max-image-preview":"max-image-preview:large","max-video-preview":"max-video-preview:-1"},"canonical":"https:\/\/vosgesinfo.fr\/gerardmerinfo\/2019\/08\/mamie-de-86-ans-effectue-bapteme-de-plongee-petits-enfants\/","twitter_card":"summary_large_image","twitter_title":"Une mamie de 86 ans effectue un bapt\u00eame de plong\u00e9e avec ses petits-enfants - Gerardmer Info","twitter_description":"Dimanche matin, rendez-vous de bonne heure et de bonne humeur pour la Nanc\u00e9ienne Madeleine LAURE qui effectuait son bapt\u00eame de [&hellip;]","twitter_image":"https:\/\/vosgesinfo.fr\/app\/uploads\/sites\/6\/2024\/07\/201908madeleine-plongee.jpg","twitter_creator":"@VosgesInfo88","twitter_site":"@VosgesInfo88","twitter_misc":{"\u00c9crit par":"QG","Dur\u00e9e de lecture estim\u00e9e":"2 minutes"},"schema":{"@context":"https:\/\/schema.org","@graph":[{"@type":"Article","@id":"https:\/\/vosgesinfo.fr\/gerardmerinfo\/2019\/08\/mamie-de-86-ans-effectue-bapteme-de-plongee-petits-enfants\/#article","isPartOf":{"@id":"https:\/\/vosgesinfo.fr\/gerardmerinfo\/2019\/08\/mamie-de-86-ans-effectue-bapteme-de-plongee-petits-enfants\/"},"author":{"name":"QG","@id":"https:\/\/vosgesinfo.fr\/gerardmerinfo\/#\/schema\/person\/db5605779a843dad16b5368f3e7613a5"},"headline":"Une mamie de 86 ans effectue un bapt\u00eame de plong\u00e9e avec ses petits-enfants","datePublished":"2019-08-25T08:30:47+00:00","dateModified":"2019-08-25T08:30:47+00:00","mainEntityOfPage":{"@id":"https:\/\/vosgesinfo.fr\/gerardmerinfo\/2019\/08\/mamie-de-86-ans-effectue-bapteme-de-plongee-petits-enfants\/"},"wordCount":376,"commentCount":0,"publisher":{"@id":"https:\/\/vosgesinfo.fr\/gerardmerinfo\/#organization"},"image":{"@id":"https:\/\/vosgesinfo.fr\/gerardmerinfo\/2019\/08\/mamie-de-86-ans-effectue-bapteme-de-plongee-petits-enfants\/#primaryimage"},"thumbnailUrl":"https:\/\/vosgesinfo.fr\/app\/uploads\/sites\/6\/2024\/07\/201908madeleine-plongee.jpg","keywords":["Joyeux t\u00e9tards","plong\u00e9e"],"articleSection":["A la une","G\u00e9rardmer","Sport"],"inLanguage":"fr-FR","potentialAction":[{"@type":"CommentAction","name":"Comment","target":["https:\/\/vosgesinfo.fr\/gerardmerinfo\/2019\/08\/mamie-de-86-ans-effectue-bapteme-de-plongee-petits-enfants\/#respond"]}]},{"@type":"WebPage","@id":"https:\/\/vosgesinfo.fr\/gerardmerinfo\/2019\/08\/mamie-de-86-ans-effectue-bapteme-de-plongee-petits-enfants\/","url":"https:\/\/vosgesinfo.fr\/gerardmerinfo\/2019\/08\/mamie-de-86-ans-effectue-bapteme-de-plongee-petits-enfants\/","name":"Une mamie de 86 ans effectue un bapt\u00eame de plong\u00e9e avec ses petits-enfants - Gerardmer Info","isPartOf":{"@id":"https:\/\/vosgesinfo.fr\/gerardmerinfo\/#website"},"primaryImageOfPage":{"@id":"https:\/\/vosgesinfo.fr\/gerardmerinfo\/2019\/08\/mamie-de-86-ans-effectue-bapteme-de-plongee-petits-enfants\/#primaryimage"},"image":{"@id":"https:\/\/vosgesinfo.fr\/gerardmerinfo\/2019\/08\/mamie-de-86-ans-effectue-bapteme-de-plongee-petits-enfants\/#primaryimage"},"thumbnailUrl":"https:\/\/vosgesinfo.fr\/app\/uploads\/sites\/6\/2024\/07\/201908madeleine-plongee.jpg","datePublished":"2019-08-25T08:30:47+00:00","dateModified":"2019-08-25T08:30:47+00:00","breadcrumb":{"@id":"https:\/\/vosgesinfo.fr\/gerardmerinfo\/2019\/08\/mamie-de-86-ans-effectue-bapteme-de-plongee-petits-enfants\/#breadcrumb"},"inLanguage":"fr-FR","potentialAction":[{"@type":"ReadAction","target":["https:\/\/vosgesinfo.fr\/gerardmerinfo\/2019\/08\/mamie-de-86-ans-effectue-bapteme-de-plongee-petits-enfants\/"]}]},{"@type":"ImageObject","inLanguage":"fr-FR","@id":"https:\/\/vosgesinfo.fr\/gerardmerinfo\/2019\/08\/mamie-de-86-ans-effectue-bapteme-de-plongee-petits-enfants\/#primaryimage","url":"https:\/\/vosgesinfo.fr\/app\/uploads\/sites\/6\/2024\/07\/201908madeleine-plongee.jpg","contentUrl":"https:\/\/vosgesinfo.fr\/app\/uploads\/sites\/6\/2024\/07\/201908madeleine-plongee.jpg","width":800,"height":600},{"@type":"BreadcrumbList","@id":"https:\/\/vosgesinfo.fr\/gerardmerinfo\/2019\/08\/mamie-de-86-ans-effectue-bapteme-de-plongee-petits-enfants\/#breadcrumb","itemListElement":[{"@type":"ListItem","position":1,"name":"Home","item":"https:\/\/vosgesinfo.fr\/gerardmerinfo\/"},{"@type":"ListItem","position":2,"name":"Une mamie de 86 ans effectue un bapt\u00eame de plong\u00e9e avec ses petits-enfants"}]},{"@type":"WebSite","@id":"https:\/\/vosgesinfo.fr\/gerardmerinfo\/#website","url":"https:\/\/vosgesinfo.fr\/gerardmerinfo\/","name":"Gerardmer Info","description":"Toute l&#039;actualit\u00e9 de G\u00e9rardmer","publisher":{"@id":"https:\/\/vosgesinfo.fr\/gerardmerinfo\/#organization"},"alternateName":"Toute l'actualit\u00e9 de G\u00e9rardmer","potentialAction":[{"@type":"SearchAction","target":{"@type":"EntryPoint","urlTemplate":"https:\/\/vosgesinfo.fr\/gerardmerinfo\/?s={search_term_string}"},"query-input":"required name=search_term_string"}],"inLanguage":"fr-FR"},{"@type":"Organization","@id":"https:\/\/vosgesinfo.fr\/gerardmerinfo\/#organization","name":"Gerardmer Info","url":"https:\/\/vosgesinfo.fr\/gerardmerinfo\/","logo":{"@type":"ImageObject","inLanguage":"fr-FR","@id":"https:\/\/vosgesinfo.fr\/gerardmerinfo\/#\/schema\/logo\/image\/","url":"https:\/\/vosgesinfo.fr\/app\/uploads\/sites\/6\/2023\/08\/favicon-gerardmerinfo.png","contentUrl":"https:\/\/vosgesinfo.fr\/app\/uploads\/sites\/6\/2023\/08\/favicon-gerardmerinfo.png","width":512,"height":512,"caption":"Gerardmer Info"},"image":{"@id":"https:\/\/vosgesinfo.fr\/gerardmerinfo\/#\/schema\/logo\/image\/"},"sameAs":["https:\/\/www.facebook.com\/profile.php?id=100049475262660","https:\/\/x.com\/VosgesInfo88","https:\/\/www.youtube.com\/@vosgesinfo"]},{"@type":"Person","@id":"https:\/\/vosgesinfo.fr\/gerardmerinfo\/#\/schema\/person\/db5605779a843dad16b5368f3e7613a5","name":"QG","image":{"@type":"ImageObject","inLanguage":"fr-FR","@id":"https:\/\/vosgesinfo.fr\/gerardmerinfo\/#\/schema\/person\/image\/","url":"https:\/\/secure.gravatar.com\/avatar\/ea80c42c204b534408512832fde52504ecabb9706bcb6151cf6175e5b64e6793?s=96&d=mm&r=g","contentUrl":"https:\/\/secure.gravatar.com\/avatar\/ea80c42c204b534408512832fde52504ecabb9706bcb6151cf6175e5b64e6793?s=96&d=mm&r=g","caption":"QG"},"url":"https:\/\/vosgesinfo.fr\/gerardmerinfo\/author\/quentin88\/"}]}},"_links":{"self":[{"href":"https:\/\/vosgesinfo.fr\/gerardmerinfo\/wp-json\/wp\/v2\/posts\/43643","targetHints":{"allow":["GET"]}}],"collection":[{"href":"https:\/\/vosgesinfo.fr\/gerardmerinfo\/wp-json\/wp\/v2\/posts"}],"about":[{"href":"https:\/\/vosgesinfo.fr\/gerardmerinfo\/wp-json\/wp\/v2\/types\/post"}],"author":[{"embeddable":true,"href":"https:\/\/vosgesinfo.fr\/gerardmerinfo\/wp-json\/wp\/v2\/users\/42"}],"replies":[{"embeddable":true,"href":"https:\/\/vosgesinfo.fr\/gerardmerinfo\/wp-json\/wp\/v2\/comments?post=43643"}],"version-history":[{"count":0,"href":"https:\/\/vosgesinfo.fr\/gerardmerinfo\/wp-json\/wp\/v2\/posts\/43643\/revisions"}],"wp:featuredmedia":[{"embeddable":true,"href":"https:\/\/vosgesinfo.fr\/gerardmerinfo\/wp-json\/wp\/v2\/media\/43644"}],"wp:attachment":[{"href":"https:\/\/vosgesinfo.fr\/gerardmerinfo\/wp-json\/wp\/v2\/media?parent=43643"}],"wp:term":[{"taxonomy":"category","embeddable":true,"href":"https:\/\/vosgesinfo.fr\/gerardmerinfo\/wp-json\/wp\/v2\/categories?post=43643"},{"taxonomy":"post_tag","embeddable":true,"href":"https:\/\/vosgesinfo.fr\/gerardmerinfo\/wp-json\/wp\/v2\/tags?post=43643"}],"curies":[{"name":"wp","href":"https:\/\/api.w.org\/{rel}","templated":true}]}}