{"id":43650,"date":"2019-08-25T15:59:37","date_gmt":"2019-08-25T13:59:37","guid":{"rendered":"https:\/\/vosgesinfo.fr\/gerardmerinfo\/2019\/08\/tennis-tournoi-az-com-cloture-saison-tcg\/"},"modified":"2019-08-25T15:59:37","modified_gmt":"2019-08-25T13:59:37","slug":"tennis-tournoi-az-com-cloture-saison-tcg","status":"publish","type":"post","link":"https:\/\/vosgesinfo.fr\/gerardmerinfo\/2019\/08\/tennis-tournoi-az-com-cloture-saison-tcg\/","title":{"rendered":"Tennis : le tournoi AZ Com cl\u00f4ture la saison du TCG"},"content":{"rendered":"<h3><a href=\"\/2019\/08\/IMG_20190824_183814.jpg\"><img decoding=\"async\" class=\"aligncenter size-full wp-image-151749\" src=\"\/2019\/08\/IMG_20190824_183814.jpg\" alt=\"IMG_20190824_183814\" width=\"800\" height=\"600\" \/><\/a><\/h3>\n<h3><\/h3>\n<h3>L&rsquo;\u00e9t\u00e9 et la saison du TC G\u00e9rardmer touchaient \u00e0 sa fin ce samedi sur les terres battues du quai du Locle o\u00f9 avaient lieu les finales du tournoi AZ Com sous un soleil de plomb, ou presque&#8230;<\/h3>\n<p>Il ne faisait donc pas bon tra\u00eener sur les courts trop longtemps, et c&rsquo;est exactement ce qu&rsquo;ont su faire la plupart des vainqueurs du tournoi, \u00e0 l&rsquo;exception de la G\u00e9r\u00f4moise Emilie Ziletti (30 &#8211; TCG) qui a fait durer un peu le plaisir avec un match marathon en plus de 35 ans. Aaaaah, qu&rsquo;est-ce qu&rsquo;on ferait pas pour son public ! Oppos\u00e9e \u00e0 Yen Moutarlier (30\/1) de Raon l&rsquo;Etape et qui rejoindra le TCG \u00e0 la rentr\u00e9e, Ziletti s&rsquo;en est sortie en 3 sets 7\/6 3\/6 6\/3 et avait bien m\u00e9rit\u00e9 sa victoire et sa bi\u00e8re \u00e0 la fin de la bataille ! Chez les seniors dames, duel 100% g\u00e9r\u00f4mois avec d&rsquo;un c\u00f4t\u00e9 Sandrine Mauffrey (30), finaliste l&rsquo;an dernier et auteure du plus beau parcours de la cat\u00e9gorie avec 6 matchs disput\u00e9s, et de l&rsquo;autre Estelle Germain (15), grandissime favorite et r\u00e9cente vainqueur du double mixte. La hi\u00e9rarchie a \u00e9t\u00e9 respect\u00e9e avec la victoire sans trembler de Germain 6\/2 6\/1.<\/p>\n<p>Passons aux hommes avec chez les seniors une finale entre Charles-Edouard Valence (5\/6 &#8211; Docelles TC) et Manuel Myotte-Duquet (4\/6 &#8211; Pontarlier) qui signait sa premi\u00e8re participation au tournoi open du TCG AZ Com. Et il n&rsquo;aura pas fait le d\u00e9placement pour rien puisqu&rsquo;apr\u00e8s s&rsquo;\u00eatre d\u00e9fait du Romarimontain Jocelyn Dubois (3\/6, un habitu\u00e9 du rendez-vous) en 1\/2 finale, il a r\u00e9alis\u00e9 un match solide pour venir \u00e0 bout de Valence en 2 sets 6\/3 6\/4. Enfin, terminons avec les plus de 35 ans avec en finale Herv\u00e9 Parmentelat (15\/2 &#8211; TCG) face \u00e0 L\u00e9vi Thomas (15\/1 &#8211; Saint Di\u00e9 TC), deux joueurs qui se connaissent bien, qui se sont affront\u00e9s maintes fois, autant qu&rsquo;ils ont jou\u00e9 ensemble en \u00e9quipe avec le TCG. Rappelons que Thomas avait mis fin au plus beau parcours du tableau en 1\/2 finale, sortant victorieux de son match face \u00e0 son pote Bertrand Bourgon 6\/3 6\/1. Un score porte-bonheur puisqu&rsquo;il s&rsquo;imposera \u00e9galement 6\/3 6\/1 en finale, finissant en beaut\u00e9 sa saison.<\/p>\n<p>Une saison sportive anim\u00e9e pour le TCG qui a constat\u00e9 une fr\u00e9quentation fournie et r\u00e9guli\u00e8re de ses terres battues notamment : \u00ab\u00a0Ceci n&rsquo;est pas uniquement d\u00fb au temps globalement ensoleill\u00e9 mais aussi \u00e0 un je ne sais quoi de vent nouveau, d\u2019une fra\u00eecheur toute bonifiante\u00a0\u00bb pr\u00e9cisera ainsi le pr\u00e9sident du club G\u00e9r\u00f4mois Yves Grossier dans son discours lors de la remise des troph\u00e9es. et d&rsquo;ajouter : \u00ab\u00a0Nous avons f\u00eat\u00e9 les 110 ans du club dans ses grandes largeurs en mars dernier avec, en invit\u00e9 d\u2019honneur, \u2018\u2019CharlElie Couture\u2019\u2019 , tout cela y est peut \u00eatre pour quelque chose, allez savoir\u2026 Quoiqu\u2019il en soit, je note une participation record des inscriptions pour l\u2019ensemble de nos 3 tournois majeurs avec plus de 300 joueurs(ses) recens\u00e9s. C\u2019est bon pour le club et son site incroyable, et c\u2019est bon pour l\u2019image de G\u00e9rardmer. Pour am\u00e9liorer encore cette image j\u2019annonce officiellement que les courts 5 et 6, soit les courts qui jouxtent les terrains couverts, seront enti\u00e8rement requalifi\u00e9s en 2020. Cela en attendant dans un avenir proche, c&rsquo;est \u00e0 dire apr\u00e8s les \u00e9lections, l\u2019ajout d\u2019une structure couvrante \u00e0 la fa\u00e7on d\u2019une Halle.\u00a0\u00bb On a d\u00e9j\u00e0 h\u00e2te !<\/p>\n","protected":false},"excerpt":{"rendered":"<p>L&rsquo;\u00e9t\u00e9 et la saison du TC G\u00e9rardmer touchaient \u00e0 sa fin ce samedi sur les terres battues du quai du [&hellip;]<\/p>\n","protected":false},"author":42,"featured_media":43651,"comment_status":"open","ping_status":"open","sticky":false,"template":"","format":"standard","meta":{"footnotes":""},"categories":[20,25,14],"tags":[],"class_list":["post-43650","post","type-post","status-publish","format-standard","has-post-thumbnail","hentry","category-a-la-une","category-gerardmer","category-sport"],"acf":[],"yoast_head":"<!-- This site is optimized with the Yoast SEO plugin v22.5 - https:\/\/yoast.com\/wordpress\/plugins\/seo\/ -->\n<title>Tennis : le tournoi AZ Com cl\u00f4ture la saison du TCG - Gerardmer Info<\/title>\n<meta name=\"robots\" content=\"index, follow, max-snippet:-1, max-image-preview:large, max-video-preview:-1\" \/>\n<link rel=\"canonical\" href=\"https:\/\/vosgesinfo.fr\/gerardmerinfo\/2019\/08\/tennis-tournoi-az-com-cloture-saison-tcg\/\" \/>\n<meta name=\"twitter:card\" content=\"summary_large_image\" \/>\n<meta name=\"twitter:title\" content=\"Tennis : le tournoi AZ Com cl\u00f4ture la saison du TCG - Gerardmer Info\" \/>\n<meta name=\"twitter:description\" content=\"L&rsquo;\u00e9t\u00e9 et la saison du TC G\u00e9rardmer touchaient \u00e0 sa fin ce samedi sur les terres battues du quai du [&hellip;]\" \/>\n<meta name=\"twitter:image\" content=\"https:\/\/vosgesinfo.fr\/app\/uploads\/sites\/6\/2024\/07\/201605terres-battues-tcg-2-6.jpg\" \/>\n<meta name=\"twitter:creator\" content=\"@VosgesInfo88\" \/>\n<meta name=\"twitter:site\" content=\"@VosgesInfo88\" \/>\n<meta name=\"twitter:label1\" content=\"\u00c9crit par\" \/>\n\t<meta name=\"twitter:data1\" content=\"QG\" \/>\n\t<meta name=\"twitter:label2\" content=\"Dur\u00e9e de lecture estim\u00e9e\" \/>\n\t<meta name=\"twitter:data2\" content=\"3 minutes\" \/>\n<script type=\"application\/ld+json\" class=\"yoast-schema-graph\">{\"@context\":\"https:\/\/schema.org\",\"@graph\":[{\"@type\":\"Article\",\"@id\":\"https:\/\/vosgesinfo.fr\/gerardmerinfo\/2019\/08\/tennis-tournoi-az-com-cloture-saison-tcg\/#article\",\"isPartOf\":{\"@id\":\"https:\/\/vosgesinfo.fr\/gerardmerinfo\/2019\/08\/tennis-tournoi-az-com-cloture-saison-tcg\/\"},\"author\":{\"name\":\"QG\",\"@id\":\"https:\/\/vosgesinfo.fr\/gerardmerinfo\/#\/schema\/person\/db5605779a843dad16b5368f3e7613a5\"},\"headline\":\"Tennis : le tournoi AZ Com cl\u00f4ture la saison du TCG\",\"datePublished\":\"2019-08-25T13:59:37+00:00\",\"dateModified\":\"2019-08-25T13:59:37+00:00\",\"mainEntityOfPage\":{\"@id\":\"https:\/\/vosgesinfo.fr\/gerardmerinfo\/2019\/08\/tennis-tournoi-az-com-cloture-saison-tcg\/\"},\"wordCount\":588,\"commentCount\":0,\"publisher\":{\"@id\":\"https:\/\/vosgesinfo.fr\/gerardmerinfo\/#organization\"},\"image\":{\"@id\":\"https:\/\/vosgesinfo.fr\/gerardmerinfo\/2019\/08\/tennis-tournoi-az-com-cloture-saison-tcg\/#primaryimage\"},\"thumbnailUrl\":\"https:\/\/vosgesinfo.fr\/app\/uploads\/sites\/6\/2024\/07\/201605terres-battues-tcg-2-6.jpg\",\"articleSection\":[\"A la une\",\"G\u00e9rardmer\",\"Sport\"],\"inLanguage\":\"fr-FR\",\"potentialAction\":[{\"@type\":\"CommentAction\",\"name\":\"Comment\",\"target\":[\"https:\/\/vosgesinfo.fr\/gerardmerinfo\/2019\/08\/tennis-tournoi-az-com-cloture-saison-tcg\/#respond\"]}]},{\"@type\":\"WebPage\",\"@id\":\"https:\/\/vosgesinfo.fr\/gerardmerinfo\/2019\/08\/tennis-tournoi-az-com-cloture-saison-tcg\/\",\"url\":\"https:\/\/vosgesinfo.fr\/gerardmerinfo\/2019\/08\/tennis-tournoi-az-com-cloture-saison-tcg\/\",\"name\":\"Tennis : le tournoi AZ Com cl\u00f4ture la saison du TCG - Gerardmer Info\",\"isPartOf\":{\"@id\":\"https:\/\/vosgesinfo.fr\/gerardmerinfo\/#website\"},\"primaryImageOfPage\":{\"@id\":\"https:\/\/vosgesinfo.fr\/gerardmerinfo\/2019\/08\/tennis-tournoi-az-com-cloture-saison-tcg\/#primaryimage\"},\"image\":{\"@id\":\"https:\/\/vosgesinfo.fr\/gerardmerinfo\/2019\/08\/tennis-tournoi-az-com-cloture-saison-tcg\/#primaryimage\"},\"thumbnailUrl\":\"https:\/\/vosgesinfo.fr\/app\/uploads\/sites\/6\/2024\/07\/201605terres-battues-tcg-2-6.jpg\",\"datePublished\":\"2019-08-25T13:59:37+00:00\",\"dateModified\":\"2019-08-25T13:59:37+00:00\",\"breadcrumb\":{\"@id\":\"https:\/\/vosgesinfo.fr\/gerardmerinfo\/2019\/08\/tennis-tournoi-az-com-cloture-saison-tcg\/#breadcrumb\"},\"inLanguage\":\"fr-FR\",\"potentialAction\":[{\"@type\":\"ReadAction\",\"target\":[\"https:\/\/vosgesinfo.fr\/gerardmerinfo\/2019\/08\/tennis-tournoi-az-com-cloture-saison-tcg\/\"]}]},{\"@type\":\"ImageObject\",\"inLanguage\":\"fr-FR\",\"@id\":\"https:\/\/vosgesinfo.fr\/gerardmerinfo\/2019\/08\/tennis-tournoi-az-com-cloture-saison-tcg\/#primaryimage\",\"url\":\"https:\/\/vosgesinfo.fr\/app\/uploads\/sites\/6\/2024\/07\/201605terres-battues-tcg-2-6.jpg\",\"contentUrl\":\"https:\/\/vosgesinfo.fr\/app\/uploads\/sites\/6\/2024\/07\/201605terres-battues-tcg-2-6.jpg\",\"width\":1024,\"height\":576},{\"@type\":\"BreadcrumbList\",\"@id\":\"https:\/\/vosgesinfo.fr\/gerardmerinfo\/2019\/08\/tennis-tournoi-az-com-cloture-saison-tcg\/#breadcrumb\",\"itemListElement\":[{\"@type\":\"ListItem\",\"position\":1,\"name\":\"Home\",\"item\":\"https:\/\/vosgesinfo.fr\/gerardmerinfo\/\"},{\"@type\":\"ListItem\",\"position\":2,\"name\":\"Tennis : le tournoi AZ Com cl\u00f4ture la saison du TCG\"}]},{\"@type\":\"WebSite\",\"@id\":\"https:\/\/vosgesinfo.fr\/gerardmerinfo\/#website\",\"url\":\"https:\/\/vosgesinfo.fr\/gerardmerinfo\/\",\"name\":\"Gerardmer Info\",\"description\":\"Toute l&#039;actualit\u00e9 de G\u00e9rardmer\",\"publisher\":{\"@id\":\"https:\/\/vosgesinfo.fr\/gerardmerinfo\/#organization\"},\"alternateName\":\"Toute l'actualit\u00e9 de G\u00e9rardmer\",\"potentialAction\":[{\"@type\":\"SearchAction\",\"target\":{\"@type\":\"EntryPoint\",\"urlTemplate\":\"https:\/\/vosgesinfo.fr\/gerardmerinfo\/?s={search_term_string}\"},\"query-input\":\"required name=search_term_string\"}],\"inLanguage\":\"fr-FR\"},{\"@type\":\"Organization\",\"@id\":\"https:\/\/vosgesinfo.fr\/gerardmerinfo\/#organization\",\"name\":\"Gerardmer Info\",\"url\":\"https:\/\/vosgesinfo.fr\/gerardmerinfo\/\",\"logo\":{\"@type\":\"ImageObject\",\"inLanguage\":\"fr-FR\",\"@id\":\"https:\/\/vosgesinfo.fr\/gerardmerinfo\/#\/schema\/logo\/image\/\",\"url\":\"https:\/\/vosgesinfo.fr\/app\/uploads\/sites\/6\/2023\/08\/favicon-gerardmerinfo.png\",\"contentUrl\":\"https:\/\/vosgesinfo.fr\/app\/uploads\/sites\/6\/2023\/08\/favicon-gerardmerinfo.png\",\"width\":512,\"height\":512,\"caption\":\"Gerardmer Info\"},\"image\":{\"@id\":\"https:\/\/vosgesinfo.fr\/gerardmerinfo\/#\/schema\/logo\/image\/\"},\"sameAs\":[\"https:\/\/www.facebook.com\/profile.php?id=100049475262660\",\"https:\/\/x.com\/VosgesInfo88\",\"https:\/\/www.youtube.com\/@vosgesinfo\"]},{\"@type\":\"Person\",\"@id\":\"https:\/\/vosgesinfo.fr\/gerardmerinfo\/#\/schema\/person\/db5605779a843dad16b5368f3e7613a5\",\"name\":\"QG\",\"image\":{\"@type\":\"ImageObject\",\"inLanguage\":\"fr-FR\",\"@id\":\"https:\/\/vosgesinfo.fr\/gerardmerinfo\/#\/schema\/person\/image\/\",\"url\":\"https:\/\/secure.gravatar.com\/avatar\/ea80c42c204b534408512832fde52504ecabb9706bcb6151cf6175e5b64e6793?s=96&d=mm&r=g\",\"contentUrl\":\"https:\/\/secure.gravatar.com\/avatar\/ea80c42c204b534408512832fde52504ecabb9706bcb6151cf6175e5b64e6793?s=96&d=mm&r=g\",\"caption\":\"QG\"},\"url\":\"https:\/\/vosgesinfo.fr\/gerardmerinfo\/author\/quentin88\/\"}]}<\/script>\n<!-- \/ Yoast SEO plugin. -->","yoast_head_json":{"title":"Tennis : le tournoi AZ Com cl\u00f4ture la saison du TCG - Gerardmer Info","robots":{"index":"index","follow":"follow","max-snippet":"max-snippet:-1","max-image-preview":"max-image-preview:large","max-video-preview":"max-video-preview:-1"},"canonical":"https:\/\/vosgesinfo.fr\/gerardmerinfo\/2019\/08\/tennis-tournoi-az-com-cloture-saison-tcg\/","twitter_card":"summary_large_image","twitter_title":"Tennis : le tournoi AZ Com cl\u00f4ture la saison du TCG - Gerardmer Info","twitter_description":"L&rsquo;\u00e9t\u00e9 et la saison du TC G\u00e9rardmer touchaient \u00e0 sa fin ce samedi sur les terres battues du quai du [&hellip;]","twitter_image":"https:\/\/vosgesinfo.fr\/app\/uploads\/sites\/6\/2024\/07\/201605terres-battues-tcg-2-6.jpg","twitter_creator":"@VosgesInfo88","twitter_site":"@VosgesInfo88","twitter_misc":{"\u00c9crit par":"QG","Dur\u00e9e de lecture estim\u00e9e":"3 minutes"},"schema":{"@context":"https:\/\/schema.org","@graph":[{"@type":"Article","@id":"https:\/\/vosgesinfo.fr\/gerardmerinfo\/2019\/08\/tennis-tournoi-az-com-cloture-saison-tcg\/#article","isPartOf":{"@id":"https:\/\/vosgesinfo.fr\/gerardmerinfo\/2019\/08\/tennis-tournoi-az-com-cloture-saison-tcg\/"},"author":{"name":"QG","@id":"https:\/\/vosgesinfo.fr\/gerardmerinfo\/#\/schema\/person\/db5605779a843dad16b5368f3e7613a5"},"headline":"Tennis : le tournoi AZ Com cl\u00f4ture la saison du TCG","datePublished":"2019-08-25T13:59:37+00:00","dateModified":"2019-08-25T13:59:37+00:00","mainEntityOfPage":{"@id":"https:\/\/vosgesinfo.fr\/gerardmerinfo\/2019\/08\/tennis-tournoi-az-com-cloture-saison-tcg\/"},"wordCount":588,"commentCount":0,"publisher":{"@id":"https:\/\/vosgesinfo.fr\/gerardmerinfo\/#organization"},"image":{"@id":"https:\/\/vosgesinfo.fr\/gerardmerinfo\/2019\/08\/tennis-tournoi-az-com-cloture-saison-tcg\/#primaryimage"},"thumbnailUrl":"https:\/\/vosgesinfo.fr\/app\/uploads\/sites\/6\/2024\/07\/201605terres-battues-tcg-2-6.jpg","articleSection":["A la une","G\u00e9rardmer","Sport"],"inLanguage":"fr-FR","potentialAction":[{"@type":"CommentAction","name":"Comment","target":["https:\/\/vosgesinfo.fr\/gerardmerinfo\/2019\/08\/tennis-tournoi-az-com-cloture-saison-tcg\/#respond"]}]},{"@type":"WebPage","@id":"https:\/\/vosgesinfo.fr\/gerardmerinfo\/2019\/08\/tennis-tournoi-az-com-cloture-saison-tcg\/","url":"https:\/\/vosgesinfo.fr\/gerardmerinfo\/2019\/08\/tennis-tournoi-az-com-cloture-saison-tcg\/","name":"Tennis : le tournoi AZ Com cl\u00f4ture la saison du TCG - Gerardmer Info","isPartOf":{"@id":"https:\/\/vosgesinfo.fr\/gerardmerinfo\/#website"},"primaryImageOfPage":{"@id":"https:\/\/vosgesinfo.fr\/gerardmerinfo\/2019\/08\/tennis-tournoi-az-com-cloture-saison-tcg\/#primaryimage"},"image":{"@id":"https:\/\/vosgesinfo.fr\/gerardmerinfo\/2019\/08\/tennis-tournoi-az-com-cloture-saison-tcg\/#primaryimage"},"thumbnailUrl":"https:\/\/vosgesinfo.fr\/app\/uploads\/sites\/6\/2024\/07\/201605terres-battues-tcg-2-6.jpg","datePublished":"2019-08-25T13:59:37+00:00","dateModified":"2019-08-25T13:59:37+00:00","breadcrumb":{"@id":"https:\/\/vosgesinfo.fr\/gerardmerinfo\/2019\/08\/tennis-tournoi-az-com-cloture-saison-tcg\/#breadcrumb"},"inLanguage":"fr-FR","potentialAction":[{"@type":"ReadAction","target":["https:\/\/vosgesinfo.fr\/gerardmerinfo\/2019\/08\/tennis-tournoi-az-com-cloture-saison-tcg\/"]}]},{"@type":"ImageObject","inLanguage":"fr-FR","@id":"https:\/\/vosgesinfo.fr\/gerardmerinfo\/2019\/08\/tennis-tournoi-az-com-cloture-saison-tcg\/#primaryimage","url":"https:\/\/vosgesinfo.fr\/app\/uploads\/sites\/6\/2024\/07\/201605terres-battues-tcg-2-6.jpg","contentUrl":"https:\/\/vosgesinfo.fr\/app\/uploads\/sites\/6\/2024\/07\/201605terres-battues-tcg-2-6.jpg","width":1024,"height":576},{"@type":"BreadcrumbList","@id":"https:\/\/vosgesinfo.fr\/gerardmerinfo\/2019\/08\/tennis-tournoi-az-com-cloture-saison-tcg\/#breadcrumb","itemListElement":[{"@type":"ListItem","position":1,"name":"Home","item":"https:\/\/vosgesinfo.fr\/gerardmerinfo\/"},{"@type":"ListItem","position":2,"name":"Tennis : le tournoi AZ Com cl\u00f4ture la saison du TCG"}]},{"@type":"WebSite","@id":"https:\/\/vosgesinfo.fr\/gerardmerinfo\/#website","url":"https:\/\/vosgesinfo.fr\/gerardmerinfo\/","name":"Gerardmer Info","description":"Toute l&#039;actualit\u00e9 de G\u00e9rardmer","publisher":{"@id":"https:\/\/vosgesinfo.fr\/gerardmerinfo\/#organization"},"alternateName":"Toute l'actualit\u00e9 de G\u00e9rardmer","potentialAction":[{"@type":"SearchAction","target":{"@type":"EntryPoint","urlTemplate":"https:\/\/vosgesinfo.fr\/gerardmerinfo\/?s={search_term_string}"},"query-input":"required name=search_term_string"}],"inLanguage":"fr-FR"},{"@type":"Organization","@id":"https:\/\/vosgesinfo.fr\/gerardmerinfo\/#organization","name":"Gerardmer Info","url":"https:\/\/vosgesinfo.fr\/gerardmerinfo\/","logo":{"@type":"ImageObject","inLanguage":"fr-FR","@id":"https:\/\/vosgesinfo.fr\/gerardmerinfo\/#\/schema\/logo\/image\/","url":"https:\/\/vosgesinfo.fr\/app\/uploads\/sites\/6\/2023\/08\/favicon-gerardmerinfo.png","contentUrl":"https:\/\/vosgesinfo.fr\/app\/uploads\/sites\/6\/2023\/08\/favicon-gerardmerinfo.png","width":512,"height":512,"caption":"Gerardmer Info"},"image":{"@id":"https:\/\/vosgesinfo.fr\/gerardmerinfo\/#\/schema\/logo\/image\/"},"sameAs":["https:\/\/www.facebook.com\/profile.php?id=100049475262660","https:\/\/x.com\/VosgesInfo88","https:\/\/www.youtube.com\/@vosgesinfo"]},{"@type":"Person","@id":"https:\/\/vosgesinfo.fr\/gerardmerinfo\/#\/schema\/person\/db5605779a843dad16b5368f3e7613a5","name":"QG","image":{"@type":"ImageObject","inLanguage":"fr-FR","@id":"https:\/\/vosgesinfo.fr\/gerardmerinfo\/#\/schema\/person\/image\/","url":"https:\/\/secure.gravatar.com\/avatar\/ea80c42c204b534408512832fde52504ecabb9706bcb6151cf6175e5b64e6793?s=96&d=mm&r=g","contentUrl":"https:\/\/secure.gravatar.com\/avatar\/ea80c42c204b534408512832fde52504ecabb9706bcb6151cf6175e5b64e6793?s=96&d=mm&r=g","caption":"QG"},"url":"https:\/\/vosgesinfo.fr\/gerardmerinfo\/author\/quentin88\/"}]}},"_links":{"self":[{"href":"https:\/\/vosgesinfo.fr\/gerardmerinfo\/wp-json\/wp\/v2\/posts\/43650","targetHints":{"allow":["GET"]}}],"collection":[{"href":"https:\/\/vosgesinfo.fr\/gerardmerinfo\/wp-json\/wp\/v2\/posts"}],"about":[{"href":"https:\/\/vosgesinfo.fr\/gerardmerinfo\/wp-json\/wp\/v2\/types\/post"}],"author":[{"embeddable":true,"href":"https:\/\/vosgesinfo.fr\/gerardmerinfo\/wp-json\/wp\/v2\/users\/42"}],"replies":[{"embeddable":true,"href":"https:\/\/vosgesinfo.fr\/gerardmerinfo\/wp-json\/wp\/v2\/comments?post=43650"}],"version-history":[{"count":0,"href":"https:\/\/vosgesinfo.fr\/gerardmerinfo\/wp-json\/wp\/v2\/posts\/43650\/revisions"}],"wp:featuredmedia":[{"embeddable":true,"href":"https:\/\/vosgesinfo.fr\/gerardmerinfo\/wp-json\/wp\/v2\/media\/43651"}],"wp:attachment":[{"href":"https:\/\/vosgesinfo.fr\/gerardmerinfo\/wp-json\/wp\/v2\/media?parent=43650"}],"wp:term":[{"taxonomy":"category","embeddable":true,"href":"https:\/\/vosgesinfo.fr\/gerardmerinfo\/wp-json\/wp\/v2\/categories?post=43650"},{"taxonomy":"post_tag","embeddable":true,"href":"https:\/\/vosgesinfo.fr\/gerardmerinfo\/wp-json\/wp\/v2\/tags?post=43650"}],"curies":[{"name":"wp","href":"https:\/\/api.w.org\/{rel}","templated":true}]}}