{"id":43653,"date":"2019-08-25T16:46:47","date_gmt":"2019-08-25T14:46:47","guid":{"rendered":"https:\/\/vosgesinfo.fr\/gerardmerinfo\/2019\/08\/concours-maison-fleuries-palmares-de-ledition-209\/"},"modified":"2019-08-25T16:46:47","modified_gmt":"2019-08-25T14:46:47","slug":"concours-maison-fleuries-palmares-de-ledition-209","status":"publish","type":"post","link":"https:\/\/vosgesinfo.fr\/gerardmerinfo\/2019\/08\/concours-maison-fleuries-palmares-de-ledition-209\/","title":{"rendered":"Concours des maisons Fleuries  : le palmar\u00e8s de l&rsquo;\u00e9dition 209"},"content":{"rendered":"<div id=\"attachment_151743\" style=\"width: 810px\" class=\"wp-caption aligncenter\"><a href=\"\/2019\/08\/IMG_3970.jpg\"><img decoding=\"async\" aria-describedby=\"caption-attachment-151743\" class=\"size-full wp-image-151743\" src=\"\/2019\/08\/IMG_3970.jpg\" alt=\"petite &quot;photo de famille&quot; des laur\u00e9ats et participants pr\u00e9sents lors de la c\u00e9r\u00e9monie de la Semptremeye en mairie.\" width=\"800\" height=\"533\" \/><\/a><p id=\"caption-attachment-151743\" class=\"wp-caption-text\"><span style=\"color: #000080;\">Petite \u00ab\u00a0photo de famille\u00a0\u00bb des laur\u00e9ats et participants pr\u00e9sents lors de la c\u00e9r\u00e9monie de la Semptremeye en mairie.<\/span><\/p><\/div>\n<p>&nbsp;<\/p>\n<h3>Comme le veut la tradition, le palmar\u00e8s du concours annuel des maisons fleuries organis\u00e9 par la Ville de G\u00e9rardmer a \u00e9t\u00e9 d\u00e9voil\u00e9 ce dimanche \u00e0 l&rsquo;occasion de la c\u00e9r\u00e9monie de la Semptremeye.<\/h3>\n<p>Le maire Stessy Speissmann ainsi que les enfants du conseil municipal des jeunes ont eu le plaisir de r\u00e9compenser les laur\u00e9ats ainsi que les participants pr\u00e9sents au Grand Salon de l&rsquo;H\u00f4tel de Ville ce dimanche matin. Le premier magistrat qui a f\u00e9licit\u00e9 l&rsquo;ensemble des jardiniers, rappelant que les conditions m\u00e9t\u00e9o ne leur avaient pourtant pas facilit\u00e9 la t\u00e2che avec notamment un d\u00e9ficit en mati\u00e8re de pr\u00e9cipitation pendant la p\u00e9riode du mois de juillet&#8230;<\/p>\n<p style=\"text-align: center;\"><strong>Le palmar\u00e8s :<\/strong><\/p>\n<div class=\"\"><strong>\u2013 Balcon \/ fen\u00eatre \/ mur (24 participants) :<\/strong><\/div>\n<div class=\"\">1er : C\u00e9cile G\u00e9hin<\/div>\n<div class=\"\">2\u00e8me : ex \u00e6quo : Ginette Didier et Didier Dupuis<\/div>\n<div class=\"\">3\u00e8me ex \u00e6quo : marie Aiguier et Huguette Moulin<\/div>\n<div class=\"\"><\/div>\n<div class=\"\"><strong>\u2013 Maison \/ ferme \/ immeuble \/ collectif (29 participants) :<\/strong><\/div>\n<div class=\"\">1er : Maurice poirot<\/div>\n<div class=\"\">2\u00e8me : Annie Laroche<\/div>\n<div class=\"\">3\u00e8me ex \u00e6quo : Gilbert Cl\u00e9ment et Martine Daucourt<\/div>\n<div class=\"\"><\/div>\n<div class=\"\"><strong>\u2013 H\u00f4tel \/ restaurant \/ camping \/ commerce (4 participants) :<\/strong><\/div>\n<div class=\"\">1er : Les Bas-Rupts\/le Chalet Fleuri<\/div>\n<div class=\"\">2\u00e8me : l&rsquo;H\u00f4tel La Route Verte<\/div>\n<div class=\"\">3\u00e8me ex \u00e6quo : l&rsquo;H\u00f4tel de la\u00a0 Jamagne et Sabrina Bernard<\/div>\n","protected":false},"excerpt":{"rendered":"<p>&nbsp; Comme le veut la tradition, le palmar\u00e8s du concours annuel des maisons fleuries organis\u00e9 par la Ville de G\u00e9rardmer [&hellip;]<\/p>\n","protected":false},"author":42,"featured_media":43654,"comment_status":"open","ping_status":"open","sticky":false,"template":"","format":"standard","meta":{"footnotes":""},"categories":[20,25],"tags":[710,488],"class_list":["post-43653","post","type-post","status-publish","format-standard","has-post-thumbnail","hentry","category-a-la-une","category-gerardmer","tag-concours-maisons-fleuries","tag-semptremeye"],"acf":[],"yoast_head":"<!-- This site is optimized with the Yoast SEO plugin v22.5 - https:\/\/yoast.com\/wordpress\/plugins\/seo\/ -->\n<title>Concours des maisons Fleuries : le palmar\u00e8s de l&#039;\u00e9dition 209 - Gerardmer Info<\/title>\n<meta name=\"robots\" content=\"index, follow, max-snippet:-1, max-image-preview:large, max-video-preview:-1\" \/>\n<link rel=\"canonical\" href=\"https:\/\/vosgesinfo.fr\/gerardmerinfo\/2019\/08\/concours-maison-fleuries-palmares-de-ledition-209\/\" \/>\n<meta name=\"twitter:card\" content=\"summary_large_image\" \/>\n<meta name=\"twitter:title\" content=\"Concours des maisons Fleuries : le palmar\u00e8s de l&#039;\u00e9dition 209 - Gerardmer Info\" \/>\n<meta name=\"twitter:description\" content=\"&nbsp; Comme le veut la tradition, le palmar\u00e8s du concours annuel des maisons fleuries organis\u00e9 par la Ville de G\u00e9rardmer [&hellip;]\" \/>\n<meta name=\"twitter:image\" content=\"https:\/\/vosgesinfo.fr\/app\/uploads\/sites\/6\/2024\/07\/201908img-3970.jpg\" \/>\n<meta name=\"twitter:creator\" content=\"@VosgesInfo88\" \/>\n<meta name=\"twitter:site\" content=\"@VosgesInfo88\" \/>\n<meta name=\"twitter:label1\" content=\"\u00c9crit par\" \/>\n\t<meta name=\"twitter:data1\" content=\"QG\" \/>\n\t<meta name=\"twitter:label2\" content=\"Dur\u00e9e de lecture estim\u00e9e\" \/>\n\t<meta name=\"twitter:data2\" content=\"1 minute\" \/>\n<script type=\"application\/ld+json\" class=\"yoast-schema-graph\">{\"@context\":\"https:\/\/schema.org\",\"@graph\":[{\"@type\":\"Article\",\"@id\":\"https:\/\/vosgesinfo.fr\/gerardmerinfo\/2019\/08\/concours-maison-fleuries-palmares-de-ledition-209\/#article\",\"isPartOf\":{\"@id\":\"https:\/\/vosgesinfo.fr\/gerardmerinfo\/2019\/08\/concours-maison-fleuries-palmares-de-ledition-209\/\"},\"author\":{\"name\":\"QG\",\"@id\":\"https:\/\/vosgesinfo.fr\/gerardmerinfo\/#\/schema\/person\/db5605779a843dad16b5368f3e7613a5\"},\"headline\":\"Concours des maisons Fleuries : le palmar\u00e8s de l&rsquo;\u00e9dition 209\",\"datePublished\":\"2019-08-25T14:46:47+00:00\",\"dateModified\":\"2019-08-25T14:46:47+00:00\",\"mainEntityOfPage\":{\"@id\":\"https:\/\/vosgesinfo.fr\/gerardmerinfo\/2019\/08\/concours-maison-fleuries-palmares-de-ledition-209\/\"},\"wordCount\":244,\"commentCount\":0,\"publisher\":{\"@id\":\"https:\/\/vosgesinfo.fr\/gerardmerinfo\/#organization\"},\"image\":{\"@id\":\"https:\/\/vosgesinfo.fr\/gerardmerinfo\/2019\/08\/concours-maison-fleuries-palmares-de-ledition-209\/#primaryimage\"},\"thumbnailUrl\":\"https:\/\/vosgesinfo.fr\/app\/uploads\/sites\/6\/2024\/07\/201908img-3970.jpg\",\"keywords\":[\"concours maisons fleuries\",\"semptremeye\"],\"articleSection\":[\"A la une\",\"G\u00e9rardmer\"],\"inLanguage\":\"fr-FR\",\"potentialAction\":[{\"@type\":\"CommentAction\",\"name\":\"Comment\",\"target\":[\"https:\/\/vosgesinfo.fr\/gerardmerinfo\/2019\/08\/concours-maison-fleuries-palmares-de-ledition-209\/#respond\"]}]},{\"@type\":\"WebPage\",\"@id\":\"https:\/\/vosgesinfo.fr\/gerardmerinfo\/2019\/08\/concours-maison-fleuries-palmares-de-ledition-209\/\",\"url\":\"https:\/\/vosgesinfo.fr\/gerardmerinfo\/2019\/08\/concours-maison-fleuries-palmares-de-ledition-209\/\",\"name\":\"Concours des maisons Fleuries : le palmar\u00e8s de l'\u00e9dition 209 - Gerardmer Info\",\"isPartOf\":{\"@id\":\"https:\/\/vosgesinfo.fr\/gerardmerinfo\/#website\"},\"primaryImageOfPage\":{\"@id\":\"https:\/\/vosgesinfo.fr\/gerardmerinfo\/2019\/08\/concours-maison-fleuries-palmares-de-ledition-209\/#primaryimage\"},\"image\":{\"@id\":\"https:\/\/vosgesinfo.fr\/gerardmerinfo\/2019\/08\/concours-maison-fleuries-palmares-de-ledition-209\/#primaryimage\"},\"thumbnailUrl\":\"https:\/\/vosgesinfo.fr\/app\/uploads\/sites\/6\/2024\/07\/201908img-3970.jpg\",\"datePublished\":\"2019-08-25T14:46:47+00:00\",\"dateModified\":\"2019-08-25T14:46:47+00:00\",\"breadcrumb\":{\"@id\":\"https:\/\/vosgesinfo.fr\/gerardmerinfo\/2019\/08\/concours-maison-fleuries-palmares-de-ledition-209\/#breadcrumb\"},\"inLanguage\":\"fr-FR\",\"potentialAction\":[{\"@type\":\"ReadAction\",\"target\":[\"https:\/\/vosgesinfo.fr\/gerardmerinfo\/2019\/08\/concours-maison-fleuries-palmares-de-ledition-209\/\"]}]},{\"@type\":\"ImageObject\",\"inLanguage\":\"fr-FR\",\"@id\":\"https:\/\/vosgesinfo.fr\/gerardmerinfo\/2019\/08\/concours-maison-fleuries-palmares-de-ledition-209\/#primaryimage\",\"url\":\"https:\/\/vosgesinfo.fr\/app\/uploads\/sites\/6\/2024\/07\/201908img-3970.jpg\",\"contentUrl\":\"https:\/\/vosgesinfo.fr\/app\/uploads\/sites\/6\/2024\/07\/201908img-3970.jpg\",\"width\":800,\"height\":533},{\"@type\":\"BreadcrumbList\",\"@id\":\"https:\/\/vosgesinfo.fr\/gerardmerinfo\/2019\/08\/concours-maison-fleuries-palmares-de-ledition-209\/#breadcrumb\",\"itemListElement\":[{\"@type\":\"ListItem\",\"position\":1,\"name\":\"Home\",\"item\":\"https:\/\/vosgesinfo.fr\/gerardmerinfo\/\"},{\"@type\":\"ListItem\",\"position\":2,\"name\":\"Concours des maisons Fleuries : le palmar\u00e8s de l&rsquo;\u00e9dition 209\"}]},{\"@type\":\"WebSite\",\"@id\":\"https:\/\/vosgesinfo.fr\/gerardmerinfo\/#website\",\"url\":\"https:\/\/vosgesinfo.fr\/gerardmerinfo\/\",\"name\":\"Gerardmer Info\",\"description\":\"Toute l&#039;actualit\u00e9 de G\u00e9rardmer\",\"publisher\":{\"@id\":\"https:\/\/vosgesinfo.fr\/gerardmerinfo\/#organization\"},\"alternateName\":\"Toute l'actualit\u00e9 de G\u00e9rardmer\",\"potentialAction\":[{\"@type\":\"SearchAction\",\"target\":{\"@type\":\"EntryPoint\",\"urlTemplate\":\"https:\/\/vosgesinfo.fr\/gerardmerinfo\/?s={search_term_string}\"},\"query-input\":\"required name=search_term_string\"}],\"inLanguage\":\"fr-FR\"},{\"@type\":\"Organization\",\"@id\":\"https:\/\/vosgesinfo.fr\/gerardmerinfo\/#organization\",\"name\":\"Gerardmer Info\",\"url\":\"https:\/\/vosgesinfo.fr\/gerardmerinfo\/\",\"logo\":{\"@type\":\"ImageObject\",\"inLanguage\":\"fr-FR\",\"@id\":\"https:\/\/vosgesinfo.fr\/gerardmerinfo\/#\/schema\/logo\/image\/\",\"url\":\"https:\/\/vosgesinfo.fr\/app\/uploads\/sites\/6\/2023\/08\/favicon-gerardmerinfo.png\",\"contentUrl\":\"https:\/\/vosgesinfo.fr\/app\/uploads\/sites\/6\/2023\/08\/favicon-gerardmerinfo.png\",\"width\":512,\"height\":512,\"caption\":\"Gerardmer Info\"},\"image\":{\"@id\":\"https:\/\/vosgesinfo.fr\/gerardmerinfo\/#\/schema\/logo\/image\/\"},\"sameAs\":[\"https:\/\/www.facebook.com\/profile.php?id=100049475262660\",\"https:\/\/x.com\/VosgesInfo88\",\"https:\/\/www.youtube.com\/@vosgesinfo\"]},{\"@type\":\"Person\",\"@id\":\"https:\/\/vosgesinfo.fr\/gerardmerinfo\/#\/schema\/person\/db5605779a843dad16b5368f3e7613a5\",\"name\":\"QG\",\"image\":{\"@type\":\"ImageObject\",\"inLanguage\":\"fr-FR\",\"@id\":\"https:\/\/vosgesinfo.fr\/gerardmerinfo\/#\/schema\/person\/image\/\",\"url\":\"https:\/\/secure.gravatar.com\/avatar\/ea80c42c204b534408512832fde52504ecabb9706bcb6151cf6175e5b64e6793?s=96&d=mm&r=g\",\"contentUrl\":\"https:\/\/secure.gravatar.com\/avatar\/ea80c42c204b534408512832fde52504ecabb9706bcb6151cf6175e5b64e6793?s=96&d=mm&r=g\",\"caption\":\"QG\"},\"url\":\"https:\/\/vosgesinfo.fr\/gerardmerinfo\/author\/quentin88\/\"}]}<\/script>\n<!-- \/ Yoast SEO plugin. -->","yoast_head_json":{"title":"Concours des maisons Fleuries : le palmar\u00e8s de l'\u00e9dition 209 - Gerardmer Info","robots":{"index":"index","follow":"follow","max-snippet":"max-snippet:-1","max-image-preview":"max-image-preview:large","max-video-preview":"max-video-preview:-1"},"canonical":"https:\/\/vosgesinfo.fr\/gerardmerinfo\/2019\/08\/concours-maison-fleuries-palmares-de-ledition-209\/","twitter_card":"summary_large_image","twitter_title":"Concours des maisons Fleuries : le palmar\u00e8s de l'\u00e9dition 209 - Gerardmer Info","twitter_description":"&nbsp; Comme le veut la tradition, le palmar\u00e8s du concours annuel des maisons fleuries organis\u00e9 par la Ville de G\u00e9rardmer [&hellip;]","twitter_image":"https:\/\/vosgesinfo.fr\/app\/uploads\/sites\/6\/2024\/07\/201908img-3970.jpg","twitter_creator":"@VosgesInfo88","twitter_site":"@VosgesInfo88","twitter_misc":{"\u00c9crit par":"QG","Dur\u00e9e de lecture estim\u00e9e":"1 minute"},"schema":{"@context":"https:\/\/schema.org","@graph":[{"@type":"Article","@id":"https:\/\/vosgesinfo.fr\/gerardmerinfo\/2019\/08\/concours-maison-fleuries-palmares-de-ledition-209\/#article","isPartOf":{"@id":"https:\/\/vosgesinfo.fr\/gerardmerinfo\/2019\/08\/concours-maison-fleuries-palmares-de-ledition-209\/"},"author":{"name":"QG","@id":"https:\/\/vosgesinfo.fr\/gerardmerinfo\/#\/schema\/person\/db5605779a843dad16b5368f3e7613a5"},"headline":"Concours des maisons Fleuries : le palmar\u00e8s de l&rsquo;\u00e9dition 209","datePublished":"2019-08-25T14:46:47+00:00","dateModified":"2019-08-25T14:46:47+00:00","mainEntityOfPage":{"@id":"https:\/\/vosgesinfo.fr\/gerardmerinfo\/2019\/08\/concours-maison-fleuries-palmares-de-ledition-209\/"},"wordCount":244,"commentCount":0,"publisher":{"@id":"https:\/\/vosgesinfo.fr\/gerardmerinfo\/#organization"},"image":{"@id":"https:\/\/vosgesinfo.fr\/gerardmerinfo\/2019\/08\/concours-maison-fleuries-palmares-de-ledition-209\/#primaryimage"},"thumbnailUrl":"https:\/\/vosgesinfo.fr\/app\/uploads\/sites\/6\/2024\/07\/201908img-3970.jpg","keywords":["concours maisons fleuries","semptremeye"],"articleSection":["A la une","G\u00e9rardmer"],"inLanguage":"fr-FR","potentialAction":[{"@type":"CommentAction","name":"Comment","target":["https:\/\/vosgesinfo.fr\/gerardmerinfo\/2019\/08\/concours-maison-fleuries-palmares-de-ledition-209\/#respond"]}]},{"@type":"WebPage","@id":"https:\/\/vosgesinfo.fr\/gerardmerinfo\/2019\/08\/concours-maison-fleuries-palmares-de-ledition-209\/","url":"https:\/\/vosgesinfo.fr\/gerardmerinfo\/2019\/08\/concours-maison-fleuries-palmares-de-ledition-209\/","name":"Concours des maisons Fleuries : le palmar\u00e8s de l'\u00e9dition 209 - Gerardmer Info","isPartOf":{"@id":"https:\/\/vosgesinfo.fr\/gerardmerinfo\/#website"},"primaryImageOfPage":{"@id":"https:\/\/vosgesinfo.fr\/gerardmerinfo\/2019\/08\/concours-maison-fleuries-palmares-de-ledition-209\/#primaryimage"},"image":{"@id":"https:\/\/vosgesinfo.fr\/gerardmerinfo\/2019\/08\/concours-maison-fleuries-palmares-de-ledition-209\/#primaryimage"},"thumbnailUrl":"https:\/\/vosgesinfo.fr\/app\/uploads\/sites\/6\/2024\/07\/201908img-3970.jpg","datePublished":"2019-08-25T14:46:47+00:00","dateModified":"2019-08-25T14:46:47+00:00","breadcrumb":{"@id":"https:\/\/vosgesinfo.fr\/gerardmerinfo\/2019\/08\/concours-maison-fleuries-palmares-de-ledition-209\/#breadcrumb"},"inLanguage":"fr-FR","potentialAction":[{"@type":"ReadAction","target":["https:\/\/vosgesinfo.fr\/gerardmerinfo\/2019\/08\/concours-maison-fleuries-palmares-de-ledition-209\/"]}]},{"@type":"ImageObject","inLanguage":"fr-FR","@id":"https:\/\/vosgesinfo.fr\/gerardmerinfo\/2019\/08\/concours-maison-fleuries-palmares-de-ledition-209\/#primaryimage","url":"https:\/\/vosgesinfo.fr\/app\/uploads\/sites\/6\/2024\/07\/201908img-3970.jpg","contentUrl":"https:\/\/vosgesinfo.fr\/app\/uploads\/sites\/6\/2024\/07\/201908img-3970.jpg","width":800,"height":533},{"@type":"BreadcrumbList","@id":"https:\/\/vosgesinfo.fr\/gerardmerinfo\/2019\/08\/concours-maison-fleuries-palmares-de-ledition-209\/#breadcrumb","itemListElement":[{"@type":"ListItem","position":1,"name":"Home","item":"https:\/\/vosgesinfo.fr\/gerardmerinfo\/"},{"@type":"ListItem","position":2,"name":"Concours des maisons Fleuries : le palmar\u00e8s de l&rsquo;\u00e9dition 209"}]},{"@type":"WebSite","@id":"https:\/\/vosgesinfo.fr\/gerardmerinfo\/#website","url":"https:\/\/vosgesinfo.fr\/gerardmerinfo\/","name":"Gerardmer Info","description":"Toute l&#039;actualit\u00e9 de G\u00e9rardmer","publisher":{"@id":"https:\/\/vosgesinfo.fr\/gerardmerinfo\/#organization"},"alternateName":"Toute l'actualit\u00e9 de G\u00e9rardmer","potentialAction":[{"@type":"SearchAction","target":{"@type":"EntryPoint","urlTemplate":"https:\/\/vosgesinfo.fr\/gerardmerinfo\/?s={search_term_string}"},"query-input":"required name=search_term_string"}],"inLanguage":"fr-FR"},{"@type":"Organization","@id":"https:\/\/vosgesinfo.fr\/gerardmerinfo\/#organization","name":"Gerardmer Info","url":"https:\/\/vosgesinfo.fr\/gerardmerinfo\/","logo":{"@type":"ImageObject","inLanguage":"fr-FR","@id":"https:\/\/vosgesinfo.fr\/gerardmerinfo\/#\/schema\/logo\/image\/","url":"https:\/\/vosgesinfo.fr\/app\/uploads\/sites\/6\/2023\/08\/favicon-gerardmerinfo.png","contentUrl":"https:\/\/vosgesinfo.fr\/app\/uploads\/sites\/6\/2023\/08\/favicon-gerardmerinfo.png","width":512,"height":512,"caption":"Gerardmer Info"},"image":{"@id":"https:\/\/vosgesinfo.fr\/gerardmerinfo\/#\/schema\/logo\/image\/"},"sameAs":["https:\/\/www.facebook.com\/profile.php?id=100049475262660","https:\/\/x.com\/VosgesInfo88","https:\/\/www.youtube.com\/@vosgesinfo"]},{"@type":"Person","@id":"https:\/\/vosgesinfo.fr\/gerardmerinfo\/#\/schema\/person\/db5605779a843dad16b5368f3e7613a5","name":"QG","image":{"@type":"ImageObject","inLanguage":"fr-FR","@id":"https:\/\/vosgesinfo.fr\/gerardmerinfo\/#\/schema\/person\/image\/","url":"https:\/\/secure.gravatar.com\/avatar\/ea80c42c204b534408512832fde52504ecabb9706bcb6151cf6175e5b64e6793?s=96&d=mm&r=g","contentUrl":"https:\/\/secure.gravatar.com\/avatar\/ea80c42c204b534408512832fde52504ecabb9706bcb6151cf6175e5b64e6793?s=96&d=mm&r=g","caption":"QG"},"url":"https:\/\/vosgesinfo.fr\/gerardmerinfo\/author\/quentin88\/"}]}},"_links":{"self":[{"href":"https:\/\/vosgesinfo.fr\/gerardmerinfo\/wp-json\/wp\/v2\/posts\/43653","targetHints":{"allow":["GET"]}}],"collection":[{"href":"https:\/\/vosgesinfo.fr\/gerardmerinfo\/wp-json\/wp\/v2\/posts"}],"about":[{"href":"https:\/\/vosgesinfo.fr\/gerardmerinfo\/wp-json\/wp\/v2\/types\/post"}],"author":[{"embeddable":true,"href":"https:\/\/vosgesinfo.fr\/gerardmerinfo\/wp-json\/wp\/v2\/users\/42"}],"replies":[{"embeddable":true,"href":"https:\/\/vosgesinfo.fr\/gerardmerinfo\/wp-json\/wp\/v2\/comments?post=43653"}],"version-history":[{"count":0,"href":"https:\/\/vosgesinfo.fr\/gerardmerinfo\/wp-json\/wp\/v2\/posts\/43653\/revisions"}],"wp:featuredmedia":[{"embeddable":true,"href":"https:\/\/vosgesinfo.fr\/gerardmerinfo\/wp-json\/wp\/v2\/media\/43654"}],"wp:attachment":[{"href":"https:\/\/vosgesinfo.fr\/gerardmerinfo\/wp-json\/wp\/v2\/media?parent=43653"}],"wp:term":[{"taxonomy":"category","embeddable":true,"href":"https:\/\/vosgesinfo.fr\/gerardmerinfo\/wp-json\/wp\/v2\/categories?post=43653"},{"taxonomy":"post_tag","embeddable":true,"href":"https:\/\/vosgesinfo.fr\/gerardmerinfo\/wp-json\/wp\/v2\/tags?post=43653"}],"curies":[{"name":"wp","href":"https:\/\/api.w.org\/{rel}","templated":true}]}}