{"id":43657,"date":"2019-08-26T16:04:23","date_gmt":"2019-08-26T14:04:23","guid":{"rendered":"https:\/\/vosgesinfo.fr\/gerardmerinfo\/2019\/08\/semptremeye-st-barthelemy-a-geromoise\/"},"modified":"2019-08-26T16:04:23","modified_gmt":"2019-08-26T14:04:23","slug":"semptremeye-st-barthelemy-a-geromoise","status":"publish","type":"post","link":"https:\/\/vosgesinfo.fr\/gerardmerinfo\/2019\/08\/semptremeye-st-barthelemy-a-geromoise\/","title":{"rendered":"Semptremeye : la St Barth\u00e9l\u00e9my \u00e0 la g\u00e9r\u00f4moise"},"content":{"rendered":"\n<h3>Signe que la rentr\u00e9e des classes se fait sentir, la c\u00e9r\u00e9monie de la Semptremeye s&rsquo;est d\u00e9roul\u00e9e ce dimanche 25 ao\u00fbt \u00e0 l&rsquo;h\u00f4tel de ville de G\u00e9rardmer. Un \u00e9v\u00e9nement introduit en musique par des \u00e9l\u00e8ves de l&rsquo;Acad\u00e9mie Internationale de Musique et l&rsquo;un de leurs professeurs.<\/h3>\n<p>Pour les novices, sachez que cette c\u00e9r\u00e9monie a plusieurs facettes et permet tout d&rsquo;abord d\u2019accueillir les nouveaux arrivants \u00e0 G\u00e9rardmer. Ils sont 50 cette ann\u00e9e et 15 enfants \u00e0 \u00eatre venus s&rsquo;installer (ou \u00e0 revenir) dans nos montagnes, et \u00e0 part pour ceux qui op\u00e8rent un retour aux sources, le terme \u00ab\u00a0Semptremeye\u00a0\u00bb n\u00e9cessitait donc un petit \u00e9clairage. C&rsquo;est donc le pr\u00e9sident de l&rsquo;Acad\u00e9mie de Patois locale qui s&rsquo;en est charg\u00e9. Serge Renou est donc revenu bri\u00e8vement sur les origines de la Semptremeye, ou plut\u00f4t Sembtremeye, la f\u00eate patronale ou Saint Barth\u00e9l\u00e9my. Barth\u00e9l\u00e9my qui se disait chez nous \u00ab\u00a0Betremeye.\u00a0\u00bb La Semptremeye est donc une contraction et une d\u00e9formation de Saint Betremeye.<\/p>\n<p><a href=\"\/2019\/08\/IMG_20190825_103619.jpg\"><img decoding=\"async\" class=\"alignright size-medium wp-image-151770\" src=\"\/2019\/08\/IMG_20190825_103619-340x255.jpg\" alt=\"acad\u00e9mie musique\" width=\"340\" height=\"255\" \/><\/a>Les nouveaux arrivants ont \u00e9galement \u00e9t\u00e9 accueillis par un petit mot du maire Stessy Speissmann qui, aid\u00e9 des membres du conseil municipal des jeunes,\u00a0\u00bb leur a remis un petit cadeau de bienvenue d&rsquo;une fameuse marque de linge de maison g\u00e9r\u00f4moise. Le pr\u00e9sident de l&rsquo;antenne locale de l&rsquo;Accueil des villes Fran\u00e7aises a ensuite pr\u00e9sent\u00e9 son association qui \u0153uvre pour l&rsquo;int\u00e9gration des nouveaux arrivants \u00e0 travers de nombreuses activit\u00e9s et sorties. G\u00e9rard Martin a rappel\u00e9 au passage qu&rsquo;avec 173 adh\u00e9rents et 11 b\u00e9n\u00e9voles, l&rsquo;AVF de G\u00e9rardmer \u00e9tait la plus importante du grand Est, rien que \u00e7a !<\/p>\n<p>Pour conclure, cette c\u00e9r\u00e9monie permet de remettre deux prix \u00e0 de jeunes G\u00e9r\u00f4mois ou G\u00e9r\u00f4moises. Commen\u00e7ons avec le Prix Lucien L\u00e9vy, d\u00e9cern\u00e9 chaque ann\u00e9e \u00e0 un \u00e9l\u00e8ve studieux de CM2 de l&rsquo;\u00e9cole Jean Mac\u00e9. Il a \u00e9t\u00e9 attribu\u00e9 \u00e0 Cassandra Vichard, un peu impressionn\u00e9e et qui n&rsquo;a pas souhait\u00e9 prendre le micro, on ne lui en voudra pas ! Quant au legs Jean-Baptiste Saulcy (du nom d&rsquo;un bienfaiteur de G\u00e9rardmer n\u00e9 en 1826), il est attribu\u00e9 \u00e0 une, voire deux jeunes femmes m\u00e9ritantes de 20 ans r\u00e9volus. Il a cette ann\u00e9e \u00e9t\u00e9 attribu\u00e9 \u00e0 Louise Masson, actuellement en master MEEF d&rsquo;Anglais en vue de devenir enseignante. Elle a confi\u00e9 qu&rsquo;elle esp\u00e9rait pouvoir revenir un jour exercer \u00e0 la Haie Griselle et c&rsquo;est bien tout le mal qu&rsquo;on lui souhaite !<\/p>\n\n<p>&nbsp;<\/p>\n","protected":false},"excerpt":{"rendered":"<p>Signe que la rentr\u00e9e des classes se fait sentir, la c\u00e9r\u00e9monie de la Semptremeye s&rsquo;est d\u00e9roul\u00e9e ce dimanche 25 ao\u00fbt [&hellip;]<\/p>\n","protected":false},"author":42,"featured_media":43658,"comment_status":"open","ping_status":"open","sticky":false,"template":"","format":"standard","meta":{"footnotes":""},"categories":[20,25],"tags":[488],"class_list":["post-43657","post","type-post","status-publish","format-standard","has-post-thumbnail","hentry","category-a-la-une","category-gerardmer","tag-semptremeye"],"acf":[],"yoast_head":"<!-- This site is optimized with the Yoast SEO plugin v22.5 - https:\/\/yoast.com\/wordpress\/plugins\/seo\/ -->\n<title>Semptremeye : la St Barth\u00e9l\u00e9my \u00e0 la g\u00e9r\u00f4moise - Gerardmer Info<\/title>\n<meta name=\"robots\" content=\"index, follow, max-snippet:-1, max-image-preview:large, max-video-preview:-1\" \/>\n<link rel=\"canonical\" href=\"https:\/\/vosgesinfo.fr\/gerardmerinfo\/2019\/08\/semptremeye-st-barthelemy-a-geromoise\/\" \/>\n<meta name=\"twitter:card\" content=\"summary_large_image\" \/>\n<meta name=\"twitter:title\" content=\"Semptremeye : la St Barth\u00e9l\u00e9my \u00e0 la g\u00e9r\u00f4moise - Gerardmer Info\" \/>\n<meta name=\"twitter:description\" content=\"Signe que la rentr\u00e9e des classes se fait sentir, la c\u00e9r\u00e9monie de la Semptremeye s&rsquo;est d\u00e9roul\u00e9e ce dimanche 25 ao\u00fbt [&hellip;]\" \/>\n<meta name=\"twitter:image\" content=\"https:\/\/vosgesinfo.fr\/app\/uploads\/sites\/6\/2024\/07\/201908img-20190825-104728.jpg\" \/>\n<meta name=\"twitter:creator\" content=\"@VosgesInfo88\" \/>\n<meta name=\"twitter:site\" content=\"@VosgesInfo88\" \/>\n<meta name=\"twitter:label1\" content=\"\u00c9crit par\" \/>\n\t<meta name=\"twitter:data1\" content=\"QG\" \/>\n\t<meta name=\"twitter:label2\" content=\"Dur\u00e9e de lecture estim\u00e9e\" \/>\n\t<meta name=\"twitter:data2\" content=\"2 minutes\" \/>\n<script type=\"application\/ld+json\" class=\"yoast-schema-graph\">{\"@context\":\"https:\/\/schema.org\",\"@graph\":[{\"@type\":\"Article\",\"@id\":\"https:\/\/vosgesinfo.fr\/gerardmerinfo\/2019\/08\/semptremeye-st-barthelemy-a-geromoise\/#article\",\"isPartOf\":{\"@id\":\"https:\/\/vosgesinfo.fr\/gerardmerinfo\/2019\/08\/semptremeye-st-barthelemy-a-geromoise\/\"},\"author\":{\"name\":\"QG\",\"@id\":\"https:\/\/vosgesinfo.fr\/gerardmerinfo\/#\/schema\/person\/db5605779a843dad16b5368f3e7613a5\"},\"headline\":\"Semptremeye : la St Barth\u00e9l\u00e9my \u00e0 la g\u00e9r\u00f4moise\",\"datePublished\":\"2019-08-26T14:04:23+00:00\",\"dateModified\":\"2019-08-26T14:04:23+00:00\",\"mainEntityOfPage\":{\"@id\":\"https:\/\/vosgesinfo.fr\/gerardmerinfo\/2019\/08\/semptremeye-st-barthelemy-a-geromoise\/\"},\"wordCount\":464,\"commentCount\":0,\"publisher\":{\"@id\":\"https:\/\/vosgesinfo.fr\/gerardmerinfo\/#organization\"},\"image\":{\"@id\":\"https:\/\/vosgesinfo.fr\/gerardmerinfo\/2019\/08\/semptremeye-st-barthelemy-a-geromoise\/#primaryimage\"},\"thumbnailUrl\":\"https:\/\/vosgesinfo.fr\/app\/uploads\/sites\/6\/2024\/07\/201908img-20190825-104728.jpg\",\"keywords\":[\"semptremeye\"],\"articleSection\":[\"A la une\",\"G\u00e9rardmer\"],\"inLanguage\":\"fr-FR\",\"potentialAction\":[{\"@type\":\"CommentAction\",\"name\":\"Comment\",\"target\":[\"https:\/\/vosgesinfo.fr\/gerardmerinfo\/2019\/08\/semptremeye-st-barthelemy-a-geromoise\/#respond\"]}]},{\"@type\":\"WebPage\",\"@id\":\"https:\/\/vosgesinfo.fr\/gerardmerinfo\/2019\/08\/semptremeye-st-barthelemy-a-geromoise\/\",\"url\":\"https:\/\/vosgesinfo.fr\/gerardmerinfo\/2019\/08\/semptremeye-st-barthelemy-a-geromoise\/\",\"name\":\"Semptremeye : la St Barth\u00e9l\u00e9my \u00e0 la g\u00e9r\u00f4moise - Gerardmer Info\",\"isPartOf\":{\"@id\":\"https:\/\/vosgesinfo.fr\/gerardmerinfo\/#website\"},\"primaryImageOfPage\":{\"@id\":\"https:\/\/vosgesinfo.fr\/gerardmerinfo\/2019\/08\/semptremeye-st-barthelemy-a-geromoise\/#primaryimage\"},\"image\":{\"@id\":\"https:\/\/vosgesinfo.fr\/gerardmerinfo\/2019\/08\/semptremeye-st-barthelemy-a-geromoise\/#primaryimage\"},\"thumbnailUrl\":\"https:\/\/vosgesinfo.fr\/app\/uploads\/sites\/6\/2024\/07\/201908img-20190825-104728.jpg\",\"datePublished\":\"2019-08-26T14:04:23+00:00\",\"dateModified\":\"2019-08-26T14:04:23+00:00\",\"breadcrumb\":{\"@id\":\"https:\/\/vosgesinfo.fr\/gerardmerinfo\/2019\/08\/semptremeye-st-barthelemy-a-geromoise\/#breadcrumb\"},\"inLanguage\":\"fr-FR\",\"potentialAction\":[{\"@type\":\"ReadAction\",\"target\":[\"https:\/\/vosgesinfo.fr\/gerardmerinfo\/2019\/08\/semptremeye-st-barthelemy-a-geromoise\/\"]}]},{\"@type\":\"ImageObject\",\"inLanguage\":\"fr-FR\",\"@id\":\"https:\/\/vosgesinfo.fr\/gerardmerinfo\/2019\/08\/semptremeye-st-barthelemy-a-geromoise\/#primaryimage\",\"url\":\"https:\/\/vosgesinfo.fr\/app\/uploads\/sites\/6\/2024\/07\/201908img-20190825-104728.jpg\",\"contentUrl\":\"https:\/\/vosgesinfo.fr\/app\/uploads\/sites\/6\/2024\/07\/201908img-20190825-104728.jpg\",\"width\":800,\"height\":600},{\"@type\":\"BreadcrumbList\",\"@id\":\"https:\/\/vosgesinfo.fr\/gerardmerinfo\/2019\/08\/semptremeye-st-barthelemy-a-geromoise\/#breadcrumb\",\"itemListElement\":[{\"@type\":\"ListItem\",\"position\":1,\"name\":\"Home\",\"item\":\"https:\/\/vosgesinfo.fr\/gerardmerinfo\/\"},{\"@type\":\"ListItem\",\"position\":2,\"name\":\"Semptremeye : la St Barth\u00e9l\u00e9my \u00e0 la g\u00e9r\u00f4moise\"}]},{\"@type\":\"WebSite\",\"@id\":\"https:\/\/vosgesinfo.fr\/gerardmerinfo\/#website\",\"url\":\"https:\/\/vosgesinfo.fr\/gerardmerinfo\/\",\"name\":\"Gerardmer Info\",\"description\":\"Toute l&#039;actualit\u00e9 de G\u00e9rardmer\",\"publisher\":{\"@id\":\"https:\/\/vosgesinfo.fr\/gerardmerinfo\/#organization\"},\"alternateName\":\"Toute l'actualit\u00e9 de G\u00e9rardmer\",\"potentialAction\":[{\"@type\":\"SearchAction\",\"target\":{\"@type\":\"EntryPoint\",\"urlTemplate\":\"https:\/\/vosgesinfo.fr\/gerardmerinfo\/?s={search_term_string}\"},\"query-input\":\"required name=search_term_string\"}],\"inLanguage\":\"fr-FR\"},{\"@type\":\"Organization\",\"@id\":\"https:\/\/vosgesinfo.fr\/gerardmerinfo\/#organization\",\"name\":\"Gerardmer Info\",\"url\":\"https:\/\/vosgesinfo.fr\/gerardmerinfo\/\",\"logo\":{\"@type\":\"ImageObject\",\"inLanguage\":\"fr-FR\",\"@id\":\"https:\/\/vosgesinfo.fr\/gerardmerinfo\/#\/schema\/logo\/image\/\",\"url\":\"https:\/\/vosgesinfo.fr\/app\/uploads\/sites\/6\/2023\/08\/favicon-gerardmerinfo.png\",\"contentUrl\":\"https:\/\/vosgesinfo.fr\/app\/uploads\/sites\/6\/2023\/08\/favicon-gerardmerinfo.png\",\"width\":512,\"height\":512,\"caption\":\"Gerardmer Info\"},\"image\":{\"@id\":\"https:\/\/vosgesinfo.fr\/gerardmerinfo\/#\/schema\/logo\/image\/\"},\"sameAs\":[\"https:\/\/www.facebook.com\/profile.php?id=100049475262660\",\"https:\/\/x.com\/VosgesInfo88\",\"https:\/\/www.youtube.com\/@vosgesinfo\"]},{\"@type\":\"Person\",\"@id\":\"https:\/\/vosgesinfo.fr\/gerardmerinfo\/#\/schema\/person\/db5605779a843dad16b5368f3e7613a5\",\"name\":\"QG\",\"image\":{\"@type\":\"ImageObject\",\"inLanguage\":\"fr-FR\",\"@id\":\"https:\/\/vosgesinfo.fr\/gerardmerinfo\/#\/schema\/person\/image\/\",\"url\":\"https:\/\/secure.gravatar.com\/avatar\/ea80c42c204b534408512832fde52504ecabb9706bcb6151cf6175e5b64e6793?s=96&d=mm&r=g\",\"contentUrl\":\"https:\/\/secure.gravatar.com\/avatar\/ea80c42c204b534408512832fde52504ecabb9706bcb6151cf6175e5b64e6793?s=96&d=mm&r=g\",\"caption\":\"QG\"},\"url\":\"https:\/\/vosgesinfo.fr\/gerardmerinfo\/author\/quentin88\/\"}]}<\/script>\n<!-- \/ Yoast SEO plugin. -->","yoast_head_json":{"title":"Semptremeye : la St Barth\u00e9l\u00e9my \u00e0 la g\u00e9r\u00f4moise - Gerardmer Info","robots":{"index":"index","follow":"follow","max-snippet":"max-snippet:-1","max-image-preview":"max-image-preview:large","max-video-preview":"max-video-preview:-1"},"canonical":"https:\/\/vosgesinfo.fr\/gerardmerinfo\/2019\/08\/semptremeye-st-barthelemy-a-geromoise\/","twitter_card":"summary_large_image","twitter_title":"Semptremeye : la St Barth\u00e9l\u00e9my \u00e0 la g\u00e9r\u00f4moise - Gerardmer Info","twitter_description":"Signe que la rentr\u00e9e des classes se fait sentir, la c\u00e9r\u00e9monie de la Semptremeye s&rsquo;est d\u00e9roul\u00e9e ce dimanche 25 ao\u00fbt [&hellip;]","twitter_image":"https:\/\/vosgesinfo.fr\/app\/uploads\/sites\/6\/2024\/07\/201908img-20190825-104728.jpg","twitter_creator":"@VosgesInfo88","twitter_site":"@VosgesInfo88","twitter_misc":{"\u00c9crit par":"QG","Dur\u00e9e de lecture estim\u00e9e":"2 minutes"},"schema":{"@context":"https:\/\/schema.org","@graph":[{"@type":"Article","@id":"https:\/\/vosgesinfo.fr\/gerardmerinfo\/2019\/08\/semptremeye-st-barthelemy-a-geromoise\/#article","isPartOf":{"@id":"https:\/\/vosgesinfo.fr\/gerardmerinfo\/2019\/08\/semptremeye-st-barthelemy-a-geromoise\/"},"author":{"name":"QG","@id":"https:\/\/vosgesinfo.fr\/gerardmerinfo\/#\/schema\/person\/db5605779a843dad16b5368f3e7613a5"},"headline":"Semptremeye : la St Barth\u00e9l\u00e9my \u00e0 la g\u00e9r\u00f4moise","datePublished":"2019-08-26T14:04:23+00:00","dateModified":"2019-08-26T14:04:23+00:00","mainEntityOfPage":{"@id":"https:\/\/vosgesinfo.fr\/gerardmerinfo\/2019\/08\/semptremeye-st-barthelemy-a-geromoise\/"},"wordCount":464,"commentCount":0,"publisher":{"@id":"https:\/\/vosgesinfo.fr\/gerardmerinfo\/#organization"},"image":{"@id":"https:\/\/vosgesinfo.fr\/gerardmerinfo\/2019\/08\/semptremeye-st-barthelemy-a-geromoise\/#primaryimage"},"thumbnailUrl":"https:\/\/vosgesinfo.fr\/app\/uploads\/sites\/6\/2024\/07\/201908img-20190825-104728.jpg","keywords":["semptremeye"],"articleSection":["A la une","G\u00e9rardmer"],"inLanguage":"fr-FR","potentialAction":[{"@type":"CommentAction","name":"Comment","target":["https:\/\/vosgesinfo.fr\/gerardmerinfo\/2019\/08\/semptremeye-st-barthelemy-a-geromoise\/#respond"]}]},{"@type":"WebPage","@id":"https:\/\/vosgesinfo.fr\/gerardmerinfo\/2019\/08\/semptremeye-st-barthelemy-a-geromoise\/","url":"https:\/\/vosgesinfo.fr\/gerardmerinfo\/2019\/08\/semptremeye-st-barthelemy-a-geromoise\/","name":"Semptremeye : la St Barth\u00e9l\u00e9my \u00e0 la g\u00e9r\u00f4moise - Gerardmer Info","isPartOf":{"@id":"https:\/\/vosgesinfo.fr\/gerardmerinfo\/#website"},"primaryImageOfPage":{"@id":"https:\/\/vosgesinfo.fr\/gerardmerinfo\/2019\/08\/semptremeye-st-barthelemy-a-geromoise\/#primaryimage"},"image":{"@id":"https:\/\/vosgesinfo.fr\/gerardmerinfo\/2019\/08\/semptremeye-st-barthelemy-a-geromoise\/#primaryimage"},"thumbnailUrl":"https:\/\/vosgesinfo.fr\/app\/uploads\/sites\/6\/2024\/07\/201908img-20190825-104728.jpg","datePublished":"2019-08-26T14:04:23+00:00","dateModified":"2019-08-26T14:04:23+00:00","breadcrumb":{"@id":"https:\/\/vosgesinfo.fr\/gerardmerinfo\/2019\/08\/semptremeye-st-barthelemy-a-geromoise\/#breadcrumb"},"inLanguage":"fr-FR","potentialAction":[{"@type":"ReadAction","target":["https:\/\/vosgesinfo.fr\/gerardmerinfo\/2019\/08\/semptremeye-st-barthelemy-a-geromoise\/"]}]},{"@type":"ImageObject","inLanguage":"fr-FR","@id":"https:\/\/vosgesinfo.fr\/gerardmerinfo\/2019\/08\/semptremeye-st-barthelemy-a-geromoise\/#primaryimage","url":"https:\/\/vosgesinfo.fr\/app\/uploads\/sites\/6\/2024\/07\/201908img-20190825-104728.jpg","contentUrl":"https:\/\/vosgesinfo.fr\/app\/uploads\/sites\/6\/2024\/07\/201908img-20190825-104728.jpg","width":800,"height":600},{"@type":"BreadcrumbList","@id":"https:\/\/vosgesinfo.fr\/gerardmerinfo\/2019\/08\/semptremeye-st-barthelemy-a-geromoise\/#breadcrumb","itemListElement":[{"@type":"ListItem","position":1,"name":"Home","item":"https:\/\/vosgesinfo.fr\/gerardmerinfo\/"},{"@type":"ListItem","position":2,"name":"Semptremeye : la St Barth\u00e9l\u00e9my \u00e0 la g\u00e9r\u00f4moise"}]},{"@type":"WebSite","@id":"https:\/\/vosgesinfo.fr\/gerardmerinfo\/#website","url":"https:\/\/vosgesinfo.fr\/gerardmerinfo\/","name":"Gerardmer Info","description":"Toute l&#039;actualit\u00e9 de G\u00e9rardmer","publisher":{"@id":"https:\/\/vosgesinfo.fr\/gerardmerinfo\/#organization"},"alternateName":"Toute l'actualit\u00e9 de G\u00e9rardmer","potentialAction":[{"@type":"SearchAction","target":{"@type":"EntryPoint","urlTemplate":"https:\/\/vosgesinfo.fr\/gerardmerinfo\/?s={search_term_string}"},"query-input":"required name=search_term_string"}],"inLanguage":"fr-FR"},{"@type":"Organization","@id":"https:\/\/vosgesinfo.fr\/gerardmerinfo\/#organization","name":"Gerardmer Info","url":"https:\/\/vosgesinfo.fr\/gerardmerinfo\/","logo":{"@type":"ImageObject","inLanguage":"fr-FR","@id":"https:\/\/vosgesinfo.fr\/gerardmerinfo\/#\/schema\/logo\/image\/","url":"https:\/\/vosgesinfo.fr\/app\/uploads\/sites\/6\/2023\/08\/favicon-gerardmerinfo.png","contentUrl":"https:\/\/vosgesinfo.fr\/app\/uploads\/sites\/6\/2023\/08\/favicon-gerardmerinfo.png","width":512,"height":512,"caption":"Gerardmer Info"},"image":{"@id":"https:\/\/vosgesinfo.fr\/gerardmerinfo\/#\/schema\/logo\/image\/"},"sameAs":["https:\/\/www.facebook.com\/profile.php?id=100049475262660","https:\/\/x.com\/VosgesInfo88","https:\/\/www.youtube.com\/@vosgesinfo"]},{"@type":"Person","@id":"https:\/\/vosgesinfo.fr\/gerardmerinfo\/#\/schema\/person\/db5605779a843dad16b5368f3e7613a5","name":"QG","image":{"@type":"ImageObject","inLanguage":"fr-FR","@id":"https:\/\/vosgesinfo.fr\/gerardmerinfo\/#\/schema\/person\/image\/","url":"https:\/\/secure.gravatar.com\/avatar\/ea80c42c204b534408512832fde52504ecabb9706bcb6151cf6175e5b64e6793?s=96&d=mm&r=g","contentUrl":"https:\/\/secure.gravatar.com\/avatar\/ea80c42c204b534408512832fde52504ecabb9706bcb6151cf6175e5b64e6793?s=96&d=mm&r=g","caption":"QG"},"url":"https:\/\/vosgesinfo.fr\/gerardmerinfo\/author\/quentin88\/"}]}},"_links":{"self":[{"href":"https:\/\/vosgesinfo.fr\/gerardmerinfo\/wp-json\/wp\/v2\/posts\/43657","targetHints":{"allow":["GET"]}}],"collection":[{"href":"https:\/\/vosgesinfo.fr\/gerardmerinfo\/wp-json\/wp\/v2\/posts"}],"about":[{"href":"https:\/\/vosgesinfo.fr\/gerardmerinfo\/wp-json\/wp\/v2\/types\/post"}],"author":[{"embeddable":true,"href":"https:\/\/vosgesinfo.fr\/gerardmerinfo\/wp-json\/wp\/v2\/users\/42"}],"replies":[{"embeddable":true,"href":"https:\/\/vosgesinfo.fr\/gerardmerinfo\/wp-json\/wp\/v2\/comments?post=43657"}],"version-history":[{"count":0,"href":"https:\/\/vosgesinfo.fr\/gerardmerinfo\/wp-json\/wp\/v2\/posts\/43657\/revisions"}],"wp:featuredmedia":[{"embeddable":true,"href":"https:\/\/vosgesinfo.fr\/gerardmerinfo\/wp-json\/wp\/v2\/media\/43658"}],"wp:attachment":[{"href":"https:\/\/vosgesinfo.fr\/gerardmerinfo\/wp-json\/wp\/v2\/media?parent=43657"}],"wp:term":[{"taxonomy":"category","embeddable":true,"href":"https:\/\/vosgesinfo.fr\/gerardmerinfo\/wp-json\/wp\/v2\/categories?post=43657"},{"taxonomy":"post_tag","embeddable":true,"href":"https:\/\/vosgesinfo.fr\/gerardmerinfo\/wp-json\/wp\/v2\/tags?post=43657"}],"curies":[{"name":"wp","href":"https:\/\/api.w.org\/{rel}","templated":true}]}}