{"id":43684,"date":"2019-08-30T14:19:19","date_gmt":"2019-08-30T12:19:19","guid":{"rendered":"https:\/\/vosgesinfo.fr\/gerardmerinfo\/2019\/08\/retour-aux-sources-nouveau-proviseur-lycee-pierre-gilles-de-gennes\/"},"modified":"2019-08-30T14:19:19","modified_gmt":"2019-08-30T12:19:19","slug":"retour-aux-sources-nouveau-proviseur-lycee-pierre-gilles-de-gennes","status":"publish","type":"post","link":"https:\/\/vosgesinfo.fr\/gerardmerinfo\/2019\/08\/retour-aux-sources-nouveau-proviseur-lycee-pierre-gilles-de-gennes\/","title":{"rendered":"Retour aux sources pour le nouveau proviseur du lyc\u00e9e Pierre-Gilles de Gennes"},"content":{"rendered":"<h3><\/h3>\n<h3>Natif de la Haute Marne, Alain Mallet a donc le plaisir de succ\u00e9der \u00e0 Sylvain Jung au poste de proviseur du lyc\u00e9e professionnel Pierre-Gilles de Gennes.<\/h3>\n<p><a href=\"\/2019\/08\/IMG_20190829_103553.jpg\"><img decoding=\"async\" class=\"alignright size-medium wp-image-151854\" src=\"\/2019\/08\/IMG_20190829_103553-340x255.jpg\" alt=\"Alain mallet lyc\u00e9e de gennes\" width=\"340\" height=\"255\" \/><\/a>C&rsquo;est en effet son souhait\u00a0 de venir \u00e0 G\u00e9rardmer, lui qui d\u00e9sirait pouvoir diriger un lyc\u00e9e, et si possible un \u00e9tablissement professionnel. Il a donc \u00e9t\u00e9 exauc\u00e9 pour cette rentr\u00e9e 2019, une de plus pour Alain Mallet qui a d\u00e9j\u00e0 bien voyag\u00e9 avant cette nouvelle aventure professionnelle qui se profile \u00e0 l&rsquo;horizon. Apr\u00e8s avoir v\u00e9cu \u00e0 Annecy, ce dernier a effectu\u00e9 ses \u00e9tudes \u00e0 Aix en Provence et a \u00e9t\u00e9 surveillant \u00e0 Marseille dans un lyc\u00e9e professionnel sp\u00e9cialis\u00e9 en carrosserie et m\u00e9canique automobile. Il fera fonction de CPE et passera son CAPES d&rsquo;histoire-g\u00e9ographie en 1992 avant d&rsquo;officier 1 an \u00e0 la cit\u00e9 scolaire Gaston Crampe, du c\u00f4t\u00e9 d&rsquo;Aire-sur-Adour dans les Landes. Il sera TZR dans le secteur de Lun\u00e9ville et Sarrebourg pendant 7 ans et enseignera encore un an au lyc\u00e9e Chopin.<\/p>\n<p>En 2000, Alain Mallet obtient son concours de chef d&rsquo;\u00e9tablissement et d\u00e9bute comme adjoint \u00e0 Arles. Il poursuit ensuite au coll\u00e8ge Jean Lursat de Frouard de 2003 \u00e0 2011. Apr\u00e8s 8 ans au coll\u00e8ge de Dommartemont (Grand Nancy), c&rsquo;est au lyc\u00e9e de Gennes qu&rsquo;il va poursuivre sa carri\u00e8re, op\u00e9rant en quelque sorte un retour aux sources faisant \u00e9cho \u00e0 un certain \u00e9pisode marseillais o\u00f9 finalement tout a plus ou moins commenc\u00e9 pour lui. \u00ab\u00a0Je suis content car j&rsquo;estime qu&rsquo;il y a encore beaucoup \u00e0 faire avec les lyc\u00e9ens des \u00e9tablissements professionnels pour leur faire acqu\u00e9rir des comp\u00e9tences et des connaissances qui faciliteront leur insertion dans la vie professionnelle\u00a0\u00bb pr\u00e9cise-t-il. Et d&rsquo;ajouter : \u00ab\u00a0L&rsquo;ambition est d&rsquo;essayer de r\u00e9duire les in\u00e9galit\u00e9s, de faire en sorte que tout le monde puisse obtenir un dipl\u00f4me permettant de travailler et de s\u2019ins\u00e9rer socialement.\u00a0\u00bb<\/p>\n<p>Alain Mallet souhaite \u00e9galement continuer \u00e0 donner et \u00e0 d\u00e9velopper une image positive du lyc\u00e9e professionnel, un lieu que l&rsquo;on choisit, notamment en valorisant les formations et projets des \u00e9l\u00e8ves qui doivent eux aussi \u00eatre force de proposition. La question de la transition \u00e9nerg\u00e9tique dans un lyc\u00e9e des m\u00e9tiers de l&rsquo;automobile sera elle aussi un enjeu de taille : \u00ab\u00a0Rien n&rsquo;est encore d\u00e9fini, je viens d&rsquo;arriver, mais il y a beaucoup de pistes pour essayer de participer \u00e0 cette transition \u00e0 travers nos formations. Il faut essayer d&rsquo;\u00eatre pr\u00e9curseur, d&rsquo;\u00eatre dans cette transition, c&rsquo;est important.\u00a0\u00bb Il y a donc du pain sur la planche pour ce nouveau proviseur qui vit r\u00e9solument avec son temps et se tourne vers l&rsquo;avenir. Et pour ce qui est du temps libre, ce p\u00e8re de deux enfants, amateur de cuisine, de culture au sens large ainsi que de course \u00e0 pieds, pourra se faire plaisir dans les montagnes vosgiennes. Un lieu o\u00f9 il profitera des week-ends pour retrouver son \u00e9pouse rest\u00e9e \u00e0 Nancy o\u00f9 elle est conservatrice d&rsquo;une biblioth\u00e8que universitaire (BUST).<\/p>\n","protected":false},"excerpt":{"rendered":"<p>Natif de la Haute Marne, Alain Mallet a donc le plaisir de succ\u00e9der \u00e0 Sylvain Jung au poste de proviseur [&hellip;]<\/p>\n","protected":false},"author":42,"featured_media":43685,"comment_status":"open","ping_status":"open","sticky":false,"template":"","format":"standard","meta":{"footnotes":""},"categories":[20,25],"tags":[544],"class_list":["post-43684","post","type-post","status-publish","format-standard","has-post-thumbnail","hentry","category-a-la-une","category-gerardmer","tag-lycee-pierre-gilles-de-gennes"],"acf":[],"yoast_head":"<!-- This site is optimized with the Yoast SEO plugin v22.5 - https:\/\/yoast.com\/wordpress\/plugins\/seo\/ -->\n<title>Retour aux sources pour le nouveau proviseur du lyc\u00e9e Pierre-Gilles de Gennes - Gerardmer Info<\/title>\n<meta name=\"robots\" content=\"index, follow, max-snippet:-1, max-image-preview:large, max-video-preview:-1\" \/>\n<link rel=\"canonical\" href=\"https:\/\/vosgesinfo.fr\/gerardmerinfo\/2019\/08\/retour-aux-sources-nouveau-proviseur-lycee-pierre-gilles-de-gennes\/\" \/>\n<meta name=\"twitter:card\" content=\"summary_large_image\" \/>\n<meta name=\"twitter:title\" content=\"Retour aux sources pour le nouveau proviseur du lyc\u00e9e Pierre-Gilles de Gennes - Gerardmer Info\" \/>\n<meta name=\"twitter:description\" content=\"Natif de la Haute Marne, Alain Mallet a donc le plaisir de succ\u00e9der \u00e0 Sylvain Jung au poste de proviseur [&hellip;]\" \/>\n<meta name=\"twitter:image\" content=\"https:\/\/vosgesinfo.fr\/app\/uploads\/sites\/6\/2024\/07\/201908img-20190829-103553.jpg\" \/>\n<meta name=\"twitter:creator\" content=\"@VosgesInfo88\" \/>\n<meta name=\"twitter:site\" content=\"@VosgesInfo88\" \/>\n<meta name=\"twitter:label1\" content=\"\u00c9crit par\" \/>\n\t<meta name=\"twitter:data1\" content=\"QG\" \/>\n\t<meta name=\"twitter:label2\" content=\"Dur\u00e9e de lecture estim\u00e9e\" \/>\n\t<meta name=\"twitter:data2\" content=\"2 minutes\" \/>\n<script type=\"application\/ld+json\" class=\"yoast-schema-graph\">{\"@context\":\"https:\/\/schema.org\",\"@graph\":[{\"@type\":\"Article\",\"@id\":\"https:\/\/vosgesinfo.fr\/gerardmerinfo\/2019\/08\/retour-aux-sources-nouveau-proviseur-lycee-pierre-gilles-de-gennes\/#article\",\"isPartOf\":{\"@id\":\"https:\/\/vosgesinfo.fr\/gerardmerinfo\/2019\/08\/retour-aux-sources-nouveau-proviseur-lycee-pierre-gilles-de-gennes\/\"},\"author\":{\"name\":\"QG\",\"@id\":\"https:\/\/vosgesinfo.fr\/gerardmerinfo\/#\/schema\/person\/db5605779a843dad16b5368f3e7613a5\"},\"headline\":\"Retour aux sources pour le nouveau proviseur du lyc\u00e9e Pierre-Gilles de Gennes\",\"datePublished\":\"2019-08-30T12:19:19+00:00\",\"dateModified\":\"2019-08-30T12:19:19+00:00\",\"mainEntityOfPage\":{\"@id\":\"https:\/\/vosgesinfo.fr\/gerardmerinfo\/2019\/08\/retour-aux-sources-nouveau-proviseur-lycee-pierre-gilles-de-gennes\/\"},\"wordCount\":525,\"commentCount\":0,\"publisher\":{\"@id\":\"https:\/\/vosgesinfo.fr\/gerardmerinfo\/#organization\"},\"image\":{\"@id\":\"https:\/\/vosgesinfo.fr\/gerardmerinfo\/2019\/08\/retour-aux-sources-nouveau-proviseur-lycee-pierre-gilles-de-gennes\/#primaryimage\"},\"thumbnailUrl\":\"https:\/\/vosgesinfo.fr\/app\/uploads\/sites\/6\/2024\/07\/201908img-20190829-103553.jpg\",\"keywords\":[\"lyc\u00e9e pierre gilles de gennes\"],\"articleSection\":[\"A la une\",\"G\u00e9rardmer\"],\"inLanguage\":\"fr-FR\",\"potentialAction\":[{\"@type\":\"CommentAction\",\"name\":\"Comment\",\"target\":[\"https:\/\/vosgesinfo.fr\/gerardmerinfo\/2019\/08\/retour-aux-sources-nouveau-proviseur-lycee-pierre-gilles-de-gennes\/#respond\"]}]},{\"@type\":\"WebPage\",\"@id\":\"https:\/\/vosgesinfo.fr\/gerardmerinfo\/2019\/08\/retour-aux-sources-nouveau-proviseur-lycee-pierre-gilles-de-gennes\/\",\"url\":\"https:\/\/vosgesinfo.fr\/gerardmerinfo\/2019\/08\/retour-aux-sources-nouveau-proviseur-lycee-pierre-gilles-de-gennes\/\",\"name\":\"Retour aux sources pour le nouveau proviseur du lyc\u00e9e Pierre-Gilles de Gennes - Gerardmer Info\",\"isPartOf\":{\"@id\":\"https:\/\/vosgesinfo.fr\/gerardmerinfo\/#website\"},\"primaryImageOfPage\":{\"@id\":\"https:\/\/vosgesinfo.fr\/gerardmerinfo\/2019\/08\/retour-aux-sources-nouveau-proviseur-lycee-pierre-gilles-de-gennes\/#primaryimage\"},\"image\":{\"@id\":\"https:\/\/vosgesinfo.fr\/gerardmerinfo\/2019\/08\/retour-aux-sources-nouveau-proviseur-lycee-pierre-gilles-de-gennes\/#primaryimage\"},\"thumbnailUrl\":\"https:\/\/vosgesinfo.fr\/app\/uploads\/sites\/6\/2024\/07\/201908img-20190829-103553.jpg\",\"datePublished\":\"2019-08-30T12:19:19+00:00\",\"dateModified\":\"2019-08-30T12:19:19+00:00\",\"breadcrumb\":{\"@id\":\"https:\/\/vosgesinfo.fr\/gerardmerinfo\/2019\/08\/retour-aux-sources-nouveau-proviseur-lycee-pierre-gilles-de-gennes\/#breadcrumb\"},\"inLanguage\":\"fr-FR\",\"potentialAction\":[{\"@type\":\"ReadAction\",\"target\":[\"https:\/\/vosgesinfo.fr\/gerardmerinfo\/2019\/08\/retour-aux-sources-nouveau-proviseur-lycee-pierre-gilles-de-gennes\/\"]}]},{\"@type\":\"ImageObject\",\"inLanguage\":\"fr-FR\",\"@id\":\"https:\/\/vosgesinfo.fr\/gerardmerinfo\/2019\/08\/retour-aux-sources-nouveau-proviseur-lycee-pierre-gilles-de-gennes\/#primaryimage\",\"url\":\"https:\/\/vosgesinfo.fr\/app\/uploads\/sites\/6\/2024\/07\/201908img-20190829-103553.jpg\",\"contentUrl\":\"https:\/\/vosgesinfo.fr\/app\/uploads\/sites\/6\/2024\/07\/201908img-20190829-103553.jpg\",\"width\":800,\"height\":600},{\"@type\":\"BreadcrumbList\",\"@id\":\"https:\/\/vosgesinfo.fr\/gerardmerinfo\/2019\/08\/retour-aux-sources-nouveau-proviseur-lycee-pierre-gilles-de-gennes\/#breadcrumb\",\"itemListElement\":[{\"@type\":\"ListItem\",\"position\":1,\"name\":\"Home\",\"item\":\"https:\/\/vosgesinfo.fr\/gerardmerinfo\/\"},{\"@type\":\"ListItem\",\"position\":2,\"name\":\"Retour aux sources pour le nouveau proviseur du lyc\u00e9e Pierre-Gilles de Gennes\"}]},{\"@type\":\"WebSite\",\"@id\":\"https:\/\/vosgesinfo.fr\/gerardmerinfo\/#website\",\"url\":\"https:\/\/vosgesinfo.fr\/gerardmerinfo\/\",\"name\":\"Gerardmer Info\",\"description\":\"Toute l&#039;actualit\u00e9 de G\u00e9rardmer\",\"publisher\":{\"@id\":\"https:\/\/vosgesinfo.fr\/gerardmerinfo\/#organization\"},\"alternateName\":\"Toute l'actualit\u00e9 de G\u00e9rardmer\",\"potentialAction\":[{\"@type\":\"SearchAction\",\"target\":{\"@type\":\"EntryPoint\",\"urlTemplate\":\"https:\/\/vosgesinfo.fr\/gerardmerinfo\/?s={search_term_string}\"},\"query-input\":\"required name=search_term_string\"}],\"inLanguage\":\"fr-FR\"},{\"@type\":\"Organization\",\"@id\":\"https:\/\/vosgesinfo.fr\/gerardmerinfo\/#organization\",\"name\":\"Gerardmer Info\",\"url\":\"https:\/\/vosgesinfo.fr\/gerardmerinfo\/\",\"logo\":{\"@type\":\"ImageObject\",\"inLanguage\":\"fr-FR\",\"@id\":\"https:\/\/vosgesinfo.fr\/gerardmerinfo\/#\/schema\/logo\/image\/\",\"url\":\"https:\/\/vosgesinfo.fr\/app\/uploads\/sites\/6\/2023\/08\/favicon-gerardmerinfo.png\",\"contentUrl\":\"https:\/\/vosgesinfo.fr\/app\/uploads\/sites\/6\/2023\/08\/favicon-gerardmerinfo.png\",\"width\":512,\"height\":512,\"caption\":\"Gerardmer Info\"},\"image\":{\"@id\":\"https:\/\/vosgesinfo.fr\/gerardmerinfo\/#\/schema\/logo\/image\/\"},\"sameAs\":[\"https:\/\/www.facebook.com\/profile.php?id=100049475262660\",\"https:\/\/x.com\/VosgesInfo88\",\"https:\/\/www.youtube.com\/@vosgesinfo\"]},{\"@type\":\"Person\",\"@id\":\"https:\/\/vosgesinfo.fr\/gerardmerinfo\/#\/schema\/person\/db5605779a843dad16b5368f3e7613a5\",\"name\":\"QG\",\"image\":{\"@type\":\"ImageObject\",\"inLanguage\":\"fr-FR\",\"@id\":\"https:\/\/vosgesinfo.fr\/gerardmerinfo\/#\/schema\/person\/image\/\",\"url\":\"https:\/\/secure.gravatar.com\/avatar\/ea80c42c204b534408512832fde52504ecabb9706bcb6151cf6175e5b64e6793?s=96&d=mm&r=g\",\"contentUrl\":\"https:\/\/secure.gravatar.com\/avatar\/ea80c42c204b534408512832fde52504ecabb9706bcb6151cf6175e5b64e6793?s=96&d=mm&r=g\",\"caption\":\"QG\"},\"url\":\"https:\/\/vosgesinfo.fr\/gerardmerinfo\/author\/quentin88\/\"}]}<\/script>\n<!-- \/ Yoast SEO plugin. -->","yoast_head_json":{"title":"Retour aux sources pour le nouveau proviseur du lyc\u00e9e Pierre-Gilles de Gennes - Gerardmer Info","robots":{"index":"index","follow":"follow","max-snippet":"max-snippet:-1","max-image-preview":"max-image-preview:large","max-video-preview":"max-video-preview:-1"},"canonical":"https:\/\/vosgesinfo.fr\/gerardmerinfo\/2019\/08\/retour-aux-sources-nouveau-proviseur-lycee-pierre-gilles-de-gennes\/","twitter_card":"summary_large_image","twitter_title":"Retour aux sources pour le nouveau proviseur du lyc\u00e9e Pierre-Gilles de Gennes - Gerardmer Info","twitter_description":"Natif de la Haute Marne, Alain Mallet a donc le plaisir de succ\u00e9der \u00e0 Sylvain Jung au poste de proviseur [&hellip;]","twitter_image":"https:\/\/vosgesinfo.fr\/app\/uploads\/sites\/6\/2024\/07\/201908img-20190829-103553.jpg","twitter_creator":"@VosgesInfo88","twitter_site":"@VosgesInfo88","twitter_misc":{"\u00c9crit par":"QG","Dur\u00e9e de lecture estim\u00e9e":"2 minutes"},"schema":{"@context":"https:\/\/schema.org","@graph":[{"@type":"Article","@id":"https:\/\/vosgesinfo.fr\/gerardmerinfo\/2019\/08\/retour-aux-sources-nouveau-proviseur-lycee-pierre-gilles-de-gennes\/#article","isPartOf":{"@id":"https:\/\/vosgesinfo.fr\/gerardmerinfo\/2019\/08\/retour-aux-sources-nouveau-proviseur-lycee-pierre-gilles-de-gennes\/"},"author":{"name":"QG","@id":"https:\/\/vosgesinfo.fr\/gerardmerinfo\/#\/schema\/person\/db5605779a843dad16b5368f3e7613a5"},"headline":"Retour aux sources pour le nouveau proviseur du lyc\u00e9e Pierre-Gilles de Gennes","datePublished":"2019-08-30T12:19:19+00:00","dateModified":"2019-08-30T12:19:19+00:00","mainEntityOfPage":{"@id":"https:\/\/vosgesinfo.fr\/gerardmerinfo\/2019\/08\/retour-aux-sources-nouveau-proviseur-lycee-pierre-gilles-de-gennes\/"},"wordCount":525,"commentCount":0,"publisher":{"@id":"https:\/\/vosgesinfo.fr\/gerardmerinfo\/#organization"},"image":{"@id":"https:\/\/vosgesinfo.fr\/gerardmerinfo\/2019\/08\/retour-aux-sources-nouveau-proviseur-lycee-pierre-gilles-de-gennes\/#primaryimage"},"thumbnailUrl":"https:\/\/vosgesinfo.fr\/app\/uploads\/sites\/6\/2024\/07\/201908img-20190829-103553.jpg","keywords":["lyc\u00e9e pierre gilles de gennes"],"articleSection":["A la une","G\u00e9rardmer"],"inLanguage":"fr-FR","potentialAction":[{"@type":"CommentAction","name":"Comment","target":["https:\/\/vosgesinfo.fr\/gerardmerinfo\/2019\/08\/retour-aux-sources-nouveau-proviseur-lycee-pierre-gilles-de-gennes\/#respond"]}]},{"@type":"WebPage","@id":"https:\/\/vosgesinfo.fr\/gerardmerinfo\/2019\/08\/retour-aux-sources-nouveau-proviseur-lycee-pierre-gilles-de-gennes\/","url":"https:\/\/vosgesinfo.fr\/gerardmerinfo\/2019\/08\/retour-aux-sources-nouveau-proviseur-lycee-pierre-gilles-de-gennes\/","name":"Retour aux sources pour le nouveau proviseur du lyc\u00e9e Pierre-Gilles de Gennes - Gerardmer Info","isPartOf":{"@id":"https:\/\/vosgesinfo.fr\/gerardmerinfo\/#website"},"primaryImageOfPage":{"@id":"https:\/\/vosgesinfo.fr\/gerardmerinfo\/2019\/08\/retour-aux-sources-nouveau-proviseur-lycee-pierre-gilles-de-gennes\/#primaryimage"},"image":{"@id":"https:\/\/vosgesinfo.fr\/gerardmerinfo\/2019\/08\/retour-aux-sources-nouveau-proviseur-lycee-pierre-gilles-de-gennes\/#primaryimage"},"thumbnailUrl":"https:\/\/vosgesinfo.fr\/app\/uploads\/sites\/6\/2024\/07\/201908img-20190829-103553.jpg","datePublished":"2019-08-30T12:19:19+00:00","dateModified":"2019-08-30T12:19:19+00:00","breadcrumb":{"@id":"https:\/\/vosgesinfo.fr\/gerardmerinfo\/2019\/08\/retour-aux-sources-nouveau-proviseur-lycee-pierre-gilles-de-gennes\/#breadcrumb"},"inLanguage":"fr-FR","potentialAction":[{"@type":"ReadAction","target":["https:\/\/vosgesinfo.fr\/gerardmerinfo\/2019\/08\/retour-aux-sources-nouveau-proviseur-lycee-pierre-gilles-de-gennes\/"]}]},{"@type":"ImageObject","inLanguage":"fr-FR","@id":"https:\/\/vosgesinfo.fr\/gerardmerinfo\/2019\/08\/retour-aux-sources-nouveau-proviseur-lycee-pierre-gilles-de-gennes\/#primaryimage","url":"https:\/\/vosgesinfo.fr\/app\/uploads\/sites\/6\/2024\/07\/201908img-20190829-103553.jpg","contentUrl":"https:\/\/vosgesinfo.fr\/app\/uploads\/sites\/6\/2024\/07\/201908img-20190829-103553.jpg","width":800,"height":600},{"@type":"BreadcrumbList","@id":"https:\/\/vosgesinfo.fr\/gerardmerinfo\/2019\/08\/retour-aux-sources-nouveau-proviseur-lycee-pierre-gilles-de-gennes\/#breadcrumb","itemListElement":[{"@type":"ListItem","position":1,"name":"Home","item":"https:\/\/vosgesinfo.fr\/gerardmerinfo\/"},{"@type":"ListItem","position":2,"name":"Retour aux sources pour le nouveau proviseur du lyc\u00e9e Pierre-Gilles de Gennes"}]},{"@type":"WebSite","@id":"https:\/\/vosgesinfo.fr\/gerardmerinfo\/#website","url":"https:\/\/vosgesinfo.fr\/gerardmerinfo\/","name":"Gerardmer Info","description":"Toute l&#039;actualit\u00e9 de G\u00e9rardmer","publisher":{"@id":"https:\/\/vosgesinfo.fr\/gerardmerinfo\/#organization"},"alternateName":"Toute l'actualit\u00e9 de G\u00e9rardmer","potentialAction":[{"@type":"SearchAction","target":{"@type":"EntryPoint","urlTemplate":"https:\/\/vosgesinfo.fr\/gerardmerinfo\/?s={search_term_string}"},"query-input":"required name=search_term_string"}],"inLanguage":"fr-FR"},{"@type":"Organization","@id":"https:\/\/vosgesinfo.fr\/gerardmerinfo\/#organization","name":"Gerardmer Info","url":"https:\/\/vosgesinfo.fr\/gerardmerinfo\/","logo":{"@type":"ImageObject","inLanguage":"fr-FR","@id":"https:\/\/vosgesinfo.fr\/gerardmerinfo\/#\/schema\/logo\/image\/","url":"https:\/\/vosgesinfo.fr\/app\/uploads\/sites\/6\/2023\/08\/favicon-gerardmerinfo.png","contentUrl":"https:\/\/vosgesinfo.fr\/app\/uploads\/sites\/6\/2023\/08\/favicon-gerardmerinfo.png","width":512,"height":512,"caption":"Gerardmer Info"},"image":{"@id":"https:\/\/vosgesinfo.fr\/gerardmerinfo\/#\/schema\/logo\/image\/"},"sameAs":["https:\/\/www.facebook.com\/profile.php?id=100049475262660","https:\/\/x.com\/VosgesInfo88","https:\/\/www.youtube.com\/@vosgesinfo"]},{"@type":"Person","@id":"https:\/\/vosgesinfo.fr\/gerardmerinfo\/#\/schema\/person\/db5605779a843dad16b5368f3e7613a5","name":"QG","image":{"@type":"ImageObject","inLanguage":"fr-FR","@id":"https:\/\/vosgesinfo.fr\/gerardmerinfo\/#\/schema\/person\/image\/","url":"https:\/\/secure.gravatar.com\/avatar\/ea80c42c204b534408512832fde52504ecabb9706bcb6151cf6175e5b64e6793?s=96&d=mm&r=g","contentUrl":"https:\/\/secure.gravatar.com\/avatar\/ea80c42c204b534408512832fde52504ecabb9706bcb6151cf6175e5b64e6793?s=96&d=mm&r=g","caption":"QG"},"url":"https:\/\/vosgesinfo.fr\/gerardmerinfo\/author\/quentin88\/"}]}},"_links":{"self":[{"href":"https:\/\/vosgesinfo.fr\/gerardmerinfo\/wp-json\/wp\/v2\/posts\/43684","targetHints":{"allow":["GET"]}}],"collection":[{"href":"https:\/\/vosgesinfo.fr\/gerardmerinfo\/wp-json\/wp\/v2\/posts"}],"about":[{"href":"https:\/\/vosgesinfo.fr\/gerardmerinfo\/wp-json\/wp\/v2\/types\/post"}],"author":[{"embeddable":true,"href":"https:\/\/vosgesinfo.fr\/gerardmerinfo\/wp-json\/wp\/v2\/users\/42"}],"replies":[{"embeddable":true,"href":"https:\/\/vosgesinfo.fr\/gerardmerinfo\/wp-json\/wp\/v2\/comments?post=43684"}],"version-history":[{"count":0,"href":"https:\/\/vosgesinfo.fr\/gerardmerinfo\/wp-json\/wp\/v2\/posts\/43684\/revisions"}],"wp:featuredmedia":[{"embeddable":true,"href":"https:\/\/vosgesinfo.fr\/gerardmerinfo\/wp-json\/wp\/v2\/media\/43685"}],"wp:attachment":[{"href":"https:\/\/vosgesinfo.fr\/gerardmerinfo\/wp-json\/wp\/v2\/media?parent=43684"}],"wp:term":[{"taxonomy":"category","embeddable":true,"href":"https:\/\/vosgesinfo.fr\/gerardmerinfo\/wp-json\/wp\/v2\/categories?post=43684"},{"taxonomy":"post_tag","embeddable":true,"href":"https:\/\/vosgesinfo.fr\/gerardmerinfo\/wp-json\/wp\/v2\/tags?post=43684"}],"curies":[{"name":"wp","href":"https:\/\/api.w.org\/{rel}","templated":true}]}}