{"id":43855,"date":"2019-09-11T15:57:43","date_gmt":"2019-09-11T13:57:43","guid":{"rendered":"https:\/\/vosgesinfo.fr\/gerardmerinfo\/2019\/09\/casting-court-metrage-lenfant-manque-acteurs-experience\/"},"modified":"2019-09-11T15:57:43","modified_gmt":"2019-09-11T13:57:43","slug":"casting-court-metrage-lenfant-manque-acteurs-experience","status":"publish","type":"post","link":"https:\/\/vosgesinfo.fr\/gerardmerinfo\/2019\/09\/casting-court-metrage-lenfant-manque-acteurs-experience\/","title":{"rendered":"Casting  pour le court-m\u00e9trage \u00ab\u00a0L&rsquo;Enfant Manqu\u00e9\u00a0\u00bb &#8211; \u00ab\u00a0acteurs\u00a0\u00bb avec ou sans exp\u00e9rience"},"content":{"rendered":"<div style=\"text-align: center;\"><strong>Communiqu\u00e9<\/strong><\/div>\n<div><\/div>\n<div>Pour le court-m\u00e9trage \u00ab\u00a0L&rsquo;Enfant Manqu\u00e9\u00a0\u00bb\u00a0 de J\u00e9r\u00e9my van der Haegen (N\u00e9on Rouge production, Tact production), nous recherchons des r\u00f4les secondaires mais importants (tournage en octobre). Nous recherchons\u00a0 des \u00ab\u00a0acteurs\u00a0\u00bb avec ou sans exp\u00e9rience, et qui habitent \u00e0 proximit\u00e9 des Vosges ou en r\u00e9gion Grand Est.<\/div>\n<div><\/div>\n<div>&#8211; Dans le r\u00f4le de Romain, un adolescent qui travaille \u00e0 la bergerie de ses parents, nous recherchons un gar\u00e7on de seize ans.<\/div>\n<div><\/div>\n<div>&#8211; Dans le r\u00f4le d&rsquo;un ou d&rsquo;une psychologue pour enfants, nous recherchons une femme ou un homme entre 45 et 65 ans.<\/div>\n<div><\/div>\n<div>&#8211; Une fille de six ans dans le r\u00f4le d&rsquo;une \u00e9coli\u00e8re curieuse et bavarde.<\/div>\n<div><\/div>\n<div>&#8211; Deux gar\u00e7ons de six ans dans les r\u00f4les de deux \u00e9coliers, cancres et moqueurs.<\/div>\n<div><\/div>\n<div>Candidature date limite : 15 octobre.<\/div>\n<div><\/div>\n<div>Si vous \u00eates int\u00e9ress\u00e9(e), merci d&rsquo;envoyer deux photos r\u00e9centes avec votre date de naissance, votre taille, votre num\u00e9ro de t\u00e9l\u00e9phone et votre adresse compl\u00e8te \u00e0 <b>jerevdh@hotmail.com<\/b><\/div>\n<div><\/div>\n<div>Si votre candidature est retenue, vous serez contact\u00e9s dans les d\u00e9lais les plus courts et invit\u00e9s \u00e0 participer \u00e0 un casting.<\/div>\n","protected":false},"excerpt":{"rendered":"<p>Communiqu\u00e9 Pour le court-m\u00e9trage \u00ab\u00a0L&rsquo;Enfant Manqu\u00e9\u00a0\u00bb\u00a0 de J\u00e9r\u00e9my van der Haegen (N\u00e9on Rouge production, Tact production), nous recherchons des r\u00f4les [&hellip;]<\/p>\n","protected":false},"author":1,"featured_media":3304,"comment_status":"open","ping_status":"open","sticky":false,"template":"","format":"standard","meta":{"footnotes":""},"categories":[20,39,4],"tags":[],"class_list":["post-43855","post","type-post","status-publish","format-standard","has-post-thumbnail","hentry","category-a-la-une","category-cinema","category-culture"],"acf":[],"yoast_head":"<!-- This site is optimized with the Yoast SEO plugin v22.5 - https:\/\/yoast.com\/wordpress\/plugins\/seo\/ -->\n<title>Casting pour le court-m\u00e9trage &quot;L&#039;Enfant Manqu\u00e9&quot; - &quot;acteurs&quot; avec ou sans exp\u00e9rience - Gerardmer Info<\/title>\n<meta name=\"robots\" content=\"index, follow, max-snippet:-1, max-image-preview:large, max-video-preview:-1\" \/>\n<link rel=\"canonical\" href=\"https:\/\/vosgesinfo.fr\/gerardmerinfo\/2019\/09\/casting-court-metrage-lenfant-manque-acteurs-experience\/\" \/>\n<meta name=\"twitter:card\" content=\"summary_large_image\" \/>\n<meta name=\"twitter:title\" content=\"Casting pour le court-m\u00e9trage &quot;L&#039;Enfant Manqu\u00e9&quot; - &quot;acteurs&quot; avec ou sans exp\u00e9rience - Gerardmer Info\" \/>\n<meta name=\"twitter:description\" content=\"Communiqu\u00e9 Pour le court-m\u00e9trage \u00ab\u00a0L&rsquo;Enfant Manqu\u00e9\u00a0\u00bb\u00a0 de J\u00e9r\u00e9my van der Haegen (N\u00e9on Rouge production, Tact production), nous recherchons des r\u00f4les [&hellip;]\" \/>\n<meta name=\"twitter:image\" content=\"https:\/\/vosgesinfo.fr\/app\/uploads\/sites\/6\/2016\/07\/casting.jpg\" \/>\n<meta name=\"twitter:creator\" content=\"@VosgesInfo88\" \/>\n<meta name=\"twitter:site\" content=\"@VosgesInfo88\" \/>\n<meta name=\"twitter:label1\" content=\"\u00c9crit par\" \/>\n\t<meta name=\"twitter:data1\" content=\"qs_admin\" \/>\n\t<meta name=\"twitter:label2\" content=\"Dur\u00e9e de lecture estim\u00e9e\" \/>\n\t<meta name=\"twitter:data2\" content=\"1 minute\" \/>\n<script type=\"application\/ld+json\" class=\"yoast-schema-graph\">{\"@context\":\"https:\/\/schema.org\",\"@graph\":[{\"@type\":\"Article\",\"@id\":\"https:\/\/vosgesinfo.fr\/gerardmerinfo\/2019\/09\/casting-court-metrage-lenfant-manque-acteurs-experience\/#article\",\"isPartOf\":{\"@id\":\"https:\/\/vosgesinfo.fr\/gerardmerinfo\/2019\/09\/casting-court-metrage-lenfant-manque-acteurs-experience\/\"},\"author\":{\"name\":\"qs_admin\",\"@id\":\"https:\/\/vosgesinfo.fr\/gerardmerinfo\/#\/schema\/person\/bc5d02d71e6932e81b6dadb7386667b1\"},\"headline\":\"Casting pour le court-m\u00e9trage \u00ab\u00a0L&rsquo;Enfant Manqu\u00e9\u00a0\u00bb &#8211; \u00ab\u00a0acteurs\u00a0\u00bb avec ou sans exp\u00e9rience\",\"datePublished\":\"2019-09-11T13:57:43+00:00\",\"dateModified\":\"2019-09-11T13:57:43+00:00\",\"mainEntityOfPage\":{\"@id\":\"https:\/\/vosgesinfo.fr\/gerardmerinfo\/2019\/09\/casting-court-metrage-lenfant-manque-acteurs-experience\/\"},\"wordCount\":210,\"commentCount\":0,\"publisher\":{\"@id\":\"https:\/\/vosgesinfo.fr\/gerardmerinfo\/#organization\"},\"image\":{\"@id\":\"https:\/\/vosgesinfo.fr\/gerardmerinfo\/2019\/09\/casting-court-metrage-lenfant-manque-acteurs-experience\/#primaryimage\"},\"thumbnailUrl\":\"https:\/\/vosgesinfo.fr\/app\/uploads\/sites\/6\/2016\/07\/casting.jpg\",\"articleSection\":[\"A la une\",\"cin\u00e9ma\",\"Culture\"],\"inLanguage\":\"fr-FR\",\"potentialAction\":[{\"@type\":\"CommentAction\",\"name\":\"Comment\",\"target\":[\"https:\/\/vosgesinfo.fr\/gerardmerinfo\/2019\/09\/casting-court-metrage-lenfant-manque-acteurs-experience\/#respond\"]}]},{\"@type\":\"WebPage\",\"@id\":\"https:\/\/vosgesinfo.fr\/gerardmerinfo\/2019\/09\/casting-court-metrage-lenfant-manque-acteurs-experience\/\",\"url\":\"https:\/\/vosgesinfo.fr\/gerardmerinfo\/2019\/09\/casting-court-metrage-lenfant-manque-acteurs-experience\/\",\"name\":\"Casting pour le court-m\u00e9trage \\\"L'Enfant Manqu\u00e9\\\" - \\\"acteurs\\\" avec ou sans exp\u00e9rience - Gerardmer Info\",\"isPartOf\":{\"@id\":\"https:\/\/vosgesinfo.fr\/gerardmerinfo\/#website\"},\"primaryImageOfPage\":{\"@id\":\"https:\/\/vosgesinfo.fr\/gerardmerinfo\/2019\/09\/casting-court-metrage-lenfant-manque-acteurs-experience\/#primaryimage\"},\"image\":{\"@id\":\"https:\/\/vosgesinfo.fr\/gerardmerinfo\/2019\/09\/casting-court-metrage-lenfant-manque-acteurs-experience\/#primaryimage\"},\"thumbnailUrl\":\"https:\/\/vosgesinfo.fr\/app\/uploads\/sites\/6\/2016\/07\/casting.jpg\",\"datePublished\":\"2019-09-11T13:57:43+00:00\",\"dateModified\":\"2019-09-11T13:57:43+00:00\",\"breadcrumb\":{\"@id\":\"https:\/\/vosgesinfo.fr\/gerardmerinfo\/2019\/09\/casting-court-metrage-lenfant-manque-acteurs-experience\/#breadcrumb\"},\"inLanguage\":\"fr-FR\",\"potentialAction\":[{\"@type\":\"ReadAction\",\"target\":[\"https:\/\/vosgesinfo.fr\/gerardmerinfo\/2019\/09\/casting-court-metrage-lenfant-manque-acteurs-experience\/\"]}]},{\"@type\":\"ImageObject\",\"inLanguage\":\"fr-FR\",\"@id\":\"https:\/\/vosgesinfo.fr\/gerardmerinfo\/2019\/09\/casting-court-metrage-lenfant-manque-acteurs-experience\/#primaryimage\",\"url\":\"https:\/\/vosgesinfo.fr\/app\/uploads\/sites\/6\/2016\/07\/casting.jpg\",\"contentUrl\":\"https:\/\/vosgesinfo.fr\/app\/uploads\/sites\/6\/2016\/07\/casting.jpg\"},{\"@type\":\"BreadcrumbList\",\"@id\":\"https:\/\/vosgesinfo.fr\/gerardmerinfo\/2019\/09\/casting-court-metrage-lenfant-manque-acteurs-experience\/#breadcrumb\",\"itemListElement\":[{\"@type\":\"ListItem\",\"position\":1,\"name\":\"Home\",\"item\":\"https:\/\/vosgesinfo.fr\/gerardmerinfo\/\"},{\"@type\":\"ListItem\",\"position\":2,\"name\":\"Casting pour le court-m\u00e9trage \u00ab\u00a0L&rsquo;Enfant Manqu\u00e9\u00a0\u00bb &#8211; \u00ab\u00a0acteurs\u00a0\u00bb avec ou sans exp\u00e9rience\"}]},{\"@type\":\"WebSite\",\"@id\":\"https:\/\/vosgesinfo.fr\/gerardmerinfo\/#website\",\"url\":\"https:\/\/vosgesinfo.fr\/gerardmerinfo\/\",\"name\":\"Gerardmer Info\",\"description\":\"Toute l&#039;actualit\u00e9 de G\u00e9rardmer\",\"publisher\":{\"@id\":\"https:\/\/vosgesinfo.fr\/gerardmerinfo\/#organization\"},\"alternateName\":\"Toute l'actualit\u00e9 de G\u00e9rardmer\",\"potentialAction\":[{\"@type\":\"SearchAction\",\"target\":{\"@type\":\"EntryPoint\",\"urlTemplate\":\"https:\/\/vosgesinfo.fr\/gerardmerinfo\/?s={search_term_string}\"},\"query-input\":\"required name=search_term_string\"}],\"inLanguage\":\"fr-FR\"},{\"@type\":\"Organization\",\"@id\":\"https:\/\/vosgesinfo.fr\/gerardmerinfo\/#organization\",\"name\":\"Gerardmer Info\",\"url\":\"https:\/\/vosgesinfo.fr\/gerardmerinfo\/\",\"logo\":{\"@type\":\"ImageObject\",\"inLanguage\":\"fr-FR\",\"@id\":\"https:\/\/vosgesinfo.fr\/gerardmerinfo\/#\/schema\/logo\/image\/\",\"url\":\"https:\/\/vosgesinfo.fr\/app\/uploads\/sites\/6\/2023\/08\/favicon-gerardmerinfo.png\",\"contentUrl\":\"https:\/\/vosgesinfo.fr\/app\/uploads\/sites\/6\/2023\/08\/favicon-gerardmerinfo.png\",\"width\":512,\"height\":512,\"caption\":\"Gerardmer Info\"},\"image\":{\"@id\":\"https:\/\/vosgesinfo.fr\/gerardmerinfo\/#\/schema\/logo\/image\/\"},\"sameAs\":[\"https:\/\/www.facebook.com\/profile.php?id=100049475262660\",\"https:\/\/x.com\/VosgesInfo88\",\"https:\/\/www.youtube.com\/@vosgesinfo\"]},{\"@type\":\"Person\",\"@id\":\"https:\/\/vosgesinfo.fr\/gerardmerinfo\/#\/schema\/person\/bc5d02d71e6932e81b6dadb7386667b1\",\"name\":\"qs_admin\",\"image\":{\"@type\":\"ImageObject\",\"inLanguage\":\"fr-FR\",\"@id\":\"https:\/\/vosgesinfo.fr\/gerardmerinfo\/#\/schema\/person\/image\/\",\"url\":\"https:\/\/secure.gravatar.com\/avatar\/94b18ee0ed79e4a42ea2f2931277b6841a8999fc6fde214600c78057cf1fe1de?s=96&d=mm&r=g\",\"contentUrl\":\"https:\/\/secure.gravatar.com\/avatar\/94b18ee0ed79e4a42ea2f2931277b6841a8999fc6fde214600c78057cf1fe1de?s=96&d=mm&r=g\",\"caption\":\"qs_admin\"},\"sameAs\":[\"https:\/\/vosgesinfo.fr\/wp\"],\"url\":\"https:\/\/vosgesinfo.fr\/gerardmerinfo\/author\/qs_admin\/\"}]}<\/script>\n<!-- \/ Yoast SEO plugin. -->","yoast_head_json":{"title":"Casting pour le court-m\u00e9trage \"L'Enfant Manqu\u00e9\" - \"acteurs\" avec ou sans exp\u00e9rience - Gerardmer Info","robots":{"index":"index","follow":"follow","max-snippet":"max-snippet:-1","max-image-preview":"max-image-preview:large","max-video-preview":"max-video-preview:-1"},"canonical":"https:\/\/vosgesinfo.fr\/gerardmerinfo\/2019\/09\/casting-court-metrage-lenfant-manque-acteurs-experience\/","twitter_card":"summary_large_image","twitter_title":"Casting pour le court-m\u00e9trage \"L'Enfant Manqu\u00e9\" - \"acteurs\" avec ou sans exp\u00e9rience - Gerardmer Info","twitter_description":"Communiqu\u00e9 Pour le court-m\u00e9trage \u00ab\u00a0L&rsquo;Enfant Manqu\u00e9\u00a0\u00bb\u00a0 de J\u00e9r\u00e9my van der Haegen (N\u00e9on Rouge production, Tact production), nous recherchons des r\u00f4les [&hellip;]","twitter_image":"https:\/\/vosgesinfo.fr\/app\/uploads\/sites\/6\/2016\/07\/casting.jpg","twitter_creator":"@VosgesInfo88","twitter_site":"@VosgesInfo88","twitter_misc":{"\u00c9crit par":"qs_admin","Dur\u00e9e de lecture estim\u00e9e":"1 minute"},"schema":{"@context":"https:\/\/schema.org","@graph":[{"@type":"Article","@id":"https:\/\/vosgesinfo.fr\/gerardmerinfo\/2019\/09\/casting-court-metrage-lenfant-manque-acteurs-experience\/#article","isPartOf":{"@id":"https:\/\/vosgesinfo.fr\/gerardmerinfo\/2019\/09\/casting-court-metrage-lenfant-manque-acteurs-experience\/"},"author":{"name":"qs_admin","@id":"https:\/\/vosgesinfo.fr\/gerardmerinfo\/#\/schema\/person\/bc5d02d71e6932e81b6dadb7386667b1"},"headline":"Casting pour le court-m\u00e9trage \u00ab\u00a0L&rsquo;Enfant Manqu\u00e9\u00a0\u00bb &#8211; \u00ab\u00a0acteurs\u00a0\u00bb avec ou sans exp\u00e9rience","datePublished":"2019-09-11T13:57:43+00:00","dateModified":"2019-09-11T13:57:43+00:00","mainEntityOfPage":{"@id":"https:\/\/vosgesinfo.fr\/gerardmerinfo\/2019\/09\/casting-court-metrage-lenfant-manque-acteurs-experience\/"},"wordCount":210,"commentCount":0,"publisher":{"@id":"https:\/\/vosgesinfo.fr\/gerardmerinfo\/#organization"},"image":{"@id":"https:\/\/vosgesinfo.fr\/gerardmerinfo\/2019\/09\/casting-court-metrage-lenfant-manque-acteurs-experience\/#primaryimage"},"thumbnailUrl":"https:\/\/vosgesinfo.fr\/app\/uploads\/sites\/6\/2016\/07\/casting.jpg","articleSection":["A la une","cin\u00e9ma","Culture"],"inLanguage":"fr-FR","potentialAction":[{"@type":"CommentAction","name":"Comment","target":["https:\/\/vosgesinfo.fr\/gerardmerinfo\/2019\/09\/casting-court-metrage-lenfant-manque-acteurs-experience\/#respond"]}]},{"@type":"WebPage","@id":"https:\/\/vosgesinfo.fr\/gerardmerinfo\/2019\/09\/casting-court-metrage-lenfant-manque-acteurs-experience\/","url":"https:\/\/vosgesinfo.fr\/gerardmerinfo\/2019\/09\/casting-court-metrage-lenfant-manque-acteurs-experience\/","name":"Casting pour le court-m\u00e9trage \"L'Enfant Manqu\u00e9\" - \"acteurs\" avec ou sans exp\u00e9rience - Gerardmer Info","isPartOf":{"@id":"https:\/\/vosgesinfo.fr\/gerardmerinfo\/#website"},"primaryImageOfPage":{"@id":"https:\/\/vosgesinfo.fr\/gerardmerinfo\/2019\/09\/casting-court-metrage-lenfant-manque-acteurs-experience\/#primaryimage"},"image":{"@id":"https:\/\/vosgesinfo.fr\/gerardmerinfo\/2019\/09\/casting-court-metrage-lenfant-manque-acteurs-experience\/#primaryimage"},"thumbnailUrl":"https:\/\/vosgesinfo.fr\/app\/uploads\/sites\/6\/2016\/07\/casting.jpg","datePublished":"2019-09-11T13:57:43+00:00","dateModified":"2019-09-11T13:57:43+00:00","breadcrumb":{"@id":"https:\/\/vosgesinfo.fr\/gerardmerinfo\/2019\/09\/casting-court-metrage-lenfant-manque-acteurs-experience\/#breadcrumb"},"inLanguage":"fr-FR","potentialAction":[{"@type":"ReadAction","target":["https:\/\/vosgesinfo.fr\/gerardmerinfo\/2019\/09\/casting-court-metrage-lenfant-manque-acteurs-experience\/"]}]},{"@type":"ImageObject","inLanguage":"fr-FR","@id":"https:\/\/vosgesinfo.fr\/gerardmerinfo\/2019\/09\/casting-court-metrage-lenfant-manque-acteurs-experience\/#primaryimage","url":"https:\/\/vosgesinfo.fr\/app\/uploads\/sites\/6\/2016\/07\/casting.jpg","contentUrl":"https:\/\/vosgesinfo.fr\/app\/uploads\/sites\/6\/2016\/07\/casting.jpg"},{"@type":"BreadcrumbList","@id":"https:\/\/vosgesinfo.fr\/gerardmerinfo\/2019\/09\/casting-court-metrage-lenfant-manque-acteurs-experience\/#breadcrumb","itemListElement":[{"@type":"ListItem","position":1,"name":"Home","item":"https:\/\/vosgesinfo.fr\/gerardmerinfo\/"},{"@type":"ListItem","position":2,"name":"Casting pour le court-m\u00e9trage \u00ab\u00a0L&rsquo;Enfant Manqu\u00e9\u00a0\u00bb &#8211; \u00ab\u00a0acteurs\u00a0\u00bb avec ou sans exp\u00e9rience"}]},{"@type":"WebSite","@id":"https:\/\/vosgesinfo.fr\/gerardmerinfo\/#website","url":"https:\/\/vosgesinfo.fr\/gerardmerinfo\/","name":"Gerardmer Info","description":"Toute l&#039;actualit\u00e9 de G\u00e9rardmer","publisher":{"@id":"https:\/\/vosgesinfo.fr\/gerardmerinfo\/#organization"},"alternateName":"Toute l'actualit\u00e9 de G\u00e9rardmer","potentialAction":[{"@type":"SearchAction","target":{"@type":"EntryPoint","urlTemplate":"https:\/\/vosgesinfo.fr\/gerardmerinfo\/?s={search_term_string}"},"query-input":"required name=search_term_string"}],"inLanguage":"fr-FR"},{"@type":"Organization","@id":"https:\/\/vosgesinfo.fr\/gerardmerinfo\/#organization","name":"Gerardmer Info","url":"https:\/\/vosgesinfo.fr\/gerardmerinfo\/","logo":{"@type":"ImageObject","inLanguage":"fr-FR","@id":"https:\/\/vosgesinfo.fr\/gerardmerinfo\/#\/schema\/logo\/image\/","url":"https:\/\/vosgesinfo.fr\/app\/uploads\/sites\/6\/2023\/08\/favicon-gerardmerinfo.png","contentUrl":"https:\/\/vosgesinfo.fr\/app\/uploads\/sites\/6\/2023\/08\/favicon-gerardmerinfo.png","width":512,"height":512,"caption":"Gerardmer Info"},"image":{"@id":"https:\/\/vosgesinfo.fr\/gerardmerinfo\/#\/schema\/logo\/image\/"},"sameAs":["https:\/\/www.facebook.com\/profile.php?id=100049475262660","https:\/\/x.com\/VosgesInfo88","https:\/\/www.youtube.com\/@vosgesinfo"]},{"@type":"Person","@id":"https:\/\/vosgesinfo.fr\/gerardmerinfo\/#\/schema\/person\/bc5d02d71e6932e81b6dadb7386667b1","name":"qs_admin","image":{"@type":"ImageObject","inLanguage":"fr-FR","@id":"https:\/\/vosgesinfo.fr\/gerardmerinfo\/#\/schema\/person\/image\/","url":"https:\/\/secure.gravatar.com\/avatar\/94b18ee0ed79e4a42ea2f2931277b6841a8999fc6fde214600c78057cf1fe1de?s=96&d=mm&r=g","contentUrl":"https:\/\/secure.gravatar.com\/avatar\/94b18ee0ed79e4a42ea2f2931277b6841a8999fc6fde214600c78057cf1fe1de?s=96&d=mm&r=g","caption":"qs_admin"},"sameAs":["https:\/\/vosgesinfo.fr\/wp"],"url":"https:\/\/vosgesinfo.fr\/gerardmerinfo\/author\/qs_admin\/"}]}},"_links":{"self":[{"href":"https:\/\/vosgesinfo.fr\/gerardmerinfo\/wp-json\/wp\/v2\/posts\/43855","targetHints":{"allow":["GET"]}}],"collection":[{"href":"https:\/\/vosgesinfo.fr\/gerardmerinfo\/wp-json\/wp\/v2\/posts"}],"about":[{"href":"https:\/\/vosgesinfo.fr\/gerardmerinfo\/wp-json\/wp\/v2\/types\/post"}],"author":[{"embeddable":true,"href":"https:\/\/vosgesinfo.fr\/gerardmerinfo\/wp-json\/wp\/v2\/users\/1"}],"replies":[{"embeddable":true,"href":"https:\/\/vosgesinfo.fr\/gerardmerinfo\/wp-json\/wp\/v2\/comments?post=43855"}],"version-history":[{"count":0,"href":"https:\/\/vosgesinfo.fr\/gerardmerinfo\/wp-json\/wp\/v2\/posts\/43855\/revisions"}],"wp:featuredmedia":[{"embeddable":true,"href":"https:\/\/vosgesinfo.fr\/gerardmerinfo\/wp-json\/wp\/v2\/media\/3304"}],"wp:attachment":[{"href":"https:\/\/vosgesinfo.fr\/gerardmerinfo\/wp-json\/wp\/v2\/media?parent=43855"}],"wp:term":[{"taxonomy":"category","embeddable":true,"href":"https:\/\/vosgesinfo.fr\/gerardmerinfo\/wp-json\/wp\/v2\/categories?post=43855"},{"taxonomy":"post_tag","embeddable":true,"href":"https:\/\/vosgesinfo.fr\/gerardmerinfo\/wp-json\/wp\/v2\/tags?post=43855"}],"curies":[{"name":"wp","href":"https:\/\/api.w.org\/{rel}","templated":true}]}}