{"id":43873,"date":"2019-09-11T15:59:32","date_gmt":"2019-09-11T13:59:32","guid":{"rendered":"https:\/\/vosgesinfo.fr\/gerardmerinfo\/2019\/09\/semaine-bleue-mieux-etre-qualite-de-vie-seniors\/"},"modified":"2019-09-11T15:59:32","modified_gmt":"2019-09-11T13:59:32","slug":"semaine-bleue-mieux-etre-qualite-de-vie-seniors","status":"publish","type":"post","link":"https:\/\/vosgesinfo.fr\/gerardmerinfo\/2019\/09\/semaine-bleue-mieux-etre-qualite-de-vie-seniors\/","title":{"rendered":"La Semaine Bleue : \u00ab\u00a0mieux-\u00eatre\u00a0\u00bb &#038; qualit\u00e9 de vie pour les seniors"},"content":{"rendered":"<div id=\"attachment_152316\" style=\"width: 810px\" class=\"wp-caption aligncenter\"><a href=\"\/2019\/09\/IMG_20190910_163119.jpg\"><img decoding=\"async\" aria-describedby=\"caption-attachment-152316\" class=\"size-full wp-image-152316\" src=\"\/2019\/09\/IMG_20190910_163119.jpg\" alt=\"Nathalie Colnat &amp; Laurence Goujard\" width=\"800\" height=\"600\" \/><\/a><p id=\"caption-attachment-152316\" class=\"wp-caption-text\"><strong><span style=\"color: #003366;\">Nathalie Colnat &amp; Laurence Goujard<\/span><\/strong><\/p><\/div>\n<p>&nbsp;<\/p>\n<h3>La Ville de G\u00e9rardmer participera \u00e0 la Semaine Bleue cette ann\u00e9e en proposant des conf\u00e9rences, ateliers et visites mis en place via le CCAS et les partenaires de l&rsquo;op\u00e9ration.<\/h3>\n<p>C&rsquo;est donc par le biais du CCAS et dans le cadre du plan seniors que la Ville a d\u00e9cid\u00e9 de prendre part \u00e0 cette semaine nationale. A G\u00e9rardmer, dans les grandes lignes, on s&rsquo;attardera sur le \u00ab\u00a0mieux-\u00eatre\u00a0\u00bb et la qualit\u00e9 de vie des seniors, la lutte contre le vieillissement et la pr\u00e9vention des risques li\u00e9s \u00e0 ce dernier. \u00ab\u00a0Les seniors constituent de mani\u00e8re g\u00e9n\u00e9rale une population plus vuln\u00e9rable, l&rsquo;id\u00e9e et de contribuer \u00e0 faire en sorte de les rendre plus vigilants au quotidien, que ce soient par rapport aux risques domestiques, ou encore par rapport aux vols, cambriolages, arnaques etc&#8230;\u00a0\u00bb pr\u00e9cisaient l&rsquo;Adjointe \u00e0 la solidarit\u00e9 et \u00e0 l\u2019action sociale Laurence Goujard et la directrice du CCAS Nathalie Colnat.<\/p>\n<p>Pour conclure, sachez que l&rsquo;ensemble des animations au programme son gratuites mais que certaines n\u00e9cessitent une inscription comme l&rsquo;atelier \u00ab\u00a0Apprentissage tablettes num\u00e9riques\u00a0\u00bb dont la premi\u00e8re s\u00e9ance aura lieu le mercredi 9 octobre. Cet atelier sera compos\u00e9 de 10 s\u00e9ances (les mercredis de 10 h \u00e0 12 h) jusqu&rsquo;au 11 d\u00e9cembre et il est organis\u00e9 en lien avec l&rsquo;association SOS futur. Selon la demande, d&rsquo;autres session de 10 s\u00e9ances seront probablement mises en place par la suite. Les inscriptions d\u00e9butes d\u00e8s aujourd&rsquo;hui sur place au CCAS ou au 03 29 60 60 60.<\/p>\n<p style=\"text-align: center;\"><strong>Le programme de la semaine :<\/strong><\/p>\n<p><a href=\"\/2019\/09\/Semaine-Bleue.png\"><img decoding=\"async\" class=\"aligncenter size-full wp-image-152318\" src=\"\/2019\/09\/Semaine-Bleue.png\" alt=\"Semaine Bleue\" width=\"926\" height=\"1310\" \/><\/a><\/p>\n","protected":false},"excerpt":{"rendered":"<p>&nbsp; La Ville de G\u00e9rardmer participera \u00e0 la Semaine Bleue cette ann\u00e9e en proposant des conf\u00e9rences, ateliers et visites mis [&hellip;]<\/p>\n","protected":false},"author":42,"featured_media":43874,"comment_status":"open","ping_status":"open","sticky":false,"template":"","format":"standard","meta":{"footnotes":""},"categories":[20,25,12],"tags":[166,4221],"class_list":["post-43873","post","type-post","status-publish","format-standard","has-post-thumbnail","hentry","category-a-la-une","category-gerardmer","category-sante","tag-ccas","tag-semaine-bleue"],"acf":[],"yoast_head":"<!-- This site is optimized with the Yoast SEO plugin v22.5 - https:\/\/yoast.com\/wordpress\/plugins\/seo\/ -->\n<title>La Semaine Bleue : &quot;mieux-\u00eatre&quot; &amp; qualit\u00e9 de vie pour les seniors - Gerardmer Info<\/title>\n<meta name=\"robots\" content=\"index, follow, max-snippet:-1, max-image-preview:large, max-video-preview:-1\" \/>\n<link rel=\"canonical\" href=\"https:\/\/vosgesinfo.fr\/gerardmerinfo\/2019\/09\/semaine-bleue-mieux-etre-qualite-de-vie-seniors\/\" \/>\n<meta name=\"twitter:card\" content=\"summary_large_image\" \/>\n<meta name=\"twitter:title\" content=\"La Semaine Bleue : &quot;mieux-\u00eatre&quot; &amp; qualit\u00e9 de vie pour les seniors - Gerardmer Info\" \/>\n<meta name=\"twitter:description\" content=\"&nbsp; La Ville de G\u00e9rardmer participera \u00e0 la Semaine Bleue cette ann\u00e9e en proposant des conf\u00e9rences, ateliers et visites mis [&hellip;]\" \/>\n<meta name=\"twitter:image\" content=\"https:\/\/vosgesinfo.fr\/app\/uploads\/sites\/6\/2024\/07\/201909img-20190910-163119.jpg\" \/>\n<meta name=\"twitter:creator\" content=\"@VosgesInfo88\" \/>\n<meta name=\"twitter:site\" content=\"@VosgesInfo88\" \/>\n<meta name=\"twitter:label1\" content=\"\u00c9crit par\" \/>\n\t<meta name=\"twitter:data1\" content=\"QG\" \/>\n\t<meta name=\"twitter:label2\" content=\"Dur\u00e9e de lecture estim\u00e9e\" \/>\n\t<meta name=\"twitter:data2\" content=\"1 minute\" \/>\n<script type=\"application\/ld+json\" class=\"yoast-schema-graph\">{\"@context\":\"https:\/\/schema.org\",\"@graph\":[{\"@type\":\"Article\",\"@id\":\"https:\/\/vosgesinfo.fr\/gerardmerinfo\/2019\/09\/semaine-bleue-mieux-etre-qualite-de-vie-seniors\/#article\",\"isPartOf\":{\"@id\":\"https:\/\/vosgesinfo.fr\/gerardmerinfo\/2019\/09\/semaine-bleue-mieux-etre-qualite-de-vie-seniors\/\"},\"author\":{\"name\":\"QG\",\"@id\":\"https:\/\/vosgesinfo.fr\/gerardmerinfo\/#\/schema\/person\/db5605779a843dad16b5368f3e7613a5\"},\"headline\":\"La Semaine Bleue : \u00ab\u00a0mieux-\u00eatre\u00a0\u00bb &#038; qualit\u00e9 de vie pour les seniors\",\"datePublished\":\"2019-09-11T13:59:32+00:00\",\"dateModified\":\"2019-09-11T13:59:32+00:00\",\"mainEntityOfPage\":{\"@id\":\"https:\/\/vosgesinfo.fr\/gerardmerinfo\/2019\/09\/semaine-bleue-mieux-etre-qualite-de-vie-seniors\/\"},\"wordCount\":286,\"commentCount\":0,\"publisher\":{\"@id\":\"https:\/\/vosgesinfo.fr\/gerardmerinfo\/#organization\"},\"image\":{\"@id\":\"https:\/\/vosgesinfo.fr\/gerardmerinfo\/2019\/09\/semaine-bleue-mieux-etre-qualite-de-vie-seniors\/#primaryimage\"},\"thumbnailUrl\":\"https:\/\/vosgesinfo.fr\/app\/uploads\/sites\/6\/2024\/07\/201909img-20190910-163119.jpg\",\"keywords\":[\"CCAS\",\"semaine bleue\"],\"articleSection\":[\"A la une\",\"G\u00e9rardmer\",\"Sant\u00e9\"],\"inLanguage\":\"fr-FR\",\"potentialAction\":[{\"@type\":\"CommentAction\",\"name\":\"Comment\",\"target\":[\"https:\/\/vosgesinfo.fr\/gerardmerinfo\/2019\/09\/semaine-bleue-mieux-etre-qualite-de-vie-seniors\/#respond\"]}]},{\"@type\":\"WebPage\",\"@id\":\"https:\/\/vosgesinfo.fr\/gerardmerinfo\/2019\/09\/semaine-bleue-mieux-etre-qualite-de-vie-seniors\/\",\"url\":\"https:\/\/vosgesinfo.fr\/gerardmerinfo\/2019\/09\/semaine-bleue-mieux-etre-qualite-de-vie-seniors\/\",\"name\":\"La Semaine Bleue : \\\"mieux-\u00eatre\\\" & qualit\u00e9 de vie pour les seniors - Gerardmer Info\",\"isPartOf\":{\"@id\":\"https:\/\/vosgesinfo.fr\/gerardmerinfo\/#website\"},\"primaryImageOfPage\":{\"@id\":\"https:\/\/vosgesinfo.fr\/gerardmerinfo\/2019\/09\/semaine-bleue-mieux-etre-qualite-de-vie-seniors\/#primaryimage\"},\"image\":{\"@id\":\"https:\/\/vosgesinfo.fr\/gerardmerinfo\/2019\/09\/semaine-bleue-mieux-etre-qualite-de-vie-seniors\/#primaryimage\"},\"thumbnailUrl\":\"https:\/\/vosgesinfo.fr\/app\/uploads\/sites\/6\/2024\/07\/201909img-20190910-163119.jpg\",\"datePublished\":\"2019-09-11T13:59:32+00:00\",\"dateModified\":\"2019-09-11T13:59:32+00:00\",\"breadcrumb\":{\"@id\":\"https:\/\/vosgesinfo.fr\/gerardmerinfo\/2019\/09\/semaine-bleue-mieux-etre-qualite-de-vie-seniors\/#breadcrumb\"},\"inLanguage\":\"fr-FR\",\"potentialAction\":[{\"@type\":\"ReadAction\",\"target\":[\"https:\/\/vosgesinfo.fr\/gerardmerinfo\/2019\/09\/semaine-bleue-mieux-etre-qualite-de-vie-seniors\/\"]}]},{\"@type\":\"ImageObject\",\"inLanguage\":\"fr-FR\",\"@id\":\"https:\/\/vosgesinfo.fr\/gerardmerinfo\/2019\/09\/semaine-bleue-mieux-etre-qualite-de-vie-seniors\/#primaryimage\",\"url\":\"https:\/\/vosgesinfo.fr\/app\/uploads\/sites\/6\/2024\/07\/201909img-20190910-163119.jpg\",\"contentUrl\":\"https:\/\/vosgesinfo.fr\/app\/uploads\/sites\/6\/2024\/07\/201909img-20190910-163119.jpg\",\"width\":800,\"height\":600},{\"@type\":\"BreadcrumbList\",\"@id\":\"https:\/\/vosgesinfo.fr\/gerardmerinfo\/2019\/09\/semaine-bleue-mieux-etre-qualite-de-vie-seniors\/#breadcrumb\",\"itemListElement\":[{\"@type\":\"ListItem\",\"position\":1,\"name\":\"Home\",\"item\":\"https:\/\/vosgesinfo.fr\/gerardmerinfo\/\"},{\"@type\":\"ListItem\",\"position\":2,\"name\":\"La Semaine Bleue : \u00ab\u00a0mieux-\u00eatre\u00a0\u00bb &#038; qualit\u00e9 de vie pour les seniors\"}]},{\"@type\":\"WebSite\",\"@id\":\"https:\/\/vosgesinfo.fr\/gerardmerinfo\/#website\",\"url\":\"https:\/\/vosgesinfo.fr\/gerardmerinfo\/\",\"name\":\"Gerardmer Info\",\"description\":\"Toute l&#039;actualit\u00e9 de G\u00e9rardmer\",\"publisher\":{\"@id\":\"https:\/\/vosgesinfo.fr\/gerardmerinfo\/#organization\"},\"alternateName\":\"Toute l'actualit\u00e9 de G\u00e9rardmer\",\"potentialAction\":[{\"@type\":\"SearchAction\",\"target\":{\"@type\":\"EntryPoint\",\"urlTemplate\":\"https:\/\/vosgesinfo.fr\/gerardmerinfo\/?s={search_term_string}\"},\"query-input\":\"required name=search_term_string\"}],\"inLanguage\":\"fr-FR\"},{\"@type\":\"Organization\",\"@id\":\"https:\/\/vosgesinfo.fr\/gerardmerinfo\/#organization\",\"name\":\"Gerardmer Info\",\"url\":\"https:\/\/vosgesinfo.fr\/gerardmerinfo\/\",\"logo\":{\"@type\":\"ImageObject\",\"inLanguage\":\"fr-FR\",\"@id\":\"https:\/\/vosgesinfo.fr\/gerardmerinfo\/#\/schema\/logo\/image\/\",\"url\":\"https:\/\/vosgesinfo.fr\/app\/uploads\/sites\/6\/2023\/08\/favicon-gerardmerinfo.png\",\"contentUrl\":\"https:\/\/vosgesinfo.fr\/app\/uploads\/sites\/6\/2023\/08\/favicon-gerardmerinfo.png\",\"width\":512,\"height\":512,\"caption\":\"Gerardmer Info\"},\"image\":{\"@id\":\"https:\/\/vosgesinfo.fr\/gerardmerinfo\/#\/schema\/logo\/image\/\"},\"sameAs\":[\"https:\/\/www.facebook.com\/profile.php?id=100049475262660\",\"https:\/\/x.com\/VosgesInfo88\",\"https:\/\/www.youtube.com\/@vosgesinfo\"]},{\"@type\":\"Person\",\"@id\":\"https:\/\/vosgesinfo.fr\/gerardmerinfo\/#\/schema\/person\/db5605779a843dad16b5368f3e7613a5\",\"name\":\"QG\",\"image\":{\"@type\":\"ImageObject\",\"inLanguage\":\"fr-FR\",\"@id\":\"https:\/\/vosgesinfo.fr\/gerardmerinfo\/#\/schema\/person\/image\/\",\"url\":\"https:\/\/secure.gravatar.com\/avatar\/ea80c42c204b534408512832fde52504ecabb9706bcb6151cf6175e5b64e6793?s=96&d=mm&r=g\",\"contentUrl\":\"https:\/\/secure.gravatar.com\/avatar\/ea80c42c204b534408512832fde52504ecabb9706bcb6151cf6175e5b64e6793?s=96&d=mm&r=g\",\"caption\":\"QG\"},\"url\":\"https:\/\/vosgesinfo.fr\/gerardmerinfo\/author\/quentin88\/\"}]}<\/script>\n<!-- \/ Yoast SEO plugin. -->","yoast_head_json":{"title":"La Semaine Bleue : \"mieux-\u00eatre\" & qualit\u00e9 de vie pour les seniors - Gerardmer Info","robots":{"index":"index","follow":"follow","max-snippet":"max-snippet:-1","max-image-preview":"max-image-preview:large","max-video-preview":"max-video-preview:-1"},"canonical":"https:\/\/vosgesinfo.fr\/gerardmerinfo\/2019\/09\/semaine-bleue-mieux-etre-qualite-de-vie-seniors\/","twitter_card":"summary_large_image","twitter_title":"La Semaine Bleue : \"mieux-\u00eatre\" & qualit\u00e9 de vie pour les seniors - Gerardmer Info","twitter_description":"&nbsp; La Ville de G\u00e9rardmer participera \u00e0 la Semaine Bleue cette ann\u00e9e en proposant des conf\u00e9rences, ateliers et visites mis [&hellip;]","twitter_image":"https:\/\/vosgesinfo.fr\/app\/uploads\/sites\/6\/2024\/07\/201909img-20190910-163119.jpg","twitter_creator":"@VosgesInfo88","twitter_site":"@VosgesInfo88","twitter_misc":{"\u00c9crit par":"QG","Dur\u00e9e de lecture estim\u00e9e":"1 minute"},"schema":{"@context":"https:\/\/schema.org","@graph":[{"@type":"Article","@id":"https:\/\/vosgesinfo.fr\/gerardmerinfo\/2019\/09\/semaine-bleue-mieux-etre-qualite-de-vie-seniors\/#article","isPartOf":{"@id":"https:\/\/vosgesinfo.fr\/gerardmerinfo\/2019\/09\/semaine-bleue-mieux-etre-qualite-de-vie-seniors\/"},"author":{"name":"QG","@id":"https:\/\/vosgesinfo.fr\/gerardmerinfo\/#\/schema\/person\/db5605779a843dad16b5368f3e7613a5"},"headline":"La Semaine Bleue : \u00ab\u00a0mieux-\u00eatre\u00a0\u00bb &#038; qualit\u00e9 de vie pour les seniors","datePublished":"2019-09-11T13:59:32+00:00","dateModified":"2019-09-11T13:59:32+00:00","mainEntityOfPage":{"@id":"https:\/\/vosgesinfo.fr\/gerardmerinfo\/2019\/09\/semaine-bleue-mieux-etre-qualite-de-vie-seniors\/"},"wordCount":286,"commentCount":0,"publisher":{"@id":"https:\/\/vosgesinfo.fr\/gerardmerinfo\/#organization"},"image":{"@id":"https:\/\/vosgesinfo.fr\/gerardmerinfo\/2019\/09\/semaine-bleue-mieux-etre-qualite-de-vie-seniors\/#primaryimage"},"thumbnailUrl":"https:\/\/vosgesinfo.fr\/app\/uploads\/sites\/6\/2024\/07\/201909img-20190910-163119.jpg","keywords":["CCAS","semaine bleue"],"articleSection":["A la une","G\u00e9rardmer","Sant\u00e9"],"inLanguage":"fr-FR","potentialAction":[{"@type":"CommentAction","name":"Comment","target":["https:\/\/vosgesinfo.fr\/gerardmerinfo\/2019\/09\/semaine-bleue-mieux-etre-qualite-de-vie-seniors\/#respond"]}]},{"@type":"WebPage","@id":"https:\/\/vosgesinfo.fr\/gerardmerinfo\/2019\/09\/semaine-bleue-mieux-etre-qualite-de-vie-seniors\/","url":"https:\/\/vosgesinfo.fr\/gerardmerinfo\/2019\/09\/semaine-bleue-mieux-etre-qualite-de-vie-seniors\/","name":"La Semaine Bleue : \"mieux-\u00eatre\" & qualit\u00e9 de vie pour les seniors - Gerardmer Info","isPartOf":{"@id":"https:\/\/vosgesinfo.fr\/gerardmerinfo\/#website"},"primaryImageOfPage":{"@id":"https:\/\/vosgesinfo.fr\/gerardmerinfo\/2019\/09\/semaine-bleue-mieux-etre-qualite-de-vie-seniors\/#primaryimage"},"image":{"@id":"https:\/\/vosgesinfo.fr\/gerardmerinfo\/2019\/09\/semaine-bleue-mieux-etre-qualite-de-vie-seniors\/#primaryimage"},"thumbnailUrl":"https:\/\/vosgesinfo.fr\/app\/uploads\/sites\/6\/2024\/07\/201909img-20190910-163119.jpg","datePublished":"2019-09-11T13:59:32+00:00","dateModified":"2019-09-11T13:59:32+00:00","breadcrumb":{"@id":"https:\/\/vosgesinfo.fr\/gerardmerinfo\/2019\/09\/semaine-bleue-mieux-etre-qualite-de-vie-seniors\/#breadcrumb"},"inLanguage":"fr-FR","potentialAction":[{"@type":"ReadAction","target":["https:\/\/vosgesinfo.fr\/gerardmerinfo\/2019\/09\/semaine-bleue-mieux-etre-qualite-de-vie-seniors\/"]}]},{"@type":"ImageObject","inLanguage":"fr-FR","@id":"https:\/\/vosgesinfo.fr\/gerardmerinfo\/2019\/09\/semaine-bleue-mieux-etre-qualite-de-vie-seniors\/#primaryimage","url":"https:\/\/vosgesinfo.fr\/app\/uploads\/sites\/6\/2024\/07\/201909img-20190910-163119.jpg","contentUrl":"https:\/\/vosgesinfo.fr\/app\/uploads\/sites\/6\/2024\/07\/201909img-20190910-163119.jpg","width":800,"height":600},{"@type":"BreadcrumbList","@id":"https:\/\/vosgesinfo.fr\/gerardmerinfo\/2019\/09\/semaine-bleue-mieux-etre-qualite-de-vie-seniors\/#breadcrumb","itemListElement":[{"@type":"ListItem","position":1,"name":"Home","item":"https:\/\/vosgesinfo.fr\/gerardmerinfo\/"},{"@type":"ListItem","position":2,"name":"La Semaine Bleue : \u00ab\u00a0mieux-\u00eatre\u00a0\u00bb &#038; qualit\u00e9 de vie pour les seniors"}]},{"@type":"WebSite","@id":"https:\/\/vosgesinfo.fr\/gerardmerinfo\/#website","url":"https:\/\/vosgesinfo.fr\/gerardmerinfo\/","name":"Gerardmer Info","description":"Toute l&#039;actualit\u00e9 de G\u00e9rardmer","publisher":{"@id":"https:\/\/vosgesinfo.fr\/gerardmerinfo\/#organization"},"alternateName":"Toute l'actualit\u00e9 de G\u00e9rardmer","potentialAction":[{"@type":"SearchAction","target":{"@type":"EntryPoint","urlTemplate":"https:\/\/vosgesinfo.fr\/gerardmerinfo\/?s={search_term_string}"},"query-input":"required name=search_term_string"}],"inLanguage":"fr-FR"},{"@type":"Organization","@id":"https:\/\/vosgesinfo.fr\/gerardmerinfo\/#organization","name":"Gerardmer Info","url":"https:\/\/vosgesinfo.fr\/gerardmerinfo\/","logo":{"@type":"ImageObject","inLanguage":"fr-FR","@id":"https:\/\/vosgesinfo.fr\/gerardmerinfo\/#\/schema\/logo\/image\/","url":"https:\/\/vosgesinfo.fr\/app\/uploads\/sites\/6\/2023\/08\/favicon-gerardmerinfo.png","contentUrl":"https:\/\/vosgesinfo.fr\/app\/uploads\/sites\/6\/2023\/08\/favicon-gerardmerinfo.png","width":512,"height":512,"caption":"Gerardmer Info"},"image":{"@id":"https:\/\/vosgesinfo.fr\/gerardmerinfo\/#\/schema\/logo\/image\/"},"sameAs":["https:\/\/www.facebook.com\/profile.php?id=100049475262660","https:\/\/x.com\/VosgesInfo88","https:\/\/www.youtube.com\/@vosgesinfo"]},{"@type":"Person","@id":"https:\/\/vosgesinfo.fr\/gerardmerinfo\/#\/schema\/person\/db5605779a843dad16b5368f3e7613a5","name":"QG","image":{"@type":"ImageObject","inLanguage":"fr-FR","@id":"https:\/\/vosgesinfo.fr\/gerardmerinfo\/#\/schema\/person\/image\/","url":"https:\/\/secure.gravatar.com\/avatar\/ea80c42c204b534408512832fde52504ecabb9706bcb6151cf6175e5b64e6793?s=96&d=mm&r=g","contentUrl":"https:\/\/secure.gravatar.com\/avatar\/ea80c42c204b534408512832fde52504ecabb9706bcb6151cf6175e5b64e6793?s=96&d=mm&r=g","caption":"QG"},"url":"https:\/\/vosgesinfo.fr\/gerardmerinfo\/author\/quentin88\/"}]}},"_links":{"self":[{"href":"https:\/\/vosgesinfo.fr\/gerardmerinfo\/wp-json\/wp\/v2\/posts\/43873","targetHints":{"allow":["GET"]}}],"collection":[{"href":"https:\/\/vosgesinfo.fr\/gerardmerinfo\/wp-json\/wp\/v2\/posts"}],"about":[{"href":"https:\/\/vosgesinfo.fr\/gerardmerinfo\/wp-json\/wp\/v2\/types\/post"}],"author":[{"embeddable":true,"href":"https:\/\/vosgesinfo.fr\/gerardmerinfo\/wp-json\/wp\/v2\/users\/42"}],"replies":[{"embeddable":true,"href":"https:\/\/vosgesinfo.fr\/gerardmerinfo\/wp-json\/wp\/v2\/comments?post=43873"}],"version-history":[{"count":0,"href":"https:\/\/vosgesinfo.fr\/gerardmerinfo\/wp-json\/wp\/v2\/posts\/43873\/revisions"}],"wp:featuredmedia":[{"embeddable":true,"href":"https:\/\/vosgesinfo.fr\/gerardmerinfo\/wp-json\/wp\/v2\/media\/43874"}],"wp:attachment":[{"href":"https:\/\/vosgesinfo.fr\/gerardmerinfo\/wp-json\/wp\/v2\/media?parent=43873"}],"wp:term":[{"taxonomy":"category","embeddable":true,"href":"https:\/\/vosgesinfo.fr\/gerardmerinfo\/wp-json\/wp\/v2\/categories?post=43873"},{"taxonomy":"post_tag","embeddable":true,"href":"https:\/\/vosgesinfo.fr\/gerardmerinfo\/wp-json\/wp\/v2\/tags?post=43873"}],"curies":[{"name":"wp","href":"https:\/\/api.w.org\/{rel}","templated":true}]}}