{"id":43878,"date":"2019-09-12T15:46:00","date_gmt":"2019-09-12T13:46:00","guid":{"rendered":"https:\/\/vosgesinfo.fr\/gerardmerinfo\/2019\/09\/nouvel-accueil-de-loisirs-mercredi-ca-demarre-fort\/"},"modified":"2019-09-12T15:46:00","modified_gmt":"2019-09-12T13:46:00","slug":"nouvel-accueil-de-loisirs-mercredi-ca-demarre-fort","status":"publish","type":"post","link":"https:\/\/vosgesinfo.fr\/gerardmerinfo\/2019\/09\/nouvel-accueil-de-loisirs-mercredi-ca-demarre-fort\/","title":{"rendered":"Nouvel accueil de loisirs du mercredi : \u00e7a d\u00e9marre fort"},"content":{"rendered":"\n<p>Depuis le 4 septembre dernier, la Ville de G\u00e9rardmer a mis en place un nouvel accueil de loisirs sans h\u00e9bergement (ALSH) les mercredis \u00e0 l&rsquo;attention des enfants \u00e2g\u00e9s de 3 \u00e0 5 ans. Une initiative qui d\u00e9coule du retour \u00e0 la semaine de 4 jours et qui r\u00e9pond manifestement \u00e0 une certaine demande de la population locale. En effet, le dispositif accueillait d\u00e9j\u00e0 16 enfants \u00e0 l&rsquo;\u00e9cole Jean Mac\u00e9 ce mercredi 11 septembre, deuxi\u00e8me journ\u00e9e de fonctionnement. Plut\u00f4t pas mal pour un (presque) d\u00e9but !<\/p>\n<p>Cet ALSH est encadr\u00e9 par deux animatrices p\u00e9riscolaires en la personne de Marie et Anastasia qui s&rsquo;occupent des jeux et activit\u00e9s manuelles propos\u00e9s aux enfants avec des programmations de cycles (d&rsquo;une vacance scolaire \u00e0 l&rsquo;autre). Pour cette premi\u00e8re session, c&rsquo;est Disney qui a \u00e9t\u00e9 retenu comme fil rouge et les enfants avaient le choix, ils ont donc \u00ab\u00a0vot\u00e9\u00a0\u00bb \u00e0 l\u2019unanimit\u00e9 pour <em>Toy Story<\/em>. C\u00f4t\u00e9 pratique, sachez que l&rsquo;accueil se fait \u00e0 l\u2019\u00e9cole Jean Mac\u00e9 entre 7 h 15\u00a0 et 9 h 00 le matin, et ce jusqu&rsquo;\u00e0 19 h 00 le soir, tous les mercredis hors vacances scolaires. \u00ab\u00a0C&rsquo;est assez flexible, il faut que les enfants soient inscrits au plus tard la veille afin que nous puissions pr\u00e9voir pour les repas du midi qui ont lieu \u00e0 l&rsquo;ODCVL\u00a0\u00bb pr\u00e9cise Delphine Henry, directrice de l&rsquo;ALSH. Question de tarifs, pour un code A, il vous en co\u00fbtera 7,55\u20ac la journ\u00e9e, repas compris, et 3\u20ac la demi-journ\u00e9e. Et si les effectifs augmentent, soyez tranquille(s), le personnel d&rsquo;animation augmentera en cons\u00e9quence et selon la l\u00e9gislation en vigueur (un animateur ou animatrice pour 10 enfants).<\/p>\n<p><strong>Contacts :<\/strong><\/p>\n<p>Directrice de l\u2019accueil de Loisirs sans h\u00e9bergement :<br \/>\nDelphine HENRY<br \/>\nT\u00e9l. 06 31 31 38 13<br \/>\ndelphine.henry@mairie-gerardmer.com<\/p>\n<p>Service \u00c9ducation \/ Jeunesse<br \/>\n03 29 60 60 60<br \/>\nvilledegerardmer@mairie-gerardmer.com<\/p>\n","protected":false},"excerpt":{"rendered":"<p>Depuis le 4 septembre dernier, la Ville de G\u00e9rardmer a mis en place un nouvel accueil de loisirs sans h\u00e9bergement [&hellip;]<\/p>\n","protected":false},"author":42,"featured_media":43879,"comment_status":"open","ping_status":"open","sticky":false,"template":"","format":"standard","meta":{"footnotes":""},"categories":[20,25,13],"tags":[734,325],"class_list":["post-43878","post","type-post","status-publish","format-standard","has-post-thumbnail","hentry","category-a-la-une","category-gerardmer","category-societe","tag-alsh","tag-ecole-jean-mace"],"acf":[],"yoast_head":"<!-- This site is optimized with the Yoast SEO plugin v22.5 - https:\/\/yoast.com\/wordpress\/plugins\/seo\/ -->\n<title>Nouvel accueil de loisirs du mercredi : \u00e7a d\u00e9marre fort - Gerardmer Info<\/title>\n<meta name=\"robots\" content=\"index, follow, max-snippet:-1, max-image-preview:large, max-video-preview:-1\" \/>\n<link rel=\"canonical\" href=\"https:\/\/vosgesinfo.fr\/gerardmerinfo\/2019\/09\/nouvel-accueil-de-loisirs-mercredi-ca-demarre-fort\/\" \/>\n<meta name=\"twitter:card\" content=\"summary_large_image\" \/>\n<meta name=\"twitter:title\" content=\"Nouvel accueil de loisirs du mercredi : \u00e7a d\u00e9marre fort - Gerardmer Info\" \/>\n<meta name=\"twitter:description\" content=\"Depuis le 4 septembre dernier, la Ville de G\u00e9rardmer a mis en place un nouvel accueil de loisirs sans h\u00e9bergement [&hellip;]\" \/>\n<meta name=\"twitter:image\" content=\"https:\/\/vosgesinfo.fr\/app\/uploads\/sites\/6\/2024\/07\/201909alsh-ville-de-gerardmer-jean-mace-3.jpg\" \/>\n<meta name=\"twitter:creator\" content=\"@VosgesInfo88\" \/>\n<meta name=\"twitter:site\" content=\"@VosgesInfo88\" \/>\n<meta name=\"twitter:label1\" content=\"\u00c9crit par\" \/>\n\t<meta name=\"twitter:data1\" content=\"QG\" \/>\n\t<meta name=\"twitter:label2\" content=\"Dur\u00e9e de lecture estim\u00e9e\" \/>\n\t<meta name=\"twitter:data2\" content=\"1 minute\" \/>\n<script type=\"application\/ld+json\" class=\"yoast-schema-graph\">{\"@context\":\"https:\/\/schema.org\",\"@graph\":[{\"@type\":\"Article\",\"@id\":\"https:\/\/vosgesinfo.fr\/gerardmerinfo\/2019\/09\/nouvel-accueil-de-loisirs-mercredi-ca-demarre-fort\/#article\",\"isPartOf\":{\"@id\":\"https:\/\/vosgesinfo.fr\/gerardmerinfo\/2019\/09\/nouvel-accueil-de-loisirs-mercredi-ca-demarre-fort\/\"},\"author\":{\"name\":\"QG\",\"@id\":\"https:\/\/vosgesinfo.fr\/gerardmerinfo\/#\/schema\/person\/db5605779a843dad16b5368f3e7613a5\"},\"headline\":\"Nouvel accueil de loisirs du mercredi : \u00e7a d\u00e9marre fort\",\"datePublished\":\"2019-09-12T13:46:00+00:00\",\"dateModified\":\"2019-09-12T13:46:00+00:00\",\"mainEntityOfPage\":{\"@id\":\"https:\/\/vosgesinfo.fr\/gerardmerinfo\/2019\/09\/nouvel-accueil-de-loisirs-mercredi-ca-demarre-fort\/\"},\"wordCount\":319,\"commentCount\":0,\"publisher\":{\"@id\":\"https:\/\/vosgesinfo.fr\/gerardmerinfo\/#organization\"},\"image\":{\"@id\":\"https:\/\/vosgesinfo.fr\/gerardmerinfo\/2019\/09\/nouvel-accueil-de-loisirs-mercredi-ca-demarre-fort\/#primaryimage\"},\"thumbnailUrl\":\"https:\/\/vosgesinfo.fr\/app\/uploads\/sites\/6\/2024\/07\/201909alsh-ville-de-gerardmer-jean-mace-3.jpg\",\"keywords\":[\"ALSH\",\"ecole Jean Mac\u00e9\"],\"articleSection\":[\"A la une\",\"G\u00e9rardmer\",\"Soci\u00e9t\u00e9\"],\"inLanguage\":\"fr-FR\",\"potentialAction\":[{\"@type\":\"CommentAction\",\"name\":\"Comment\",\"target\":[\"https:\/\/vosgesinfo.fr\/gerardmerinfo\/2019\/09\/nouvel-accueil-de-loisirs-mercredi-ca-demarre-fort\/#respond\"]}]},{\"@type\":\"WebPage\",\"@id\":\"https:\/\/vosgesinfo.fr\/gerardmerinfo\/2019\/09\/nouvel-accueil-de-loisirs-mercredi-ca-demarre-fort\/\",\"url\":\"https:\/\/vosgesinfo.fr\/gerardmerinfo\/2019\/09\/nouvel-accueil-de-loisirs-mercredi-ca-demarre-fort\/\",\"name\":\"Nouvel accueil de loisirs du mercredi : \u00e7a d\u00e9marre fort - Gerardmer Info\",\"isPartOf\":{\"@id\":\"https:\/\/vosgesinfo.fr\/gerardmerinfo\/#website\"},\"primaryImageOfPage\":{\"@id\":\"https:\/\/vosgesinfo.fr\/gerardmerinfo\/2019\/09\/nouvel-accueil-de-loisirs-mercredi-ca-demarre-fort\/#primaryimage\"},\"image\":{\"@id\":\"https:\/\/vosgesinfo.fr\/gerardmerinfo\/2019\/09\/nouvel-accueil-de-loisirs-mercredi-ca-demarre-fort\/#primaryimage\"},\"thumbnailUrl\":\"https:\/\/vosgesinfo.fr\/app\/uploads\/sites\/6\/2024\/07\/201909alsh-ville-de-gerardmer-jean-mace-3.jpg\",\"datePublished\":\"2019-09-12T13:46:00+00:00\",\"dateModified\":\"2019-09-12T13:46:00+00:00\",\"breadcrumb\":{\"@id\":\"https:\/\/vosgesinfo.fr\/gerardmerinfo\/2019\/09\/nouvel-accueil-de-loisirs-mercredi-ca-demarre-fort\/#breadcrumb\"},\"inLanguage\":\"fr-FR\",\"potentialAction\":[{\"@type\":\"ReadAction\",\"target\":[\"https:\/\/vosgesinfo.fr\/gerardmerinfo\/2019\/09\/nouvel-accueil-de-loisirs-mercredi-ca-demarre-fort\/\"]}]},{\"@type\":\"ImageObject\",\"inLanguage\":\"fr-FR\",\"@id\":\"https:\/\/vosgesinfo.fr\/gerardmerinfo\/2019\/09\/nouvel-accueil-de-loisirs-mercredi-ca-demarre-fort\/#primaryimage\",\"url\":\"https:\/\/vosgesinfo.fr\/app\/uploads\/sites\/6\/2024\/07\/201909alsh-ville-de-gerardmer-jean-mace-3.jpg\",\"contentUrl\":\"https:\/\/vosgesinfo.fr\/app\/uploads\/sites\/6\/2024\/07\/201909alsh-ville-de-gerardmer-jean-mace-3.jpg\",\"width\":800,\"height\":600},{\"@type\":\"BreadcrumbList\",\"@id\":\"https:\/\/vosgesinfo.fr\/gerardmerinfo\/2019\/09\/nouvel-accueil-de-loisirs-mercredi-ca-demarre-fort\/#breadcrumb\",\"itemListElement\":[{\"@type\":\"ListItem\",\"position\":1,\"name\":\"Home\",\"item\":\"https:\/\/vosgesinfo.fr\/gerardmerinfo\/\"},{\"@type\":\"ListItem\",\"position\":2,\"name\":\"Nouvel accueil de loisirs du mercredi : \u00e7a d\u00e9marre fort\"}]},{\"@type\":\"WebSite\",\"@id\":\"https:\/\/vosgesinfo.fr\/gerardmerinfo\/#website\",\"url\":\"https:\/\/vosgesinfo.fr\/gerardmerinfo\/\",\"name\":\"Gerardmer Info\",\"description\":\"Toute l&#039;actualit\u00e9 de G\u00e9rardmer\",\"publisher\":{\"@id\":\"https:\/\/vosgesinfo.fr\/gerardmerinfo\/#organization\"},\"alternateName\":\"Toute l'actualit\u00e9 de G\u00e9rardmer\",\"potentialAction\":[{\"@type\":\"SearchAction\",\"target\":{\"@type\":\"EntryPoint\",\"urlTemplate\":\"https:\/\/vosgesinfo.fr\/gerardmerinfo\/?s={search_term_string}\"},\"query-input\":\"required name=search_term_string\"}],\"inLanguage\":\"fr-FR\"},{\"@type\":\"Organization\",\"@id\":\"https:\/\/vosgesinfo.fr\/gerardmerinfo\/#organization\",\"name\":\"Gerardmer Info\",\"url\":\"https:\/\/vosgesinfo.fr\/gerardmerinfo\/\",\"logo\":{\"@type\":\"ImageObject\",\"inLanguage\":\"fr-FR\",\"@id\":\"https:\/\/vosgesinfo.fr\/gerardmerinfo\/#\/schema\/logo\/image\/\",\"url\":\"https:\/\/vosgesinfo.fr\/app\/uploads\/sites\/6\/2023\/08\/favicon-gerardmerinfo.png\",\"contentUrl\":\"https:\/\/vosgesinfo.fr\/app\/uploads\/sites\/6\/2023\/08\/favicon-gerardmerinfo.png\",\"width\":512,\"height\":512,\"caption\":\"Gerardmer Info\"},\"image\":{\"@id\":\"https:\/\/vosgesinfo.fr\/gerardmerinfo\/#\/schema\/logo\/image\/\"},\"sameAs\":[\"https:\/\/www.facebook.com\/profile.php?id=100049475262660\",\"https:\/\/x.com\/VosgesInfo88\",\"https:\/\/www.youtube.com\/@vosgesinfo\"]},{\"@type\":\"Person\",\"@id\":\"https:\/\/vosgesinfo.fr\/gerardmerinfo\/#\/schema\/person\/db5605779a843dad16b5368f3e7613a5\",\"name\":\"QG\",\"image\":{\"@type\":\"ImageObject\",\"inLanguage\":\"fr-FR\",\"@id\":\"https:\/\/vosgesinfo.fr\/gerardmerinfo\/#\/schema\/person\/image\/\",\"url\":\"https:\/\/secure.gravatar.com\/avatar\/ea80c42c204b534408512832fde52504ecabb9706bcb6151cf6175e5b64e6793?s=96&d=mm&r=g\",\"contentUrl\":\"https:\/\/secure.gravatar.com\/avatar\/ea80c42c204b534408512832fde52504ecabb9706bcb6151cf6175e5b64e6793?s=96&d=mm&r=g\",\"caption\":\"QG\"},\"url\":\"https:\/\/vosgesinfo.fr\/gerardmerinfo\/author\/quentin88\/\"}]}<\/script>\n<!-- \/ Yoast SEO plugin. -->","yoast_head_json":{"title":"Nouvel accueil de loisirs du mercredi : \u00e7a d\u00e9marre fort - Gerardmer Info","robots":{"index":"index","follow":"follow","max-snippet":"max-snippet:-1","max-image-preview":"max-image-preview:large","max-video-preview":"max-video-preview:-1"},"canonical":"https:\/\/vosgesinfo.fr\/gerardmerinfo\/2019\/09\/nouvel-accueil-de-loisirs-mercredi-ca-demarre-fort\/","twitter_card":"summary_large_image","twitter_title":"Nouvel accueil de loisirs du mercredi : \u00e7a d\u00e9marre fort - Gerardmer Info","twitter_description":"Depuis le 4 septembre dernier, la Ville de G\u00e9rardmer a mis en place un nouvel accueil de loisirs sans h\u00e9bergement [&hellip;]","twitter_image":"https:\/\/vosgesinfo.fr\/app\/uploads\/sites\/6\/2024\/07\/201909alsh-ville-de-gerardmer-jean-mace-3.jpg","twitter_creator":"@VosgesInfo88","twitter_site":"@VosgesInfo88","twitter_misc":{"\u00c9crit par":"QG","Dur\u00e9e de lecture estim\u00e9e":"1 minute"},"schema":{"@context":"https:\/\/schema.org","@graph":[{"@type":"Article","@id":"https:\/\/vosgesinfo.fr\/gerardmerinfo\/2019\/09\/nouvel-accueil-de-loisirs-mercredi-ca-demarre-fort\/#article","isPartOf":{"@id":"https:\/\/vosgesinfo.fr\/gerardmerinfo\/2019\/09\/nouvel-accueil-de-loisirs-mercredi-ca-demarre-fort\/"},"author":{"name":"QG","@id":"https:\/\/vosgesinfo.fr\/gerardmerinfo\/#\/schema\/person\/db5605779a843dad16b5368f3e7613a5"},"headline":"Nouvel accueil de loisirs du mercredi : \u00e7a d\u00e9marre fort","datePublished":"2019-09-12T13:46:00+00:00","dateModified":"2019-09-12T13:46:00+00:00","mainEntityOfPage":{"@id":"https:\/\/vosgesinfo.fr\/gerardmerinfo\/2019\/09\/nouvel-accueil-de-loisirs-mercredi-ca-demarre-fort\/"},"wordCount":319,"commentCount":0,"publisher":{"@id":"https:\/\/vosgesinfo.fr\/gerardmerinfo\/#organization"},"image":{"@id":"https:\/\/vosgesinfo.fr\/gerardmerinfo\/2019\/09\/nouvel-accueil-de-loisirs-mercredi-ca-demarre-fort\/#primaryimage"},"thumbnailUrl":"https:\/\/vosgesinfo.fr\/app\/uploads\/sites\/6\/2024\/07\/201909alsh-ville-de-gerardmer-jean-mace-3.jpg","keywords":["ALSH","ecole Jean Mac\u00e9"],"articleSection":["A la une","G\u00e9rardmer","Soci\u00e9t\u00e9"],"inLanguage":"fr-FR","potentialAction":[{"@type":"CommentAction","name":"Comment","target":["https:\/\/vosgesinfo.fr\/gerardmerinfo\/2019\/09\/nouvel-accueil-de-loisirs-mercredi-ca-demarre-fort\/#respond"]}]},{"@type":"WebPage","@id":"https:\/\/vosgesinfo.fr\/gerardmerinfo\/2019\/09\/nouvel-accueil-de-loisirs-mercredi-ca-demarre-fort\/","url":"https:\/\/vosgesinfo.fr\/gerardmerinfo\/2019\/09\/nouvel-accueil-de-loisirs-mercredi-ca-demarre-fort\/","name":"Nouvel accueil de loisirs du mercredi : \u00e7a d\u00e9marre fort - Gerardmer Info","isPartOf":{"@id":"https:\/\/vosgesinfo.fr\/gerardmerinfo\/#website"},"primaryImageOfPage":{"@id":"https:\/\/vosgesinfo.fr\/gerardmerinfo\/2019\/09\/nouvel-accueil-de-loisirs-mercredi-ca-demarre-fort\/#primaryimage"},"image":{"@id":"https:\/\/vosgesinfo.fr\/gerardmerinfo\/2019\/09\/nouvel-accueil-de-loisirs-mercredi-ca-demarre-fort\/#primaryimage"},"thumbnailUrl":"https:\/\/vosgesinfo.fr\/app\/uploads\/sites\/6\/2024\/07\/201909alsh-ville-de-gerardmer-jean-mace-3.jpg","datePublished":"2019-09-12T13:46:00+00:00","dateModified":"2019-09-12T13:46:00+00:00","breadcrumb":{"@id":"https:\/\/vosgesinfo.fr\/gerardmerinfo\/2019\/09\/nouvel-accueil-de-loisirs-mercredi-ca-demarre-fort\/#breadcrumb"},"inLanguage":"fr-FR","potentialAction":[{"@type":"ReadAction","target":["https:\/\/vosgesinfo.fr\/gerardmerinfo\/2019\/09\/nouvel-accueil-de-loisirs-mercredi-ca-demarre-fort\/"]}]},{"@type":"ImageObject","inLanguage":"fr-FR","@id":"https:\/\/vosgesinfo.fr\/gerardmerinfo\/2019\/09\/nouvel-accueil-de-loisirs-mercredi-ca-demarre-fort\/#primaryimage","url":"https:\/\/vosgesinfo.fr\/app\/uploads\/sites\/6\/2024\/07\/201909alsh-ville-de-gerardmer-jean-mace-3.jpg","contentUrl":"https:\/\/vosgesinfo.fr\/app\/uploads\/sites\/6\/2024\/07\/201909alsh-ville-de-gerardmer-jean-mace-3.jpg","width":800,"height":600},{"@type":"BreadcrumbList","@id":"https:\/\/vosgesinfo.fr\/gerardmerinfo\/2019\/09\/nouvel-accueil-de-loisirs-mercredi-ca-demarre-fort\/#breadcrumb","itemListElement":[{"@type":"ListItem","position":1,"name":"Home","item":"https:\/\/vosgesinfo.fr\/gerardmerinfo\/"},{"@type":"ListItem","position":2,"name":"Nouvel accueil de loisirs du mercredi : \u00e7a d\u00e9marre fort"}]},{"@type":"WebSite","@id":"https:\/\/vosgesinfo.fr\/gerardmerinfo\/#website","url":"https:\/\/vosgesinfo.fr\/gerardmerinfo\/","name":"Gerardmer Info","description":"Toute l&#039;actualit\u00e9 de G\u00e9rardmer","publisher":{"@id":"https:\/\/vosgesinfo.fr\/gerardmerinfo\/#organization"},"alternateName":"Toute l'actualit\u00e9 de G\u00e9rardmer","potentialAction":[{"@type":"SearchAction","target":{"@type":"EntryPoint","urlTemplate":"https:\/\/vosgesinfo.fr\/gerardmerinfo\/?s={search_term_string}"},"query-input":"required name=search_term_string"}],"inLanguage":"fr-FR"},{"@type":"Organization","@id":"https:\/\/vosgesinfo.fr\/gerardmerinfo\/#organization","name":"Gerardmer Info","url":"https:\/\/vosgesinfo.fr\/gerardmerinfo\/","logo":{"@type":"ImageObject","inLanguage":"fr-FR","@id":"https:\/\/vosgesinfo.fr\/gerardmerinfo\/#\/schema\/logo\/image\/","url":"https:\/\/vosgesinfo.fr\/app\/uploads\/sites\/6\/2023\/08\/favicon-gerardmerinfo.png","contentUrl":"https:\/\/vosgesinfo.fr\/app\/uploads\/sites\/6\/2023\/08\/favicon-gerardmerinfo.png","width":512,"height":512,"caption":"Gerardmer Info"},"image":{"@id":"https:\/\/vosgesinfo.fr\/gerardmerinfo\/#\/schema\/logo\/image\/"},"sameAs":["https:\/\/www.facebook.com\/profile.php?id=100049475262660","https:\/\/x.com\/VosgesInfo88","https:\/\/www.youtube.com\/@vosgesinfo"]},{"@type":"Person","@id":"https:\/\/vosgesinfo.fr\/gerardmerinfo\/#\/schema\/person\/db5605779a843dad16b5368f3e7613a5","name":"QG","image":{"@type":"ImageObject","inLanguage":"fr-FR","@id":"https:\/\/vosgesinfo.fr\/gerardmerinfo\/#\/schema\/person\/image\/","url":"https:\/\/secure.gravatar.com\/avatar\/ea80c42c204b534408512832fde52504ecabb9706bcb6151cf6175e5b64e6793?s=96&d=mm&r=g","contentUrl":"https:\/\/secure.gravatar.com\/avatar\/ea80c42c204b534408512832fde52504ecabb9706bcb6151cf6175e5b64e6793?s=96&d=mm&r=g","caption":"QG"},"url":"https:\/\/vosgesinfo.fr\/gerardmerinfo\/author\/quentin88\/"}]}},"_links":{"self":[{"href":"https:\/\/vosgesinfo.fr\/gerardmerinfo\/wp-json\/wp\/v2\/posts\/43878","targetHints":{"allow":["GET"]}}],"collection":[{"href":"https:\/\/vosgesinfo.fr\/gerardmerinfo\/wp-json\/wp\/v2\/posts"}],"about":[{"href":"https:\/\/vosgesinfo.fr\/gerardmerinfo\/wp-json\/wp\/v2\/types\/post"}],"author":[{"embeddable":true,"href":"https:\/\/vosgesinfo.fr\/gerardmerinfo\/wp-json\/wp\/v2\/users\/42"}],"replies":[{"embeddable":true,"href":"https:\/\/vosgesinfo.fr\/gerardmerinfo\/wp-json\/wp\/v2\/comments?post=43878"}],"version-history":[{"count":0,"href":"https:\/\/vosgesinfo.fr\/gerardmerinfo\/wp-json\/wp\/v2\/posts\/43878\/revisions"}],"wp:featuredmedia":[{"embeddable":true,"href":"https:\/\/vosgesinfo.fr\/gerardmerinfo\/wp-json\/wp\/v2\/media\/43879"}],"wp:attachment":[{"href":"https:\/\/vosgesinfo.fr\/gerardmerinfo\/wp-json\/wp\/v2\/media?parent=43878"}],"wp:term":[{"taxonomy":"category","embeddable":true,"href":"https:\/\/vosgesinfo.fr\/gerardmerinfo\/wp-json\/wp\/v2\/categories?post=43878"},{"taxonomy":"post_tag","embeddable":true,"href":"https:\/\/vosgesinfo.fr\/gerardmerinfo\/wp-json\/wp\/v2\/tags?post=43878"}],"curies":[{"name":"wp","href":"https:\/\/api.w.org\/{rel}","templated":true}]}}