{"id":43887,"date":"2019-09-13T15:46:07","date_gmt":"2019-09-13T13:46:07","guid":{"rendered":"https:\/\/vosgesinfo.fr\/gerardmerinfo\/2019\/09\/164-ordinateurs-distribues-lycee-de-gennes-bienvenue-lycee-4-0-region-grand\/"},"modified":"2019-09-13T15:46:07","modified_gmt":"2019-09-13T13:46:07","slug":"164-ordinateurs-distribues-lycee-de-gennes-bienvenue-lycee-4-0-region-grand","status":"publish","type":"post","link":"https:\/\/vosgesinfo.fr\/gerardmerinfo\/2019\/09\/164-ordinateurs-distribues-lycee-de-gennes-bienvenue-lycee-4-0-region-grand\/","title":{"rendered":"164 ordinateurs distribu\u00e9s au lyc\u00e9e de Gennes : bienvenue dans le lyc\u00e9e 4.0 avec la r\u00e9gion Grand Est"},"content":{"rendered":"\n<p>Le d\u00e9ploiement du dispositif Lyc\u00e9e 4.0 se poursuit dans le Grand Est et dans le d\u00e9partement des Vosges o\u00f9 28 lyc\u00e9es sont concern\u00e9s. Au terme de cette troisi\u00e8me vague de d\u00e9ploiement qui s&rsquo;op\u00e8re \u00e0 la rentr\u00e9e de septembre 2019, les \u00e9lus de la R\u00e9gion Grand Est auront remis un total de 115 000 ordinateurs dans 293 lyc\u00e9es sur l&rsquo;ensemble du territoire.<\/p>\n<p>Et au lyc\u00e9e Pierre-Gilles de Gennes, c&rsquo;est la conseill\u00e8re Sylvie D&rsquo;Alguerre qui \u00e9tait pr\u00e9sente ce vendredi \u00e0 l&rsquo;occasion de la distribution de 164 ordinateurs aux \u00e9l\u00e8ves nouvellement arriv\u00e9s dans l&rsquo;\u00e9tablissement.\u00a0\u00bbIl s&rsquo;agit donc de la 3\u00e8me vague du dispositif, sachant que pendant 2 ans, certains lyc\u00e9es s&rsquo;\u00e9taient \u00e9quip\u00e9s sur la base du volontariat. Mais dans un souci d&rsquo;\u00e9quit\u00e9, nous avons souhait\u00e9 aller plus loin en \u00e9quipant l&rsquo;ensemble des lyc\u00e9es 4.0, sachant que les \u00e9l\u00e8ves seront propri\u00e9taire de leur ordinateur \u00e0 la fin de leurs trois ans d&rsquo;\u00e9tudes. C&rsquo;\u00e9tait une v\u00e9ritable volont\u00e9 de la part du pr\u00e9sident Jean Rottner, un choix ambitieux qui s&rsquo;inscrit dans une politique tourn\u00e9e vers les industries du futur et le d\u00e9veloppement d&rsquo;une vall\u00e9e ax\u00e9e sur l&rsquo;intelligence artificielle. (&#8230;) Ce dispositif doit contribuer \u00e0 ancrer nos lyc\u00e9ens et la r\u00e9gion dans l&rsquo;avenir. (&#8230;) Pr\u00e9parer les jeunes au monde du travail implique aujourd\u2019hui qu\u2019ils soient form\u00e9s au num\u00e9rique<i> <\/i>\u00a0\u00bb pr\u00e9cisait ainsi la conseill\u00e8re r\u00e9gionale lors de sa visite.<\/p>\n<p>Et d&rsquo;ajouter : \u00ab\u00a0Il faut garder \u00e0 l&rsquo;esprit que c&rsquo;est un outil suppl\u00e9mentaire qui n&rsquo;est pas destin\u00e9 \u00e0 supprimer le livre mais plut\u00f4t \u00e0 \u00eatre compl\u00e9mentaire. Les \u00e9l\u00e8ves vont continuer \u00e0 lire, c&rsquo;est aussi une de nos volont\u00e9s et je rappelle qu&rsquo;avec la carte Jeun&rsquo;Est\u00a0 (pour les 15-29 ans NDLR) ils peuvent avoir des tarifs pr\u00e9f\u00e9rentiels chez nos partenaires libraires par exemple.\u00a0\u00bb Quant \u00e0 l&rsquo;utilisation que les \u00e9l\u00e8ves feront de ce nouvel \u00e9quipement num\u00e9rique, Sylvie D&rsquo;Alguerre se veut enthousiaste et positive : \u00ab\u00a0Tout d&rsquo;abord il y a des filtres sur chaque ordinateur. Il faudra responsabiliser les \u00e9l\u00e8ves par rapport \u00e0 l&rsquo;utilisation de cet \u00e9quipement num\u00e9rique. Finalement l\u2019avenir est entre leurs mains et de leur utilisation d\u00e9pendra cet avenir. Et c&rsquo;est aussi une nouvelle p\u00e9dagogie qui peut se mette en place.\u00a0\u00bb Pour l&rsquo;heure, le d\u00e9ploiement du dispositif mis en place en collaboration avec l&rsquo;Acad\u00e9mie se d\u00e9roule sans accroc. Idem pour la distribution qui se fait avec l&rsquo;aide d&rsquo;un pr\u00e9cieux partenaire qu&rsquo;est la soci\u00e9t\u00e9 Econocom. A G\u00e9rardmer, apr\u00e8s La Haie Griselle et de Gennes, c&rsquo;est le lyc\u00e9e Chardin qui recevra prochainement la visite de la R\u00e9gion Grand Est.<\/p>\n<p>&nbsp;<\/p>\n<p><strong>Les chiffres cl\u00e9s du lyc\u00e9e 4.0 :<\/strong><br \/>\nPremi\u00e8re vague (2017-2018) :<br \/>\n&#8211; 49 lyc\u00e9es,<br \/>\n&#8211; 190 000 licences num\u00e9riques achet\u00e9es par la R\u00e9gion,<br \/>\n&#8211; 32 000 \u00e9l\u00e8ves, dont 18 400 \u00e9l\u00e8ves b\u00e9n\u00e9ficiant d\u2019un ordinateur. 93 % des \u00e9l\u00e8ves ont b\u00e9n\u00e9fici\u00e9 de l\u2019aide \u00e0<br \/>\nl\u2019\u00e9quipement num\u00e9rique de la R\u00e9gion.<br \/>\nDeuxi\u00e8me vague (2018-2019) :<br \/>\n&#8211; 62 lyc\u00e9es,<br \/>\n&#8211; 357 000 licences num\u00e9riques achet\u00e9es par la R\u00e9gion,<br \/>\n&#8211; 35 000 \u00e9l\u00e8ves, dont 21 000 \u00e9l\u00e8ves b\u00e9n\u00e9ficiant d\u2019un ordinateur. 96 % des \u00e9l\u00e8ves ont b\u00e9n\u00e9fici\u00e9 de l\u2019aide \u00e0<br \/>\nl\u2019\u00e9quipement num\u00e9rique de la R\u00e9gion.<br \/>\nA partir de la rentr\u00e9e 2019-2020 :<br \/>\n&#8211; 182 lyc\u00e9es 4.0, portant le total de lyc\u00e9es 4.0. \u00e0 293,<br \/>\n&#8211; 115 000 ordinateurs mis \u00e0 disposition gratuitement,<br \/>\n&#8211; 110 agents CMIL.<\/p>\n","protected":false},"excerpt":{"rendered":"<p>Le d\u00e9ploiement du dispositif Lyc\u00e9e 4.0 se poursuit dans le Grand Est et dans le d\u00e9partement des Vosges o\u00f9 28 [&hellip;]<\/p>\n","protected":false},"author":42,"featured_media":43888,"comment_status":"open","ping_status":"open","sticky":false,"template":"","format":"standard","meta":{"footnotes":""},"categories":[20,18],"tags":[544,4222,496],"class_list":["post-43887","post","type-post","status-publish","format-standard","has-post-thumbnail","hentry","category-a-la-une","category-vosges","tag-lycee-pierre-gilles-de-gennes","tag-lycees-4-0","tag-sylvie-dalguerre"],"acf":[],"yoast_head":"<!-- This site is optimized with the Yoast SEO plugin v22.5 - https:\/\/yoast.com\/wordpress\/plugins\/seo\/ -->\n<title>164 ordinateurs distribu\u00e9s au lyc\u00e9e de Gennes : bienvenue dans le lyc\u00e9e 4.0 avec la r\u00e9gion Grand Est - Gerardmer Info<\/title>\n<meta name=\"robots\" content=\"index, follow, max-snippet:-1, max-image-preview:large, max-video-preview:-1\" \/>\n<link rel=\"canonical\" href=\"https:\/\/vosgesinfo.fr\/gerardmerinfo\/2019\/09\/164-ordinateurs-distribues-lycee-de-gennes-bienvenue-lycee-4-0-region-grand\/\" \/>\n<meta name=\"twitter:card\" content=\"summary_large_image\" \/>\n<meta name=\"twitter:title\" content=\"164 ordinateurs distribu\u00e9s au lyc\u00e9e de Gennes : bienvenue dans le lyc\u00e9e 4.0 avec la r\u00e9gion Grand Est - Gerardmer Info\" \/>\n<meta name=\"twitter:description\" content=\"Le d\u00e9ploiement du dispositif Lyc\u00e9e 4.0 se poursuit dans le Grand Est et dans le d\u00e9partement des Vosges o\u00f9 28 [&hellip;]\" \/>\n<meta name=\"twitter:image\" content=\"https:\/\/vosgesinfo.fr\/app\/uploads\/sites\/6\/2024\/07\/201909lycee-4.0-de-gennes-gerardmer-3.jpg\" \/>\n<meta name=\"twitter:creator\" content=\"@VosgesInfo88\" \/>\n<meta name=\"twitter:site\" content=\"@VosgesInfo88\" \/>\n<meta name=\"twitter:label1\" content=\"\u00c9crit par\" \/>\n\t<meta name=\"twitter:data1\" content=\"QG\" \/>\n\t<meta name=\"twitter:label2\" content=\"Dur\u00e9e de lecture estim\u00e9e\" \/>\n\t<meta name=\"twitter:data2\" content=\"3 minutes\" \/>\n<script type=\"application\/ld+json\" class=\"yoast-schema-graph\">{\"@context\":\"https:\/\/schema.org\",\"@graph\":[{\"@type\":\"Article\",\"@id\":\"https:\/\/vosgesinfo.fr\/gerardmerinfo\/2019\/09\/164-ordinateurs-distribues-lycee-de-gennes-bienvenue-lycee-4-0-region-grand\/#article\",\"isPartOf\":{\"@id\":\"https:\/\/vosgesinfo.fr\/gerardmerinfo\/2019\/09\/164-ordinateurs-distribues-lycee-de-gennes-bienvenue-lycee-4-0-region-grand\/\"},\"author\":{\"name\":\"QG\",\"@id\":\"https:\/\/vosgesinfo.fr\/gerardmerinfo\/#\/schema\/person\/db5605779a843dad16b5368f3e7613a5\"},\"headline\":\"164 ordinateurs distribu\u00e9s au lyc\u00e9e de Gennes : bienvenue dans le lyc\u00e9e 4.0 avec la r\u00e9gion Grand Est\",\"datePublished\":\"2019-09-13T13:46:07+00:00\",\"dateModified\":\"2019-09-13T13:46:07+00:00\",\"mainEntityOfPage\":{\"@id\":\"https:\/\/vosgesinfo.fr\/gerardmerinfo\/2019\/09\/164-ordinateurs-distribues-lycee-de-gennes-bienvenue-lycee-4-0-region-grand\/\"},\"wordCount\":630,\"commentCount\":0,\"publisher\":{\"@id\":\"https:\/\/vosgesinfo.fr\/gerardmerinfo\/#organization\"},\"image\":{\"@id\":\"https:\/\/vosgesinfo.fr\/gerardmerinfo\/2019\/09\/164-ordinateurs-distribues-lycee-de-gennes-bienvenue-lycee-4-0-region-grand\/#primaryimage\"},\"thumbnailUrl\":\"https:\/\/vosgesinfo.fr\/app\/uploads\/sites\/6\/2024\/07\/201909lycee-4.0-de-gennes-gerardmer-3.jpg\",\"keywords\":[\"lyc\u00e9e pierre gilles de gennes\",\"lyc\u00e9es 4.0\",\"Sylvie d'Alguerre\"],\"articleSection\":[\"A la une\",\"Vosges\"],\"inLanguage\":\"fr-FR\",\"potentialAction\":[{\"@type\":\"CommentAction\",\"name\":\"Comment\",\"target\":[\"https:\/\/vosgesinfo.fr\/gerardmerinfo\/2019\/09\/164-ordinateurs-distribues-lycee-de-gennes-bienvenue-lycee-4-0-region-grand\/#respond\"]}]},{\"@type\":\"WebPage\",\"@id\":\"https:\/\/vosgesinfo.fr\/gerardmerinfo\/2019\/09\/164-ordinateurs-distribues-lycee-de-gennes-bienvenue-lycee-4-0-region-grand\/\",\"url\":\"https:\/\/vosgesinfo.fr\/gerardmerinfo\/2019\/09\/164-ordinateurs-distribues-lycee-de-gennes-bienvenue-lycee-4-0-region-grand\/\",\"name\":\"164 ordinateurs distribu\u00e9s au lyc\u00e9e de Gennes : bienvenue dans le lyc\u00e9e 4.0 avec la r\u00e9gion Grand Est - Gerardmer Info\",\"isPartOf\":{\"@id\":\"https:\/\/vosgesinfo.fr\/gerardmerinfo\/#website\"},\"primaryImageOfPage\":{\"@id\":\"https:\/\/vosgesinfo.fr\/gerardmerinfo\/2019\/09\/164-ordinateurs-distribues-lycee-de-gennes-bienvenue-lycee-4-0-region-grand\/#primaryimage\"},\"image\":{\"@id\":\"https:\/\/vosgesinfo.fr\/gerardmerinfo\/2019\/09\/164-ordinateurs-distribues-lycee-de-gennes-bienvenue-lycee-4-0-region-grand\/#primaryimage\"},\"thumbnailUrl\":\"https:\/\/vosgesinfo.fr\/app\/uploads\/sites\/6\/2024\/07\/201909lycee-4.0-de-gennes-gerardmer-3.jpg\",\"datePublished\":\"2019-09-13T13:46:07+00:00\",\"dateModified\":\"2019-09-13T13:46:07+00:00\",\"breadcrumb\":{\"@id\":\"https:\/\/vosgesinfo.fr\/gerardmerinfo\/2019\/09\/164-ordinateurs-distribues-lycee-de-gennes-bienvenue-lycee-4-0-region-grand\/#breadcrumb\"},\"inLanguage\":\"fr-FR\",\"potentialAction\":[{\"@type\":\"ReadAction\",\"target\":[\"https:\/\/vosgesinfo.fr\/gerardmerinfo\/2019\/09\/164-ordinateurs-distribues-lycee-de-gennes-bienvenue-lycee-4-0-region-grand\/\"]}]},{\"@type\":\"ImageObject\",\"inLanguage\":\"fr-FR\",\"@id\":\"https:\/\/vosgesinfo.fr\/gerardmerinfo\/2019\/09\/164-ordinateurs-distribues-lycee-de-gennes-bienvenue-lycee-4-0-region-grand\/#primaryimage\",\"url\":\"https:\/\/vosgesinfo.fr\/app\/uploads\/sites\/6\/2024\/07\/201909lycee-4.0-de-gennes-gerardmer-3.jpg\",\"contentUrl\":\"https:\/\/vosgesinfo.fr\/app\/uploads\/sites\/6\/2024\/07\/201909lycee-4.0-de-gennes-gerardmer-3.jpg\",\"width\":800,\"height\":600},{\"@type\":\"BreadcrumbList\",\"@id\":\"https:\/\/vosgesinfo.fr\/gerardmerinfo\/2019\/09\/164-ordinateurs-distribues-lycee-de-gennes-bienvenue-lycee-4-0-region-grand\/#breadcrumb\",\"itemListElement\":[{\"@type\":\"ListItem\",\"position\":1,\"name\":\"Home\",\"item\":\"https:\/\/vosgesinfo.fr\/gerardmerinfo\/\"},{\"@type\":\"ListItem\",\"position\":2,\"name\":\"164 ordinateurs distribu\u00e9s au lyc\u00e9e de Gennes : bienvenue dans le lyc\u00e9e 4.0 avec la r\u00e9gion Grand Est\"}]},{\"@type\":\"WebSite\",\"@id\":\"https:\/\/vosgesinfo.fr\/gerardmerinfo\/#website\",\"url\":\"https:\/\/vosgesinfo.fr\/gerardmerinfo\/\",\"name\":\"Gerardmer Info\",\"description\":\"Toute l&#039;actualit\u00e9 de G\u00e9rardmer\",\"publisher\":{\"@id\":\"https:\/\/vosgesinfo.fr\/gerardmerinfo\/#organization\"},\"alternateName\":\"Toute l'actualit\u00e9 de G\u00e9rardmer\",\"potentialAction\":[{\"@type\":\"SearchAction\",\"target\":{\"@type\":\"EntryPoint\",\"urlTemplate\":\"https:\/\/vosgesinfo.fr\/gerardmerinfo\/?s={search_term_string}\"},\"query-input\":\"required name=search_term_string\"}],\"inLanguage\":\"fr-FR\"},{\"@type\":\"Organization\",\"@id\":\"https:\/\/vosgesinfo.fr\/gerardmerinfo\/#organization\",\"name\":\"Gerardmer Info\",\"url\":\"https:\/\/vosgesinfo.fr\/gerardmerinfo\/\",\"logo\":{\"@type\":\"ImageObject\",\"inLanguage\":\"fr-FR\",\"@id\":\"https:\/\/vosgesinfo.fr\/gerardmerinfo\/#\/schema\/logo\/image\/\",\"url\":\"https:\/\/vosgesinfo.fr\/app\/uploads\/sites\/6\/2023\/08\/favicon-gerardmerinfo.png\",\"contentUrl\":\"https:\/\/vosgesinfo.fr\/app\/uploads\/sites\/6\/2023\/08\/favicon-gerardmerinfo.png\",\"width\":512,\"height\":512,\"caption\":\"Gerardmer Info\"},\"image\":{\"@id\":\"https:\/\/vosgesinfo.fr\/gerardmerinfo\/#\/schema\/logo\/image\/\"},\"sameAs\":[\"https:\/\/www.facebook.com\/profile.php?id=100049475262660\",\"https:\/\/x.com\/VosgesInfo88\",\"https:\/\/www.youtube.com\/@vosgesinfo\"]},{\"@type\":\"Person\",\"@id\":\"https:\/\/vosgesinfo.fr\/gerardmerinfo\/#\/schema\/person\/db5605779a843dad16b5368f3e7613a5\",\"name\":\"QG\",\"image\":{\"@type\":\"ImageObject\",\"inLanguage\":\"fr-FR\",\"@id\":\"https:\/\/vosgesinfo.fr\/gerardmerinfo\/#\/schema\/person\/image\/\",\"url\":\"https:\/\/secure.gravatar.com\/avatar\/ea80c42c204b534408512832fde52504ecabb9706bcb6151cf6175e5b64e6793?s=96&d=mm&r=g\",\"contentUrl\":\"https:\/\/secure.gravatar.com\/avatar\/ea80c42c204b534408512832fde52504ecabb9706bcb6151cf6175e5b64e6793?s=96&d=mm&r=g\",\"caption\":\"QG\"},\"url\":\"https:\/\/vosgesinfo.fr\/gerardmerinfo\/author\/quentin88\/\"}]}<\/script>\n<!-- \/ Yoast SEO plugin. -->","yoast_head_json":{"title":"164 ordinateurs distribu\u00e9s au lyc\u00e9e de Gennes : bienvenue dans le lyc\u00e9e 4.0 avec la r\u00e9gion Grand Est - Gerardmer Info","robots":{"index":"index","follow":"follow","max-snippet":"max-snippet:-1","max-image-preview":"max-image-preview:large","max-video-preview":"max-video-preview:-1"},"canonical":"https:\/\/vosgesinfo.fr\/gerardmerinfo\/2019\/09\/164-ordinateurs-distribues-lycee-de-gennes-bienvenue-lycee-4-0-region-grand\/","twitter_card":"summary_large_image","twitter_title":"164 ordinateurs distribu\u00e9s au lyc\u00e9e de Gennes : bienvenue dans le lyc\u00e9e 4.0 avec la r\u00e9gion Grand Est - Gerardmer Info","twitter_description":"Le d\u00e9ploiement du dispositif Lyc\u00e9e 4.0 se poursuit dans le Grand Est et dans le d\u00e9partement des Vosges o\u00f9 28 [&hellip;]","twitter_image":"https:\/\/vosgesinfo.fr\/app\/uploads\/sites\/6\/2024\/07\/201909lycee-4.0-de-gennes-gerardmer-3.jpg","twitter_creator":"@VosgesInfo88","twitter_site":"@VosgesInfo88","twitter_misc":{"\u00c9crit par":"QG","Dur\u00e9e de lecture estim\u00e9e":"3 minutes"},"schema":{"@context":"https:\/\/schema.org","@graph":[{"@type":"Article","@id":"https:\/\/vosgesinfo.fr\/gerardmerinfo\/2019\/09\/164-ordinateurs-distribues-lycee-de-gennes-bienvenue-lycee-4-0-region-grand\/#article","isPartOf":{"@id":"https:\/\/vosgesinfo.fr\/gerardmerinfo\/2019\/09\/164-ordinateurs-distribues-lycee-de-gennes-bienvenue-lycee-4-0-region-grand\/"},"author":{"name":"QG","@id":"https:\/\/vosgesinfo.fr\/gerardmerinfo\/#\/schema\/person\/db5605779a843dad16b5368f3e7613a5"},"headline":"164 ordinateurs distribu\u00e9s au lyc\u00e9e de Gennes : bienvenue dans le lyc\u00e9e 4.0 avec la r\u00e9gion Grand Est","datePublished":"2019-09-13T13:46:07+00:00","dateModified":"2019-09-13T13:46:07+00:00","mainEntityOfPage":{"@id":"https:\/\/vosgesinfo.fr\/gerardmerinfo\/2019\/09\/164-ordinateurs-distribues-lycee-de-gennes-bienvenue-lycee-4-0-region-grand\/"},"wordCount":630,"commentCount":0,"publisher":{"@id":"https:\/\/vosgesinfo.fr\/gerardmerinfo\/#organization"},"image":{"@id":"https:\/\/vosgesinfo.fr\/gerardmerinfo\/2019\/09\/164-ordinateurs-distribues-lycee-de-gennes-bienvenue-lycee-4-0-region-grand\/#primaryimage"},"thumbnailUrl":"https:\/\/vosgesinfo.fr\/app\/uploads\/sites\/6\/2024\/07\/201909lycee-4.0-de-gennes-gerardmer-3.jpg","keywords":["lyc\u00e9e pierre gilles de gennes","lyc\u00e9es 4.0","Sylvie d'Alguerre"],"articleSection":["A la une","Vosges"],"inLanguage":"fr-FR","potentialAction":[{"@type":"CommentAction","name":"Comment","target":["https:\/\/vosgesinfo.fr\/gerardmerinfo\/2019\/09\/164-ordinateurs-distribues-lycee-de-gennes-bienvenue-lycee-4-0-region-grand\/#respond"]}]},{"@type":"WebPage","@id":"https:\/\/vosgesinfo.fr\/gerardmerinfo\/2019\/09\/164-ordinateurs-distribues-lycee-de-gennes-bienvenue-lycee-4-0-region-grand\/","url":"https:\/\/vosgesinfo.fr\/gerardmerinfo\/2019\/09\/164-ordinateurs-distribues-lycee-de-gennes-bienvenue-lycee-4-0-region-grand\/","name":"164 ordinateurs distribu\u00e9s au lyc\u00e9e de Gennes : bienvenue dans le lyc\u00e9e 4.0 avec la r\u00e9gion Grand Est - Gerardmer Info","isPartOf":{"@id":"https:\/\/vosgesinfo.fr\/gerardmerinfo\/#website"},"primaryImageOfPage":{"@id":"https:\/\/vosgesinfo.fr\/gerardmerinfo\/2019\/09\/164-ordinateurs-distribues-lycee-de-gennes-bienvenue-lycee-4-0-region-grand\/#primaryimage"},"image":{"@id":"https:\/\/vosgesinfo.fr\/gerardmerinfo\/2019\/09\/164-ordinateurs-distribues-lycee-de-gennes-bienvenue-lycee-4-0-region-grand\/#primaryimage"},"thumbnailUrl":"https:\/\/vosgesinfo.fr\/app\/uploads\/sites\/6\/2024\/07\/201909lycee-4.0-de-gennes-gerardmer-3.jpg","datePublished":"2019-09-13T13:46:07+00:00","dateModified":"2019-09-13T13:46:07+00:00","breadcrumb":{"@id":"https:\/\/vosgesinfo.fr\/gerardmerinfo\/2019\/09\/164-ordinateurs-distribues-lycee-de-gennes-bienvenue-lycee-4-0-region-grand\/#breadcrumb"},"inLanguage":"fr-FR","potentialAction":[{"@type":"ReadAction","target":["https:\/\/vosgesinfo.fr\/gerardmerinfo\/2019\/09\/164-ordinateurs-distribues-lycee-de-gennes-bienvenue-lycee-4-0-region-grand\/"]}]},{"@type":"ImageObject","inLanguage":"fr-FR","@id":"https:\/\/vosgesinfo.fr\/gerardmerinfo\/2019\/09\/164-ordinateurs-distribues-lycee-de-gennes-bienvenue-lycee-4-0-region-grand\/#primaryimage","url":"https:\/\/vosgesinfo.fr\/app\/uploads\/sites\/6\/2024\/07\/201909lycee-4.0-de-gennes-gerardmer-3.jpg","contentUrl":"https:\/\/vosgesinfo.fr\/app\/uploads\/sites\/6\/2024\/07\/201909lycee-4.0-de-gennes-gerardmer-3.jpg","width":800,"height":600},{"@type":"BreadcrumbList","@id":"https:\/\/vosgesinfo.fr\/gerardmerinfo\/2019\/09\/164-ordinateurs-distribues-lycee-de-gennes-bienvenue-lycee-4-0-region-grand\/#breadcrumb","itemListElement":[{"@type":"ListItem","position":1,"name":"Home","item":"https:\/\/vosgesinfo.fr\/gerardmerinfo\/"},{"@type":"ListItem","position":2,"name":"164 ordinateurs distribu\u00e9s au lyc\u00e9e de Gennes : bienvenue dans le lyc\u00e9e 4.0 avec la r\u00e9gion Grand Est"}]},{"@type":"WebSite","@id":"https:\/\/vosgesinfo.fr\/gerardmerinfo\/#website","url":"https:\/\/vosgesinfo.fr\/gerardmerinfo\/","name":"Gerardmer Info","description":"Toute l&#039;actualit\u00e9 de G\u00e9rardmer","publisher":{"@id":"https:\/\/vosgesinfo.fr\/gerardmerinfo\/#organization"},"alternateName":"Toute l'actualit\u00e9 de G\u00e9rardmer","potentialAction":[{"@type":"SearchAction","target":{"@type":"EntryPoint","urlTemplate":"https:\/\/vosgesinfo.fr\/gerardmerinfo\/?s={search_term_string}"},"query-input":"required name=search_term_string"}],"inLanguage":"fr-FR"},{"@type":"Organization","@id":"https:\/\/vosgesinfo.fr\/gerardmerinfo\/#organization","name":"Gerardmer Info","url":"https:\/\/vosgesinfo.fr\/gerardmerinfo\/","logo":{"@type":"ImageObject","inLanguage":"fr-FR","@id":"https:\/\/vosgesinfo.fr\/gerardmerinfo\/#\/schema\/logo\/image\/","url":"https:\/\/vosgesinfo.fr\/app\/uploads\/sites\/6\/2023\/08\/favicon-gerardmerinfo.png","contentUrl":"https:\/\/vosgesinfo.fr\/app\/uploads\/sites\/6\/2023\/08\/favicon-gerardmerinfo.png","width":512,"height":512,"caption":"Gerardmer Info"},"image":{"@id":"https:\/\/vosgesinfo.fr\/gerardmerinfo\/#\/schema\/logo\/image\/"},"sameAs":["https:\/\/www.facebook.com\/profile.php?id=100049475262660","https:\/\/x.com\/VosgesInfo88","https:\/\/www.youtube.com\/@vosgesinfo"]},{"@type":"Person","@id":"https:\/\/vosgesinfo.fr\/gerardmerinfo\/#\/schema\/person\/db5605779a843dad16b5368f3e7613a5","name":"QG","image":{"@type":"ImageObject","inLanguage":"fr-FR","@id":"https:\/\/vosgesinfo.fr\/gerardmerinfo\/#\/schema\/person\/image\/","url":"https:\/\/secure.gravatar.com\/avatar\/ea80c42c204b534408512832fde52504ecabb9706bcb6151cf6175e5b64e6793?s=96&d=mm&r=g","contentUrl":"https:\/\/secure.gravatar.com\/avatar\/ea80c42c204b534408512832fde52504ecabb9706bcb6151cf6175e5b64e6793?s=96&d=mm&r=g","caption":"QG"},"url":"https:\/\/vosgesinfo.fr\/gerardmerinfo\/author\/quentin88\/"}]}},"_links":{"self":[{"href":"https:\/\/vosgesinfo.fr\/gerardmerinfo\/wp-json\/wp\/v2\/posts\/43887","targetHints":{"allow":["GET"]}}],"collection":[{"href":"https:\/\/vosgesinfo.fr\/gerardmerinfo\/wp-json\/wp\/v2\/posts"}],"about":[{"href":"https:\/\/vosgesinfo.fr\/gerardmerinfo\/wp-json\/wp\/v2\/types\/post"}],"author":[{"embeddable":true,"href":"https:\/\/vosgesinfo.fr\/gerardmerinfo\/wp-json\/wp\/v2\/users\/42"}],"replies":[{"embeddable":true,"href":"https:\/\/vosgesinfo.fr\/gerardmerinfo\/wp-json\/wp\/v2\/comments?post=43887"}],"version-history":[{"count":0,"href":"https:\/\/vosgesinfo.fr\/gerardmerinfo\/wp-json\/wp\/v2\/posts\/43887\/revisions"}],"wp:featuredmedia":[{"embeddable":true,"href":"https:\/\/vosgesinfo.fr\/gerardmerinfo\/wp-json\/wp\/v2\/media\/43888"}],"wp:attachment":[{"href":"https:\/\/vosgesinfo.fr\/gerardmerinfo\/wp-json\/wp\/v2\/media?parent=43887"}],"wp:term":[{"taxonomy":"category","embeddable":true,"href":"https:\/\/vosgesinfo.fr\/gerardmerinfo\/wp-json\/wp\/v2\/categories?post=43887"},{"taxonomy":"post_tag","embeddable":true,"href":"https:\/\/vosgesinfo.fr\/gerardmerinfo\/wp-json\/wp\/v2\/tags?post=43887"}],"curies":[{"name":"wp","href":"https:\/\/api.w.org\/{rel}","templated":true}]}}