{"id":43910,"date":"2019-09-14T06:19:53","date_gmt":"2019-09-14T04:19:53","guid":{"rendered":"https:\/\/vosgesinfo.fr\/gerardmerinfo\/2019\/09\/secheresse-prolongation-niveau-alerte-renforcee-departement\/"},"modified":"2019-09-14T06:19:53","modified_gmt":"2019-09-14T04:19:53","slug":"secheresse-prolongation-niveau-alerte-renforcee-departement","status":"publish","type":"post","link":"https:\/\/vosgesinfo.fr\/gerardmerinfo\/2019\/09\/secheresse-prolongation-niveau-alerte-renforcee-departement\/","title":{"rendered":"S\u00e9cheresse \u2013 Prolongation du niveau \u00ab alerte renforc\u00e9e \u00bb sur tout le d\u00e9partement"},"content":{"rendered":"<h2><span style=\"font-size: 14pt;\"><a href=\"https:\/\/gerardmerinfo.fr\/2019\/09\/secheresse-prolongation-niveau-alerte-renforcee-departement\/secheresse4-1024x576\/\" rel=\"attachment wp-att-152422\"><img decoding=\"async\" class=\"aligncenter size-full wp-image-152422\" src=\"\/2019\/09\/S\u00e9cheresse4-1024x576.jpg\" alt=\"S\u00e9cheresse4-1024x576\" width=\"800\" height=\"450\" \/><\/a>La conjonction entre une situation hydrologique d\u00e9j\u00e0 fragile en fin d\u2019hiver et les tr\u00e8s fortes temp\u00e9ratures en juillet et ao\u00fbt avait conduit \u00e0 une baisse significative et rapide des d\u00e9bits de l\u2019ensemble des cours d\u2019eau du d\u00e9partement. Les petites pluies du week-end n\u2019auront pas \u00e9t\u00e9 suffisantes pour inverser la tendance\u2026<\/span><\/h2>\n<p>Except\u00e9es quelques trop l\u00e9g\u00e8res et locales augmentations de d\u00e9bit, la situation des cours d\u2019eau vosgiens se d\u00e9grade, conduisant m\u00eame \u00e0 des situations particuli\u00e8rement critiques sur les bassins de la Sa\u00f4ne, au sud du d\u00e9partement, et de la Meuse, dans l\u2019ouest vosgien.<\/p>\n<p>Les assecs de cours d\u2019eau, constat\u00e9s en juillet par les inspecteurs de l\u2019Agence Fran\u00e7aise pour la Biodiversit\u00e9 (AFB), perdurent. De leur c\u00f4t\u00e9, les nappes souterraines se trouvent en situation de d\u00e9charge classique en p\u00e9riode automnale mais t\u00e9moignent \u00e9galement d\u2019un cumul de d\u00e9ficit depuis 3 ans.<\/p>\n<p>Cette situation est, \u00e0 l\u2019heure actuelle, toujours susceptible d\u2019entra\u00eener des p\u00e9nuries sur les r\u00e9seaux d\u2019alimentation en eau potable de certaines collectivit\u00e9s ainsi qu\u2019une forte d\u00e9gradation des milieux aquatiques du d\u00e9partement avec notamment des mortalit\u00e9s piscicoles.<\/p>\n<p>D\u00e9j\u00e0, une vingtaine de collectivit\u00e9s se sont d\u00e9clar\u00e9es en situation d\u00e9licate pour assurer leur service d\u2019adduction d\u2019eau potable et une dizaine de p\u00eaches de sauvegarde a d\u00fb \u00eatre men\u00e9e par la F\u00e9d\u00e9ration de P\u00eache des Vosges.<\/p>\n<p>Compte tenu de cette situation et de l\u2019absence de pr\u00e9cipitations dans les pr\u00e9visions de M\u00e9t\u00e9o France \u00e0 15 jours, Pierre ORY, Pr\u00e9fet des Vosges, a d\u00e9cid\u00e9 de prolonger les restrictions des usages de l\u2019eau en vigueur, et ce jusqu\u2019au 31 octobre 2019.<\/p>\n<p>Le respect de ces mesures d\u2019\u00e9conomie d\u2019eau s\u2019impose \u00e0 chacun, que l\u2019on soit collectivit\u00e9, entreprise ou simple citoyen :<\/p>\n<p>\u2022 l\u2019interdiction du remplissage des piscines \u00e0 usage priv\u00e9 d\u2019une capacit\u00e9 sup\u00e9rieure \u00e0 1 m\u00e8tre cube ;<\/p>\n<p>\u2022 l\u2019interdiction de laver les v\u00e9hicules sauf dans les stations professionnelles \u00e9quip\u00e9es de syst\u00e8mes haute pression ou de recyclage ;<\/p>\n<p>\u2022 l\u2019interdiction de laver les voiries et les trottoirs, de nettoyer les terrasses et fa\u00e7ades, sauf raison de salubrit\u00e9 publique ;<\/p>\n<p>\u2022 l\u2019interdiction d\u2019arroser les pelouses et les espaces verts publics ou priv\u00e9s ainsi que les terrains de sport, entre 9h \u00e0 20h ;<\/p>\n<p>\u2022 l\u2019interdiction d\u2019arroser les jardins potagers de 9h \u00e0 20h ; seul un arrosage manuel ou par r\u00e9cup\u00e9ration des eaux de toiture est autoris\u00e9.<\/p>\n<p>Toutes ces interdictions s\u2019appliquent, qu\u2019il s\u2019agisse d\u2019eau provenant du r\u00e9seau d\u2019alimentation public, de pr\u00e9l\u00e8vements dans les cours d\u2019eau ou leur nappe d\u2019accompagnement (nappe en \u00e9quilibre avec les rivi\u00e8res), ou de puits priv\u00e9s. Compte-tenu de l\u2019\u00e9tat critique des cours d\u2019eau vosgiens, les services de l\u2019\u00c9tat continueront \u00e0 mettre en \u0153uvre, dans les semaines \u00e0 venir, un plan de contr\u00f4les des usagers, qui focalisera sur les pr\u00e9l\u00e8vements d\u2019eau dans les rivi\u00e8res. Les contrevenants s\u2019exposent \u00e0 des amendes allant de 1 500 euros \u00e0 3 000 euros pour les r\u00e9cidivistes.<\/p>\n<p>Les donn\u00e9es sur la situation hydrologique et les arr\u00eat\u00e9s pris peuvent \u00eatre consult\u00e9s sur les sites Internet : \u2013 de la DREAL GRAND EST : http:\/\/www.grand-est.developpement-durable.gouv.fr\/etiagesecheresse-r244.html \u2013 PROPLUVIA : http:\/\/propluvia.developpement-durable.gouv.fr\/propluvia\/faces\/index.jsp L\u2019eau est un bien commun dont il appartient \u00e0 chacun de pr\u00e9server la ressource.<\/p>\n","protected":false},"excerpt":{"rendered":"<p>La conjonction entre une situation hydrologique d\u00e9j\u00e0 fragile en fin d\u2019hiver et les tr\u00e8s fortes temp\u00e9ratures en juillet et ao\u00fbt [&hellip;]<\/p>\n","protected":false},"author":1,"featured_media":43911,"comment_status":"open","ping_status":"open","sticky":false,"template":"","format":"standard","meta":{"footnotes":""},"categories":[20,18],"tags":[],"class_list":["post-43910","post","type-post","status-publish","format-standard","has-post-thumbnail","hentry","category-a-la-une","category-vosges"],"acf":[],"yoast_head":"<!-- This site is optimized with the Yoast SEO plugin v22.5 - https:\/\/yoast.com\/wordpress\/plugins\/seo\/ -->\n<title>S\u00e9cheresse \u2013 Prolongation du niveau \u00ab alerte renforc\u00e9e \u00bb sur tout le d\u00e9partement - Gerardmer Info<\/title>\n<meta name=\"robots\" content=\"index, follow, max-snippet:-1, max-image-preview:large, max-video-preview:-1\" \/>\n<link rel=\"canonical\" href=\"https:\/\/vosgesinfo.fr\/gerardmerinfo\/2019\/09\/secheresse-prolongation-niveau-alerte-renforcee-departement\/\" \/>\n<meta name=\"twitter:card\" content=\"summary_large_image\" \/>\n<meta name=\"twitter:title\" content=\"S\u00e9cheresse \u2013 Prolongation du niveau \u00ab alerte renforc\u00e9e \u00bb sur tout le d\u00e9partement - Gerardmer Info\" \/>\n<meta name=\"twitter:description\" content=\"La conjonction entre une situation hydrologique d\u00e9j\u00e0 fragile en fin d\u2019hiver et les tr\u00e8s fortes temp\u00e9ratures en juillet et ao\u00fbt [&hellip;]\" \/>\n<meta name=\"twitter:image\" content=\"https:\/\/vosgesinfo.fr\/app\/uploads\/sites\/6\/2024\/07\/201909secheresse4-1024x576-1.jpg\" \/>\n<meta name=\"twitter:creator\" content=\"@VosgesInfo88\" \/>\n<meta name=\"twitter:site\" content=\"@VosgesInfo88\" \/>\n<meta name=\"twitter:label1\" content=\"\u00c9crit par\" \/>\n\t<meta name=\"twitter:data1\" content=\"qs_admin\" \/>\n\t<meta name=\"twitter:label2\" content=\"Dur\u00e9e de lecture estim\u00e9e\" \/>\n\t<meta name=\"twitter:data2\" content=\"3 minutes\" \/>\n<script type=\"application\/ld+json\" class=\"yoast-schema-graph\">{\"@context\":\"https:\/\/schema.org\",\"@graph\":[{\"@type\":\"Article\",\"@id\":\"https:\/\/vosgesinfo.fr\/gerardmerinfo\/2019\/09\/secheresse-prolongation-niveau-alerte-renforcee-departement\/#article\",\"isPartOf\":{\"@id\":\"https:\/\/vosgesinfo.fr\/gerardmerinfo\/2019\/09\/secheresse-prolongation-niveau-alerte-renforcee-departement\/\"},\"author\":{\"name\":\"qs_admin\",\"@id\":\"https:\/\/vosgesinfo.fr\/gerardmerinfo\/#\/schema\/person\/bc5d02d71e6932e81b6dadb7386667b1\"},\"headline\":\"S\u00e9cheresse \u2013 Prolongation du niveau \u00ab alerte renforc\u00e9e \u00bb sur tout le d\u00e9partement\",\"datePublished\":\"2019-09-14T04:19:53+00:00\",\"dateModified\":\"2019-09-14T04:19:53+00:00\",\"mainEntityOfPage\":{\"@id\":\"https:\/\/vosgesinfo.fr\/gerardmerinfo\/2019\/09\/secheresse-prolongation-niveau-alerte-renforcee-departement\/\"},\"wordCount\":605,\"commentCount\":0,\"publisher\":{\"@id\":\"https:\/\/vosgesinfo.fr\/gerardmerinfo\/#organization\"},\"image\":{\"@id\":\"https:\/\/vosgesinfo.fr\/gerardmerinfo\/2019\/09\/secheresse-prolongation-niveau-alerte-renforcee-departement\/#primaryimage\"},\"thumbnailUrl\":\"https:\/\/vosgesinfo.fr\/app\/uploads\/sites\/6\/2024\/07\/201909secheresse4-1024x576-1.jpg\",\"articleSection\":[\"A la une\",\"Vosges\"],\"inLanguage\":\"fr-FR\",\"potentialAction\":[{\"@type\":\"CommentAction\",\"name\":\"Comment\",\"target\":[\"https:\/\/vosgesinfo.fr\/gerardmerinfo\/2019\/09\/secheresse-prolongation-niveau-alerte-renforcee-departement\/#respond\"]}]},{\"@type\":\"WebPage\",\"@id\":\"https:\/\/vosgesinfo.fr\/gerardmerinfo\/2019\/09\/secheresse-prolongation-niveau-alerte-renforcee-departement\/\",\"url\":\"https:\/\/vosgesinfo.fr\/gerardmerinfo\/2019\/09\/secheresse-prolongation-niveau-alerte-renforcee-departement\/\",\"name\":\"S\u00e9cheresse \u2013 Prolongation du niveau \u00ab alerte renforc\u00e9e \u00bb sur tout le d\u00e9partement - Gerardmer Info\",\"isPartOf\":{\"@id\":\"https:\/\/vosgesinfo.fr\/gerardmerinfo\/#website\"},\"primaryImageOfPage\":{\"@id\":\"https:\/\/vosgesinfo.fr\/gerardmerinfo\/2019\/09\/secheresse-prolongation-niveau-alerte-renforcee-departement\/#primaryimage\"},\"image\":{\"@id\":\"https:\/\/vosgesinfo.fr\/gerardmerinfo\/2019\/09\/secheresse-prolongation-niveau-alerte-renforcee-departement\/#primaryimage\"},\"thumbnailUrl\":\"https:\/\/vosgesinfo.fr\/app\/uploads\/sites\/6\/2024\/07\/201909secheresse4-1024x576-1.jpg\",\"datePublished\":\"2019-09-14T04:19:53+00:00\",\"dateModified\":\"2019-09-14T04:19:53+00:00\",\"breadcrumb\":{\"@id\":\"https:\/\/vosgesinfo.fr\/gerardmerinfo\/2019\/09\/secheresse-prolongation-niveau-alerte-renforcee-departement\/#breadcrumb\"},\"inLanguage\":\"fr-FR\",\"potentialAction\":[{\"@type\":\"ReadAction\",\"target\":[\"https:\/\/vosgesinfo.fr\/gerardmerinfo\/2019\/09\/secheresse-prolongation-niveau-alerte-renforcee-departement\/\"]}]},{\"@type\":\"ImageObject\",\"inLanguage\":\"fr-FR\",\"@id\":\"https:\/\/vosgesinfo.fr\/gerardmerinfo\/2019\/09\/secheresse-prolongation-niveau-alerte-renforcee-departement\/#primaryimage\",\"url\":\"https:\/\/vosgesinfo.fr\/app\/uploads\/sites\/6\/2024\/07\/201909secheresse4-1024x576-1.jpg\",\"contentUrl\":\"https:\/\/vosgesinfo.fr\/app\/uploads\/sites\/6\/2024\/07\/201909secheresse4-1024x576-1.jpg\",\"width\":800,\"height\":450},{\"@type\":\"BreadcrumbList\",\"@id\":\"https:\/\/vosgesinfo.fr\/gerardmerinfo\/2019\/09\/secheresse-prolongation-niveau-alerte-renforcee-departement\/#breadcrumb\",\"itemListElement\":[{\"@type\":\"ListItem\",\"position\":1,\"name\":\"Home\",\"item\":\"https:\/\/vosgesinfo.fr\/gerardmerinfo\/\"},{\"@type\":\"ListItem\",\"position\":2,\"name\":\"S\u00e9cheresse \u2013 Prolongation du niveau \u00ab alerte renforc\u00e9e \u00bb sur tout le d\u00e9partement\"}]},{\"@type\":\"WebSite\",\"@id\":\"https:\/\/vosgesinfo.fr\/gerardmerinfo\/#website\",\"url\":\"https:\/\/vosgesinfo.fr\/gerardmerinfo\/\",\"name\":\"Gerardmer Info\",\"description\":\"Toute l&#039;actualit\u00e9 de G\u00e9rardmer\",\"publisher\":{\"@id\":\"https:\/\/vosgesinfo.fr\/gerardmerinfo\/#organization\"},\"alternateName\":\"Toute l'actualit\u00e9 de G\u00e9rardmer\",\"potentialAction\":[{\"@type\":\"SearchAction\",\"target\":{\"@type\":\"EntryPoint\",\"urlTemplate\":\"https:\/\/vosgesinfo.fr\/gerardmerinfo\/?s={search_term_string}\"},\"query-input\":\"required name=search_term_string\"}],\"inLanguage\":\"fr-FR\"},{\"@type\":\"Organization\",\"@id\":\"https:\/\/vosgesinfo.fr\/gerardmerinfo\/#organization\",\"name\":\"Gerardmer Info\",\"url\":\"https:\/\/vosgesinfo.fr\/gerardmerinfo\/\",\"logo\":{\"@type\":\"ImageObject\",\"inLanguage\":\"fr-FR\",\"@id\":\"https:\/\/vosgesinfo.fr\/gerardmerinfo\/#\/schema\/logo\/image\/\",\"url\":\"https:\/\/vosgesinfo.fr\/app\/uploads\/sites\/6\/2023\/08\/favicon-gerardmerinfo.png\",\"contentUrl\":\"https:\/\/vosgesinfo.fr\/app\/uploads\/sites\/6\/2023\/08\/favicon-gerardmerinfo.png\",\"width\":512,\"height\":512,\"caption\":\"Gerardmer Info\"},\"image\":{\"@id\":\"https:\/\/vosgesinfo.fr\/gerardmerinfo\/#\/schema\/logo\/image\/\"},\"sameAs\":[\"https:\/\/www.facebook.com\/profile.php?id=100049475262660\",\"https:\/\/x.com\/VosgesInfo88\",\"https:\/\/www.youtube.com\/@vosgesinfo\"]},{\"@type\":\"Person\",\"@id\":\"https:\/\/vosgesinfo.fr\/gerardmerinfo\/#\/schema\/person\/bc5d02d71e6932e81b6dadb7386667b1\",\"name\":\"qs_admin\",\"image\":{\"@type\":\"ImageObject\",\"inLanguage\":\"fr-FR\",\"@id\":\"https:\/\/vosgesinfo.fr\/gerardmerinfo\/#\/schema\/person\/image\/\",\"url\":\"https:\/\/secure.gravatar.com\/avatar\/94b18ee0ed79e4a42ea2f2931277b6841a8999fc6fde214600c78057cf1fe1de?s=96&d=mm&r=g\",\"contentUrl\":\"https:\/\/secure.gravatar.com\/avatar\/94b18ee0ed79e4a42ea2f2931277b6841a8999fc6fde214600c78057cf1fe1de?s=96&d=mm&r=g\",\"caption\":\"qs_admin\"},\"sameAs\":[\"https:\/\/vosgesinfo.fr\/wp\"],\"url\":\"https:\/\/vosgesinfo.fr\/gerardmerinfo\/author\/qs_admin\/\"}]}<\/script>\n<!-- \/ Yoast SEO plugin. -->","yoast_head_json":{"title":"S\u00e9cheresse \u2013 Prolongation du niveau \u00ab alerte renforc\u00e9e \u00bb sur tout le d\u00e9partement - Gerardmer Info","robots":{"index":"index","follow":"follow","max-snippet":"max-snippet:-1","max-image-preview":"max-image-preview:large","max-video-preview":"max-video-preview:-1"},"canonical":"https:\/\/vosgesinfo.fr\/gerardmerinfo\/2019\/09\/secheresse-prolongation-niveau-alerte-renforcee-departement\/","twitter_card":"summary_large_image","twitter_title":"S\u00e9cheresse \u2013 Prolongation du niveau \u00ab alerte renforc\u00e9e \u00bb sur tout le d\u00e9partement - Gerardmer Info","twitter_description":"La conjonction entre une situation hydrologique d\u00e9j\u00e0 fragile en fin d\u2019hiver et les tr\u00e8s fortes temp\u00e9ratures en juillet et ao\u00fbt [&hellip;]","twitter_image":"https:\/\/vosgesinfo.fr\/app\/uploads\/sites\/6\/2024\/07\/201909secheresse4-1024x576-1.jpg","twitter_creator":"@VosgesInfo88","twitter_site":"@VosgesInfo88","twitter_misc":{"\u00c9crit par":"qs_admin","Dur\u00e9e de lecture estim\u00e9e":"3 minutes"},"schema":{"@context":"https:\/\/schema.org","@graph":[{"@type":"Article","@id":"https:\/\/vosgesinfo.fr\/gerardmerinfo\/2019\/09\/secheresse-prolongation-niveau-alerte-renforcee-departement\/#article","isPartOf":{"@id":"https:\/\/vosgesinfo.fr\/gerardmerinfo\/2019\/09\/secheresse-prolongation-niveau-alerte-renforcee-departement\/"},"author":{"name":"qs_admin","@id":"https:\/\/vosgesinfo.fr\/gerardmerinfo\/#\/schema\/person\/bc5d02d71e6932e81b6dadb7386667b1"},"headline":"S\u00e9cheresse \u2013 Prolongation du niveau \u00ab alerte renforc\u00e9e \u00bb sur tout le d\u00e9partement","datePublished":"2019-09-14T04:19:53+00:00","dateModified":"2019-09-14T04:19:53+00:00","mainEntityOfPage":{"@id":"https:\/\/vosgesinfo.fr\/gerardmerinfo\/2019\/09\/secheresse-prolongation-niveau-alerte-renforcee-departement\/"},"wordCount":605,"commentCount":0,"publisher":{"@id":"https:\/\/vosgesinfo.fr\/gerardmerinfo\/#organization"},"image":{"@id":"https:\/\/vosgesinfo.fr\/gerardmerinfo\/2019\/09\/secheresse-prolongation-niveau-alerte-renforcee-departement\/#primaryimage"},"thumbnailUrl":"https:\/\/vosgesinfo.fr\/app\/uploads\/sites\/6\/2024\/07\/201909secheresse4-1024x576-1.jpg","articleSection":["A la une","Vosges"],"inLanguage":"fr-FR","potentialAction":[{"@type":"CommentAction","name":"Comment","target":["https:\/\/vosgesinfo.fr\/gerardmerinfo\/2019\/09\/secheresse-prolongation-niveau-alerte-renforcee-departement\/#respond"]}]},{"@type":"WebPage","@id":"https:\/\/vosgesinfo.fr\/gerardmerinfo\/2019\/09\/secheresse-prolongation-niveau-alerte-renforcee-departement\/","url":"https:\/\/vosgesinfo.fr\/gerardmerinfo\/2019\/09\/secheresse-prolongation-niveau-alerte-renforcee-departement\/","name":"S\u00e9cheresse \u2013 Prolongation du niveau \u00ab alerte renforc\u00e9e \u00bb sur tout le d\u00e9partement - Gerardmer Info","isPartOf":{"@id":"https:\/\/vosgesinfo.fr\/gerardmerinfo\/#website"},"primaryImageOfPage":{"@id":"https:\/\/vosgesinfo.fr\/gerardmerinfo\/2019\/09\/secheresse-prolongation-niveau-alerte-renforcee-departement\/#primaryimage"},"image":{"@id":"https:\/\/vosgesinfo.fr\/gerardmerinfo\/2019\/09\/secheresse-prolongation-niveau-alerte-renforcee-departement\/#primaryimage"},"thumbnailUrl":"https:\/\/vosgesinfo.fr\/app\/uploads\/sites\/6\/2024\/07\/201909secheresse4-1024x576-1.jpg","datePublished":"2019-09-14T04:19:53+00:00","dateModified":"2019-09-14T04:19:53+00:00","breadcrumb":{"@id":"https:\/\/vosgesinfo.fr\/gerardmerinfo\/2019\/09\/secheresse-prolongation-niveau-alerte-renforcee-departement\/#breadcrumb"},"inLanguage":"fr-FR","potentialAction":[{"@type":"ReadAction","target":["https:\/\/vosgesinfo.fr\/gerardmerinfo\/2019\/09\/secheresse-prolongation-niveau-alerte-renforcee-departement\/"]}]},{"@type":"ImageObject","inLanguage":"fr-FR","@id":"https:\/\/vosgesinfo.fr\/gerardmerinfo\/2019\/09\/secheresse-prolongation-niveau-alerte-renforcee-departement\/#primaryimage","url":"https:\/\/vosgesinfo.fr\/app\/uploads\/sites\/6\/2024\/07\/201909secheresse4-1024x576-1.jpg","contentUrl":"https:\/\/vosgesinfo.fr\/app\/uploads\/sites\/6\/2024\/07\/201909secheresse4-1024x576-1.jpg","width":800,"height":450},{"@type":"BreadcrumbList","@id":"https:\/\/vosgesinfo.fr\/gerardmerinfo\/2019\/09\/secheresse-prolongation-niveau-alerte-renforcee-departement\/#breadcrumb","itemListElement":[{"@type":"ListItem","position":1,"name":"Home","item":"https:\/\/vosgesinfo.fr\/gerardmerinfo\/"},{"@type":"ListItem","position":2,"name":"S\u00e9cheresse \u2013 Prolongation du niveau \u00ab alerte renforc\u00e9e \u00bb sur tout le d\u00e9partement"}]},{"@type":"WebSite","@id":"https:\/\/vosgesinfo.fr\/gerardmerinfo\/#website","url":"https:\/\/vosgesinfo.fr\/gerardmerinfo\/","name":"Gerardmer Info","description":"Toute l&#039;actualit\u00e9 de G\u00e9rardmer","publisher":{"@id":"https:\/\/vosgesinfo.fr\/gerardmerinfo\/#organization"},"alternateName":"Toute l'actualit\u00e9 de G\u00e9rardmer","potentialAction":[{"@type":"SearchAction","target":{"@type":"EntryPoint","urlTemplate":"https:\/\/vosgesinfo.fr\/gerardmerinfo\/?s={search_term_string}"},"query-input":"required name=search_term_string"}],"inLanguage":"fr-FR"},{"@type":"Organization","@id":"https:\/\/vosgesinfo.fr\/gerardmerinfo\/#organization","name":"Gerardmer Info","url":"https:\/\/vosgesinfo.fr\/gerardmerinfo\/","logo":{"@type":"ImageObject","inLanguage":"fr-FR","@id":"https:\/\/vosgesinfo.fr\/gerardmerinfo\/#\/schema\/logo\/image\/","url":"https:\/\/vosgesinfo.fr\/app\/uploads\/sites\/6\/2023\/08\/favicon-gerardmerinfo.png","contentUrl":"https:\/\/vosgesinfo.fr\/app\/uploads\/sites\/6\/2023\/08\/favicon-gerardmerinfo.png","width":512,"height":512,"caption":"Gerardmer Info"},"image":{"@id":"https:\/\/vosgesinfo.fr\/gerardmerinfo\/#\/schema\/logo\/image\/"},"sameAs":["https:\/\/www.facebook.com\/profile.php?id=100049475262660","https:\/\/x.com\/VosgesInfo88","https:\/\/www.youtube.com\/@vosgesinfo"]},{"@type":"Person","@id":"https:\/\/vosgesinfo.fr\/gerardmerinfo\/#\/schema\/person\/bc5d02d71e6932e81b6dadb7386667b1","name":"qs_admin","image":{"@type":"ImageObject","inLanguage":"fr-FR","@id":"https:\/\/vosgesinfo.fr\/gerardmerinfo\/#\/schema\/person\/image\/","url":"https:\/\/secure.gravatar.com\/avatar\/94b18ee0ed79e4a42ea2f2931277b6841a8999fc6fde214600c78057cf1fe1de?s=96&d=mm&r=g","contentUrl":"https:\/\/secure.gravatar.com\/avatar\/94b18ee0ed79e4a42ea2f2931277b6841a8999fc6fde214600c78057cf1fe1de?s=96&d=mm&r=g","caption":"qs_admin"},"sameAs":["https:\/\/vosgesinfo.fr\/wp"],"url":"https:\/\/vosgesinfo.fr\/gerardmerinfo\/author\/qs_admin\/"}]}},"_links":{"self":[{"href":"https:\/\/vosgesinfo.fr\/gerardmerinfo\/wp-json\/wp\/v2\/posts\/43910","targetHints":{"allow":["GET"]}}],"collection":[{"href":"https:\/\/vosgesinfo.fr\/gerardmerinfo\/wp-json\/wp\/v2\/posts"}],"about":[{"href":"https:\/\/vosgesinfo.fr\/gerardmerinfo\/wp-json\/wp\/v2\/types\/post"}],"author":[{"embeddable":true,"href":"https:\/\/vosgesinfo.fr\/gerardmerinfo\/wp-json\/wp\/v2\/users\/1"}],"replies":[{"embeddable":true,"href":"https:\/\/vosgesinfo.fr\/gerardmerinfo\/wp-json\/wp\/v2\/comments?post=43910"}],"version-history":[{"count":0,"href":"https:\/\/vosgesinfo.fr\/gerardmerinfo\/wp-json\/wp\/v2\/posts\/43910\/revisions"}],"wp:featuredmedia":[{"embeddable":true,"href":"https:\/\/vosgesinfo.fr\/gerardmerinfo\/wp-json\/wp\/v2\/media\/43911"}],"wp:attachment":[{"href":"https:\/\/vosgesinfo.fr\/gerardmerinfo\/wp-json\/wp\/v2\/media?parent=43910"}],"wp:term":[{"taxonomy":"category","embeddable":true,"href":"https:\/\/vosgesinfo.fr\/gerardmerinfo\/wp-json\/wp\/v2\/categories?post=43910"},{"taxonomy":"post_tag","embeddable":true,"href":"https:\/\/vosgesinfo.fr\/gerardmerinfo\/wp-json\/wp\/v2\/tags?post=43910"}],"curies":[{"name":"wp","href":"https:\/\/api.w.org\/{rel}","templated":true}]}}