{"id":43938,"date":"2019-09-15T15:26:38","date_gmt":"2019-09-15T13:26:38","guid":{"rendered":"https:\/\/vosgesinfo.fr\/gerardmerinfo\/2019\/09\/eric-defranould-ecrit-prefet-vosges\/"},"modified":"2019-09-15T15:26:38","modified_gmt":"2019-09-15T13:26:38","slug":"eric-defranould-ecrit-prefet-vosges","status":"publish","type":"post","link":"https:\/\/vosgesinfo.fr\/gerardmerinfo\/2019\/09\/eric-defranould-ecrit-prefet-vosges\/","title":{"rendered":"Eric Defranould \u00e9crit au Pr\u00e9fet des Vosges"},"content":{"rendered":"<p style=\"margin-bottom: .0001pt;\"><span style=\"font-family: 'Arial','sans-serif';\"><a href=\"https:\/\/gerardmerinfo.fr\/2019\/09\/eric-defranould-ecrit-prefet-vosges\/renard-3\/\" rel=\"attachment wp-att-152483\"><img decoding=\"async\" class=\"aligncenter size-full wp-image-152483\" src=\"\/2019\/09\/renard.jpg\" alt=\"renard\" width=\"800\" height=\"533\" \/><\/a>La plan\u00e8te a deux immenses\u00a0 d\u00e9fis \u00e0 relever dans les ann\u00e9es \u00e0 venir dans le domaine de l&rsquo;environnement, le r\u00e9chauffement climatique et la chute ph\u00e9nom\u00e9nale de la biodiversit\u00e9 .<\/span><\/p>\n<p style=\"margin-bottom: .0001pt;\"><span style=\"font-family: 'Arial','sans-serif';\">Dans les Vosges vous venez de renouveler l&rsquo;autorisation du pi\u00e9geage de quatre esp\u00e8ces sauvages (le renard, la fouine, le corbeau freux, la corneille) .<\/span><\/p>\n<p style=\"margin-bottom: .0001pt;\"><span style=\"font-family: 'Arial','sans-serif';\">Le renard et le fouine se nourrissent pour beaucoup de petits rongeurs. Ces petits rongeurs sont porteurs de tiques et peuvent v\u00e9hiculer la maladie de Lyme. Leur pr\u00e9dation naturelle par le renard et la fouine sont donc b\u00e9n\u00e9fiques pour la sant\u00e9 humaine.<\/span><\/p>\n<p style=\"margin-bottom: .0001pt;\"><span style=\"font-family: 'Arial','sans-serif';\">Quant au corbeau freux et \u00e0\u00a0 la corneille, on ne sait toujours pas pourquoi ils sont class\u00e9s nuisibles?<\/span><\/p>\n<p style=\"margin-bottom: .0001pt;\"><span style=\"font-family: 'Arial','sans-serif';\">Les chiffres de la pr\u00e9fecture des VOSGES nous apprennent que sur les quinze derni\u00e8res ann\u00e9es, ont \u00e9t\u00e9 victimes des pi\u00e8ges : 12 411 renards, 3 281 chats domestiques, 1 888 h\u00e9rissons, 294 chats forestiers, 366 rapaces diurnes etc,et des dizaines de milliers d&rsquo;animaux de 50 esp\u00e8ces diff\u00e9rentes.<\/span><\/p>\n<p style=\"margin-bottom: .0001pt;\"><span style=\"font-family: 'Arial','sans-serif';\">Tous ces chiffres nous proviennent des d\u00e9clarations des pi\u00e9geurs&#8230;.imaginons la r\u00e9alit\u00e9 !<\/span><\/p>\n<p style=\"margin-bottom: .0001pt;\"><span style=\"font-family: 'Arial','sans-serif';\">Nous vous demandons M. le Pr\u00e9fet que deviennent tous ces animaux pi\u00e9g\u00e9s ? sont-ils remis \u00e0 la SPA, sont-ils euthanasi\u00e9s ? et les chats, pris par hasard, qu&rsquo;en font-ils ?<\/span><\/p>\n<p style=\"margin-bottom: .0001pt;\"><span style=\"font-family: 'Arial','sans-serif';\">Nous vous demandons de faire cesser ces pratiques barbares et d&rsquo;un autre temps<\/span><\/p>\n<p style=\"margin-bottom: .0001pt;\"><span style=\"font-family: 'Arial','sans-serif';\">Veuillez recevoir M. le Pr\u00e9fet l&rsquo;expression de nos sinc\u00e8res salutations.<\/span><\/p>\n<p style=\"margin-bottom: .0001pt;\"><span style=\"font-family: 'Arial','sans-serif';\">ERIC DEFRANOULD Conseiller municipal \u00e0 G\u00c9RARDMER.<\/span><\/p>\n<p style=\"margin-bottom: .0001pt;\">\n","protected":false},"excerpt":{"rendered":"<p>La plan\u00e8te a deux immenses\u00a0 d\u00e9fis \u00e0 relever dans les ann\u00e9es \u00e0 venir dans le domaine de l&rsquo;environnement, le r\u00e9chauffement [&hellip;]<\/p>\n","protected":false},"author":1,"featured_media":43939,"comment_status":"open","ping_status":"open","sticky":false,"template":"","format":"standard","meta":{"footnotes":""},"categories":[20,13,18],"tags":[],"class_list":["post-43938","post","type-post","status-publish","format-standard","has-post-thumbnail","hentry","category-a-la-une","category-societe","category-vosges"],"acf":[],"yoast_head":"<!-- This site is optimized with the Yoast SEO plugin v22.5 - https:\/\/yoast.com\/wordpress\/plugins\/seo\/ -->\n<title>Eric Defranould \u00e9crit au Pr\u00e9fet des Vosges - Gerardmer Info<\/title>\n<meta name=\"robots\" content=\"index, follow, max-snippet:-1, max-image-preview:large, max-video-preview:-1\" \/>\n<link rel=\"canonical\" href=\"https:\/\/vosgesinfo.fr\/gerardmerinfo\/2019\/09\/eric-defranould-ecrit-prefet-vosges\/\" \/>\n<meta name=\"twitter:card\" content=\"summary_large_image\" \/>\n<meta name=\"twitter:title\" content=\"Eric Defranould \u00e9crit au Pr\u00e9fet des Vosges - Gerardmer Info\" \/>\n<meta name=\"twitter:description\" content=\"La plan\u00e8te a deux immenses\u00a0 d\u00e9fis \u00e0 relever dans les ann\u00e9es \u00e0 venir dans le domaine de l&rsquo;environnement, le r\u00e9chauffement [&hellip;]\" \/>\n<meta name=\"twitter:image\" content=\"https:\/\/vosgesinfo.fr\/app\/uploads\/sites\/6\/2024\/07\/201909renard.jpg\" \/>\n<meta name=\"twitter:creator\" content=\"@VosgesInfo88\" \/>\n<meta name=\"twitter:site\" content=\"@VosgesInfo88\" \/>\n<meta name=\"twitter:label1\" content=\"\u00c9crit par\" \/>\n\t<meta name=\"twitter:data1\" content=\"qs_admin\" \/>\n\t<meta name=\"twitter:label2\" content=\"Dur\u00e9e de lecture estim\u00e9e\" \/>\n\t<meta name=\"twitter:data2\" content=\"1 minute\" \/>\n<script type=\"application\/ld+json\" class=\"yoast-schema-graph\">{\"@context\":\"https:\/\/schema.org\",\"@graph\":[{\"@type\":\"Article\",\"@id\":\"https:\/\/vosgesinfo.fr\/gerardmerinfo\/2019\/09\/eric-defranould-ecrit-prefet-vosges\/#article\",\"isPartOf\":{\"@id\":\"https:\/\/vosgesinfo.fr\/gerardmerinfo\/2019\/09\/eric-defranould-ecrit-prefet-vosges\/\"},\"author\":{\"name\":\"qs_admin\",\"@id\":\"https:\/\/vosgesinfo.fr\/gerardmerinfo\/#\/schema\/person\/bc5d02d71e6932e81b6dadb7386667b1\"},\"headline\":\"Eric Defranould \u00e9crit au Pr\u00e9fet des Vosges\",\"datePublished\":\"2019-09-15T13:26:38+00:00\",\"dateModified\":\"2019-09-15T13:26:38+00:00\",\"mainEntityOfPage\":{\"@id\":\"https:\/\/vosgesinfo.fr\/gerardmerinfo\/2019\/09\/eric-defranould-ecrit-prefet-vosges\/\"},\"wordCount\":256,\"commentCount\":0,\"publisher\":{\"@id\":\"https:\/\/vosgesinfo.fr\/gerardmerinfo\/#organization\"},\"image\":{\"@id\":\"https:\/\/vosgesinfo.fr\/gerardmerinfo\/2019\/09\/eric-defranould-ecrit-prefet-vosges\/#primaryimage\"},\"thumbnailUrl\":\"https:\/\/vosgesinfo.fr\/app\/uploads\/sites\/6\/2024\/07\/201909renard.jpg\",\"articleSection\":[\"A la une\",\"Soci\u00e9t\u00e9\",\"Vosges\"],\"inLanguage\":\"fr-FR\",\"potentialAction\":[{\"@type\":\"CommentAction\",\"name\":\"Comment\",\"target\":[\"https:\/\/vosgesinfo.fr\/gerardmerinfo\/2019\/09\/eric-defranould-ecrit-prefet-vosges\/#respond\"]}]},{\"@type\":\"WebPage\",\"@id\":\"https:\/\/vosgesinfo.fr\/gerardmerinfo\/2019\/09\/eric-defranould-ecrit-prefet-vosges\/\",\"url\":\"https:\/\/vosgesinfo.fr\/gerardmerinfo\/2019\/09\/eric-defranould-ecrit-prefet-vosges\/\",\"name\":\"Eric Defranould \u00e9crit au Pr\u00e9fet des Vosges - Gerardmer Info\",\"isPartOf\":{\"@id\":\"https:\/\/vosgesinfo.fr\/gerardmerinfo\/#website\"},\"primaryImageOfPage\":{\"@id\":\"https:\/\/vosgesinfo.fr\/gerardmerinfo\/2019\/09\/eric-defranould-ecrit-prefet-vosges\/#primaryimage\"},\"image\":{\"@id\":\"https:\/\/vosgesinfo.fr\/gerardmerinfo\/2019\/09\/eric-defranould-ecrit-prefet-vosges\/#primaryimage\"},\"thumbnailUrl\":\"https:\/\/vosgesinfo.fr\/app\/uploads\/sites\/6\/2024\/07\/201909renard.jpg\",\"datePublished\":\"2019-09-15T13:26:38+00:00\",\"dateModified\":\"2019-09-15T13:26:38+00:00\",\"breadcrumb\":{\"@id\":\"https:\/\/vosgesinfo.fr\/gerardmerinfo\/2019\/09\/eric-defranould-ecrit-prefet-vosges\/#breadcrumb\"},\"inLanguage\":\"fr-FR\",\"potentialAction\":[{\"@type\":\"ReadAction\",\"target\":[\"https:\/\/vosgesinfo.fr\/gerardmerinfo\/2019\/09\/eric-defranould-ecrit-prefet-vosges\/\"]}]},{\"@type\":\"ImageObject\",\"inLanguage\":\"fr-FR\",\"@id\":\"https:\/\/vosgesinfo.fr\/gerardmerinfo\/2019\/09\/eric-defranould-ecrit-prefet-vosges\/#primaryimage\",\"url\":\"https:\/\/vosgesinfo.fr\/app\/uploads\/sites\/6\/2024\/07\/201909renard.jpg\",\"contentUrl\":\"https:\/\/vosgesinfo.fr\/app\/uploads\/sites\/6\/2024\/07\/201909renard.jpg\",\"width\":800,\"height\":533},{\"@type\":\"BreadcrumbList\",\"@id\":\"https:\/\/vosgesinfo.fr\/gerardmerinfo\/2019\/09\/eric-defranould-ecrit-prefet-vosges\/#breadcrumb\",\"itemListElement\":[{\"@type\":\"ListItem\",\"position\":1,\"name\":\"Home\",\"item\":\"https:\/\/vosgesinfo.fr\/gerardmerinfo\/\"},{\"@type\":\"ListItem\",\"position\":2,\"name\":\"Eric Defranould \u00e9crit au Pr\u00e9fet des Vosges\"}]},{\"@type\":\"WebSite\",\"@id\":\"https:\/\/vosgesinfo.fr\/gerardmerinfo\/#website\",\"url\":\"https:\/\/vosgesinfo.fr\/gerardmerinfo\/\",\"name\":\"Gerardmer Info\",\"description\":\"Toute l&#039;actualit\u00e9 de G\u00e9rardmer\",\"publisher\":{\"@id\":\"https:\/\/vosgesinfo.fr\/gerardmerinfo\/#organization\"},\"alternateName\":\"Toute l'actualit\u00e9 de G\u00e9rardmer\",\"potentialAction\":[{\"@type\":\"SearchAction\",\"target\":{\"@type\":\"EntryPoint\",\"urlTemplate\":\"https:\/\/vosgesinfo.fr\/gerardmerinfo\/?s={search_term_string}\"},\"query-input\":\"required name=search_term_string\"}],\"inLanguage\":\"fr-FR\"},{\"@type\":\"Organization\",\"@id\":\"https:\/\/vosgesinfo.fr\/gerardmerinfo\/#organization\",\"name\":\"Gerardmer Info\",\"url\":\"https:\/\/vosgesinfo.fr\/gerardmerinfo\/\",\"logo\":{\"@type\":\"ImageObject\",\"inLanguage\":\"fr-FR\",\"@id\":\"https:\/\/vosgesinfo.fr\/gerardmerinfo\/#\/schema\/logo\/image\/\",\"url\":\"https:\/\/vosgesinfo.fr\/app\/uploads\/sites\/6\/2023\/08\/favicon-gerardmerinfo.png\",\"contentUrl\":\"https:\/\/vosgesinfo.fr\/app\/uploads\/sites\/6\/2023\/08\/favicon-gerardmerinfo.png\",\"width\":512,\"height\":512,\"caption\":\"Gerardmer Info\"},\"image\":{\"@id\":\"https:\/\/vosgesinfo.fr\/gerardmerinfo\/#\/schema\/logo\/image\/\"},\"sameAs\":[\"https:\/\/www.facebook.com\/profile.php?id=100049475262660\",\"https:\/\/x.com\/VosgesInfo88\",\"https:\/\/www.youtube.com\/@vosgesinfo\"]},{\"@type\":\"Person\",\"@id\":\"https:\/\/vosgesinfo.fr\/gerardmerinfo\/#\/schema\/person\/bc5d02d71e6932e81b6dadb7386667b1\",\"name\":\"qs_admin\",\"image\":{\"@type\":\"ImageObject\",\"inLanguage\":\"fr-FR\",\"@id\":\"https:\/\/vosgesinfo.fr\/gerardmerinfo\/#\/schema\/person\/image\/\",\"url\":\"https:\/\/secure.gravatar.com\/avatar\/94b18ee0ed79e4a42ea2f2931277b6841a8999fc6fde214600c78057cf1fe1de?s=96&d=mm&r=g\",\"contentUrl\":\"https:\/\/secure.gravatar.com\/avatar\/94b18ee0ed79e4a42ea2f2931277b6841a8999fc6fde214600c78057cf1fe1de?s=96&d=mm&r=g\",\"caption\":\"qs_admin\"},\"sameAs\":[\"https:\/\/vosgesinfo.fr\/wp\"],\"url\":\"https:\/\/vosgesinfo.fr\/gerardmerinfo\/author\/qs_admin\/\"}]}<\/script>\n<!-- \/ Yoast SEO plugin. -->","yoast_head_json":{"title":"Eric Defranould \u00e9crit au Pr\u00e9fet des Vosges - Gerardmer Info","robots":{"index":"index","follow":"follow","max-snippet":"max-snippet:-1","max-image-preview":"max-image-preview:large","max-video-preview":"max-video-preview:-1"},"canonical":"https:\/\/vosgesinfo.fr\/gerardmerinfo\/2019\/09\/eric-defranould-ecrit-prefet-vosges\/","twitter_card":"summary_large_image","twitter_title":"Eric Defranould \u00e9crit au Pr\u00e9fet des Vosges - Gerardmer Info","twitter_description":"La plan\u00e8te a deux immenses\u00a0 d\u00e9fis \u00e0 relever dans les ann\u00e9es \u00e0 venir dans le domaine de l&rsquo;environnement, le r\u00e9chauffement [&hellip;]","twitter_image":"https:\/\/vosgesinfo.fr\/app\/uploads\/sites\/6\/2024\/07\/201909renard.jpg","twitter_creator":"@VosgesInfo88","twitter_site":"@VosgesInfo88","twitter_misc":{"\u00c9crit par":"qs_admin","Dur\u00e9e de lecture estim\u00e9e":"1 minute"},"schema":{"@context":"https:\/\/schema.org","@graph":[{"@type":"Article","@id":"https:\/\/vosgesinfo.fr\/gerardmerinfo\/2019\/09\/eric-defranould-ecrit-prefet-vosges\/#article","isPartOf":{"@id":"https:\/\/vosgesinfo.fr\/gerardmerinfo\/2019\/09\/eric-defranould-ecrit-prefet-vosges\/"},"author":{"name":"qs_admin","@id":"https:\/\/vosgesinfo.fr\/gerardmerinfo\/#\/schema\/person\/bc5d02d71e6932e81b6dadb7386667b1"},"headline":"Eric Defranould \u00e9crit au Pr\u00e9fet des Vosges","datePublished":"2019-09-15T13:26:38+00:00","dateModified":"2019-09-15T13:26:38+00:00","mainEntityOfPage":{"@id":"https:\/\/vosgesinfo.fr\/gerardmerinfo\/2019\/09\/eric-defranould-ecrit-prefet-vosges\/"},"wordCount":256,"commentCount":0,"publisher":{"@id":"https:\/\/vosgesinfo.fr\/gerardmerinfo\/#organization"},"image":{"@id":"https:\/\/vosgesinfo.fr\/gerardmerinfo\/2019\/09\/eric-defranould-ecrit-prefet-vosges\/#primaryimage"},"thumbnailUrl":"https:\/\/vosgesinfo.fr\/app\/uploads\/sites\/6\/2024\/07\/201909renard.jpg","articleSection":["A la une","Soci\u00e9t\u00e9","Vosges"],"inLanguage":"fr-FR","potentialAction":[{"@type":"CommentAction","name":"Comment","target":["https:\/\/vosgesinfo.fr\/gerardmerinfo\/2019\/09\/eric-defranould-ecrit-prefet-vosges\/#respond"]}]},{"@type":"WebPage","@id":"https:\/\/vosgesinfo.fr\/gerardmerinfo\/2019\/09\/eric-defranould-ecrit-prefet-vosges\/","url":"https:\/\/vosgesinfo.fr\/gerardmerinfo\/2019\/09\/eric-defranould-ecrit-prefet-vosges\/","name":"Eric Defranould \u00e9crit au Pr\u00e9fet des Vosges - Gerardmer Info","isPartOf":{"@id":"https:\/\/vosgesinfo.fr\/gerardmerinfo\/#website"},"primaryImageOfPage":{"@id":"https:\/\/vosgesinfo.fr\/gerardmerinfo\/2019\/09\/eric-defranould-ecrit-prefet-vosges\/#primaryimage"},"image":{"@id":"https:\/\/vosgesinfo.fr\/gerardmerinfo\/2019\/09\/eric-defranould-ecrit-prefet-vosges\/#primaryimage"},"thumbnailUrl":"https:\/\/vosgesinfo.fr\/app\/uploads\/sites\/6\/2024\/07\/201909renard.jpg","datePublished":"2019-09-15T13:26:38+00:00","dateModified":"2019-09-15T13:26:38+00:00","breadcrumb":{"@id":"https:\/\/vosgesinfo.fr\/gerardmerinfo\/2019\/09\/eric-defranould-ecrit-prefet-vosges\/#breadcrumb"},"inLanguage":"fr-FR","potentialAction":[{"@type":"ReadAction","target":["https:\/\/vosgesinfo.fr\/gerardmerinfo\/2019\/09\/eric-defranould-ecrit-prefet-vosges\/"]}]},{"@type":"ImageObject","inLanguage":"fr-FR","@id":"https:\/\/vosgesinfo.fr\/gerardmerinfo\/2019\/09\/eric-defranould-ecrit-prefet-vosges\/#primaryimage","url":"https:\/\/vosgesinfo.fr\/app\/uploads\/sites\/6\/2024\/07\/201909renard.jpg","contentUrl":"https:\/\/vosgesinfo.fr\/app\/uploads\/sites\/6\/2024\/07\/201909renard.jpg","width":800,"height":533},{"@type":"BreadcrumbList","@id":"https:\/\/vosgesinfo.fr\/gerardmerinfo\/2019\/09\/eric-defranould-ecrit-prefet-vosges\/#breadcrumb","itemListElement":[{"@type":"ListItem","position":1,"name":"Home","item":"https:\/\/vosgesinfo.fr\/gerardmerinfo\/"},{"@type":"ListItem","position":2,"name":"Eric Defranould \u00e9crit au Pr\u00e9fet des Vosges"}]},{"@type":"WebSite","@id":"https:\/\/vosgesinfo.fr\/gerardmerinfo\/#website","url":"https:\/\/vosgesinfo.fr\/gerardmerinfo\/","name":"Gerardmer Info","description":"Toute l&#039;actualit\u00e9 de G\u00e9rardmer","publisher":{"@id":"https:\/\/vosgesinfo.fr\/gerardmerinfo\/#organization"},"alternateName":"Toute l'actualit\u00e9 de G\u00e9rardmer","potentialAction":[{"@type":"SearchAction","target":{"@type":"EntryPoint","urlTemplate":"https:\/\/vosgesinfo.fr\/gerardmerinfo\/?s={search_term_string}"},"query-input":"required name=search_term_string"}],"inLanguage":"fr-FR"},{"@type":"Organization","@id":"https:\/\/vosgesinfo.fr\/gerardmerinfo\/#organization","name":"Gerardmer Info","url":"https:\/\/vosgesinfo.fr\/gerardmerinfo\/","logo":{"@type":"ImageObject","inLanguage":"fr-FR","@id":"https:\/\/vosgesinfo.fr\/gerardmerinfo\/#\/schema\/logo\/image\/","url":"https:\/\/vosgesinfo.fr\/app\/uploads\/sites\/6\/2023\/08\/favicon-gerardmerinfo.png","contentUrl":"https:\/\/vosgesinfo.fr\/app\/uploads\/sites\/6\/2023\/08\/favicon-gerardmerinfo.png","width":512,"height":512,"caption":"Gerardmer Info"},"image":{"@id":"https:\/\/vosgesinfo.fr\/gerardmerinfo\/#\/schema\/logo\/image\/"},"sameAs":["https:\/\/www.facebook.com\/profile.php?id=100049475262660","https:\/\/x.com\/VosgesInfo88","https:\/\/www.youtube.com\/@vosgesinfo"]},{"@type":"Person","@id":"https:\/\/vosgesinfo.fr\/gerardmerinfo\/#\/schema\/person\/bc5d02d71e6932e81b6dadb7386667b1","name":"qs_admin","image":{"@type":"ImageObject","inLanguage":"fr-FR","@id":"https:\/\/vosgesinfo.fr\/gerardmerinfo\/#\/schema\/person\/image\/","url":"https:\/\/secure.gravatar.com\/avatar\/94b18ee0ed79e4a42ea2f2931277b6841a8999fc6fde214600c78057cf1fe1de?s=96&d=mm&r=g","contentUrl":"https:\/\/secure.gravatar.com\/avatar\/94b18ee0ed79e4a42ea2f2931277b6841a8999fc6fde214600c78057cf1fe1de?s=96&d=mm&r=g","caption":"qs_admin"},"sameAs":["https:\/\/vosgesinfo.fr\/wp"],"url":"https:\/\/vosgesinfo.fr\/gerardmerinfo\/author\/qs_admin\/"}]}},"_links":{"self":[{"href":"https:\/\/vosgesinfo.fr\/gerardmerinfo\/wp-json\/wp\/v2\/posts\/43938","targetHints":{"allow":["GET"]}}],"collection":[{"href":"https:\/\/vosgesinfo.fr\/gerardmerinfo\/wp-json\/wp\/v2\/posts"}],"about":[{"href":"https:\/\/vosgesinfo.fr\/gerardmerinfo\/wp-json\/wp\/v2\/types\/post"}],"author":[{"embeddable":true,"href":"https:\/\/vosgesinfo.fr\/gerardmerinfo\/wp-json\/wp\/v2\/users\/1"}],"replies":[{"embeddable":true,"href":"https:\/\/vosgesinfo.fr\/gerardmerinfo\/wp-json\/wp\/v2\/comments?post=43938"}],"version-history":[{"count":0,"href":"https:\/\/vosgesinfo.fr\/gerardmerinfo\/wp-json\/wp\/v2\/posts\/43938\/revisions"}],"wp:featuredmedia":[{"embeddable":true,"href":"https:\/\/vosgesinfo.fr\/gerardmerinfo\/wp-json\/wp\/v2\/media\/43939"}],"wp:attachment":[{"href":"https:\/\/vosgesinfo.fr\/gerardmerinfo\/wp-json\/wp\/v2\/media?parent=43938"}],"wp:term":[{"taxonomy":"category","embeddable":true,"href":"https:\/\/vosgesinfo.fr\/gerardmerinfo\/wp-json\/wp\/v2\/categories?post=43938"},{"taxonomy":"post_tag","embeddable":true,"href":"https:\/\/vosgesinfo.fr\/gerardmerinfo\/wp-json\/wp\/v2\/tags?post=43938"}],"curies":[{"name":"wp","href":"https:\/\/api.w.org\/{rel}","templated":true}]}}