{"id":43945,"date":"2019-09-19T15:47:17","date_gmt":"2019-09-19T13:47:17","guid":{"rendered":"https:\/\/vosgesinfo.fr\/gerardmerinfo\/2019\/09\/nouveau-a-gerbepal-animation\/"},"modified":"2019-09-19T15:47:17","modified_gmt":"2019-09-19T13:47:17","slug":"nouveau-a-gerbepal-animation","status":"publish","type":"post","link":"https:\/\/vosgesinfo.fr\/gerardmerinfo\/2019\/09\/nouveau-a-gerbepal-animation\/","title":{"rendered":"Du nouveau \u00e0 Gerb\u00e9pal Animation"},"content":{"rendered":"<h3><a href=\"\/2019\/09\/0001.jpg\"><img decoding=\"async\" class=\"alignright size-medium wp-image-152622\" src=\"\/2019\/09\/0001-180x255.jpg\" alt=\"gerbepal qi gong\" width=\"180\" height=\"255\" \/><\/a>La pr\u00e9sidente Anne Thil a r\u00e9cemment pris la parole \u00e0 l\u2019aube de la reprise des activit\u00e9s de Gerb\u00e9pal Animation apr\u00e8s la p\u00e9riode des cong\u00e9s d\u2019\u00e9t\u00e9. Elle a d\u00e9taill\u00e9 ce que son association \u00a0propose tout au long de l\u2019ann\u00e9e en activit\u00e9s et manifestations.<\/h3>\n<p><strong>\u00a0 \u00a0 \u00a0 \u00a0 .\u00a0<\/strong><strong>Qi Gong\u00a0: <\/strong>le vendredi soir de 18h05 \u00e0 19h15 au Dojo de Corcieux, avec C\u00e9cile Arseguel. Accessible \u00e0 tous. Abonnement annuel de 150\u20ac (hors vacances scolaires). <em>A partir du vendredi 20 septembre.<\/em><\/p>\n<p><strong>\u00a0 \u00a0 \u00a0 . Yoga<\/strong>\u00a0(nouvelle activit\u00e9) : le mercredi soir de 18h30 \u00e0 19h30\u00a0 avec Anne Thil. Accessible \u00e0 tous.<\/p>\n<ul>\n<li><strong><a href=\"\/2019\/09\/gerb\u00e9pal-asso-.jpg\"><img decoding=\"async\" class=\"alignright size-medium wp-image-152621\" src=\"\/2019\/09\/gerb\u00e9pal-asso--180x255.jpg\" alt=\"gerb\u00e9pal animation asso\" width=\"180\" height=\"255\" \/><\/a>Relaxation, d\u00e9tente et l\u00e2cher-prise\u00a0:<\/strong> le mercredi soir de 19h30 \u00e0 20h30 avec Anne Thil. Accessible \u00e0 tous.\n<ul>\n<li>ces deux activit\u00e9s se d\u00e9roulent au foyer rural \u00e0 raison de 5 euros la s\u00e9ance<\/li>\n<\/ul>\n<\/li>\n<\/ul>\n<ul>\n<li><strong>Informatique<\/strong>: dates et horaires \u00e0 d\u00e9finir courant octobre, avec Pascal Renauld, \u00e0 la Biblioth\u00e8que de Gerb\u00e9pal. D\u00e9butants. 5\u20ac le cours. <em>A partir du mois de novembre<\/em>.<\/li>\n<li><strong>Covoiturage cin\u00e9ma\u00a0<\/strong>: le mardi soir avec Orange Cineday (1 place achet\u00e9e, 1 place offerte pour les clients d\u2019Orange). Covoiturage au d\u00e9part de Gerb\u00e9pal vers G\u00e9rardmer ou Saint-Di\u00e9 selon le film choisi. <em>A partir du mois de novembre.<\/em><\/li>\n<li><strong>Centre de bien-\u00eatre Roettele (10 route du Neun\u00e9)<\/strong>: tarif r\u00e9duit sur la carte de 10 entr\u00e9es pour les membres de l\u2019association. <em>Toute l\u2019ann\u00e9e.<\/em><\/li>\n<\/ul>\n<p>A ceci s\u2019ajoute \u00a0les manifestations organis\u00e9es chaque ann\u00e9e par l\u2019association\u00a0: la <strong>Belote<\/strong> au mois de <em>f\u00e9vrier<\/em> et la <strong>Marche Populaire<\/strong> au mois de <em>juin<\/em> et le <strong>Circuit Permanent<\/strong> de marche de 11 kms, sans difficult\u00e9 particuli\u00e8re, ouvert \u00e0 tous c du 1<sup>er<\/sup> avril au 30 septembre. Les licences sont \u00e0 vendre au prix de 2\u20ac \u00e0 la boulangerie de Gerb\u00e9pal.<\/p>\n<p>Comme vous pouvez le constatez le panel d\u2019activit\u00e9s et de manifestation est riche et vari\u00e9s, l\u2019aide des b\u00e9n\u00e9voles est pr\u00e9cieuse, \u00a0si vous avez du temps et que vous souhaitez participer \u00e0 l\u2019organisation de l\u2019une de ces manifestions, n\u2019h\u00e9sitez pas \u00e0 les\u00a0 contacter\u00a0!<\/p>\n<p>Pour tout renseignement\u00a0et inscription : <a href=\"mailto:gerbepal.animation88@gmail.com\">gerbepal.animation88@gmail.com<\/a><\/p>\n<p>&nbsp;<\/p>\n<p>Pour m\u00e9moire L\u2019adh\u00e9sion \u00e0 l\u2019association est de 5\u20ac .<\/p>\n","protected":false},"excerpt":{"rendered":"<p>La pr\u00e9sidente Anne Thil a r\u00e9cemment pris la parole \u00e0 l\u2019aube de la reprise des activit\u00e9s de Gerb\u00e9pal Animation apr\u00e8s [&hellip;]<\/p>\n","protected":false},"author":1,"featured_media":43946,"comment_status":"open","ping_status":"open","sticky":false,"template":"","format":"standard","meta":{"footnotes":""},"categories":[20,17],"tags":[274],"class_list":["post-43945","post","type-post","status-publish","format-standard","has-post-thumbnail","hentry","category-a-la-une","category-vie-associative","tag-gerbepal"],"acf":[],"yoast_head":"<!-- This site is optimized with the Yoast SEO plugin v22.5 - https:\/\/yoast.com\/wordpress\/plugins\/seo\/ -->\n<title>Du nouveau \u00e0 Gerb\u00e9pal Animation - Gerardmer Info<\/title>\n<meta name=\"robots\" content=\"index, follow, max-snippet:-1, max-image-preview:large, max-video-preview:-1\" \/>\n<link rel=\"canonical\" href=\"https:\/\/vosgesinfo.fr\/gerardmerinfo\/2019\/09\/nouveau-a-gerbepal-animation\/\" \/>\n<meta name=\"twitter:card\" content=\"summary_large_image\" \/>\n<meta name=\"twitter:title\" content=\"Du nouveau \u00e0 Gerb\u00e9pal Animation - Gerardmer Info\" \/>\n<meta name=\"twitter:description\" content=\"La pr\u00e9sidente Anne Thil a r\u00e9cemment pris la parole \u00e0 l\u2019aube de la reprise des activit\u00e9s de Gerb\u00e9pal Animation apr\u00e8s [&hellip;]\" \/>\n<meta name=\"twitter:image\" content=\"https:\/\/vosgesinfo.fr\/app\/uploads\/sites\/6\/2024\/07\/201909gerbepal-asso-.jpg\" \/>\n<meta name=\"twitter:creator\" content=\"@VosgesInfo88\" \/>\n<meta name=\"twitter:site\" content=\"@VosgesInfo88\" \/>\n<meta name=\"twitter:label1\" content=\"\u00c9crit par\" \/>\n\t<meta name=\"twitter:data1\" content=\"qs_admin\" \/>\n\t<meta name=\"twitter:label2\" content=\"Dur\u00e9e de lecture estim\u00e9e\" \/>\n\t<meta name=\"twitter:data2\" content=\"2 minutes\" \/>\n<script type=\"application\/ld+json\" class=\"yoast-schema-graph\">{\"@context\":\"https:\/\/schema.org\",\"@graph\":[{\"@type\":\"Article\",\"@id\":\"https:\/\/vosgesinfo.fr\/gerardmerinfo\/2019\/09\/nouveau-a-gerbepal-animation\/#article\",\"isPartOf\":{\"@id\":\"https:\/\/vosgesinfo.fr\/gerardmerinfo\/2019\/09\/nouveau-a-gerbepal-animation\/\"},\"author\":{\"name\":\"qs_admin\",\"@id\":\"https:\/\/vosgesinfo.fr\/gerardmerinfo\/#\/schema\/person\/bc5d02d71e6932e81b6dadb7386667b1\"},\"headline\":\"Du nouveau \u00e0 Gerb\u00e9pal Animation\",\"datePublished\":\"2019-09-19T13:47:17+00:00\",\"dateModified\":\"2019-09-19T13:47:17+00:00\",\"mainEntityOfPage\":{\"@id\":\"https:\/\/vosgesinfo.fr\/gerardmerinfo\/2019\/09\/nouveau-a-gerbepal-animation\/\"},\"wordCount\":362,\"commentCount\":0,\"publisher\":{\"@id\":\"https:\/\/vosgesinfo.fr\/gerardmerinfo\/#organization\"},\"image\":{\"@id\":\"https:\/\/vosgesinfo.fr\/gerardmerinfo\/2019\/09\/nouveau-a-gerbepal-animation\/#primaryimage\"},\"thumbnailUrl\":\"https:\/\/vosgesinfo.fr\/app\/uploads\/sites\/6\/2024\/07\/201909gerbepal-asso-.jpg\",\"keywords\":[\"gerb\u00e9pal\"],\"articleSection\":[\"A la une\",\"Vie Associative\"],\"inLanguage\":\"fr-FR\",\"potentialAction\":[{\"@type\":\"CommentAction\",\"name\":\"Comment\",\"target\":[\"https:\/\/vosgesinfo.fr\/gerardmerinfo\/2019\/09\/nouveau-a-gerbepal-animation\/#respond\"]}]},{\"@type\":\"WebPage\",\"@id\":\"https:\/\/vosgesinfo.fr\/gerardmerinfo\/2019\/09\/nouveau-a-gerbepal-animation\/\",\"url\":\"https:\/\/vosgesinfo.fr\/gerardmerinfo\/2019\/09\/nouveau-a-gerbepal-animation\/\",\"name\":\"Du nouveau \u00e0 Gerb\u00e9pal Animation - Gerardmer Info\",\"isPartOf\":{\"@id\":\"https:\/\/vosgesinfo.fr\/gerardmerinfo\/#website\"},\"primaryImageOfPage\":{\"@id\":\"https:\/\/vosgesinfo.fr\/gerardmerinfo\/2019\/09\/nouveau-a-gerbepal-animation\/#primaryimage\"},\"image\":{\"@id\":\"https:\/\/vosgesinfo.fr\/gerardmerinfo\/2019\/09\/nouveau-a-gerbepal-animation\/#primaryimage\"},\"thumbnailUrl\":\"https:\/\/vosgesinfo.fr\/app\/uploads\/sites\/6\/2024\/07\/201909gerbepal-asso-.jpg\",\"datePublished\":\"2019-09-19T13:47:17+00:00\",\"dateModified\":\"2019-09-19T13:47:17+00:00\",\"breadcrumb\":{\"@id\":\"https:\/\/vosgesinfo.fr\/gerardmerinfo\/2019\/09\/nouveau-a-gerbepal-animation\/#breadcrumb\"},\"inLanguage\":\"fr-FR\",\"potentialAction\":[{\"@type\":\"ReadAction\",\"target\":[\"https:\/\/vosgesinfo.fr\/gerardmerinfo\/2019\/09\/nouveau-a-gerbepal-animation\/\"]}]},{\"@type\":\"ImageObject\",\"inLanguage\":\"fr-FR\",\"@id\":\"https:\/\/vosgesinfo.fr\/gerardmerinfo\/2019\/09\/nouveau-a-gerbepal-animation\/#primaryimage\",\"url\":\"https:\/\/vosgesinfo.fr\/app\/uploads\/sites\/6\/2024\/07\/201909gerbepal-asso-.jpg\",\"contentUrl\":\"https:\/\/vosgesinfo.fr\/app\/uploads\/sites\/6\/2024\/07\/201909gerbepal-asso-.jpg\",\"width\":564,\"height\":800},{\"@type\":\"BreadcrumbList\",\"@id\":\"https:\/\/vosgesinfo.fr\/gerardmerinfo\/2019\/09\/nouveau-a-gerbepal-animation\/#breadcrumb\",\"itemListElement\":[{\"@type\":\"ListItem\",\"position\":1,\"name\":\"Home\",\"item\":\"https:\/\/vosgesinfo.fr\/gerardmerinfo\/\"},{\"@type\":\"ListItem\",\"position\":2,\"name\":\"Du nouveau \u00e0 Gerb\u00e9pal Animation\"}]},{\"@type\":\"WebSite\",\"@id\":\"https:\/\/vosgesinfo.fr\/gerardmerinfo\/#website\",\"url\":\"https:\/\/vosgesinfo.fr\/gerardmerinfo\/\",\"name\":\"Gerardmer Info\",\"description\":\"Toute l&#039;actualit\u00e9 de G\u00e9rardmer\",\"publisher\":{\"@id\":\"https:\/\/vosgesinfo.fr\/gerardmerinfo\/#organization\"},\"alternateName\":\"Toute l'actualit\u00e9 de G\u00e9rardmer\",\"potentialAction\":[{\"@type\":\"SearchAction\",\"target\":{\"@type\":\"EntryPoint\",\"urlTemplate\":\"https:\/\/vosgesinfo.fr\/gerardmerinfo\/?s={search_term_string}\"},\"query-input\":\"required name=search_term_string\"}],\"inLanguage\":\"fr-FR\"},{\"@type\":\"Organization\",\"@id\":\"https:\/\/vosgesinfo.fr\/gerardmerinfo\/#organization\",\"name\":\"Gerardmer Info\",\"url\":\"https:\/\/vosgesinfo.fr\/gerardmerinfo\/\",\"logo\":{\"@type\":\"ImageObject\",\"inLanguage\":\"fr-FR\",\"@id\":\"https:\/\/vosgesinfo.fr\/gerardmerinfo\/#\/schema\/logo\/image\/\",\"url\":\"https:\/\/vosgesinfo.fr\/app\/uploads\/sites\/6\/2023\/08\/favicon-gerardmerinfo.png\",\"contentUrl\":\"https:\/\/vosgesinfo.fr\/app\/uploads\/sites\/6\/2023\/08\/favicon-gerardmerinfo.png\",\"width\":512,\"height\":512,\"caption\":\"Gerardmer Info\"},\"image\":{\"@id\":\"https:\/\/vosgesinfo.fr\/gerardmerinfo\/#\/schema\/logo\/image\/\"},\"sameAs\":[\"https:\/\/www.facebook.com\/profile.php?id=100049475262660\",\"https:\/\/x.com\/VosgesInfo88\",\"https:\/\/www.youtube.com\/@vosgesinfo\"]},{\"@type\":\"Person\",\"@id\":\"https:\/\/vosgesinfo.fr\/gerardmerinfo\/#\/schema\/person\/bc5d02d71e6932e81b6dadb7386667b1\",\"name\":\"qs_admin\",\"image\":{\"@type\":\"ImageObject\",\"inLanguage\":\"fr-FR\",\"@id\":\"https:\/\/vosgesinfo.fr\/gerardmerinfo\/#\/schema\/person\/image\/\",\"url\":\"https:\/\/secure.gravatar.com\/avatar\/94b18ee0ed79e4a42ea2f2931277b6841a8999fc6fde214600c78057cf1fe1de?s=96&d=mm&r=g\",\"contentUrl\":\"https:\/\/secure.gravatar.com\/avatar\/94b18ee0ed79e4a42ea2f2931277b6841a8999fc6fde214600c78057cf1fe1de?s=96&d=mm&r=g\",\"caption\":\"qs_admin\"},\"sameAs\":[\"https:\/\/vosgesinfo.fr\/wp\"],\"url\":\"https:\/\/vosgesinfo.fr\/gerardmerinfo\/author\/qs_admin\/\"}]}<\/script>\n<!-- \/ Yoast SEO plugin. -->","yoast_head_json":{"title":"Du nouveau \u00e0 Gerb\u00e9pal Animation - Gerardmer Info","robots":{"index":"index","follow":"follow","max-snippet":"max-snippet:-1","max-image-preview":"max-image-preview:large","max-video-preview":"max-video-preview:-1"},"canonical":"https:\/\/vosgesinfo.fr\/gerardmerinfo\/2019\/09\/nouveau-a-gerbepal-animation\/","twitter_card":"summary_large_image","twitter_title":"Du nouveau \u00e0 Gerb\u00e9pal Animation - Gerardmer Info","twitter_description":"La pr\u00e9sidente Anne Thil a r\u00e9cemment pris la parole \u00e0 l\u2019aube de la reprise des activit\u00e9s de Gerb\u00e9pal Animation apr\u00e8s [&hellip;]","twitter_image":"https:\/\/vosgesinfo.fr\/app\/uploads\/sites\/6\/2024\/07\/201909gerbepal-asso-.jpg","twitter_creator":"@VosgesInfo88","twitter_site":"@VosgesInfo88","twitter_misc":{"\u00c9crit par":"qs_admin","Dur\u00e9e de lecture estim\u00e9e":"2 minutes"},"schema":{"@context":"https:\/\/schema.org","@graph":[{"@type":"Article","@id":"https:\/\/vosgesinfo.fr\/gerardmerinfo\/2019\/09\/nouveau-a-gerbepal-animation\/#article","isPartOf":{"@id":"https:\/\/vosgesinfo.fr\/gerardmerinfo\/2019\/09\/nouveau-a-gerbepal-animation\/"},"author":{"name":"qs_admin","@id":"https:\/\/vosgesinfo.fr\/gerardmerinfo\/#\/schema\/person\/bc5d02d71e6932e81b6dadb7386667b1"},"headline":"Du nouveau \u00e0 Gerb\u00e9pal Animation","datePublished":"2019-09-19T13:47:17+00:00","dateModified":"2019-09-19T13:47:17+00:00","mainEntityOfPage":{"@id":"https:\/\/vosgesinfo.fr\/gerardmerinfo\/2019\/09\/nouveau-a-gerbepal-animation\/"},"wordCount":362,"commentCount":0,"publisher":{"@id":"https:\/\/vosgesinfo.fr\/gerardmerinfo\/#organization"},"image":{"@id":"https:\/\/vosgesinfo.fr\/gerardmerinfo\/2019\/09\/nouveau-a-gerbepal-animation\/#primaryimage"},"thumbnailUrl":"https:\/\/vosgesinfo.fr\/app\/uploads\/sites\/6\/2024\/07\/201909gerbepal-asso-.jpg","keywords":["gerb\u00e9pal"],"articleSection":["A la une","Vie Associative"],"inLanguage":"fr-FR","potentialAction":[{"@type":"CommentAction","name":"Comment","target":["https:\/\/vosgesinfo.fr\/gerardmerinfo\/2019\/09\/nouveau-a-gerbepal-animation\/#respond"]}]},{"@type":"WebPage","@id":"https:\/\/vosgesinfo.fr\/gerardmerinfo\/2019\/09\/nouveau-a-gerbepal-animation\/","url":"https:\/\/vosgesinfo.fr\/gerardmerinfo\/2019\/09\/nouveau-a-gerbepal-animation\/","name":"Du nouveau \u00e0 Gerb\u00e9pal Animation - Gerardmer Info","isPartOf":{"@id":"https:\/\/vosgesinfo.fr\/gerardmerinfo\/#website"},"primaryImageOfPage":{"@id":"https:\/\/vosgesinfo.fr\/gerardmerinfo\/2019\/09\/nouveau-a-gerbepal-animation\/#primaryimage"},"image":{"@id":"https:\/\/vosgesinfo.fr\/gerardmerinfo\/2019\/09\/nouveau-a-gerbepal-animation\/#primaryimage"},"thumbnailUrl":"https:\/\/vosgesinfo.fr\/app\/uploads\/sites\/6\/2024\/07\/201909gerbepal-asso-.jpg","datePublished":"2019-09-19T13:47:17+00:00","dateModified":"2019-09-19T13:47:17+00:00","breadcrumb":{"@id":"https:\/\/vosgesinfo.fr\/gerardmerinfo\/2019\/09\/nouveau-a-gerbepal-animation\/#breadcrumb"},"inLanguage":"fr-FR","potentialAction":[{"@type":"ReadAction","target":["https:\/\/vosgesinfo.fr\/gerardmerinfo\/2019\/09\/nouveau-a-gerbepal-animation\/"]}]},{"@type":"ImageObject","inLanguage":"fr-FR","@id":"https:\/\/vosgesinfo.fr\/gerardmerinfo\/2019\/09\/nouveau-a-gerbepal-animation\/#primaryimage","url":"https:\/\/vosgesinfo.fr\/app\/uploads\/sites\/6\/2024\/07\/201909gerbepal-asso-.jpg","contentUrl":"https:\/\/vosgesinfo.fr\/app\/uploads\/sites\/6\/2024\/07\/201909gerbepal-asso-.jpg","width":564,"height":800},{"@type":"BreadcrumbList","@id":"https:\/\/vosgesinfo.fr\/gerardmerinfo\/2019\/09\/nouveau-a-gerbepal-animation\/#breadcrumb","itemListElement":[{"@type":"ListItem","position":1,"name":"Home","item":"https:\/\/vosgesinfo.fr\/gerardmerinfo\/"},{"@type":"ListItem","position":2,"name":"Du nouveau \u00e0 Gerb\u00e9pal Animation"}]},{"@type":"WebSite","@id":"https:\/\/vosgesinfo.fr\/gerardmerinfo\/#website","url":"https:\/\/vosgesinfo.fr\/gerardmerinfo\/","name":"Gerardmer Info","description":"Toute l&#039;actualit\u00e9 de G\u00e9rardmer","publisher":{"@id":"https:\/\/vosgesinfo.fr\/gerardmerinfo\/#organization"},"alternateName":"Toute l'actualit\u00e9 de G\u00e9rardmer","potentialAction":[{"@type":"SearchAction","target":{"@type":"EntryPoint","urlTemplate":"https:\/\/vosgesinfo.fr\/gerardmerinfo\/?s={search_term_string}"},"query-input":"required name=search_term_string"}],"inLanguage":"fr-FR"},{"@type":"Organization","@id":"https:\/\/vosgesinfo.fr\/gerardmerinfo\/#organization","name":"Gerardmer Info","url":"https:\/\/vosgesinfo.fr\/gerardmerinfo\/","logo":{"@type":"ImageObject","inLanguage":"fr-FR","@id":"https:\/\/vosgesinfo.fr\/gerardmerinfo\/#\/schema\/logo\/image\/","url":"https:\/\/vosgesinfo.fr\/app\/uploads\/sites\/6\/2023\/08\/favicon-gerardmerinfo.png","contentUrl":"https:\/\/vosgesinfo.fr\/app\/uploads\/sites\/6\/2023\/08\/favicon-gerardmerinfo.png","width":512,"height":512,"caption":"Gerardmer Info"},"image":{"@id":"https:\/\/vosgesinfo.fr\/gerardmerinfo\/#\/schema\/logo\/image\/"},"sameAs":["https:\/\/www.facebook.com\/profile.php?id=100049475262660","https:\/\/x.com\/VosgesInfo88","https:\/\/www.youtube.com\/@vosgesinfo"]},{"@type":"Person","@id":"https:\/\/vosgesinfo.fr\/gerardmerinfo\/#\/schema\/person\/bc5d02d71e6932e81b6dadb7386667b1","name":"qs_admin","image":{"@type":"ImageObject","inLanguage":"fr-FR","@id":"https:\/\/vosgesinfo.fr\/gerardmerinfo\/#\/schema\/person\/image\/","url":"https:\/\/secure.gravatar.com\/avatar\/94b18ee0ed79e4a42ea2f2931277b6841a8999fc6fde214600c78057cf1fe1de?s=96&d=mm&r=g","contentUrl":"https:\/\/secure.gravatar.com\/avatar\/94b18ee0ed79e4a42ea2f2931277b6841a8999fc6fde214600c78057cf1fe1de?s=96&d=mm&r=g","caption":"qs_admin"},"sameAs":["https:\/\/vosgesinfo.fr\/wp"],"url":"https:\/\/vosgesinfo.fr\/gerardmerinfo\/author\/qs_admin\/"}]}},"_links":{"self":[{"href":"https:\/\/vosgesinfo.fr\/gerardmerinfo\/wp-json\/wp\/v2\/posts\/43945","targetHints":{"allow":["GET"]}}],"collection":[{"href":"https:\/\/vosgesinfo.fr\/gerardmerinfo\/wp-json\/wp\/v2\/posts"}],"about":[{"href":"https:\/\/vosgesinfo.fr\/gerardmerinfo\/wp-json\/wp\/v2\/types\/post"}],"author":[{"embeddable":true,"href":"https:\/\/vosgesinfo.fr\/gerardmerinfo\/wp-json\/wp\/v2\/users\/1"}],"replies":[{"embeddable":true,"href":"https:\/\/vosgesinfo.fr\/gerardmerinfo\/wp-json\/wp\/v2\/comments?post=43945"}],"version-history":[{"count":0,"href":"https:\/\/vosgesinfo.fr\/gerardmerinfo\/wp-json\/wp\/v2\/posts\/43945\/revisions"}],"wp:featuredmedia":[{"embeddable":true,"href":"https:\/\/vosgesinfo.fr\/gerardmerinfo\/wp-json\/wp\/v2\/media\/43946"}],"wp:attachment":[{"href":"https:\/\/vosgesinfo.fr\/gerardmerinfo\/wp-json\/wp\/v2\/media?parent=43945"}],"wp:term":[{"taxonomy":"category","embeddable":true,"href":"https:\/\/vosgesinfo.fr\/gerardmerinfo\/wp-json\/wp\/v2\/categories?post=43945"},{"taxonomy":"post_tag","embeddable":true,"href":"https:\/\/vosgesinfo.fr\/gerardmerinfo\/wp-json\/wp\/v2\/tags?post=43945"}],"curies":[{"name":"wp","href":"https:\/\/api.w.org\/{rel}","templated":true}]}}