{"id":43991,"date":"2019-09-20T15:11:26","date_gmt":"2019-09-20T13:11:26","guid":{"rendered":"https:\/\/vosgesinfo.fr\/gerardmerinfo\/2019\/09\/gerardmer-comedie-musicale-choeur-portee-voix-de-saint-die\/"},"modified":"2019-09-20T15:11:26","modified_gmt":"2019-09-20T13:11:26","slug":"gerardmer-comedie-musicale-choeur-portee-voix-de-saint-die","status":"publish","type":"post","link":"https:\/\/vosgesinfo.fr\/gerardmerinfo\/2019\/09\/gerardmer-comedie-musicale-choeur-portee-voix-de-saint-die\/","title":{"rendered":"G\u00e9rardmer \u2013 Une com\u00e9die musicale avec \u00ab Choeur en Port\u00e9e \u00bb et les \u00ab Voix de Saint-Di\u00e9 \u00bb"},"content":{"rendered":"<h2><strong><a href=\"\/2019\/09\/G\u00e9rardmer-Voix_Saint-Di\u00e9.jpg\"><img decoding=\"async\" class=\"aligncenter size-full wp-image-152618\" src=\"\/2019\/09\/G\u00e9rardmer-Voix_Saint-Di\u00e9.jpg\" alt=\"G\u00e9rardmer-Voix_Saint-Di\u00e9\" width=\"701\" height=\"453\" \/><\/a><\/strong><\/h2>\n<h2><\/h2>\n<h2><strong>Le groupe vocal\u00a0\u00bbLes Voix de Saint-Di\u00e9\u00a0\u00bb et leurs homologues \u00ab\u00a0Choeur en Port\u00e9e\u00a0\u00bb, originaires de la ville jumel\u00e9e d\u2019Arlon, se produiront ce samedi 21 septembre, \u00e0 20h30, \u00e0 l\u2019Espace LAC de G\u00e9rardmer.<\/strong><\/h2>\n<p>Ce soir-l\u00e0, les 2 formations pr\u00e9senteront \u00ab\u00a0Mortel\u00a0\u00bb. Cr\u00e9ation originale des choristes belges, ce spectacle dr\u00f4le et festif s\u2019inscrit dans la plus pure tradition des com\u00e9dies musicales et relate l\u2019histoire d\u2019un cimeti\u00e8re qui s\u2019amuse. Sur la sc\u00e8ne g\u00e9r\u00f4moise, les 40 choristes, qui chanteront et danseront, seront accompagn\u00e9s par 6 musiciens et 2 acteurs d\u00e9jant\u00e9s. Tarif de 15 euros par adulte \u2013 8 euros pour les enfants de moins de 12 ans. Billets en pr\u00e9vente aupr\u00e8s de l\u2019Office de Tourisme de G\u00e9rardmer, par t\u00e9l\u00e9phone au <strong>03-29-27-27-27<\/strong>, ou sur le site <strong><a href=\"http:\/\/www.voixdesaintdie.fr\/\" target=\"_blank\" rel=\"noopener\">www.voixdesaintdie.fr<\/a><\/strong>. A noter qu\u2019il sera \u00e9galement possible d\u2019acheter des billets sur place le soir du spectacle.<\/p>\n<p>J.J.<\/p>\n<h1 class=\"entry-title single-post-title\"><span class=\"entry-title-primary\">\u00a0<\/span><\/h1>\n","protected":false},"excerpt":{"rendered":"<p>Le groupe vocal\u00a0\u00bbLes Voix de Saint-Di\u00e9\u00a0\u00bb et leurs homologues \u00ab\u00a0Choeur en Port\u00e9e\u00a0\u00bb, originaires de la ville jumel\u00e9e d\u2019Arlon, se produiront [&hellip;]<\/p>\n","protected":false},"author":1,"featured_media":43992,"comment_status":"open","ping_status":"open","sticky":false,"template":"","format":"standard","meta":{"footnotes":""},"categories":[20,4],"tags":[4224,736,4225],"class_list":["post-43991","post","type-post","status-publish","format-standard","has-post-thumbnail","hentry","category-a-la-une","category-culture","tag-arlon","tag-espace-lac","tag-les-voix-de-saint-die"],"acf":[],"yoast_head":"<!-- This site is optimized with the Yoast SEO plugin v22.5 - https:\/\/yoast.com\/wordpress\/plugins\/seo\/ -->\n<title>G\u00e9rardmer \u2013 Une com\u00e9die musicale avec \u00ab Choeur en Port\u00e9e \u00bb et les \u00ab Voix de Saint-Di\u00e9 \u00bb - Gerardmer Info<\/title>\n<meta name=\"robots\" content=\"index, follow, max-snippet:-1, max-image-preview:large, max-video-preview:-1\" \/>\n<link rel=\"canonical\" href=\"https:\/\/vosgesinfo.fr\/gerardmerinfo\/2019\/09\/gerardmer-comedie-musicale-choeur-portee-voix-de-saint-die\/\" \/>\n<meta name=\"twitter:card\" content=\"summary_large_image\" \/>\n<meta name=\"twitter:title\" content=\"G\u00e9rardmer \u2013 Une com\u00e9die musicale avec \u00ab Choeur en Port\u00e9e \u00bb et les \u00ab Voix de Saint-Di\u00e9 \u00bb - Gerardmer Info\" \/>\n<meta name=\"twitter:description\" content=\"Le groupe vocal\u00a0\u00bbLes Voix de Saint-Di\u00e9\u00a0\u00bb et leurs homologues \u00ab\u00a0Choeur en Port\u00e9e\u00a0\u00bb, originaires de la ville jumel\u00e9e d\u2019Arlon, se produiront [&hellip;]\" \/>\n<meta name=\"twitter:image\" content=\"https:\/\/vosgesinfo.fr\/app\/uploads\/sites\/6\/2024\/07\/201909gerardmer-voix-saint-die.jpg\" \/>\n<meta name=\"twitter:creator\" content=\"@VosgesInfo88\" \/>\n<meta name=\"twitter:site\" content=\"@VosgesInfo88\" \/>\n<meta name=\"twitter:label1\" content=\"\u00c9crit par\" \/>\n\t<meta name=\"twitter:data1\" content=\"qs_admin\" \/>\n\t<meta name=\"twitter:label2\" content=\"Dur\u00e9e de lecture estim\u00e9e\" \/>\n\t<meta name=\"twitter:data2\" content=\"1 minute\" \/>\n<script type=\"application\/ld+json\" class=\"yoast-schema-graph\">{\"@context\":\"https:\/\/schema.org\",\"@graph\":[{\"@type\":\"Article\",\"@id\":\"https:\/\/vosgesinfo.fr\/gerardmerinfo\/2019\/09\/gerardmer-comedie-musicale-choeur-portee-voix-de-saint-die\/#article\",\"isPartOf\":{\"@id\":\"https:\/\/vosgesinfo.fr\/gerardmerinfo\/2019\/09\/gerardmer-comedie-musicale-choeur-portee-voix-de-saint-die\/\"},\"author\":{\"name\":\"qs_admin\",\"@id\":\"https:\/\/vosgesinfo.fr\/gerardmerinfo\/#\/schema\/person\/bc5d02d71e6932e81b6dadb7386667b1\"},\"headline\":\"G\u00e9rardmer \u2013 Une com\u00e9die musicale avec \u00ab Choeur en Port\u00e9e \u00bb et les \u00ab Voix de Saint-Di\u00e9 \u00bb\",\"datePublished\":\"2019-09-20T13:11:26+00:00\",\"dateModified\":\"2019-09-20T13:11:26+00:00\",\"mainEntityOfPage\":{\"@id\":\"https:\/\/vosgesinfo.fr\/gerardmerinfo\/2019\/09\/gerardmer-comedie-musicale-choeur-portee-voix-de-saint-die\/\"},\"wordCount\":176,\"commentCount\":0,\"publisher\":{\"@id\":\"https:\/\/vosgesinfo.fr\/gerardmerinfo\/#organization\"},\"image\":{\"@id\":\"https:\/\/vosgesinfo.fr\/gerardmerinfo\/2019\/09\/gerardmer-comedie-musicale-choeur-portee-voix-de-saint-die\/#primaryimage\"},\"thumbnailUrl\":\"https:\/\/vosgesinfo.fr\/app\/uploads\/sites\/6\/2024\/07\/201909gerardmer-voix-saint-die.jpg\",\"keywords\":[\"Arlon\",\"espace lac\",\"Les Voix de Saint di\u00e9*\"],\"articleSection\":[\"A la une\",\"Culture\"],\"inLanguage\":\"fr-FR\",\"potentialAction\":[{\"@type\":\"CommentAction\",\"name\":\"Comment\",\"target\":[\"https:\/\/vosgesinfo.fr\/gerardmerinfo\/2019\/09\/gerardmer-comedie-musicale-choeur-portee-voix-de-saint-die\/#respond\"]}]},{\"@type\":\"WebPage\",\"@id\":\"https:\/\/vosgesinfo.fr\/gerardmerinfo\/2019\/09\/gerardmer-comedie-musicale-choeur-portee-voix-de-saint-die\/\",\"url\":\"https:\/\/vosgesinfo.fr\/gerardmerinfo\/2019\/09\/gerardmer-comedie-musicale-choeur-portee-voix-de-saint-die\/\",\"name\":\"G\u00e9rardmer \u2013 Une com\u00e9die musicale avec \u00ab Choeur en Port\u00e9e \u00bb et les \u00ab Voix de Saint-Di\u00e9 \u00bb - Gerardmer Info\",\"isPartOf\":{\"@id\":\"https:\/\/vosgesinfo.fr\/gerardmerinfo\/#website\"},\"primaryImageOfPage\":{\"@id\":\"https:\/\/vosgesinfo.fr\/gerardmerinfo\/2019\/09\/gerardmer-comedie-musicale-choeur-portee-voix-de-saint-die\/#primaryimage\"},\"image\":{\"@id\":\"https:\/\/vosgesinfo.fr\/gerardmerinfo\/2019\/09\/gerardmer-comedie-musicale-choeur-portee-voix-de-saint-die\/#primaryimage\"},\"thumbnailUrl\":\"https:\/\/vosgesinfo.fr\/app\/uploads\/sites\/6\/2024\/07\/201909gerardmer-voix-saint-die.jpg\",\"datePublished\":\"2019-09-20T13:11:26+00:00\",\"dateModified\":\"2019-09-20T13:11:26+00:00\",\"breadcrumb\":{\"@id\":\"https:\/\/vosgesinfo.fr\/gerardmerinfo\/2019\/09\/gerardmer-comedie-musicale-choeur-portee-voix-de-saint-die\/#breadcrumb\"},\"inLanguage\":\"fr-FR\",\"potentialAction\":[{\"@type\":\"ReadAction\",\"target\":[\"https:\/\/vosgesinfo.fr\/gerardmerinfo\/2019\/09\/gerardmer-comedie-musicale-choeur-portee-voix-de-saint-die\/\"]}]},{\"@type\":\"ImageObject\",\"inLanguage\":\"fr-FR\",\"@id\":\"https:\/\/vosgesinfo.fr\/gerardmerinfo\/2019\/09\/gerardmer-comedie-musicale-choeur-portee-voix-de-saint-die\/#primaryimage\",\"url\":\"https:\/\/vosgesinfo.fr\/app\/uploads\/sites\/6\/2024\/07\/201909gerardmer-voix-saint-die.jpg\",\"contentUrl\":\"https:\/\/vosgesinfo.fr\/app\/uploads\/sites\/6\/2024\/07\/201909gerardmer-voix-saint-die.jpg\",\"width\":701,\"height\":453},{\"@type\":\"BreadcrumbList\",\"@id\":\"https:\/\/vosgesinfo.fr\/gerardmerinfo\/2019\/09\/gerardmer-comedie-musicale-choeur-portee-voix-de-saint-die\/#breadcrumb\",\"itemListElement\":[{\"@type\":\"ListItem\",\"position\":1,\"name\":\"Home\",\"item\":\"https:\/\/vosgesinfo.fr\/gerardmerinfo\/\"},{\"@type\":\"ListItem\",\"position\":2,\"name\":\"G\u00e9rardmer \u2013 Une com\u00e9die musicale avec \u00ab Choeur en Port\u00e9e \u00bb et les \u00ab Voix de Saint-Di\u00e9 \u00bb\"}]},{\"@type\":\"WebSite\",\"@id\":\"https:\/\/vosgesinfo.fr\/gerardmerinfo\/#website\",\"url\":\"https:\/\/vosgesinfo.fr\/gerardmerinfo\/\",\"name\":\"Gerardmer Info\",\"description\":\"Toute l&#039;actualit\u00e9 de G\u00e9rardmer\",\"publisher\":{\"@id\":\"https:\/\/vosgesinfo.fr\/gerardmerinfo\/#organization\"},\"alternateName\":\"Toute l'actualit\u00e9 de G\u00e9rardmer\",\"potentialAction\":[{\"@type\":\"SearchAction\",\"target\":{\"@type\":\"EntryPoint\",\"urlTemplate\":\"https:\/\/vosgesinfo.fr\/gerardmerinfo\/?s={search_term_string}\"},\"query-input\":\"required name=search_term_string\"}],\"inLanguage\":\"fr-FR\"},{\"@type\":\"Organization\",\"@id\":\"https:\/\/vosgesinfo.fr\/gerardmerinfo\/#organization\",\"name\":\"Gerardmer Info\",\"url\":\"https:\/\/vosgesinfo.fr\/gerardmerinfo\/\",\"logo\":{\"@type\":\"ImageObject\",\"inLanguage\":\"fr-FR\",\"@id\":\"https:\/\/vosgesinfo.fr\/gerardmerinfo\/#\/schema\/logo\/image\/\",\"url\":\"https:\/\/vosgesinfo.fr\/app\/uploads\/sites\/6\/2023\/08\/favicon-gerardmerinfo.png\",\"contentUrl\":\"https:\/\/vosgesinfo.fr\/app\/uploads\/sites\/6\/2023\/08\/favicon-gerardmerinfo.png\",\"width\":512,\"height\":512,\"caption\":\"Gerardmer Info\"},\"image\":{\"@id\":\"https:\/\/vosgesinfo.fr\/gerardmerinfo\/#\/schema\/logo\/image\/\"},\"sameAs\":[\"https:\/\/www.facebook.com\/profile.php?id=100049475262660\",\"https:\/\/x.com\/VosgesInfo88\",\"https:\/\/www.youtube.com\/@vosgesinfo\"]},{\"@type\":\"Person\",\"@id\":\"https:\/\/vosgesinfo.fr\/gerardmerinfo\/#\/schema\/person\/bc5d02d71e6932e81b6dadb7386667b1\",\"name\":\"qs_admin\",\"image\":{\"@type\":\"ImageObject\",\"inLanguage\":\"fr-FR\",\"@id\":\"https:\/\/vosgesinfo.fr\/gerardmerinfo\/#\/schema\/person\/image\/\",\"url\":\"https:\/\/secure.gravatar.com\/avatar\/94b18ee0ed79e4a42ea2f2931277b6841a8999fc6fde214600c78057cf1fe1de?s=96&d=mm&r=g\",\"contentUrl\":\"https:\/\/secure.gravatar.com\/avatar\/94b18ee0ed79e4a42ea2f2931277b6841a8999fc6fde214600c78057cf1fe1de?s=96&d=mm&r=g\",\"caption\":\"qs_admin\"},\"sameAs\":[\"https:\/\/vosgesinfo.fr\/wp\"],\"url\":\"https:\/\/vosgesinfo.fr\/gerardmerinfo\/author\/qs_admin\/\"}]}<\/script>\n<!-- \/ Yoast SEO plugin. -->","yoast_head_json":{"title":"G\u00e9rardmer \u2013 Une com\u00e9die musicale avec \u00ab Choeur en Port\u00e9e \u00bb et les \u00ab Voix de Saint-Di\u00e9 \u00bb - Gerardmer Info","robots":{"index":"index","follow":"follow","max-snippet":"max-snippet:-1","max-image-preview":"max-image-preview:large","max-video-preview":"max-video-preview:-1"},"canonical":"https:\/\/vosgesinfo.fr\/gerardmerinfo\/2019\/09\/gerardmer-comedie-musicale-choeur-portee-voix-de-saint-die\/","twitter_card":"summary_large_image","twitter_title":"G\u00e9rardmer \u2013 Une com\u00e9die musicale avec \u00ab Choeur en Port\u00e9e \u00bb et les \u00ab Voix de Saint-Di\u00e9 \u00bb - Gerardmer Info","twitter_description":"Le groupe vocal\u00a0\u00bbLes Voix de Saint-Di\u00e9\u00a0\u00bb et leurs homologues \u00ab\u00a0Choeur en Port\u00e9e\u00a0\u00bb, originaires de la ville jumel\u00e9e d\u2019Arlon, se produiront [&hellip;]","twitter_image":"https:\/\/vosgesinfo.fr\/app\/uploads\/sites\/6\/2024\/07\/201909gerardmer-voix-saint-die.jpg","twitter_creator":"@VosgesInfo88","twitter_site":"@VosgesInfo88","twitter_misc":{"\u00c9crit par":"qs_admin","Dur\u00e9e de lecture estim\u00e9e":"1 minute"},"schema":{"@context":"https:\/\/schema.org","@graph":[{"@type":"Article","@id":"https:\/\/vosgesinfo.fr\/gerardmerinfo\/2019\/09\/gerardmer-comedie-musicale-choeur-portee-voix-de-saint-die\/#article","isPartOf":{"@id":"https:\/\/vosgesinfo.fr\/gerardmerinfo\/2019\/09\/gerardmer-comedie-musicale-choeur-portee-voix-de-saint-die\/"},"author":{"name":"qs_admin","@id":"https:\/\/vosgesinfo.fr\/gerardmerinfo\/#\/schema\/person\/bc5d02d71e6932e81b6dadb7386667b1"},"headline":"G\u00e9rardmer \u2013 Une com\u00e9die musicale avec \u00ab Choeur en Port\u00e9e \u00bb et les \u00ab Voix de Saint-Di\u00e9 \u00bb","datePublished":"2019-09-20T13:11:26+00:00","dateModified":"2019-09-20T13:11:26+00:00","mainEntityOfPage":{"@id":"https:\/\/vosgesinfo.fr\/gerardmerinfo\/2019\/09\/gerardmer-comedie-musicale-choeur-portee-voix-de-saint-die\/"},"wordCount":176,"commentCount":0,"publisher":{"@id":"https:\/\/vosgesinfo.fr\/gerardmerinfo\/#organization"},"image":{"@id":"https:\/\/vosgesinfo.fr\/gerardmerinfo\/2019\/09\/gerardmer-comedie-musicale-choeur-portee-voix-de-saint-die\/#primaryimage"},"thumbnailUrl":"https:\/\/vosgesinfo.fr\/app\/uploads\/sites\/6\/2024\/07\/201909gerardmer-voix-saint-die.jpg","keywords":["Arlon","espace lac","Les Voix de Saint di\u00e9*"],"articleSection":["A la une","Culture"],"inLanguage":"fr-FR","potentialAction":[{"@type":"CommentAction","name":"Comment","target":["https:\/\/vosgesinfo.fr\/gerardmerinfo\/2019\/09\/gerardmer-comedie-musicale-choeur-portee-voix-de-saint-die\/#respond"]}]},{"@type":"WebPage","@id":"https:\/\/vosgesinfo.fr\/gerardmerinfo\/2019\/09\/gerardmer-comedie-musicale-choeur-portee-voix-de-saint-die\/","url":"https:\/\/vosgesinfo.fr\/gerardmerinfo\/2019\/09\/gerardmer-comedie-musicale-choeur-portee-voix-de-saint-die\/","name":"G\u00e9rardmer \u2013 Une com\u00e9die musicale avec \u00ab Choeur en Port\u00e9e \u00bb et les \u00ab Voix de Saint-Di\u00e9 \u00bb - Gerardmer Info","isPartOf":{"@id":"https:\/\/vosgesinfo.fr\/gerardmerinfo\/#website"},"primaryImageOfPage":{"@id":"https:\/\/vosgesinfo.fr\/gerardmerinfo\/2019\/09\/gerardmer-comedie-musicale-choeur-portee-voix-de-saint-die\/#primaryimage"},"image":{"@id":"https:\/\/vosgesinfo.fr\/gerardmerinfo\/2019\/09\/gerardmer-comedie-musicale-choeur-portee-voix-de-saint-die\/#primaryimage"},"thumbnailUrl":"https:\/\/vosgesinfo.fr\/app\/uploads\/sites\/6\/2024\/07\/201909gerardmer-voix-saint-die.jpg","datePublished":"2019-09-20T13:11:26+00:00","dateModified":"2019-09-20T13:11:26+00:00","breadcrumb":{"@id":"https:\/\/vosgesinfo.fr\/gerardmerinfo\/2019\/09\/gerardmer-comedie-musicale-choeur-portee-voix-de-saint-die\/#breadcrumb"},"inLanguage":"fr-FR","potentialAction":[{"@type":"ReadAction","target":["https:\/\/vosgesinfo.fr\/gerardmerinfo\/2019\/09\/gerardmer-comedie-musicale-choeur-portee-voix-de-saint-die\/"]}]},{"@type":"ImageObject","inLanguage":"fr-FR","@id":"https:\/\/vosgesinfo.fr\/gerardmerinfo\/2019\/09\/gerardmer-comedie-musicale-choeur-portee-voix-de-saint-die\/#primaryimage","url":"https:\/\/vosgesinfo.fr\/app\/uploads\/sites\/6\/2024\/07\/201909gerardmer-voix-saint-die.jpg","contentUrl":"https:\/\/vosgesinfo.fr\/app\/uploads\/sites\/6\/2024\/07\/201909gerardmer-voix-saint-die.jpg","width":701,"height":453},{"@type":"BreadcrumbList","@id":"https:\/\/vosgesinfo.fr\/gerardmerinfo\/2019\/09\/gerardmer-comedie-musicale-choeur-portee-voix-de-saint-die\/#breadcrumb","itemListElement":[{"@type":"ListItem","position":1,"name":"Home","item":"https:\/\/vosgesinfo.fr\/gerardmerinfo\/"},{"@type":"ListItem","position":2,"name":"G\u00e9rardmer \u2013 Une com\u00e9die musicale avec \u00ab Choeur en Port\u00e9e \u00bb et les \u00ab Voix de Saint-Di\u00e9 \u00bb"}]},{"@type":"WebSite","@id":"https:\/\/vosgesinfo.fr\/gerardmerinfo\/#website","url":"https:\/\/vosgesinfo.fr\/gerardmerinfo\/","name":"Gerardmer Info","description":"Toute l&#039;actualit\u00e9 de G\u00e9rardmer","publisher":{"@id":"https:\/\/vosgesinfo.fr\/gerardmerinfo\/#organization"},"alternateName":"Toute l'actualit\u00e9 de G\u00e9rardmer","potentialAction":[{"@type":"SearchAction","target":{"@type":"EntryPoint","urlTemplate":"https:\/\/vosgesinfo.fr\/gerardmerinfo\/?s={search_term_string}"},"query-input":"required name=search_term_string"}],"inLanguage":"fr-FR"},{"@type":"Organization","@id":"https:\/\/vosgesinfo.fr\/gerardmerinfo\/#organization","name":"Gerardmer Info","url":"https:\/\/vosgesinfo.fr\/gerardmerinfo\/","logo":{"@type":"ImageObject","inLanguage":"fr-FR","@id":"https:\/\/vosgesinfo.fr\/gerardmerinfo\/#\/schema\/logo\/image\/","url":"https:\/\/vosgesinfo.fr\/app\/uploads\/sites\/6\/2023\/08\/favicon-gerardmerinfo.png","contentUrl":"https:\/\/vosgesinfo.fr\/app\/uploads\/sites\/6\/2023\/08\/favicon-gerardmerinfo.png","width":512,"height":512,"caption":"Gerardmer Info"},"image":{"@id":"https:\/\/vosgesinfo.fr\/gerardmerinfo\/#\/schema\/logo\/image\/"},"sameAs":["https:\/\/www.facebook.com\/profile.php?id=100049475262660","https:\/\/x.com\/VosgesInfo88","https:\/\/www.youtube.com\/@vosgesinfo"]},{"@type":"Person","@id":"https:\/\/vosgesinfo.fr\/gerardmerinfo\/#\/schema\/person\/bc5d02d71e6932e81b6dadb7386667b1","name":"qs_admin","image":{"@type":"ImageObject","inLanguage":"fr-FR","@id":"https:\/\/vosgesinfo.fr\/gerardmerinfo\/#\/schema\/person\/image\/","url":"https:\/\/secure.gravatar.com\/avatar\/94b18ee0ed79e4a42ea2f2931277b6841a8999fc6fde214600c78057cf1fe1de?s=96&d=mm&r=g","contentUrl":"https:\/\/secure.gravatar.com\/avatar\/94b18ee0ed79e4a42ea2f2931277b6841a8999fc6fde214600c78057cf1fe1de?s=96&d=mm&r=g","caption":"qs_admin"},"sameAs":["https:\/\/vosgesinfo.fr\/wp"],"url":"https:\/\/vosgesinfo.fr\/gerardmerinfo\/author\/qs_admin\/"}]}},"_links":{"self":[{"href":"https:\/\/vosgesinfo.fr\/gerardmerinfo\/wp-json\/wp\/v2\/posts\/43991","targetHints":{"allow":["GET"]}}],"collection":[{"href":"https:\/\/vosgesinfo.fr\/gerardmerinfo\/wp-json\/wp\/v2\/posts"}],"about":[{"href":"https:\/\/vosgesinfo.fr\/gerardmerinfo\/wp-json\/wp\/v2\/types\/post"}],"author":[{"embeddable":true,"href":"https:\/\/vosgesinfo.fr\/gerardmerinfo\/wp-json\/wp\/v2\/users\/1"}],"replies":[{"embeddable":true,"href":"https:\/\/vosgesinfo.fr\/gerardmerinfo\/wp-json\/wp\/v2\/comments?post=43991"}],"version-history":[{"count":0,"href":"https:\/\/vosgesinfo.fr\/gerardmerinfo\/wp-json\/wp\/v2\/posts\/43991\/revisions"}],"wp:featuredmedia":[{"embeddable":true,"href":"https:\/\/vosgesinfo.fr\/gerardmerinfo\/wp-json\/wp\/v2\/media\/43992"}],"wp:attachment":[{"href":"https:\/\/vosgesinfo.fr\/gerardmerinfo\/wp-json\/wp\/v2\/media?parent=43991"}],"wp:term":[{"taxonomy":"category","embeddable":true,"href":"https:\/\/vosgesinfo.fr\/gerardmerinfo\/wp-json\/wp\/v2\/categories?post=43991"},{"taxonomy":"post_tag","embeddable":true,"href":"https:\/\/vosgesinfo.fr\/gerardmerinfo\/wp-json\/wp\/v2\/tags?post=43991"}],"curies":[{"name":"wp","href":"https:\/\/api.w.org\/{rel}","templated":true}]}}