{"id":44003,"date":"2019-09-19T06:41:46","date_gmt":"2019-09-19T04:41:46","guid":{"rendered":"https:\/\/vosgesinfo.fr\/gerardmerinfo\/2019\/09\/deux-conferences-decouvrir-richesse-monde-de-bande-dessinee\/"},"modified":"2019-09-19T06:41:46","modified_gmt":"2019-09-19T04:41:46","slug":"deux-conferences-decouvrir-richesse-monde-de-bande-dessinee","status":"publish","type":"post","link":"https:\/\/vosgesinfo.fr\/gerardmerinfo\/2019\/09\/deux-conferences-decouvrir-richesse-monde-de-bande-dessinee\/","title":{"rendered":"Deux conf\u00e9rences pour d\u00e9couvrir la richesse du monde de la bande dessin\u00e9e"},"content":{"rendered":"<div>\n<h3>Dans le cadre de son prix BD 2019, la m\u00e9diath\u00e8que organise deux conf\u00e9rences pour d\u00e9couvrir la richesse du monde de la bande dessin\u00e9e :<\/h3>\n<div><\/div>\n<div><span style=\"font-size: 12pt;\"><a href=\"\/2019\/09\/BD-nicolas-Grivel.jpg\"><img decoding=\"async\" class=\"alignright size-medium wp-image-152649\" src=\"\/2019\/09\/BD-nicolas-Grivel-180x255.jpg\" alt=\"BD nicolas Grivel\" width=\"180\" height=\"255\" \/><\/a>&#8211; <span class=\"x_JtukPc_oo_editor_Editor_0_sandBox_oo_editor_Editor_1_sandBox_oo_editor_Editor_0_sandBox\"> <span id=\"x_rAECCd_oo_editor_Editor_0_sandBox_oo_editor_Editor_1_sandBox_oo_editor_Editor_0_sandBox\">Histoires et styles de la bande dessin\u00e9e, <b>Vendredi 20 septembre \u00e0 18h<\/b><\/span><\/span><\/span><\/div>\n<div><span style=\"font-size: 12pt;\">&#8211;<span class=\"x_JtukPc_oo_editor_Editor_0_sandBox_oo_editor_Editor_1_sandBox_oo_editor_Editor_0_sandBox\"><span id=\"x_rAECCd_oo_editor_Editor_0_sandBox_oo_editor_Editor_1_sandBox_oo_editor_Editor_0_sandBox\"> Derri\u00e8re les bulles : les dessous de bande dessin\u00e9e, <b>Vendredi 27 Septembre \u00e0 18h<\/b><\/span><\/span><\/span><\/div>\n<p><span style=\"font-size: 12pt;\"> <span class=\"x_JtukPc\">Un tour du monde de la BD en deux interventions et 50 titres au travers de l&rsquo;\u0153il de Nicolas Grivel, agent litt\u00e9raire. Cette conf\u00e9rence a pour but de cr\u00e9er des ponts entre les diff\u00e9rents styles de la bande dessin\u00e9e : BD franco-belge, manga et comics et de combler les fans et n\u00e9ophytes !<br \/>\n<\/span><\/span><\/p>\n<\/div>\n<div><span style=\"font-size: 12pt;\"><span class=\"x_JtukPc\"><br \/>\n<\/span><\/span><\/div>\n<div><span style=\"font-size: 12pt;\"><span class=\"x_JtukPc\">N\u00e9 \u00e0 \u00c9pinal en 1979, Nicolas Grivel a travaill\u00e9 sept ans comme \u00e9diteur pour Pika \u00c9ditions (Hachette). <\/span><\/span><\/div>\n<div>\n<p><span style=\"font-size: 12pt;\"><span class=\"x_JtukPc\"><a href=\"\/2019\/09\/Nicolas-Grivel.jpg\"><img decoding=\"async\" class=\"alignright size-medium wp-image-152650\" src=\"\/2019\/09\/Nicolas-Grivel-170x255.jpg\" alt=\"Nicolas Grivel\" width=\"170\" height=\"255\" \/><\/a>Suite \u00e0 cette exp\u00e9rience, il cr\u00e9\u00e9e une agence litt\u00e9raire en 2011 bas\u00e9e au Tholy. Le but de l&rsquo;agence est de montrer que la bande dessin\u00e9e est une incroyable fen\u00eatre sur le monde qui nous entoure.<\/span><\/span><\/p>\n<p>&nbsp;<\/p>\n<div><span style=\"font-size: 12pt;\">Conf\u00e9rences :<\/span><\/div>\n<p><span style=\"font-size: 12pt;\"><span class=\"x_JtukPc\">Vendredi\u00a020\u00a0septembre\u00a0\u00e0\u00a018h et Vendredi\u00a027\u00a0Septembre\u00a0\u00e0\u00a018h<\/span><\/span><\/p>\n<\/div>\n<div><span style=\"font-size: 12pt;\"><span class=\"x_JtukPc\">\u00e0\u00a0la\u00a0M\u00e9diath\u00e8que\u00a0du\u00a0Tilleul<\/span><\/span><\/div>\n<div><span style=\"font-size: 12pt;\"><span class=\"x_JtukPc\">16\u00a0rue\u00a0Charles\u00a0de\u00a0Gaulle\u00a0\u00e0\u00a0G\u00e9rardmer<\/span><\/span><\/div>\n<div><span style=\"font-size: 12pt;\"><span class=\"x_JtukPc\">renseignements : 03\u00a029\u00a063\u00a000\u00a070<\/span><\/span><\/div>\n","protected":false},"excerpt":{"rendered":"<p>Dans le cadre de son prix BD 2019, la m\u00e9diath\u00e8que organise deux conf\u00e9rences pour d\u00e9couvrir la richesse du monde de [&hellip;]<\/p>\n","protected":false},"author":1,"featured_media":44004,"comment_status":"open","ping_status":"open","sticky":false,"template":"","format":"standard","meta":{"footnotes":""},"categories":[20,4],"tags":[153,4226],"class_list":["post-44003","post","type-post","status-publish","format-standard","has-post-thumbnail","hentry","category-a-la-une","category-culture","tag-mediatheque-du-tilleul","tag-nicolas-grivel"],"acf":[],"yoast_head":"<!-- This site is optimized with the Yoast SEO plugin v22.5 - https:\/\/yoast.com\/wordpress\/plugins\/seo\/ -->\n<title>Deux conf\u00e9rences pour d\u00e9couvrir la richesse du monde de la bande dessin\u00e9e - Gerardmer Info<\/title>\n<meta name=\"robots\" content=\"index, follow, max-snippet:-1, max-image-preview:large, max-video-preview:-1\" \/>\n<link rel=\"canonical\" href=\"https:\/\/vosgesinfo.fr\/gerardmerinfo\/2019\/09\/deux-conferences-decouvrir-richesse-monde-de-bande-dessinee\/\" \/>\n<meta name=\"twitter:card\" content=\"summary_large_image\" \/>\n<meta name=\"twitter:title\" content=\"Deux conf\u00e9rences pour d\u00e9couvrir la richesse du monde de la bande dessin\u00e9e - Gerardmer Info\" \/>\n<meta name=\"twitter:description\" content=\"Dans le cadre de son prix BD 2019, la m\u00e9diath\u00e8que organise deux conf\u00e9rences pour d\u00e9couvrir la richesse du monde de [&hellip;]\" \/>\n<meta name=\"twitter:image\" content=\"https:\/\/vosgesinfo.fr\/app\/uploads\/sites\/6\/2024\/07\/201909bd-nicolas-grivel.jpg\" \/>\n<meta name=\"twitter:creator\" content=\"@VosgesInfo88\" \/>\n<meta name=\"twitter:site\" content=\"@VosgesInfo88\" \/>\n<meta name=\"twitter:label1\" content=\"\u00c9crit par\" \/>\n\t<meta name=\"twitter:data1\" content=\"qs_admin\" \/>\n\t<meta name=\"twitter:label2\" content=\"Dur\u00e9e de lecture estim\u00e9e\" \/>\n\t<meta name=\"twitter:data2\" content=\"1 minute\" \/>\n<script type=\"application\/ld+json\" class=\"yoast-schema-graph\">{\"@context\":\"https:\/\/schema.org\",\"@graph\":[{\"@type\":\"Article\",\"@id\":\"https:\/\/vosgesinfo.fr\/gerardmerinfo\/2019\/09\/deux-conferences-decouvrir-richesse-monde-de-bande-dessinee\/#article\",\"isPartOf\":{\"@id\":\"https:\/\/vosgesinfo.fr\/gerardmerinfo\/2019\/09\/deux-conferences-decouvrir-richesse-monde-de-bande-dessinee\/\"},\"author\":{\"name\":\"qs_admin\",\"@id\":\"https:\/\/vosgesinfo.fr\/gerardmerinfo\/#\/schema\/person\/bc5d02d71e6932e81b6dadb7386667b1\"},\"headline\":\"Deux conf\u00e9rences pour d\u00e9couvrir la richesse du monde de la bande dessin\u00e9e\",\"datePublished\":\"2019-09-19T04:41:46+00:00\",\"dateModified\":\"2019-09-19T04:41:46+00:00\",\"mainEntityOfPage\":{\"@id\":\"https:\/\/vosgesinfo.fr\/gerardmerinfo\/2019\/09\/deux-conferences-decouvrir-richesse-monde-de-bande-dessinee\/\"},\"wordCount\":203,\"commentCount\":0,\"publisher\":{\"@id\":\"https:\/\/vosgesinfo.fr\/gerardmerinfo\/#organization\"},\"image\":{\"@id\":\"https:\/\/vosgesinfo.fr\/gerardmerinfo\/2019\/09\/deux-conferences-decouvrir-richesse-monde-de-bande-dessinee\/#primaryimage\"},\"thumbnailUrl\":\"https:\/\/vosgesinfo.fr\/app\/uploads\/sites\/6\/2024\/07\/201909bd-nicolas-grivel.jpg\",\"keywords\":[\"m\u00e9diath\u00e8que du tilleul\",\"Nicolas Grivel\"],\"articleSection\":[\"A la une\",\"Culture\"],\"inLanguage\":\"fr-FR\",\"potentialAction\":[{\"@type\":\"CommentAction\",\"name\":\"Comment\",\"target\":[\"https:\/\/vosgesinfo.fr\/gerardmerinfo\/2019\/09\/deux-conferences-decouvrir-richesse-monde-de-bande-dessinee\/#respond\"]}]},{\"@type\":\"WebPage\",\"@id\":\"https:\/\/vosgesinfo.fr\/gerardmerinfo\/2019\/09\/deux-conferences-decouvrir-richesse-monde-de-bande-dessinee\/\",\"url\":\"https:\/\/vosgesinfo.fr\/gerardmerinfo\/2019\/09\/deux-conferences-decouvrir-richesse-monde-de-bande-dessinee\/\",\"name\":\"Deux conf\u00e9rences pour d\u00e9couvrir la richesse du monde de la bande dessin\u00e9e - Gerardmer Info\",\"isPartOf\":{\"@id\":\"https:\/\/vosgesinfo.fr\/gerardmerinfo\/#website\"},\"primaryImageOfPage\":{\"@id\":\"https:\/\/vosgesinfo.fr\/gerardmerinfo\/2019\/09\/deux-conferences-decouvrir-richesse-monde-de-bande-dessinee\/#primaryimage\"},\"image\":{\"@id\":\"https:\/\/vosgesinfo.fr\/gerardmerinfo\/2019\/09\/deux-conferences-decouvrir-richesse-monde-de-bande-dessinee\/#primaryimage\"},\"thumbnailUrl\":\"https:\/\/vosgesinfo.fr\/app\/uploads\/sites\/6\/2024\/07\/201909bd-nicolas-grivel.jpg\",\"datePublished\":\"2019-09-19T04:41:46+00:00\",\"dateModified\":\"2019-09-19T04:41:46+00:00\",\"breadcrumb\":{\"@id\":\"https:\/\/vosgesinfo.fr\/gerardmerinfo\/2019\/09\/deux-conferences-decouvrir-richesse-monde-de-bande-dessinee\/#breadcrumb\"},\"inLanguage\":\"fr-FR\",\"potentialAction\":[{\"@type\":\"ReadAction\",\"target\":[\"https:\/\/vosgesinfo.fr\/gerardmerinfo\/2019\/09\/deux-conferences-decouvrir-richesse-monde-de-bande-dessinee\/\"]}]},{\"@type\":\"ImageObject\",\"inLanguage\":\"fr-FR\",\"@id\":\"https:\/\/vosgesinfo.fr\/gerardmerinfo\/2019\/09\/deux-conferences-decouvrir-richesse-monde-de-bande-dessinee\/#primaryimage\",\"url\":\"https:\/\/vosgesinfo.fr\/app\/uploads\/sites\/6\/2024\/07\/201909bd-nicolas-grivel.jpg\",\"contentUrl\":\"https:\/\/vosgesinfo.fr\/app\/uploads\/sites\/6\/2024\/07\/201909bd-nicolas-grivel.jpg\",\"width\":564,\"height\":800},{\"@type\":\"BreadcrumbList\",\"@id\":\"https:\/\/vosgesinfo.fr\/gerardmerinfo\/2019\/09\/deux-conferences-decouvrir-richesse-monde-de-bande-dessinee\/#breadcrumb\",\"itemListElement\":[{\"@type\":\"ListItem\",\"position\":1,\"name\":\"Home\",\"item\":\"https:\/\/vosgesinfo.fr\/gerardmerinfo\/\"},{\"@type\":\"ListItem\",\"position\":2,\"name\":\"Deux conf\u00e9rences pour d\u00e9couvrir la richesse du monde de la bande dessin\u00e9e\"}]},{\"@type\":\"WebSite\",\"@id\":\"https:\/\/vosgesinfo.fr\/gerardmerinfo\/#website\",\"url\":\"https:\/\/vosgesinfo.fr\/gerardmerinfo\/\",\"name\":\"Gerardmer Info\",\"description\":\"Toute l&#039;actualit\u00e9 de G\u00e9rardmer\",\"publisher\":{\"@id\":\"https:\/\/vosgesinfo.fr\/gerardmerinfo\/#organization\"},\"alternateName\":\"Toute l'actualit\u00e9 de G\u00e9rardmer\",\"potentialAction\":[{\"@type\":\"SearchAction\",\"target\":{\"@type\":\"EntryPoint\",\"urlTemplate\":\"https:\/\/vosgesinfo.fr\/gerardmerinfo\/?s={search_term_string}\"},\"query-input\":\"required name=search_term_string\"}],\"inLanguage\":\"fr-FR\"},{\"@type\":\"Organization\",\"@id\":\"https:\/\/vosgesinfo.fr\/gerardmerinfo\/#organization\",\"name\":\"Gerardmer Info\",\"url\":\"https:\/\/vosgesinfo.fr\/gerardmerinfo\/\",\"logo\":{\"@type\":\"ImageObject\",\"inLanguage\":\"fr-FR\",\"@id\":\"https:\/\/vosgesinfo.fr\/gerardmerinfo\/#\/schema\/logo\/image\/\",\"url\":\"https:\/\/vosgesinfo.fr\/app\/uploads\/sites\/6\/2023\/08\/favicon-gerardmerinfo.png\",\"contentUrl\":\"https:\/\/vosgesinfo.fr\/app\/uploads\/sites\/6\/2023\/08\/favicon-gerardmerinfo.png\",\"width\":512,\"height\":512,\"caption\":\"Gerardmer Info\"},\"image\":{\"@id\":\"https:\/\/vosgesinfo.fr\/gerardmerinfo\/#\/schema\/logo\/image\/\"},\"sameAs\":[\"https:\/\/www.facebook.com\/profile.php?id=100049475262660\",\"https:\/\/x.com\/VosgesInfo88\",\"https:\/\/www.youtube.com\/@vosgesinfo\"]},{\"@type\":\"Person\",\"@id\":\"https:\/\/vosgesinfo.fr\/gerardmerinfo\/#\/schema\/person\/bc5d02d71e6932e81b6dadb7386667b1\",\"name\":\"qs_admin\",\"image\":{\"@type\":\"ImageObject\",\"inLanguage\":\"fr-FR\",\"@id\":\"https:\/\/vosgesinfo.fr\/gerardmerinfo\/#\/schema\/person\/image\/\",\"url\":\"https:\/\/secure.gravatar.com\/avatar\/94b18ee0ed79e4a42ea2f2931277b6841a8999fc6fde214600c78057cf1fe1de?s=96&d=mm&r=g\",\"contentUrl\":\"https:\/\/secure.gravatar.com\/avatar\/94b18ee0ed79e4a42ea2f2931277b6841a8999fc6fde214600c78057cf1fe1de?s=96&d=mm&r=g\",\"caption\":\"qs_admin\"},\"sameAs\":[\"https:\/\/vosgesinfo.fr\/wp\"],\"url\":\"https:\/\/vosgesinfo.fr\/gerardmerinfo\/author\/qs_admin\/\"}]}<\/script>\n<!-- \/ Yoast SEO plugin. -->","yoast_head_json":{"title":"Deux conf\u00e9rences pour d\u00e9couvrir la richesse du monde de la bande dessin\u00e9e - Gerardmer Info","robots":{"index":"index","follow":"follow","max-snippet":"max-snippet:-1","max-image-preview":"max-image-preview:large","max-video-preview":"max-video-preview:-1"},"canonical":"https:\/\/vosgesinfo.fr\/gerardmerinfo\/2019\/09\/deux-conferences-decouvrir-richesse-monde-de-bande-dessinee\/","twitter_card":"summary_large_image","twitter_title":"Deux conf\u00e9rences pour d\u00e9couvrir la richesse du monde de la bande dessin\u00e9e - Gerardmer Info","twitter_description":"Dans le cadre de son prix BD 2019, la m\u00e9diath\u00e8que organise deux conf\u00e9rences pour d\u00e9couvrir la richesse du monde de [&hellip;]","twitter_image":"https:\/\/vosgesinfo.fr\/app\/uploads\/sites\/6\/2024\/07\/201909bd-nicolas-grivel.jpg","twitter_creator":"@VosgesInfo88","twitter_site":"@VosgesInfo88","twitter_misc":{"\u00c9crit par":"qs_admin","Dur\u00e9e de lecture estim\u00e9e":"1 minute"},"schema":{"@context":"https:\/\/schema.org","@graph":[{"@type":"Article","@id":"https:\/\/vosgesinfo.fr\/gerardmerinfo\/2019\/09\/deux-conferences-decouvrir-richesse-monde-de-bande-dessinee\/#article","isPartOf":{"@id":"https:\/\/vosgesinfo.fr\/gerardmerinfo\/2019\/09\/deux-conferences-decouvrir-richesse-monde-de-bande-dessinee\/"},"author":{"name":"qs_admin","@id":"https:\/\/vosgesinfo.fr\/gerardmerinfo\/#\/schema\/person\/bc5d02d71e6932e81b6dadb7386667b1"},"headline":"Deux conf\u00e9rences pour d\u00e9couvrir la richesse du monde de la bande dessin\u00e9e","datePublished":"2019-09-19T04:41:46+00:00","dateModified":"2019-09-19T04:41:46+00:00","mainEntityOfPage":{"@id":"https:\/\/vosgesinfo.fr\/gerardmerinfo\/2019\/09\/deux-conferences-decouvrir-richesse-monde-de-bande-dessinee\/"},"wordCount":203,"commentCount":0,"publisher":{"@id":"https:\/\/vosgesinfo.fr\/gerardmerinfo\/#organization"},"image":{"@id":"https:\/\/vosgesinfo.fr\/gerardmerinfo\/2019\/09\/deux-conferences-decouvrir-richesse-monde-de-bande-dessinee\/#primaryimage"},"thumbnailUrl":"https:\/\/vosgesinfo.fr\/app\/uploads\/sites\/6\/2024\/07\/201909bd-nicolas-grivel.jpg","keywords":["m\u00e9diath\u00e8que du tilleul","Nicolas Grivel"],"articleSection":["A la une","Culture"],"inLanguage":"fr-FR","potentialAction":[{"@type":"CommentAction","name":"Comment","target":["https:\/\/vosgesinfo.fr\/gerardmerinfo\/2019\/09\/deux-conferences-decouvrir-richesse-monde-de-bande-dessinee\/#respond"]}]},{"@type":"WebPage","@id":"https:\/\/vosgesinfo.fr\/gerardmerinfo\/2019\/09\/deux-conferences-decouvrir-richesse-monde-de-bande-dessinee\/","url":"https:\/\/vosgesinfo.fr\/gerardmerinfo\/2019\/09\/deux-conferences-decouvrir-richesse-monde-de-bande-dessinee\/","name":"Deux conf\u00e9rences pour d\u00e9couvrir la richesse du monde de la bande dessin\u00e9e - Gerardmer Info","isPartOf":{"@id":"https:\/\/vosgesinfo.fr\/gerardmerinfo\/#website"},"primaryImageOfPage":{"@id":"https:\/\/vosgesinfo.fr\/gerardmerinfo\/2019\/09\/deux-conferences-decouvrir-richesse-monde-de-bande-dessinee\/#primaryimage"},"image":{"@id":"https:\/\/vosgesinfo.fr\/gerardmerinfo\/2019\/09\/deux-conferences-decouvrir-richesse-monde-de-bande-dessinee\/#primaryimage"},"thumbnailUrl":"https:\/\/vosgesinfo.fr\/app\/uploads\/sites\/6\/2024\/07\/201909bd-nicolas-grivel.jpg","datePublished":"2019-09-19T04:41:46+00:00","dateModified":"2019-09-19T04:41:46+00:00","breadcrumb":{"@id":"https:\/\/vosgesinfo.fr\/gerardmerinfo\/2019\/09\/deux-conferences-decouvrir-richesse-monde-de-bande-dessinee\/#breadcrumb"},"inLanguage":"fr-FR","potentialAction":[{"@type":"ReadAction","target":["https:\/\/vosgesinfo.fr\/gerardmerinfo\/2019\/09\/deux-conferences-decouvrir-richesse-monde-de-bande-dessinee\/"]}]},{"@type":"ImageObject","inLanguage":"fr-FR","@id":"https:\/\/vosgesinfo.fr\/gerardmerinfo\/2019\/09\/deux-conferences-decouvrir-richesse-monde-de-bande-dessinee\/#primaryimage","url":"https:\/\/vosgesinfo.fr\/app\/uploads\/sites\/6\/2024\/07\/201909bd-nicolas-grivel.jpg","contentUrl":"https:\/\/vosgesinfo.fr\/app\/uploads\/sites\/6\/2024\/07\/201909bd-nicolas-grivel.jpg","width":564,"height":800},{"@type":"BreadcrumbList","@id":"https:\/\/vosgesinfo.fr\/gerardmerinfo\/2019\/09\/deux-conferences-decouvrir-richesse-monde-de-bande-dessinee\/#breadcrumb","itemListElement":[{"@type":"ListItem","position":1,"name":"Home","item":"https:\/\/vosgesinfo.fr\/gerardmerinfo\/"},{"@type":"ListItem","position":2,"name":"Deux conf\u00e9rences pour d\u00e9couvrir la richesse du monde de la bande dessin\u00e9e"}]},{"@type":"WebSite","@id":"https:\/\/vosgesinfo.fr\/gerardmerinfo\/#website","url":"https:\/\/vosgesinfo.fr\/gerardmerinfo\/","name":"Gerardmer Info","description":"Toute l&#039;actualit\u00e9 de G\u00e9rardmer","publisher":{"@id":"https:\/\/vosgesinfo.fr\/gerardmerinfo\/#organization"},"alternateName":"Toute l'actualit\u00e9 de G\u00e9rardmer","potentialAction":[{"@type":"SearchAction","target":{"@type":"EntryPoint","urlTemplate":"https:\/\/vosgesinfo.fr\/gerardmerinfo\/?s={search_term_string}"},"query-input":"required name=search_term_string"}],"inLanguage":"fr-FR"},{"@type":"Organization","@id":"https:\/\/vosgesinfo.fr\/gerardmerinfo\/#organization","name":"Gerardmer Info","url":"https:\/\/vosgesinfo.fr\/gerardmerinfo\/","logo":{"@type":"ImageObject","inLanguage":"fr-FR","@id":"https:\/\/vosgesinfo.fr\/gerardmerinfo\/#\/schema\/logo\/image\/","url":"https:\/\/vosgesinfo.fr\/app\/uploads\/sites\/6\/2023\/08\/favicon-gerardmerinfo.png","contentUrl":"https:\/\/vosgesinfo.fr\/app\/uploads\/sites\/6\/2023\/08\/favicon-gerardmerinfo.png","width":512,"height":512,"caption":"Gerardmer Info"},"image":{"@id":"https:\/\/vosgesinfo.fr\/gerardmerinfo\/#\/schema\/logo\/image\/"},"sameAs":["https:\/\/www.facebook.com\/profile.php?id=100049475262660","https:\/\/x.com\/VosgesInfo88","https:\/\/www.youtube.com\/@vosgesinfo"]},{"@type":"Person","@id":"https:\/\/vosgesinfo.fr\/gerardmerinfo\/#\/schema\/person\/bc5d02d71e6932e81b6dadb7386667b1","name":"qs_admin","image":{"@type":"ImageObject","inLanguage":"fr-FR","@id":"https:\/\/vosgesinfo.fr\/gerardmerinfo\/#\/schema\/person\/image\/","url":"https:\/\/secure.gravatar.com\/avatar\/94b18ee0ed79e4a42ea2f2931277b6841a8999fc6fde214600c78057cf1fe1de?s=96&d=mm&r=g","contentUrl":"https:\/\/secure.gravatar.com\/avatar\/94b18ee0ed79e4a42ea2f2931277b6841a8999fc6fde214600c78057cf1fe1de?s=96&d=mm&r=g","caption":"qs_admin"},"sameAs":["https:\/\/vosgesinfo.fr\/wp"],"url":"https:\/\/vosgesinfo.fr\/gerardmerinfo\/author\/qs_admin\/"}]}},"_links":{"self":[{"href":"https:\/\/vosgesinfo.fr\/gerardmerinfo\/wp-json\/wp\/v2\/posts\/44003","targetHints":{"allow":["GET"]}}],"collection":[{"href":"https:\/\/vosgesinfo.fr\/gerardmerinfo\/wp-json\/wp\/v2\/posts"}],"about":[{"href":"https:\/\/vosgesinfo.fr\/gerardmerinfo\/wp-json\/wp\/v2\/types\/post"}],"author":[{"embeddable":true,"href":"https:\/\/vosgesinfo.fr\/gerardmerinfo\/wp-json\/wp\/v2\/users\/1"}],"replies":[{"embeddable":true,"href":"https:\/\/vosgesinfo.fr\/gerardmerinfo\/wp-json\/wp\/v2\/comments?post=44003"}],"version-history":[{"count":0,"href":"https:\/\/vosgesinfo.fr\/gerardmerinfo\/wp-json\/wp\/v2\/posts\/44003\/revisions"}],"wp:featuredmedia":[{"embeddable":true,"href":"https:\/\/vosgesinfo.fr\/gerardmerinfo\/wp-json\/wp\/v2\/media\/44004"}],"wp:attachment":[{"href":"https:\/\/vosgesinfo.fr\/gerardmerinfo\/wp-json\/wp\/v2\/media?parent=44003"}],"wp:term":[{"taxonomy":"category","embeddable":true,"href":"https:\/\/vosgesinfo.fr\/gerardmerinfo\/wp-json\/wp\/v2\/categories?post=44003"},{"taxonomy":"post_tag","embeddable":true,"href":"https:\/\/vosgesinfo.fr\/gerardmerinfo\/wp-json\/wp\/v2\/tags?post=44003"}],"curies":[{"name":"wp","href":"https:\/\/api.w.org\/{rel}","templated":true}]}}