{"id":44051,"date":"2019-09-22T07:23:56","date_gmt":"2019-09-22T05:23:56","guid":{"rendered":"https:\/\/vosgesinfo.fr\/gerardmerinfo\/2019\/09\/retour-triathlon-de-gerardmer\/"},"modified":"2019-09-22T07:23:56","modified_gmt":"2019-09-22T05:23:56","slug":"retour-triathlon-de-gerardmer","status":"publish","type":"post","link":"https:\/\/vosgesinfo.fr\/gerardmerinfo\/2019\/09\/retour-triathlon-de-gerardmer\/","title":{"rendered":"Retour sur le triathlon de Gerardmer"},"content":{"rendered":"<p><a href=\"https:\/\/gerardmerinfo.fr\/2019\/09\/retour-triathlon-de-gerardmer\/20190908_1\/\" rel=\"attachment wp-att-152772\"><img decoding=\"async\" class=\"aligncenter size-full wp-image-152772\" src=\"\/2019\/09\/20190908_1.jpg\" alt=\"20190908_1\" width=\"800\" height=\"450\" \/><\/a>R\u00e9sultats complet des participants du club G\u00e9rardmer Triathlon.<\/p>\n<p><strong>TRIATHLON XL de GERARDMER\u00a0 7 juin 2019\u00a0\u00a0 1900m+93Km+21Km<br \/>\n<\/strong><\/p>\n<p>24\u00e9\u00a0 Johann MATHIS \u00a0\u00a0\u00a0\u00a0\u00a0\u00a0\u00a0\u00a0\u00a04h56m06\u00a0\u00a0\u00a0\u00a0\u00a0<strong> 2\u00e9 V1h<\/strong>\u00a0 (crevaison 1er tour V\u00e9lo)<\/p>\n<p>206\u00e9 St\u00e9phane MERCIER\u00a0\u00a0 5h45m6\u00a0\u00a0 \u00a0\u00a0\u00a0\u00a0 9\u00e9 V.3h<\/p>\n<p>221e Julie MARTINEZ\u00a0 \u00a0\u00a0\u00a0 \u00a0\u00a0 5h48m21\u00a0 \u00a0\u00a0<strong>\u00a01ere S4f<\/strong><\/p>\n<p>611e St\u00e9phane NICOT\u00a0\u00a0\u00a0\u00a0\u00a0 \u00a0\u00a0\u00a0 6h24m47<\/p>\n<p>661\u00e9 Cyrille ABEL\u00a0\u00a0\u00a0\u00a0\u00a0\u00a0\u00a0\u00a0\u00a0\u00a0\u00a0 \u00a0\u00a0\u00a0\u00a0 6h28m33<\/p>\n<p>695\u00e9 Beno\u00eet FERRY\u00a0\u00a0\u00a0\u00a0\u00a0\u00a0\u00a0\u00a0\u00a0\u00a0\u00a0\u00a0\u00a0 6h32m23<\/p>\n<p>1109e St\u00e9phane GRIVEL\u00a0\u00a0\u00a0 7h18m55<\/p>\n<p>1282\u00e9 Yann REDOUTEZ\u00a0 \u00a0\u00a08h01m11\u00a0\u00a0 ( Handisport )<\/p>\n<p><strong>TRIATHLON DO de GERARDMER\u00a0 8 juin 2019\u00a0\u00a0 \u00a0 1500m+40km+10km<br \/>\n<\/strong><\/p>\n<p>54\u00e9 Alexis BACHELARD\u00a0\u00a0 2h34m22\u00a0 \u00a0\u00a0<strong>\u00a0 1\u00e9 V.2h<\/strong><\/p>\n<p>127\u00e9 Alice RIBAU\u00a0\u00a0\u00a0\u00a0\u00a0\u00a0\u00a0\u00a0\u00a0\u00a0\u00a0 \u00a0\u00a0\u00a02h46m03\u00a0 \u00a0 \u00a0<strong> 1\u00e9 V.1f<\/strong><\/p>\n<p>128\u00e9 S\u00e9bastien BUGNON\u00a0\u00a0 2h47m17\u00a0\u00a0 \u00a0\u00a0\u00a06\u00e9 V.2h<\/p>\n<p>152\u00e9 Remi COLIN\u00a0\u00a0\u00a0\u00a0\u00a0\u00a0\u00a0\u00a0\u00a0\u00a0 \u00a0\u00a0\u00a0\u00a02h50m13\u00a0\u00a0 \u00a0\u00a0 <strong>3\u00e9 V.3h<\/strong><\/p>\n<p>16.3\u00e9 Nicolas DELFOSSE\u00a0\u00a0 2h51m05<\/p>\n<p>383\u00e9 Romain POIROT\u00a0\u00a0 \u00a0\u00a0\u00a0\u00a0\u00a0\u00a03h08m48<\/p>\n<p>384\u00e9 Christophe CUNIN\u00a0\u00a0 \u00a0\u00a0\u00a03h09m58<\/p>\n<p>543\u00e9 Valentin ROBERT\u00a0\u00a0 \u00a0\u00a0\u00a03h22m48<\/p>\n<p>616\u00e9 Christelle DELON\u00a0\u00a0\u00a0 \u00a0\u00a0\u00a03h28m58\u00a0\u00a0 \u00a0\u00a0 9\u00e9 V.2f<\/p>\n<p>&nbsp;<\/p>\n<p><strong>TRIATHLON Decouverte de GERARDMER\u00a0 8 juin 2019\u00a0\u00a0\u00a0 500m+20Km+5KM<br \/>\n<\/strong><\/p>\n<p>21\u00e9\u00a0\u00a0\u00a0 Jules CLAUDEL\u00a0\u00a0 \u00a0\u00a0\u00a0\u00a0\u00a0\u00a0\u00a0\u00a01h07m09\u00a0 \u00a0\u00a0\u00a011\u00e9 Cag<\/p>\n<p>784\u00e9 Fanny ROBILLARD\u00a0\u00a0\u00a0\u00a0 1h40m37<\/p>\n<p>&nbsp;<\/p>\n<p><strong>TRIATHLON Tri kids de GERARDMER\u00a0 8 juin 2019<br \/>\n<\/strong><\/p>\n<p>21\u00e9 Quentin\u00a0 BOMO\u00a0\u00a0 \u00a0\u00a0\u00a0\u00a0\u00a0\u00a0\u00a0\u00a0\u00a0\u00a0\u00a0\u00a0\u00a0\u00a0\u00a0\u00a0\u00a0\u00a015m20\u00a0 \u00a0\u00a0\u00a0\u00a020\u00e9 Mig<\/p>\n<p>59\u00e9 Marie MARTINEZ\u00a0\u00a0 \u00a0\u00a0\u00a0\u00a0\u00a0\u00a0\u00a0\u00a0\u00a0\u00a0\u00a0\u00a0\u00a0\u00a017m03\u00a0 \u00a0\u00a0\u00a0\u00a0\u00a09\u00e9 Mif<\/p>\n<p>60\u00e9 Charles GASPARD\u00a0\u00a0 \u00a0\u00a0\u00a0\u00a0\u00a0\u00a0\u00a0\u00a0\u00a0\u00a0\u00a0\u00a0\u00a017m05 \u00a0\u00a0 \u00a0 34\u00e9 Mig<\/p>\n<p>64\u00e9 Maella CORREIA\u00a0\u00a0 \u00a0\u00a0\u00a0\u00a0\u00a0\u00a0\u00a0\u00a0\u00a0\u00a0\u00a0\u00a0\u00a0\u00a0\u00a017m23\u00a0\u00a0\u00a0\u00a0\u00a0 11\u00e9 Mif<\/p>\n<p>79\u00e9 Maxime MEY\u00a0\u00a0 \u00a0\u00a0\u00a0\u00a0\u00a0\u00a0\u00a0\u00a0\u00a0\u00a0\u00a0\u00a0\u00a0\u00a0\u00a0\u00a0\u00a0\u00a0\u00a0\u00a0\u00a0\u00a018m05\u00a0 \u00a0 \u00a0 42\u00e9 Mig<\/p>\n<p>80\u00e9 Alexis LEUENBERGER\u00a0\u00a0 \u00a0\u00a0\u00a0\u00a0\u00a018m11\u00a0 \u00a0 \u00a0 17\u00e9 Beg<\/p>\n<p>82\u00e9 Margot GRIVEL\u00a0\u00a0\u00a0\u00a0\u00a0\u00a0\u00a0\u00a0\u00a0\u00a0\u00a0\u00a0\u00a0\u00a0 \u00a0\u00a0\u00a0\u00a0\u00a0\u00a018m27\u00a0 \u00a0\u00a0\u00a0 15\u00e9 Mif<\/p>\n<p>119\u00e9 Loic BODEZ\u00a0\u00a0\u00a0\u00a0\u00a0\u00a0\u00a0\u00a0\u00a0\u00a0\u00a0\u00a0\u00a0\u00a0\u00a0\u00a0\u00a0 \u00a0\u00a0\u00a0\u00a0\u00a0\u00a0\u00a020m19\u00a0 \u00a0 \u00a0\u00a0 28\u00e9 Beg<\/p>\n<p>146\u00e9 Olivia GRIVEL\u00a0\u00a0\u00a0\u00a0\u00a0\u00a0\u00a0\u00a0\u00a0\u00a0\u00a0\u00a0\u00a0\u00a0\u00a0\u00a0\u00a0\u00a0\u00a0\u00a0 21m41\u00a0\u00a0\u00a0\u00a0\u00a0 22\u00e9 Bef<\/p>\n<p>147\u00e9 Arthur GRIVEL\u00a0\u00a0\u00a0\u00a0\u00a0\u00a0\u00a0\u00a0\u00a0\u00a0\u00a0\u00a0\u00a0\u00a0\u00a0\u00a0\u00a0\u00a0 \u00a0\u00a021m41\u00a0\u00a0\u00a0\u00a0 38\u00e9 Beg<\/p>\n<p>155\u00e9 Justine MARTINEZ\u00a0\u00a0\u00a0\u00a0\u00a0\u00a0\u00a0\u00a0\u00a0\u00a0\u00a0\u00a0\u00a0 22m29\u00a0 \u00a0\u00a0\u00a0\u00a026\u00e9 Bef<\/p>\n<p>179\u00e9 Lucie KALTENBACH\u00a0\u00a0\u00a0\u00a0\u00a0\u00a0\u00a0\u00a0 \u00a0 26m15 \u00a0\u00a0\u00a0\u00a0 36\u00e9 Bef<\/p>\n<p>&nbsp;<\/p>\n<p><strong>TRIATHLON\u00a0\u00a0\u00a0 Mini Tri kids de GERARDMER\u00a0 8 juin 2019\u00a0\u00a0\u00a0\u00a0\u00a0\u00a0 100m+2.5Km+700m<br \/>\n<\/strong><\/p>\n<p>20\u00e9 Manon MARTINEZ\u00a0\u00a0 \u00a0\u00a0\u00a0\u00a0\u00a0\u00a0\u00a0\u00a0\u00a0\u00a0\u00a0\u00a0\u00a0\u00a010m16\u00a0 \u00a0\u00a0\u00a0\u00a0\u00a06\u00e9 Puf<\/p>\n<p>&nbsp;<\/p>\n<p>Bravo a tous les finishers avec une mention sp\u00e9ciale a Yann qui a termin\u00e9 son premier triathlon XL, gr\u00e2ce a une grosse pr\u00e9paration et une volont\u00e9 a toute \u00e9preuve.<\/p>\n","protected":false},"excerpt":{"rendered":"<p>R\u00e9sultats complet des participants du club G\u00e9rardmer Triathlon. TRIATHLON XL de GERARDMER\u00a0 7 juin 2019\u00a0\u00a0 1900m+93Km+21Km 24\u00e9\u00a0 Johann MATHIS \u00a0\u00a0\u00a0\u00a0\u00a0\u00a0\u00a0\u00a0\u00a04h56m06\u00a0\u00a0\u00a0\u00a0\u00a0 [&hellip;]<\/p>\n","protected":false},"author":243,"featured_media":44052,"comment_status":"open","ping_status":"open","sticky":false,"template":"","format":"standard","meta":{"footnotes":""},"categories":[14],"tags":[],"class_list":["post-44051","post","type-post","status-publish","format-standard","has-post-thumbnail","hentry","category-sport"],"acf":[],"yoast_head":"<!-- This site is optimized with the Yoast SEO plugin v22.5 - https:\/\/yoast.com\/wordpress\/plugins\/seo\/ -->\n<title>Retour sur le triathlon de Gerardmer - Gerardmer Info<\/title>\n<meta name=\"robots\" content=\"index, follow, max-snippet:-1, max-image-preview:large, max-video-preview:-1\" \/>\n<link rel=\"canonical\" href=\"https:\/\/vosgesinfo.fr\/gerardmerinfo\/2019\/09\/retour-triathlon-de-gerardmer\/\" \/>\n<meta name=\"twitter:card\" content=\"summary_large_image\" \/>\n<meta name=\"twitter:title\" content=\"Retour sur le triathlon de Gerardmer - Gerardmer Info\" \/>\n<meta name=\"twitter:description\" content=\"R\u00e9sultats complet des participants du club G\u00e9rardmer Triathlon. TRIATHLON XL de GERARDMER\u00a0 7 juin 2019\u00a0\u00a0 1900m+93Km+21Km 24\u00e9\u00a0 Johann MATHIS \u00a0\u00a0\u00a0\u00a0\u00a0\u00a0\u00a0\u00a0\u00a04h56m06\u00a0\u00a0\u00a0\u00a0\u00a0 [&hellip;]\" \/>\n<meta name=\"twitter:image\" content=\"https:\/\/vosgesinfo.fr\/app\/uploads\/sites\/6\/2024\/07\/20190920190908-1.jpg\" \/>\n<meta name=\"twitter:creator\" content=\"@VosgesInfo88\" \/>\n<meta name=\"twitter:site\" content=\"@VosgesInfo88\" \/>\n<meta name=\"twitter:label1\" content=\"\u00c9crit par\" \/>\n\t<meta name=\"twitter:data1\" content=\"Joel MICHEL\" \/>\n\t<meta name=\"twitter:label2\" content=\"Dur\u00e9e de lecture estim\u00e9e\" \/>\n\t<meta name=\"twitter:data2\" content=\"1 minute\" \/>\n<script type=\"application\/ld+json\" class=\"yoast-schema-graph\">{\"@context\":\"https:\/\/schema.org\",\"@graph\":[{\"@type\":\"Article\",\"@id\":\"https:\/\/vosgesinfo.fr\/gerardmerinfo\/2019\/09\/retour-triathlon-de-gerardmer\/#article\",\"isPartOf\":{\"@id\":\"https:\/\/vosgesinfo.fr\/gerardmerinfo\/2019\/09\/retour-triathlon-de-gerardmer\/\"},\"author\":{\"name\":\"Joel MICHEL\",\"@id\":\"https:\/\/vosgesinfo.fr\/gerardmerinfo\/#\/schema\/person\/7a2470c3647156ca37cf56bd3ca0b185\"},\"headline\":\"Retour sur le triathlon de Gerardmer\",\"datePublished\":\"2019-09-22T05:23:56+00:00\",\"dateModified\":\"2019-09-22T05:23:56+00:00\",\"mainEntityOfPage\":{\"@id\":\"https:\/\/vosgesinfo.fr\/gerardmerinfo\/2019\/09\/retour-triathlon-de-gerardmer\/\"},\"wordCount\":252,\"commentCount\":0,\"publisher\":{\"@id\":\"https:\/\/vosgesinfo.fr\/gerardmerinfo\/#organization\"},\"image\":{\"@id\":\"https:\/\/vosgesinfo.fr\/gerardmerinfo\/2019\/09\/retour-triathlon-de-gerardmer\/#primaryimage\"},\"thumbnailUrl\":\"https:\/\/vosgesinfo.fr\/app\/uploads\/sites\/6\/2024\/07\/20190920190908-1.jpg\",\"articleSection\":[\"Sport\"],\"inLanguage\":\"fr-FR\",\"potentialAction\":[{\"@type\":\"CommentAction\",\"name\":\"Comment\",\"target\":[\"https:\/\/vosgesinfo.fr\/gerardmerinfo\/2019\/09\/retour-triathlon-de-gerardmer\/#respond\"]}]},{\"@type\":\"WebPage\",\"@id\":\"https:\/\/vosgesinfo.fr\/gerardmerinfo\/2019\/09\/retour-triathlon-de-gerardmer\/\",\"url\":\"https:\/\/vosgesinfo.fr\/gerardmerinfo\/2019\/09\/retour-triathlon-de-gerardmer\/\",\"name\":\"Retour sur le triathlon de Gerardmer - Gerardmer Info\",\"isPartOf\":{\"@id\":\"https:\/\/vosgesinfo.fr\/gerardmerinfo\/#website\"},\"primaryImageOfPage\":{\"@id\":\"https:\/\/vosgesinfo.fr\/gerardmerinfo\/2019\/09\/retour-triathlon-de-gerardmer\/#primaryimage\"},\"image\":{\"@id\":\"https:\/\/vosgesinfo.fr\/gerardmerinfo\/2019\/09\/retour-triathlon-de-gerardmer\/#primaryimage\"},\"thumbnailUrl\":\"https:\/\/vosgesinfo.fr\/app\/uploads\/sites\/6\/2024\/07\/20190920190908-1.jpg\",\"datePublished\":\"2019-09-22T05:23:56+00:00\",\"dateModified\":\"2019-09-22T05:23:56+00:00\",\"breadcrumb\":{\"@id\":\"https:\/\/vosgesinfo.fr\/gerardmerinfo\/2019\/09\/retour-triathlon-de-gerardmer\/#breadcrumb\"},\"inLanguage\":\"fr-FR\",\"potentialAction\":[{\"@type\":\"ReadAction\",\"target\":[\"https:\/\/vosgesinfo.fr\/gerardmerinfo\/2019\/09\/retour-triathlon-de-gerardmer\/\"]}]},{\"@type\":\"ImageObject\",\"inLanguage\":\"fr-FR\",\"@id\":\"https:\/\/vosgesinfo.fr\/gerardmerinfo\/2019\/09\/retour-triathlon-de-gerardmer\/#primaryimage\",\"url\":\"https:\/\/vosgesinfo.fr\/app\/uploads\/sites\/6\/2024\/07\/20190920190908-1.jpg\",\"contentUrl\":\"https:\/\/vosgesinfo.fr\/app\/uploads\/sites\/6\/2024\/07\/20190920190908-1.jpg\",\"width\":800,\"height\":450},{\"@type\":\"BreadcrumbList\",\"@id\":\"https:\/\/vosgesinfo.fr\/gerardmerinfo\/2019\/09\/retour-triathlon-de-gerardmer\/#breadcrumb\",\"itemListElement\":[{\"@type\":\"ListItem\",\"position\":1,\"name\":\"Home\",\"item\":\"https:\/\/vosgesinfo.fr\/gerardmerinfo\/\"},{\"@type\":\"ListItem\",\"position\":2,\"name\":\"Retour sur le triathlon de Gerardmer\"}]},{\"@type\":\"WebSite\",\"@id\":\"https:\/\/vosgesinfo.fr\/gerardmerinfo\/#website\",\"url\":\"https:\/\/vosgesinfo.fr\/gerardmerinfo\/\",\"name\":\"Gerardmer Info\",\"description\":\"Toute l&#039;actualit\u00e9 de G\u00e9rardmer\",\"publisher\":{\"@id\":\"https:\/\/vosgesinfo.fr\/gerardmerinfo\/#organization\"},\"alternateName\":\"Toute l'actualit\u00e9 de G\u00e9rardmer\",\"potentialAction\":[{\"@type\":\"SearchAction\",\"target\":{\"@type\":\"EntryPoint\",\"urlTemplate\":\"https:\/\/vosgesinfo.fr\/gerardmerinfo\/?s={search_term_string}\"},\"query-input\":\"required name=search_term_string\"}],\"inLanguage\":\"fr-FR\"},{\"@type\":\"Organization\",\"@id\":\"https:\/\/vosgesinfo.fr\/gerardmerinfo\/#organization\",\"name\":\"Gerardmer Info\",\"url\":\"https:\/\/vosgesinfo.fr\/gerardmerinfo\/\",\"logo\":{\"@type\":\"ImageObject\",\"inLanguage\":\"fr-FR\",\"@id\":\"https:\/\/vosgesinfo.fr\/gerardmerinfo\/#\/schema\/logo\/image\/\",\"url\":\"https:\/\/vosgesinfo.fr\/app\/uploads\/sites\/6\/2023\/08\/favicon-gerardmerinfo.png\",\"contentUrl\":\"https:\/\/vosgesinfo.fr\/app\/uploads\/sites\/6\/2023\/08\/favicon-gerardmerinfo.png\",\"width\":512,\"height\":512,\"caption\":\"Gerardmer Info\"},\"image\":{\"@id\":\"https:\/\/vosgesinfo.fr\/gerardmerinfo\/#\/schema\/logo\/image\/\"},\"sameAs\":[\"https:\/\/www.facebook.com\/profile.php?id=100049475262660\",\"https:\/\/x.com\/VosgesInfo88\",\"https:\/\/www.youtube.com\/@vosgesinfo\"]},{\"@type\":\"Person\",\"@id\":\"https:\/\/vosgesinfo.fr\/gerardmerinfo\/#\/schema\/person\/7a2470c3647156ca37cf56bd3ca0b185\",\"name\":\"Joel MICHEL\",\"image\":{\"@type\":\"ImageObject\",\"inLanguage\":\"fr-FR\",\"@id\":\"https:\/\/vosgesinfo.fr\/gerardmerinfo\/#\/schema\/person\/image\/\",\"url\":\"https:\/\/secure.gravatar.com\/avatar\/eda2d8cebc4e13eb879d0243d00b683f72565399865631accc71386bbfa74449?s=96&d=mm&r=g\",\"contentUrl\":\"https:\/\/secure.gravatar.com\/avatar\/eda2d8cebc4e13eb879d0243d00b683f72565399865631accc71386bbfa74449?s=96&d=mm&r=g\",\"caption\":\"Joel MICHEL\"},\"url\":\"https:\/\/vosgesinfo.fr\/gerardmerinfo\/author\/joelmichel-tri\/\"}]}<\/script>\n<!-- \/ Yoast SEO plugin. -->","yoast_head_json":{"title":"Retour sur le triathlon de Gerardmer - Gerardmer Info","robots":{"index":"index","follow":"follow","max-snippet":"max-snippet:-1","max-image-preview":"max-image-preview:large","max-video-preview":"max-video-preview:-1"},"canonical":"https:\/\/vosgesinfo.fr\/gerardmerinfo\/2019\/09\/retour-triathlon-de-gerardmer\/","twitter_card":"summary_large_image","twitter_title":"Retour sur le triathlon de Gerardmer - Gerardmer Info","twitter_description":"R\u00e9sultats complet des participants du club G\u00e9rardmer Triathlon. TRIATHLON XL de GERARDMER\u00a0 7 juin 2019\u00a0\u00a0 1900m+93Km+21Km 24\u00e9\u00a0 Johann MATHIS \u00a0\u00a0\u00a0\u00a0\u00a0\u00a0\u00a0\u00a0\u00a04h56m06\u00a0\u00a0\u00a0\u00a0\u00a0 [&hellip;]","twitter_image":"https:\/\/vosgesinfo.fr\/app\/uploads\/sites\/6\/2024\/07\/20190920190908-1.jpg","twitter_creator":"@VosgesInfo88","twitter_site":"@VosgesInfo88","twitter_misc":{"\u00c9crit par":"Joel MICHEL","Dur\u00e9e de lecture estim\u00e9e":"1 minute"},"schema":{"@context":"https:\/\/schema.org","@graph":[{"@type":"Article","@id":"https:\/\/vosgesinfo.fr\/gerardmerinfo\/2019\/09\/retour-triathlon-de-gerardmer\/#article","isPartOf":{"@id":"https:\/\/vosgesinfo.fr\/gerardmerinfo\/2019\/09\/retour-triathlon-de-gerardmer\/"},"author":{"name":"Joel MICHEL","@id":"https:\/\/vosgesinfo.fr\/gerardmerinfo\/#\/schema\/person\/7a2470c3647156ca37cf56bd3ca0b185"},"headline":"Retour sur le triathlon de Gerardmer","datePublished":"2019-09-22T05:23:56+00:00","dateModified":"2019-09-22T05:23:56+00:00","mainEntityOfPage":{"@id":"https:\/\/vosgesinfo.fr\/gerardmerinfo\/2019\/09\/retour-triathlon-de-gerardmer\/"},"wordCount":252,"commentCount":0,"publisher":{"@id":"https:\/\/vosgesinfo.fr\/gerardmerinfo\/#organization"},"image":{"@id":"https:\/\/vosgesinfo.fr\/gerardmerinfo\/2019\/09\/retour-triathlon-de-gerardmer\/#primaryimage"},"thumbnailUrl":"https:\/\/vosgesinfo.fr\/app\/uploads\/sites\/6\/2024\/07\/20190920190908-1.jpg","articleSection":["Sport"],"inLanguage":"fr-FR","potentialAction":[{"@type":"CommentAction","name":"Comment","target":["https:\/\/vosgesinfo.fr\/gerardmerinfo\/2019\/09\/retour-triathlon-de-gerardmer\/#respond"]}]},{"@type":"WebPage","@id":"https:\/\/vosgesinfo.fr\/gerardmerinfo\/2019\/09\/retour-triathlon-de-gerardmer\/","url":"https:\/\/vosgesinfo.fr\/gerardmerinfo\/2019\/09\/retour-triathlon-de-gerardmer\/","name":"Retour sur le triathlon de Gerardmer - Gerardmer Info","isPartOf":{"@id":"https:\/\/vosgesinfo.fr\/gerardmerinfo\/#website"},"primaryImageOfPage":{"@id":"https:\/\/vosgesinfo.fr\/gerardmerinfo\/2019\/09\/retour-triathlon-de-gerardmer\/#primaryimage"},"image":{"@id":"https:\/\/vosgesinfo.fr\/gerardmerinfo\/2019\/09\/retour-triathlon-de-gerardmer\/#primaryimage"},"thumbnailUrl":"https:\/\/vosgesinfo.fr\/app\/uploads\/sites\/6\/2024\/07\/20190920190908-1.jpg","datePublished":"2019-09-22T05:23:56+00:00","dateModified":"2019-09-22T05:23:56+00:00","breadcrumb":{"@id":"https:\/\/vosgesinfo.fr\/gerardmerinfo\/2019\/09\/retour-triathlon-de-gerardmer\/#breadcrumb"},"inLanguage":"fr-FR","potentialAction":[{"@type":"ReadAction","target":["https:\/\/vosgesinfo.fr\/gerardmerinfo\/2019\/09\/retour-triathlon-de-gerardmer\/"]}]},{"@type":"ImageObject","inLanguage":"fr-FR","@id":"https:\/\/vosgesinfo.fr\/gerardmerinfo\/2019\/09\/retour-triathlon-de-gerardmer\/#primaryimage","url":"https:\/\/vosgesinfo.fr\/app\/uploads\/sites\/6\/2024\/07\/20190920190908-1.jpg","contentUrl":"https:\/\/vosgesinfo.fr\/app\/uploads\/sites\/6\/2024\/07\/20190920190908-1.jpg","width":800,"height":450},{"@type":"BreadcrumbList","@id":"https:\/\/vosgesinfo.fr\/gerardmerinfo\/2019\/09\/retour-triathlon-de-gerardmer\/#breadcrumb","itemListElement":[{"@type":"ListItem","position":1,"name":"Home","item":"https:\/\/vosgesinfo.fr\/gerardmerinfo\/"},{"@type":"ListItem","position":2,"name":"Retour sur le triathlon de Gerardmer"}]},{"@type":"WebSite","@id":"https:\/\/vosgesinfo.fr\/gerardmerinfo\/#website","url":"https:\/\/vosgesinfo.fr\/gerardmerinfo\/","name":"Gerardmer Info","description":"Toute l&#039;actualit\u00e9 de G\u00e9rardmer","publisher":{"@id":"https:\/\/vosgesinfo.fr\/gerardmerinfo\/#organization"},"alternateName":"Toute l'actualit\u00e9 de G\u00e9rardmer","potentialAction":[{"@type":"SearchAction","target":{"@type":"EntryPoint","urlTemplate":"https:\/\/vosgesinfo.fr\/gerardmerinfo\/?s={search_term_string}"},"query-input":"required name=search_term_string"}],"inLanguage":"fr-FR"},{"@type":"Organization","@id":"https:\/\/vosgesinfo.fr\/gerardmerinfo\/#organization","name":"Gerardmer Info","url":"https:\/\/vosgesinfo.fr\/gerardmerinfo\/","logo":{"@type":"ImageObject","inLanguage":"fr-FR","@id":"https:\/\/vosgesinfo.fr\/gerardmerinfo\/#\/schema\/logo\/image\/","url":"https:\/\/vosgesinfo.fr\/app\/uploads\/sites\/6\/2023\/08\/favicon-gerardmerinfo.png","contentUrl":"https:\/\/vosgesinfo.fr\/app\/uploads\/sites\/6\/2023\/08\/favicon-gerardmerinfo.png","width":512,"height":512,"caption":"Gerardmer Info"},"image":{"@id":"https:\/\/vosgesinfo.fr\/gerardmerinfo\/#\/schema\/logo\/image\/"},"sameAs":["https:\/\/www.facebook.com\/profile.php?id=100049475262660","https:\/\/x.com\/VosgesInfo88","https:\/\/www.youtube.com\/@vosgesinfo"]},{"@type":"Person","@id":"https:\/\/vosgesinfo.fr\/gerardmerinfo\/#\/schema\/person\/7a2470c3647156ca37cf56bd3ca0b185","name":"Joel MICHEL","image":{"@type":"ImageObject","inLanguage":"fr-FR","@id":"https:\/\/vosgesinfo.fr\/gerardmerinfo\/#\/schema\/person\/image\/","url":"https:\/\/secure.gravatar.com\/avatar\/eda2d8cebc4e13eb879d0243d00b683f72565399865631accc71386bbfa74449?s=96&d=mm&r=g","contentUrl":"https:\/\/secure.gravatar.com\/avatar\/eda2d8cebc4e13eb879d0243d00b683f72565399865631accc71386bbfa74449?s=96&d=mm&r=g","caption":"Joel MICHEL"},"url":"https:\/\/vosgesinfo.fr\/gerardmerinfo\/author\/joelmichel-tri\/"}]}},"_links":{"self":[{"href":"https:\/\/vosgesinfo.fr\/gerardmerinfo\/wp-json\/wp\/v2\/posts\/44051","targetHints":{"allow":["GET"]}}],"collection":[{"href":"https:\/\/vosgesinfo.fr\/gerardmerinfo\/wp-json\/wp\/v2\/posts"}],"about":[{"href":"https:\/\/vosgesinfo.fr\/gerardmerinfo\/wp-json\/wp\/v2\/types\/post"}],"author":[{"embeddable":true,"href":"https:\/\/vosgesinfo.fr\/gerardmerinfo\/wp-json\/wp\/v2\/users\/243"}],"replies":[{"embeddable":true,"href":"https:\/\/vosgesinfo.fr\/gerardmerinfo\/wp-json\/wp\/v2\/comments?post=44051"}],"version-history":[{"count":0,"href":"https:\/\/vosgesinfo.fr\/gerardmerinfo\/wp-json\/wp\/v2\/posts\/44051\/revisions"}],"wp:featuredmedia":[{"embeddable":true,"href":"https:\/\/vosgesinfo.fr\/gerardmerinfo\/wp-json\/wp\/v2\/media\/44052"}],"wp:attachment":[{"href":"https:\/\/vosgesinfo.fr\/gerardmerinfo\/wp-json\/wp\/v2\/media?parent=44051"}],"wp:term":[{"taxonomy":"category","embeddable":true,"href":"https:\/\/vosgesinfo.fr\/gerardmerinfo\/wp-json\/wp\/v2\/categories?post=44051"},{"taxonomy":"post_tag","embeddable":true,"href":"https:\/\/vosgesinfo.fr\/gerardmerinfo\/wp-json\/wp\/v2\/tags?post=44051"}],"curies":[{"name":"wp","href":"https:\/\/api.w.org\/{rel}","templated":true}]}}