{"id":44055,"date":"2019-09-23T13:21:35","date_gmt":"2019-09-23T11:21:35","guid":{"rendered":"https:\/\/vosgesinfo.fr\/gerardmerinfo\/2019\/09\/collecte-de-sang-tholy-mardi-24-sept-2019-entre-16h-19h30\/"},"modified":"2019-09-23T13:21:35","modified_gmt":"2019-09-23T11:21:35","slug":"collecte-de-sang-tholy-mardi-24-sept-2019-entre-16h-19h30","status":"publish","type":"post","link":"https:\/\/vosgesinfo.fr\/gerardmerinfo\/2019\/09\/collecte-de-sang-tholy-mardi-24-sept-2019-entre-16h-19h30\/","title":{"rendered":"Collecte de Sang &#8211; Le Tholy le mardi 24 sept. 2019 entre 16h et 19h30"},"content":{"rendered":"<p>Prochain don du sang au Tholy le mardi 24 septembre \u00e0 partir de 16 h 00.<\/p>\n<p>venez nombreux !<\/p>\n<p><a href=\"\/2019\/09\/2019-09-24-Affiche-collecte.jpg\"><img decoding=\"async\" class=\"aligncenter size-full wp-image-152793\" src=\"\/2019\/09\/2019-09-24-Affiche-collecte.jpg\" alt=\"2019 09 24 Affiche collecte\" width=\"544\" height=\"800\" \/><\/a><\/p>\n","protected":false},"excerpt":{"rendered":"<p>Prochain don du sang au Tholy le mardi 24 septembre \u00e0 partir de 16 h 00. venez nombreux !<\/p>\n","protected":false},"author":140,"featured_media":246,"comment_status":"open","ping_status":"open","sticky":false,"template":"","format":"standard","meta":{"footnotes":""},"categories":[20,12],"tags":[54],"class_list":["post-44055","post","type-post","status-publish","format-standard","has-post-thumbnail","hentry","category-a-la-une","category-sante","tag-don-du-sang"],"acf":[],"yoast_head":"<!-- This site is optimized with the Yoast SEO plugin v22.5 - https:\/\/yoast.com\/wordpress\/plugins\/seo\/ -->\n<title>Collecte de Sang - Le Tholy le mardi 24 sept. 2019 entre 16h et 19h30 - Gerardmer Info<\/title>\n<meta name=\"robots\" content=\"index, follow, max-snippet:-1, max-image-preview:large, max-video-preview:-1\" \/>\n<link rel=\"canonical\" href=\"https:\/\/vosgesinfo.fr\/gerardmerinfo\/2019\/09\/collecte-de-sang-tholy-mardi-24-sept-2019-entre-16h-19h30\/\" \/>\n<meta name=\"twitter:card\" content=\"summary_large_image\" \/>\n<meta name=\"twitter:title\" content=\"Collecte de Sang - Le Tholy le mardi 24 sept. 2019 entre 16h et 19h30 - Gerardmer Info\" \/>\n<meta name=\"twitter:description\" content=\"Prochain don du sang au Tholy le mardi 24 septembre \u00e0 partir de 16 h 00. venez nombreux !\" \/>\n<meta name=\"twitter:image\" content=\"https:\/\/vosgesinfo.fr\/app\/uploads\/sites\/6\/2016\/05\/don-du-sang-5012.jpg\" \/>\n<meta name=\"twitter:creator\" content=\"@VosgesInfo88\" \/>\n<meta name=\"twitter:site\" content=\"@VosgesInfo88\" \/>\n<meta name=\"twitter:label1\" content=\"\u00c9crit par\" \/>\n\t<meta name=\"twitter:data1\" content=\"Amicale des donneurs de sang benevoles du Tholy et des environs\" \/>\n<script type=\"application\/ld+json\" class=\"yoast-schema-graph\">{\"@context\":\"https:\/\/schema.org\",\"@graph\":[{\"@type\":\"Article\",\"@id\":\"https:\/\/vosgesinfo.fr\/gerardmerinfo\/2019\/09\/collecte-de-sang-tholy-mardi-24-sept-2019-entre-16h-19h30\/#article\",\"isPartOf\":{\"@id\":\"https:\/\/vosgesinfo.fr\/gerardmerinfo\/2019\/09\/collecte-de-sang-tholy-mardi-24-sept-2019-entre-16h-19h30\/\"},\"author\":{\"name\":\"Amicale des donneurs de sang benevoles du Tholy et des environs\",\"@id\":\"https:\/\/vosgesinfo.fr\/gerardmerinfo\/#\/schema\/person\/9c7db3d3c38d401899d2cf00ae2fa446\"},\"headline\":\"Collecte de Sang &#8211; Le Tholy le mardi 24 sept. 2019 entre 16h et 19h30\",\"datePublished\":\"2019-09-23T11:21:35+00:00\",\"dateModified\":\"2019-09-23T11:21:35+00:00\",\"mainEntityOfPage\":{\"@id\":\"https:\/\/vosgesinfo.fr\/gerardmerinfo\/2019\/09\/collecte-de-sang-tholy-mardi-24-sept-2019-entre-16h-19h30\/\"},\"wordCount\":27,\"commentCount\":0,\"publisher\":{\"@id\":\"https:\/\/vosgesinfo.fr\/gerardmerinfo\/#organization\"},\"image\":{\"@id\":\"https:\/\/vosgesinfo.fr\/gerardmerinfo\/2019\/09\/collecte-de-sang-tholy-mardi-24-sept-2019-entre-16h-19h30\/#primaryimage\"},\"thumbnailUrl\":\"https:\/\/vosgesinfo.fr\/app\/uploads\/sites\/6\/2016\/05\/don-du-sang-5012.jpg\",\"keywords\":[\"don du sang\"],\"articleSection\":[\"A la une\",\"Sant\u00e9\"],\"inLanguage\":\"fr-FR\",\"potentialAction\":[{\"@type\":\"CommentAction\",\"name\":\"Comment\",\"target\":[\"https:\/\/vosgesinfo.fr\/gerardmerinfo\/2019\/09\/collecte-de-sang-tholy-mardi-24-sept-2019-entre-16h-19h30\/#respond\"]}]},{\"@type\":\"WebPage\",\"@id\":\"https:\/\/vosgesinfo.fr\/gerardmerinfo\/2019\/09\/collecte-de-sang-tholy-mardi-24-sept-2019-entre-16h-19h30\/\",\"url\":\"https:\/\/vosgesinfo.fr\/gerardmerinfo\/2019\/09\/collecte-de-sang-tholy-mardi-24-sept-2019-entre-16h-19h30\/\",\"name\":\"Collecte de Sang - Le Tholy le mardi 24 sept. 2019 entre 16h et 19h30 - Gerardmer Info\",\"isPartOf\":{\"@id\":\"https:\/\/vosgesinfo.fr\/gerardmerinfo\/#website\"},\"primaryImageOfPage\":{\"@id\":\"https:\/\/vosgesinfo.fr\/gerardmerinfo\/2019\/09\/collecte-de-sang-tholy-mardi-24-sept-2019-entre-16h-19h30\/#primaryimage\"},\"image\":{\"@id\":\"https:\/\/vosgesinfo.fr\/gerardmerinfo\/2019\/09\/collecte-de-sang-tholy-mardi-24-sept-2019-entre-16h-19h30\/#primaryimage\"},\"thumbnailUrl\":\"https:\/\/vosgesinfo.fr\/app\/uploads\/sites\/6\/2016\/05\/don-du-sang-5012.jpg\",\"datePublished\":\"2019-09-23T11:21:35+00:00\",\"dateModified\":\"2019-09-23T11:21:35+00:00\",\"breadcrumb\":{\"@id\":\"https:\/\/vosgesinfo.fr\/gerardmerinfo\/2019\/09\/collecte-de-sang-tholy-mardi-24-sept-2019-entre-16h-19h30\/#breadcrumb\"},\"inLanguage\":\"fr-FR\",\"potentialAction\":[{\"@type\":\"ReadAction\",\"target\":[\"https:\/\/vosgesinfo.fr\/gerardmerinfo\/2019\/09\/collecte-de-sang-tholy-mardi-24-sept-2019-entre-16h-19h30\/\"]}]},{\"@type\":\"ImageObject\",\"inLanguage\":\"fr-FR\",\"@id\":\"https:\/\/vosgesinfo.fr\/gerardmerinfo\/2019\/09\/collecte-de-sang-tholy-mardi-24-sept-2019-entre-16h-19h30\/#primaryimage\",\"url\":\"https:\/\/vosgesinfo.fr\/app\/uploads\/sites\/6\/2016\/05\/don-du-sang-5012.jpg\",\"contentUrl\":\"https:\/\/vosgesinfo.fr\/app\/uploads\/sites\/6\/2016\/05\/don-du-sang-5012.jpg\",\"width\":1024,\"height\":616},{\"@type\":\"BreadcrumbList\",\"@id\":\"https:\/\/vosgesinfo.fr\/gerardmerinfo\/2019\/09\/collecte-de-sang-tholy-mardi-24-sept-2019-entre-16h-19h30\/#breadcrumb\",\"itemListElement\":[{\"@type\":\"ListItem\",\"position\":1,\"name\":\"Home\",\"item\":\"https:\/\/vosgesinfo.fr\/gerardmerinfo\/\"},{\"@type\":\"ListItem\",\"position\":2,\"name\":\"Collecte de Sang &#8211; Le Tholy le mardi 24 sept. 2019 entre 16h et 19h30\"}]},{\"@type\":\"WebSite\",\"@id\":\"https:\/\/vosgesinfo.fr\/gerardmerinfo\/#website\",\"url\":\"https:\/\/vosgesinfo.fr\/gerardmerinfo\/\",\"name\":\"Gerardmer Info\",\"description\":\"Toute l&#039;actualit\u00e9 de G\u00e9rardmer\",\"publisher\":{\"@id\":\"https:\/\/vosgesinfo.fr\/gerardmerinfo\/#organization\"},\"alternateName\":\"Toute l'actualit\u00e9 de G\u00e9rardmer\",\"potentialAction\":[{\"@type\":\"SearchAction\",\"target\":{\"@type\":\"EntryPoint\",\"urlTemplate\":\"https:\/\/vosgesinfo.fr\/gerardmerinfo\/?s={search_term_string}\"},\"query-input\":\"required name=search_term_string\"}],\"inLanguage\":\"fr-FR\"},{\"@type\":\"Organization\",\"@id\":\"https:\/\/vosgesinfo.fr\/gerardmerinfo\/#organization\",\"name\":\"Gerardmer Info\",\"url\":\"https:\/\/vosgesinfo.fr\/gerardmerinfo\/\",\"logo\":{\"@type\":\"ImageObject\",\"inLanguage\":\"fr-FR\",\"@id\":\"https:\/\/vosgesinfo.fr\/gerardmerinfo\/#\/schema\/logo\/image\/\",\"url\":\"https:\/\/vosgesinfo.fr\/app\/uploads\/sites\/6\/2023\/08\/favicon-gerardmerinfo.png\",\"contentUrl\":\"https:\/\/vosgesinfo.fr\/app\/uploads\/sites\/6\/2023\/08\/favicon-gerardmerinfo.png\",\"width\":512,\"height\":512,\"caption\":\"Gerardmer Info\"},\"image\":{\"@id\":\"https:\/\/vosgesinfo.fr\/gerardmerinfo\/#\/schema\/logo\/image\/\"},\"sameAs\":[\"https:\/\/www.facebook.com\/profile.php?id=100049475262660\",\"https:\/\/x.com\/VosgesInfo88\",\"https:\/\/www.youtube.com\/@vosgesinfo\"]},{\"@type\":\"Person\",\"@id\":\"https:\/\/vosgesinfo.fr\/gerardmerinfo\/#\/schema\/person\/9c7db3d3c38d401899d2cf00ae2fa446\",\"name\":\"Amicale des donneurs de sang benevoles du Tholy et des environs\",\"image\":{\"@type\":\"ImageObject\",\"inLanguage\":\"fr-FR\",\"@id\":\"https:\/\/vosgesinfo.fr\/gerardmerinfo\/#\/schema\/person\/image\/\",\"url\":\"https:\/\/secure.gravatar.com\/avatar\/a5450dd5571df47dc9897da400ae7deb1e898351ef30cc2299b3a99c5906c9ea?s=96&d=mm&r=g\",\"contentUrl\":\"https:\/\/secure.gravatar.com\/avatar\/a5450dd5571df47dc9897da400ae7deb1e898351ef30cc2299b3a99c5906c9ea?s=96&d=mm&r=g\",\"caption\":\"Amicale des donneurs de sang benevoles du Tholy et des environs\"},\"description\":\"Notre amicale a pour but de r\u00e9unir tous les Donneurs de Sang B\u00e9n\u00e9voles du Tholy et des environs pour regrouper les bonnes volont\u00e9s pour la Promotion du don du sang et l'organisation des collectes.\",\"url\":\"https:\/\/vosgesinfo.fr\/gerardmerinfo\/author\/amicale-des-donneurs-de-sang-benevoles-du-tholy-et\/\"}]}<\/script>\n<!-- \/ Yoast SEO plugin. -->","yoast_head_json":{"title":"Collecte de Sang - Le Tholy le mardi 24 sept. 2019 entre 16h et 19h30 - Gerardmer Info","robots":{"index":"index","follow":"follow","max-snippet":"max-snippet:-1","max-image-preview":"max-image-preview:large","max-video-preview":"max-video-preview:-1"},"canonical":"https:\/\/vosgesinfo.fr\/gerardmerinfo\/2019\/09\/collecte-de-sang-tholy-mardi-24-sept-2019-entre-16h-19h30\/","twitter_card":"summary_large_image","twitter_title":"Collecte de Sang - Le Tholy le mardi 24 sept. 2019 entre 16h et 19h30 - Gerardmer Info","twitter_description":"Prochain don du sang au Tholy le mardi 24 septembre \u00e0 partir de 16 h 00. venez nombreux !","twitter_image":"https:\/\/vosgesinfo.fr\/app\/uploads\/sites\/6\/2016\/05\/don-du-sang-5012.jpg","twitter_creator":"@VosgesInfo88","twitter_site":"@VosgesInfo88","twitter_misc":{"\u00c9crit par":"Amicale des donneurs de sang benevoles du Tholy et des environs"},"schema":{"@context":"https:\/\/schema.org","@graph":[{"@type":"Article","@id":"https:\/\/vosgesinfo.fr\/gerardmerinfo\/2019\/09\/collecte-de-sang-tholy-mardi-24-sept-2019-entre-16h-19h30\/#article","isPartOf":{"@id":"https:\/\/vosgesinfo.fr\/gerardmerinfo\/2019\/09\/collecte-de-sang-tholy-mardi-24-sept-2019-entre-16h-19h30\/"},"author":{"name":"Amicale des donneurs de sang benevoles du Tholy et des environs","@id":"https:\/\/vosgesinfo.fr\/gerardmerinfo\/#\/schema\/person\/9c7db3d3c38d401899d2cf00ae2fa446"},"headline":"Collecte de Sang &#8211; Le Tholy le mardi 24 sept. 2019 entre 16h et 19h30","datePublished":"2019-09-23T11:21:35+00:00","dateModified":"2019-09-23T11:21:35+00:00","mainEntityOfPage":{"@id":"https:\/\/vosgesinfo.fr\/gerardmerinfo\/2019\/09\/collecte-de-sang-tholy-mardi-24-sept-2019-entre-16h-19h30\/"},"wordCount":27,"commentCount":0,"publisher":{"@id":"https:\/\/vosgesinfo.fr\/gerardmerinfo\/#organization"},"image":{"@id":"https:\/\/vosgesinfo.fr\/gerardmerinfo\/2019\/09\/collecte-de-sang-tholy-mardi-24-sept-2019-entre-16h-19h30\/#primaryimage"},"thumbnailUrl":"https:\/\/vosgesinfo.fr\/app\/uploads\/sites\/6\/2016\/05\/don-du-sang-5012.jpg","keywords":["don du sang"],"articleSection":["A la une","Sant\u00e9"],"inLanguage":"fr-FR","potentialAction":[{"@type":"CommentAction","name":"Comment","target":["https:\/\/vosgesinfo.fr\/gerardmerinfo\/2019\/09\/collecte-de-sang-tholy-mardi-24-sept-2019-entre-16h-19h30\/#respond"]}]},{"@type":"WebPage","@id":"https:\/\/vosgesinfo.fr\/gerardmerinfo\/2019\/09\/collecte-de-sang-tholy-mardi-24-sept-2019-entre-16h-19h30\/","url":"https:\/\/vosgesinfo.fr\/gerardmerinfo\/2019\/09\/collecte-de-sang-tholy-mardi-24-sept-2019-entre-16h-19h30\/","name":"Collecte de Sang - Le Tholy le mardi 24 sept. 2019 entre 16h et 19h30 - Gerardmer Info","isPartOf":{"@id":"https:\/\/vosgesinfo.fr\/gerardmerinfo\/#website"},"primaryImageOfPage":{"@id":"https:\/\/vosgesinfo.fr\/gerardmerinfo\/2019\/09\/collecte-de-sang-tholy-mardi-24-sept-2019-entre-16h-19h30\/#primaryimage"},"image":{"@id":"https:\/\/vosgesinfo.fr\/gerardmerinfo\/2019\/09\/collecte-de-sang-tholy-mardi-24-sept-2019-entre-16h-19h30\/#primaryimage"},"thumbnailUrl":"https:\/\/vosgesinfo.fr\/app\/uploads\/sites\/6\/2016\/05\/don-du-sang-5012.jpg","datePublished":"2019-09-23T11:21:35+00:00","dateModified":"2019-09-23T11:21:35+00:00","breadcrumb":{"@id":"https:\/\/vosgesinfo.fr\/gerardmerinfo\/2019\/09\/collecte-de-sang-tholy-mardi-24-sept-2019-entre-16h-19h30\/#breadcrumb"},"inLanguage":"fr-FR","potentialAction":[{"@type":"ReadAction","target":["https:\/\/vosgesinfo.fr\/gerardmerinfo\/2019\/09\/collecte-de-sang-tholy-mardi-24-sept-2019-entre-16h-19h30\/"]}]},{"@type":"ImageObject","inLanguage":"fr-FR","@id":"https:\/\/vosgesinfo.fr\/gerardmerinfo\/2019\/09\/collecte-de-sang-tholy-mardi-24-sept-2019-entre-16h-19h30\/#primaryimage","url":"https:\/\/vosgesinfo.fr\/app\/uploads\/sites\/6\/2016\/05\/don-du-sang-5012.jpg","contentUrl":"https:\/\/vosgesinfo.fr\/app\/uploads\/sites\/6\/2016\/05\/don-du-sang-5012.jpg","width":1024,"height":616},{"@type":"BreadcrumbList","@id":"https:\/\/vosgesinfo.fr\/gerardmerinfo\/2019\/09\/collecte-de-sang-tholy-mardi-24-sept-2019-entre-16h-19h30\/#breadcrumb","itemListElement":[{"@type":"ListItem","position":1,"name":"Home","item":"https:\/\/vosgesinfo.fr\/gerardmerinfo\/"},{"@type":"ListItem","position":2,"name":"Collecte de Sang &#8211; Le Tholy le mardi 24 sept. 2019 entre 16h et 19h30"}]},{"@type":"WebSite","@id":"https:\/\/vosgesinfo.fr\/gerardmerinfo\/#website","url":"https:\/\/vosgesinfo.fr\/gerardmerinfo\/","name":"Gerardmer Info","description":"Toute l&#039;actualit\u00e9 de G\u00e9rardmer","publisher":{"@id":"https:\/\/vosgesinfo.fr\/gerardmerinfo\/#organization"},"alternateName":"Toute l'actualit\u00e9 de G\u00e9rardmer","potentialAction":[{"@type":"SearchAction","target":{"@type":"EntryPoint","urlTemplate":"https:\/\/vosgesinfo.fr\/gerardmerinfo\/?s={search_term_string}"},"query-input":"required name=search_term_string"}],"inLanguage":"fr-FR"},{"@type":"Organization","@id":"https:\/\/vosgesinfo.fr\/gerardmerinfo\/#organization","name":"Gerardmer Info","url":"https:\/\/vosgesinfo.fr\/gerardmerinfo\/","logo":{"@type":"ImageObject","inLanguage":"fr-FR","@id":"https:\/\/vosgesinfo.fr\/gerardmerinfo\/#\/schema\/logo\/image\/","url":"https:\/\/vosgesinfo.fr\/app\/uploads\/sites\/6\/2023\/08\/favicon-gerardmerinfo.png","contentUrl":"https:\/\/vosgesinfo.fr\/app\/uploads\/sites\/6\/2023\/08\/favicon-gerardmerinfo.png","width":512,"height":512,"caption":"Gerardmer Info"},"image":{"@id":"https:\/\/vosgesinfo.fr\/gerardmerinfo\/#\/schema\/logo\/image\/"},"sameAs":["https:\/\/www.facebook.com\/profile.php?id=100049475262660","https:\/\/x.com\/VosgesInfo88","https:\/\/www.youtube.com\/@vosgesinfo"]},{"@type":"Person","@id":"https:\/\/vosgesinfo.fr\/gerardmerinfo\/#\/schema\/person\/9c7db3d3c38d401899d2cf00ae2fa446","name":"Amicale des donneurs de sang benevoles du Tholy et des environs","image":{"@type":"ImageObject","inLanguage":"fr-FR","@id":"https:\/\/vosgesinfo.fr\/gerardmerinfo\/#\/schema\/person\/image\/","url":"https:\/\/secure.gravatar.com\/avatar\/a5450dd5571df47dc9897da400ae7deb1e898351ef30cc2299b3a99c5906c9ea?s=96&d=mm&r=g","contentUrl":"https:\/\/secure.gravatar.com\/avatar\/a5450dd5571df47dc9897da400ae7deb1e898351ef30cc2299b3a99c5906c9ea?s=96&d=mm&r=g","caption":"Amicale des donneurs de sang benevoles du Tholy et des environs"},"description":"Notre amicale a pour but de r\u00e9unir tous les Donneurs de Sang B\u00e9n\u00e9voles du Tholy et des environs pour regrouper les bonnes volont\u00e9s pour la Promotion du don du sang et l'organisation des collectes.","url":"https:\/\/vosgesinfo.fr\/gerardmerinfo\/author\/amicale-des-donneurs-de-sang-benevoles-du-tholy-et\/"}]}},"_links":{"self":[{"href":"https:\/\/vosgesinfo.fr\/gerardmerinfo\/wp-json\/wp\/v2\/posts\/44055","targetHints":{"allow":["GET"]}}],"collection":[{"href":"https:\/\/vosgesinfo.fr\/gerardmerinfo\/wp-json\/wp\/v2\/posts"}],"about":[{"href":"https:\/\/vosgesinfo.fr\/gerardmerinfo\/wp-json\/wp\/v2\/types\/post"}],"author":[{"embeddable":true,"href":"https:\/\/vosgesinfo.fr\/gerardmerinfo\/wp-json\/wp\/v2\/users\/140"}],"replies":[{"embeddable":true,"href":"https:\/\/vosgesinfo.fr\/gerardmerinfo\/wp-json\/wp\/v2\/comments?post=44055"}],"version-history":[{"count":0,"href":"https:\/\/vosgesinfo.fr\/gerardmerinfo\/wp-json\/wp\/v2\/posts\/44055\/revisions"}],"wp:featuredmedia":[{"embeddable":true,"href":"https:\/\/vosgesinfo.fr\/gerardmerinfo\/wp-json\/wp\/v2\/media\/246"}],"wp:attachment":[{"href":"https:\/\/vosgesinfo.fr\/gerardmerinfo\/wp-json\/wp\/v2\/media?parent=44055"}],"wp:term":[{"taxonomy":"category","embeddable":true,"href":"https:\/\/vosgesinfo.fr\/gerardmerinfo\/wp-json\/wp\/v2\/categories?post=44055"},{"taxonomy":"post_tag","embeddable":true,"href":"https:\/\/vosgesinfo.fr\/gerardmerinfo\/wp-json\/wp\/v2\/tags?post=44055"}],"curies":[{"name":"wp","href":"https:\/\/api.w.org\/{rel}","templated":true}]}}