{"id":44060,"date":"2019-09-23T14:10:41","date_gmt":"2019-09-23T12:10:41","guid":{"rendered":"https:\/\/vosgesinfo.fr\/gerardmerinfo\/2019\/09\/thierry-masade-simplement-enorme-contre-montre-de-taintrux\/"},"modified":"2019-09-23T14:10:41","modified_gmt":"2019-09-23T12:10:41","slug":"thierry-masade-simplement-enorme-contre-montre-de-taintrux","status":"publish","type":"post","link":"https:\/\/vosgesinfo.fr\/gerardmerinfo\/2019\/09\/thierry-masade-simplement-enorme-contre-montre-de-taintrux\/","title":{"rendered":"Thierry MASADE tout simplement \u00e9norme au Contre la Montre de Taintrux"},"content":{"rendered":"<p><a href=\"\/2019\/09\/T-masade-VSG-contre-montre.jpg\"><img decoding=\"async\" class=\"aligncenter size-full wp-image-152801\" src=\"\/2019\/09\/T-masade-VSG-contre-montre.jpg\" alt=\"T masade VSG contre montre\" width=\"800\" height=\"600\" \/><\/a><br \/>\nA 20&Prime; du record d\u00e9tenu par Antony ROUX (Professionnel), Thierry MASADE termine \u00e0 2&Prime; du vainqueur Ma\u00ebl SAVIGNARD, jeune coureur du VS Anould qui acc\u00e8de en 1\u00b0 cat\u00e9gorie pour 2020.<br \/>\nApr\u00e8s une pr\u00e9paration bien men\u00e9e tout au long de l&rsquo;ann\u00e9e, en recherchant l&rsquo;optimisation dans tous les domaines, mat\u00e9riel, pr\u00e9paration physique, Thierry r\u00eavait de descendre sous la barre des 44&prime;. C&rsquo;est chose fa\u00eete\u00a0: en 43&rsquo;47 il boucle ce chrono exigeant de part sa technicit\u00e9 et le d\u00e9nivel\u00e9, soit les 29.9 km avec un peu plus de 400 m de d\u00e9nivel\u00e9 positif.<br \/>\nThierry Masade s&rsquo;est am\u00e9lior\u00e9 dans toutes les portions o\u00f9 il pouvait encore gagner du temps, et oui, plus de 80 km\/h dans la descente du Haut Jacques. Perfectionniste, m\u00e9ticuleux, le mental y \u00e9tait aussi, bien entour\u00e9, il a fait mieux que r\u00e9ussir \u00e0 50 ans &#8230;<br \/>\nIls re\u00e7oit donc les f\u00e9licitations l\u00e9gitimes de son club et de ses partenaires \u00e0 qui les mots manquent tellement cette performance est belle. Le G\u00e9r\u00f4mois continue \u00e0 faire R\u00caVER et MOTIVER tous ceux qui l\u2019entoure. Une tr\u00e8s belle le\u00e7on de long\u00e9vit\u00e9 avec encore de belles ann\u00e9es \u00e0 venir. En 2020 Thierry montera en 2\u00b0 cat\u00e9gorie FFC !!!<\/p>\n<p>De son c\u00f4t\u00e9, \u00c9lisabeth JEANVOINE r\u00e9alise un beau Chrono, 1 \u00e8re en cat\u00e9gorie F5 et 5 \u00e8me f\u00e9minine. Andr\u00e9 FRANCOIS 54\u00b0\/121 arrivants, bat son record de 2016 de 1&rsquo;10, avec un chrono honorable (vu d&rsquo;o\u00f9 il revient) en 53&rsquo;11 et termine 2\u00b0 en M6, premier podium de l&rsquo;ann\u00e9e en cat\u00e9gorie &#8230; Comme quoi rouler avec celui qui est au sommet est b\u00e9n\u00e9fique, s&rsquo;accrocher et toujours regarder devant !!!<\/p>\n","protected":false},"excerpt":{"rendered":"<p>A 20&Prime; du record d\u00e9tenu par Antony ROUX (Professionnel), Thierry MASADE termine \u00e0 2&Prime; du vainqueur Ma\u00ebl SAVIGNARD, jeune coureur [&hellip;]<\/p>\n","protected":false},"author":1,"featured_media":44061,"comment_status":"open","ping_status":"open","sticky":false,"template":"","format":"standard","meta":{"footnotes":""},"categories":[20,25,14],"tags":[],"class_list":["post-44060","post","type-post","status-publish","format-standard","has-post-thumbnail","hentry","category-a-la-une","category-gerardmer","category-sport"],"acf":[],"yoast_head":"<!-- This site is optimized with the Yoast SEO plugin v22.5 - https:\/\/yoast.com\/wordpress\/plugins\/seo\/ -->\n<title>Thierry MASADE tout simplement \u00e9norme au Contre la Montre de Taintrux - Gerardmer Info<\/title>\n<meta name=\"robots\" content=\"index, follow, max-snippet:-1, max-image-preview:large, max-video-preview:-1\" \/>\n<link rel=\"canonical\" href=\"https:\/\/vosgesinfo.fr\/gerardmerinfo\/2019\/09\/thierry-masade-simplement-enorme-contre-montre-de-taintrux\/\" \/>\n<meta name=\"twitter:card\" content=\"summary_large_image\" \/>\n<meta name=\"twitter:title\" content=\"Thierry MASADE tout simplement \u00e9norme au Contre la Montre de Taintrux - Gerardmer Info\" \/>\n<meta name=\"twitter:description\" content=\"A 20&Prime; du record d\u00e9tenu par Antony ROUX (Professionnel), Thierry MASADE termine \u00e0 2&Prime; du vainqueur Ma\u00ebl SAVIGNARD, jeune coureur [&hellip;]\" \/>\n<meta name=\"twitter:image\" content=\"https:\/\/vosgesinfo.fr\/app\/uploads\/sites\/6\/2024\/07\/201909t-masade-vsg-contre-montre.jpg\" \/>\n<meta name=\"twitter:creator\" content=\"@VosgesInfo88\" \/>\n<meta name=\"twitter:site\" content=\"@VosgesInfo88\" \/>\n<meta name=\"twitter:label1\" content=\"\u00c9crit par\" \/>\n\t<meta name=\"twitter:data1\" content=\"qs_admin\" \/>\n\t<meta name=\"twitter:label2\" content=\"Dur\u00e9e de lecture estim\u00e9e\" \/>\n\t<meta name=\"twitter:data2\" content=\"1 minute\" \/>\n<script type=\"application\/ld+json\" class=\"yoast-schema-graph\">{\"@context\":\"https:\/\/schema.org\",\"@graph\":[{\"@type\":\"Article\",\"@id\":\"https:\/\/vosgesinfo.fr\/gerardmerinfo\/2019\/09\/thierry-masade-simplement-enorme-contre-montre-de-taintrux\/#article\",\"isPartOf\":{\"@id\":\"https:\/\/vosgesinfo.fr\/gerardmerinfo\/2019\/09\/thierry-masade-simplement-enorme-contre-montre-de-taintrux\/\"},\"author\":{\"name\":\"qs_admin\",\"@id\":\"https:\/\/vosgesinfo.fr\/gerardmerinfo\/#\/schema\/person\/bc5d02d71e6932e81b6dadb7386667b1\"},\"headline\":\"Thierry MASADE tout simplement \u00e9norme au Contre la Montre de Taintrux\",\"datePublished\":\"2019-09-23T12:10:41+00:00\",\"dateModified\":\"2019-09-23T12:10:41+00:00\",\"mainEntityOfPage\":{\"@id\":\"https:\/\/vosgesinfo.fr\/gerardmerinfo\/2019\/09\/thierry-masade-simplement-enorme-contre-montre-de-taintrux\/\"},\"wordCount\":289,\"commentCount\":0,\"publisher\":{\"@id\":\"https:\/\/vosgesinfo.fr\/gerardmerinfo\/#organization\"},\"image\":{\"@id\":\"https:\/\/vosgesinfo.fr\/gerardmerinfo\/2019\/09\/thierry-masade-simplement-enorme-contre-montre-de-taintrux\/#primaryimage\"},\"thumbnailUrl\":\"https:\/\/vosgesinfo.fr\/app\/uploads\/sites\/6\/2024\/07\/201909t-masade-vsg-contre-montre.jpg\",\"articleSection\":[\"A la une\",\"G\u00e9rardmer\",\"Sport\"],\"inLanguage\":\"fr-FR\",\"potentialAction\":[{\"@type\":\"CommentAction\",\"name\":\"Comment\",\"target\":[\"https:\/\/vosgesinfo.fr\/gerardmerinfo\/2019\/09\/thierry-masade-simplement-enorme-contre-montre-de-taintrux\/#respond\"]}]},{\"@type\":\"WebPage\",\"@id\":\"https:\/\/vosgesinfo.fr\/gerardmerinfo\/2019\/09\/thierry-masade-simplement-enorme-contre-montre-de-taintrux\/\",\"url\":\"https:\/\/vosgesinfo.fr\/gerardmerinfo\/2019\/09\/thierry-masade-simplement-enorme-contre-montre-de-taintrux\/\",\"name\":\"Thierry MASADE tout simplement \u00e9norme au Contre la Montre de Taintrux - Gerardmer Info\",\"isPartOf\":{\"@id\":\"https:\/\/vosgesinfo.fr\/gerardmerinfo\/#website\"},\"primaryImageOfPage\":{\"@id\":\"https:\/\/vosgesinfo.fr\/gerardmerinfo\/2019\/09\/thierry-masade-simplement-enorme-contre-montre-de-taintrux\/#primaryimage\"},\"image\":{\"@id\":\"https:\/\/vosgesinfo.fr\/gerardmerinfo\/2019\/09\/thierry-masade-simplement-enorme-contre-montre-de-taintrux\/#primaryimage\"},\"thumbnailUrl\":\"https:\/\/vosgesinfo.fr\/app\/uploads\/sites\/6\/2024\/07\/201909t-masade-vsg-contre-montre.jpg\",\"datePublished\":\"2019-09-23T12:10:41+00:00\",\"dateModified\":\"2019-09-23T12:10:41+00:00\",\"breadcrumb\":{\"@id\":\"https:\/\/vosgesinfo.fr\/gerardmerinfo\/2019\/09\/thierry-masade-simplement-enorme-contre-montre-de-taintrux\/#breadcrumb\"},\"inLanguage\":\"fr-FR\",\"potentialAction\":[{\"@type\":\"ReadAction\",\"target\":[\"https:\/\/vosgesinfo.fr\/gerardmerinfo\/2019\/09\/thierry-masade-simplement-enorme-contre-montre-de-taintrux\/\"]}]},{\"@type\":\"ImageObject\",\"inLanguage\":\"fr-FR\",\"@id\":\"https:\/\/vosgesinfo.fr\/gerardmerinfo\/2019\/09\/thierry-masade-simplement-enorme-contre-montre-de-taintrux\/#primaryimage\",\"url\":\"https:\/\/vosgesinfo.fr\/app\/uploads\/sites\/6\/2024\/07\/201909t-masade-vsg-contre-montre.jpg\",\"contentUrl\":\"https:\/\/vosgesinfo.fr\/app\/uploads\/sites\/6\/2024\/07\/201909t-masade-vsg-contre-montre.jpg\",\"width\":800,\"height\":600},{\"@type\":\"BreadcrumbList\",\"@id\":\"https:\/\/vosgesinfo.fr\/gerardmerinfo\/2019\/09\/thierry-masade-simplement-enorme-contre-montre-de-taintrux\/#breadcrumb\",\"itemListElement\":[{\"@type\":\"ListItem\",\"position\":1,\"name\":\"Home\",\"item\":\"https:\/\/vosgesinfo.fr\/gerardmerinfo\/\"},{\"@type\":\"ListItem\",\"position\":2,\"name\":\"Thierry MASADE tout simplement \u00e9norme au Contre la Montre de Taintrux\"}]},{\"@type\":\"WebSite\",\"@id\":\"https:\/\/vosgesinfo.fr\/gerardmerinfo\/#website\",\"url\":\"https:\/\/vosgesinfo.fr\/gerardmerinfo\/\",\"name\":\"Gerardmer Info\",\"description\":\"Toute l&#039;actualit\u00e9 de G\u00e9rardmer\",\"publisher\":{\"@id\":\"https:\/\/vosgesinfo.fr\/gerardmerinfo\/#organization\"},\"alternateName\":\"Toute l'actualit\u00e9 de G\u00e9rardmer\",\"potentialAction\":[{\"@type\":\"SearchAction\",\"target\":{\"@type\":\"EntryPoint\",\"urlTemplate\":\"https:\/\/vosgesinfo.fr\/gerardmerinfo\/?s={search_term_string}\"},\"query-input\":\"required name=search_term_string\"}],\"inLanguage\":\"fr-FR\"},{\"@type\":\"Organization\",\"@id\":\"https:\/\/vosgesinfo.fr\/gerardmerinfo\/#organization\",\"name\":\"Gerardmer Info\",\"url\":\"https:\/\/vosgesinfo.fr\/gerardmerinfo\/\",\"logo\":{\"@type\":\"ImageObject\",\"inLanguage\":\"fr-FR\",\"@id\":\"https:\/\/vosgesinfo.fr\/gerardmerinfo\/#\/schema\/logo\/image\/\",\"url\":\"https:\/\/vosgesinfo.fr\/app\/uploads\/sites\/6\/2023\/08\/favicon-gerardmerinfo.png\",\"contentUrl\":\"https:\/\/vosgesinfo.fr\/app\/uploads\/sites\/6\/2023\/08\/favicon-gerardmerinfo.png\",\"width\":512,\"height\":512,\"caption\":\"Gerardmer Info\"},\"image\":{\"@id\":\"https:\/\/vosgesinfo.fr\/gerardmerinfo\/#\/schema\/logo\/image\/\"},\"sameAs\":[\"https:\/\/www.facebook.com\/profile.php?id=100049475262660\",\"https:\/\/x.com\/VosgesInfo88\",\"https:\/\/www.youtube.com\/@vosgesinfo\"]},{\"@type\":\"Person\",\"@id\":\"https:\/\/vosgesinfo.fr\/gerardmerinfo\/#\/schema\/person\/bc5d02d71e6932e81b6dadb7386667b1\",\"name\":\"qs_admin\",\"image\":{\"@type\":\"ImageObject\",\"inLanguage\":\"fr-FR\",\"@id\":\"https:\/\/vosgesinfo.fr\/gerardmerinfo\/#\/schema\/person\/image\/\",\"url\":\"https:\/\/secure.gravatar.com\/avatar\/94b18ee0ed79e4a42ea2f2931277b6841a8999fc6fde214600c78057cf1fe1de?s=96&d=mm&r=g\",\"contentUrl\":\"https:\/\/secure.gravatar.com\/avatar\/94b18ee0ed79e4a42ea2f2931277b6841a8999fc6fde214600c78057cf1fe1de?s=96&d=mm&r=g\",\"caption\":\"qs_admin\"},\"sameAs\":[\"https:\/\/vosgesinfo.fr\/wp\"],\"url\":\"https:\/\/vosgesinfo.fr\/gerardmerinfo\/author\/qs_admin\/\"}]}<\/script>\n<!-- \/ Yoast SEO plugin. -->","yoast_head_json":{"title":"Thierry MASADE tout simplement \u00e9norme au Contre la Montre de Taintrux - Gerardmer Info","robots":{"index":"index","follow":"follow","max-snippet":"max-snippet:-1","max-image-preview":"max-image-preview:large","max-video-preview":"max-video-preview:-1"},"canonical":"https:\/\/vosgesinfo.fr\/gerardmerinfo\/2019\/09\/thierry-masade-simplement-enorme-contre-montre-de-taintrux\/","twitter_card":"summary_large_image","twitter_title":"Thierry MASADE tout simplement \u00e9norme au Contre la Montre de Taintrux - Gerardmer Info","twitter_description":"A 20&Prime; du record d\u00e9tenu par Antony ROUX (Professionnel), Thierry MASADE termine \u00e0 2&Prime; du vainqueur Ma\u00ebl SAVIGNARD, jeune coureur [&hellip;]","twitter_image":"https:\/\/vosgesinfo.fr\/app\/uploads\/sites\/6\/2024\/07\/201909t-masade-vsg-contre-montre.jpg","twitter_creator":"@VosgesInfo88","twitter_site":"@VosgesInfo88","twitter_misc":{"\u00c9crit par":"qs_admin","Dur\u00e9e de lecture estim\u00e9e":"1 minute"},"schema":{"@context":"https:\/\/schema.org","@graph":[{"@type":"Article","@id":"https:\/\/vosgesinfo.fr\/gerardmerinfo\/2019\/09\/thierry-masade-simplement-enorme-contre-montre-de-taintrux\/#article","isPartOf":{"@id":"https:\/\/vosgesinfo.fr\/gerardmerinfo\/2019\/09\/thierry-masade-simplement-enorme-contre-montre-de-taintrux\/"},"author":{"name":"qs_admin","@id":"https:\/\/vosgesinfo.fr\/gerardmerinfo\/#\/schema\/person\/bc5d02d71e6932e81b6dadb7386667b1"},"headline":"Thierry MASADE tout simplement \u00e9norme au Contre la Montre de Taintrux","datePublished":"2019-09-23T12:10:41+00:00","dateModified":"2019-09-23T12:10:41+00:00","mainEntityOfPage":{"@id":"https:\/\/vosgesinfo.fr\/gerardmerinfo\/2019\/09\/thierry-masade-simplement-enorme-contre-montre-de-taintrux\/"},"wordCount":289,"commentCount":0,"publisher":{"@id":"https:\/\/vosgesinfo.fr\/gerardmerinfo\/#organization"},"image":{"@id":"https:\/\/vosgesinfo.fr\/gerardmerinfo\/2019\/09\/thierry-masade-simplement-enorme-contre-montre-de-taintrux\/#primaryimage"},"thumbnailUrl":"https:\/\/vosgesinfo.fr\/app\/uploads\/sites\/6\/2024\/07\/201909t-masade-vsg-contre-montre.jpg","articleSection":["A la une","G\u00e9rardmer","Sport"],"inLanguage":"fr-FR","potentialAction":[{"@type":"CommentAction","name":"Comment","target":["https:\/\/vosgesinfo.fr\/gerardmerinfo\/2019\/09\/thierry-masade-simplement-enorme-contre-montre-de-taintrux\/#respond"]}]},{"@type":"WebPage","@id":"https:\/\/vosgesinfo.fr\/gerardmerinfo\/2019\/09\/thierry-masade-simplement-enorme-contre-montre-de-taintrux\/","url":"https:\/\/vosgesinfo.fr\/gerardmerinfo\/2019\/09\/thierry-masade-simplement-enorme-contre-montre-de-taintrux\/","name":"Thierry MASADE tout simplement \u00e9norme au Contre la Montre de Taintrux - Gerardmer Info","isPartOf":{"@id":"https:\/\/vosgesinfo.fr\/gerardmerinfo\/#website"},"primaryImageOfPage":{"@id":"https:\/\/vosgesinfo.fr\/gerardmerinfo\/2019\/09\/thierry-masade-simplement-enorme-contre-montre-de-taintrux\/#primaryimage"},"image":{"@id":"https:\/\/vosgesinfo.fr\/gerardmerinfo\/2019\/09\/thierry-masade-simplement-enorme-contre-montre-de-taintrux\/#primaryimage"},"thumbnailUrl":"https:\/\/vosgesinfo.fr\/app\/uploads\/sites\/6\/2024\/07\/201909t-masade-vsg-contre-montre.jpg","datePublished":"2019-09-23T12:10:41+00:00","dateModified":"2019-09-23T12:10:41+00:00","breadcrumb":{"@id":"https:\/\/vosgesinfo.fr\/gerardmerinfo\/2019\/09\/thierry-masade-simplement-enorme-contre-montre-de-taintrux\/#breadcrumb"},"inLanguage":"fr-FR","potentialAction":[{"@type":"ReadAction","target":["https:\/\/vosgesinfo.fr\/gerardmerinfo\/2019\/09\/thierry-masade-simplement-enorme-contre-montre-de-taintrux\/"]}]},{"@type":"ImageObject","inLanguage":"fr-FR","@id":"https:\/\/vosgesinfo.fr\/gerardmerinfo\/2019\/09\/thierry-masade-simplement-enorme-contre-montre-de-taintrux\/#primaryimage","url":"https:\/\/vosgesinfo.fr\/app\/uploads\/sites\/6\/2024\/07\/201909t-masade-vsg-contre-montre.jpg","contentUrl":"https:\/\/vosgesinfo.fr\/app\/uploads\/sites\/6\/2024\/07\/201909t-masade-vsg-contre-montre.jpg","width":800,"height":600},{"@type":"BreadcrumbList","@id":"https:\/\/vosgesinfo.fr\/gerardmerinfo\/2019\/09\/thierry-masade-simplement-enorme-contre-montre-de-taintrux\/#breadcrumb","itemListElement":[{"@type":"ListItem","position":1,"name":"Home","item":"https:\/\/vosgesinfo.fr\/gerardmerinfo\/"},{"@type":"ListItem","position":2,"name":"Thierry MASADE tout simplement \u00e9norme au Contre la Montre de Taintrux"}]},{"@type":"WebSite","@id":"https:\/\/vosgesinfo.fr\/gerardmerinfo\/#website","url":"https:\/\/vosgesinfo.fr\/gerardmerinfo\/","name":"Gerardmer Info","description":"Toute l&#039;actualit\u00e9 de G\u00e9rardmer","publisher":{"@id":"https:\/\/vosgesinfo.fr\/gerardmerinfo\/#organization"},"alternateName":"Toute l'actualit\u00e9 de G\u00e9rardmer","potentialAction":[{"@type":"SearchAction","target":{"@type":"EntryPoint","urlTemplate":"https:\/\/vosgesinfo.fr\/gerardmerinfo\/?s={search_term_string}"},"query-input":"required name=search_term_string"}],"inLanguage":"fr-FR"},{"@type":"Organization","@id":"https:\/\/vosgesinfo.fr\/gerardmerinfo\/#organization","name":"Gerardmer Info","url":"https:\/\/vosgesinfo.fr\/gerardmerinfo\/","logo":{"@type":"ImageObject","inLanguage":"fr-FR","@id":"https:\/\/vosgesinfo.fr\/gerardmerinfo\/#\/schema\/logo\/image\/","url":"https:\/\/vosgesinfo.fr\/app\/uploads\/sites\/6\/2023\/08\/favicon-gerardmerinfo.png","contentUrl":"https:\/\/vosgesinfo.fr\/app\/uploads\/sites\/6\/2023\/08\/favicon-gerardmerinfo.png","width":512,"height":512,"caption":"Gerardmer Info"},"image":{"@id":"https:\/\/vosgesinfo.fr\/gerardmerinfo\/#\/schema\/logo\/image\/"},"sameAs":["https:\/\/www.facebook.com\/profile.php?id=100049475262660","https:\/\/x.com\/VosgesInfo88","https:\/\/www.youtube.com\/@vosgesinfo"]},{"@type":"Person","@id":"https:\/\/vosgesinfo.fr\/gerardmerinfo\/#\/schema\/person\/bc5d02d71e6932e81b6dadb7386667b1","name":"qs_admin","image":{"@type":"ImageObject","inLanguage":"fr-FR","@id":"https:\/\/vosgesinfo.fr\/gerardmerinfo\/#\/schema\/person\/image\/","url":"https:\/\/secure.gravatar.com\/avatar\/94b18ee0ed79e4a42ea2f2931277b6841a8999fc6fde214600c78057cf1fe1de?s=96&d=mm&r=g","contentUrl":"https:\/\/secure.gravatar.com\/avatar\/94b18ee0ed79e4a42ea2f2931277b6841a8999fc6fde214600c78057cf1fe1de?s=96&d=mm&r=g","caption":"qs_admin"},"sameAs":["https:\/\/vosgesinfo.fr\/wp"],"url":"https:\/\/vosgesinfo.fr\/gerardmerinfo\/author\/qs_admin\/"}]}},"_links":{"self":[{"href":"https:\/\/vosgesinfo.fr\/gerardmerinfo\/wp-json\/wp\/v2\/posts\/44060","targetHints":{"allow":["GET"]}}],"collection":[{"href":"https:\/\/vosgesinfo.fr\/gerardmerinfo\/wp-json\/wp\/v2\/posts"}],"about":[{"href":"https:\/\/vosgesinfo.fr\/gerardmerinfo\/wp-json\/wp\/v2\/types\/post"}],"author":[{"embeddable":true,"href":"https:\/\/vosgesinfo.fr\/gerardmerinfo\/wp-json\/wp\/v2\/users\/1"}],"replies":[{"embeddable":true,"href":"https:\/\/vosgesinfo.fr\/gerardmerinfo\/wp-json\/wp\/v2\/comments?post=44060"}],"version-history":[{"count":0,"href":"https:\/\/vosgesinfo.fr\/gerardmerinfo\/wp-json\/wp\/v2\/posts\/44060\/revisions"}],"wp:featuredmedia":[{"embeddable":true,"href":"https:\/\/vosgesinfo.fr\/gerardmerinfo\/wp-json\/wp\/v2\/media\/44061"}],"wp:attachment":[{"href":"https:\/\/vosgesinfo.fr\/gerardmerinfo\/wp-json\/wp\/v2\/media?parent=44060"}],"wp:term":[{"taxonomy":"category","embeddable":true,"href":"https:\/\/vosgesinfo.fr\/gerardmerinfo\/wp-json\/wp\/v2\/categories?post=44060"},{"taxonomy":"post_tag","embeddable":true,"href":"https:\/\/vosgesinfo.fr\/gerardmerinfo\/wp-json\/wp\/v2\/tags?post=44060"}],"curies":[{"name":"wp","href":"https:\/\/api.w.org\/{rel}","templated":true}]}}