{"id":44201,"date":"2019-10-01T16:02:40","date_gmt":"2019-10-01T14:02:40","guid":{"rendered":"https:\/\/vosgesinfo.fr\/gerardmerinfo\/2019\/10\/rassemblement-coquelicots-tholy-vendredi-4-octobre-debat-autour-champignons\/"},"modified":"2019-10-01T16:02:40","modified_gmt":"2019-10-01T14:02:40","slug":"rassemblement-coquelicots-tholy-vendredi-4-octobre-debat-autour-champignons","status":"publish","type":"post","link":"https:\/\/vosgesinfo.fr\/gerardmerinfo\/2019\/10\/rassemblement-coquelicots-tholy-vendredi-4-octobre-debat-autour-champignons\/","title":{"rendered":"Rassemblement Coquelicots au Tholy vendredi 4 octobre avec d\u00e9bat autour des champignons"},"content":{"rendered":"<h3 style=\"text-align: center;\"><a href=\"\/2018\/12\/coquelicots.jpg\"><img decoding=\"async\" class=\"aligncenter size-medium wp-image-138675\" src=\"\/2018\/12\/coquelicots-241x255.jpg\" alt=\"coquelicots\" width=\"241\" height=\"255\" \/><\/a><\/h3>\n<h3 style=\"text-align: center;\"><strong>Octobre, mois des champignons<\/strong><br \/>\n<strong>Conf\u00e9rence-d\u00e9bat \u00ab Les mycorhizes : une alliance essentielle pour tous les v\u00e9g\u00e9taux \u00bb<\/strong><\/h3>\n<p>Depuis cet \u00e9t\u00e9, pour son rendez-vous mensuel, le collectif des Coquelicots de G\u00e9rardmer issu du mouvement \u00ab \u00a0Nous voulons des coquelicots \u00bbune vie sans pesticides se d\u00e9place certains mois dans les communes avoisinantes.<br \/>\nVous \u00eates chaleureusement invit\u00e9s au prochain rassemblement :<br \/>\n<strong>VENDREDI 4 OCTOBRE au THOLY \u00e0 18h30 \u00e0 la salle polyvalente, derri\u00e8re la mairie.<\/strong><br \/>\nA partir de 19h, conf\u00e9rence-d\u00e9bat sur le r\u00f4le essentiel des champignons, en particulier celui des mycorhizes pour le monde v\u00e9g\u00e9tal et par cons\u00e9quent, pour l\u2019agriculture et sa gestion durable.<br \/>\nLa conf\u00e9rence sera anim\u00e9e par Hubert Voiry, sp\u00e9cialiste de la question.<br \/>\nVenez nombreux pour soutenir le mouvement NOUS VOULONS DES COQUELICOTS et demander l&rsquo;interdiction de tous les pesticides. La conf\u00e9rence sera suivie d&rsquo;un ap\u00e9ro convivial o\u00f9 chacun peut apporter un petit quelque chose \u00e0 manger ou \u00e0 boire !<br \/>\n*Le mouvement Nous voulons des coquelicots ne soutient aucune autre cause que la lutte contre les pesticides. Tout usage de ce nom en dehors de ce cadre n\u2019engage ni l\u2019association nationale fondatrice, ni le collectif de G\u00e9rardmer.<\/p>\n<p>Toutes les informations sur<br \/>\nhttps:\/\/www.facebook.com\/Incroyables-Potagers-237102487044572\/<br \/>\nou par mail coquelicots-gerardmer@gmx.fr<br \/>\nRejoignez l&rsquo;Appel sur nousvoulonsdescoquelicots.org<\/p>\n","protected":false},"excerpt":{"rendered":"<p>Octobre, mois des champignons Conf\u00e9rence-d\u00e9bat \u00ab Les mycorhizes : une alliance essentielle pour tous les v\u00e9g\u00e9taux \u00bb Depuis cet \u00e9t\u00e9, [&hellip;]<\/p>\n","protected":false},"author":42,"featured_media":44202,"comment_status":"open","ping_status":"open","sticky":false,"template":"","format":"standard","meta":{"footnotes":""},"categories":[20,17],"tags":[3991],"class_list":["post-44201","post","type-post","status-publish","format-standard","has-post-thumbnail","hentry","category-a-la-une","category-vie-associative","tag-nous-voulons-des-coquelicots"],"acf":[],"yoast_head":"<!-- This site is optimized with the Yoast SEO plugin v22.5 - https:\/\/yoast.com\/wordpress\/plugins\/seo\/ -->\n<title>Rassemblement Coquelicots au Tholy vendredi 4 octobre avec d\u00e9bat autour des champignons - Gerardmer Info<\/title>\n<meta name=\"robots\" content=\"index, follow, max-snippet:-1, max-image-preview:large, max-video-preview:-1\" \/>\n<link rel=\"canonical\" href=\"https:\/\/vosgesinfo.fr\/gerardmerinfo\/2019\/10\/rassemblement-coquelicots-tholy-vendredi-4-octobre-debat-autour-champignons\/\" \/>\n<meta name=\"twitter:card\" content=\"summary_large_image\" \/>\n<meta name=\"twitter:title\" content=\"Rassemblement Coquelicots au Tholy vendredi 4 octobre avec d\u00e9bat autour des champignons - Gerardmer Info\" \/>\n<meta name=\"twitter:description\" content=\"Octobre, mois des champignons Conf\u00e9rence-d\u00e9bat \u00ab Les mycorhizes : une alliance essentielle pour tous les v\u00e9g\u00e9taux \u00bb Depuis cet \u00e9t\u00e9, [&hellip;]\" \/>\n<meta name=\"twitter:image\" content=\"https:\/\/vosgesinfo.fr\/app\/uploads\/sites\/6\/2024\/07\/201812coquelicots-8.jpg\" \/>\n<meta name=\"twitter:creator\" content=\"@VosgesInfo88\" \/>\n<meta name=\"twitter:site\" content=\"@VosgesInfo88\" \/>\n<meta name=\"twitter:label1\" content=\"\u00c9crit par\" \/>\n\t<meta name=\"twitter:data1\" content=\"QG\" \/>\n\t<meta name=\"twitter:label2\" content=\"Dur\u00e9e de lecture estim\u00e9e\" \/>\n\t<meta name=\"twitter:data2\" content=\"1 minute\" \/>\n<script type=\"application\/ld+json\" class=\"yoast-schema-graph\">{\"@context\":\"https:\/\/schema.org\",\"@graph\":[{\"@type\":\"Article\",\"@id\":\"https:\/\/vosgesinfo.fr\/gerardmerinfo\/2019\/10\/rassemblement-coquelicots-tholy-vendredi-4-octobre-debat-autour-champignons\/#article\",\"isPartOf\":{\"@id\":\"https:\/\/vosgesinfo.fr\/gerardmerinfo\/2019\/10\/rassemblement-coquelicots-tholy-vendredi-4-octobre-debat-autour-champignons\/\"},\"author\":{\"name\":\"QG\",\"@id\":\"https:\/\/vosgesinfo.fr\/gerardmerinfo\/#\/schema\/person\/db5605779a843dad16b5368f3e7613a5\"},\"headline\":\"Rassemblement Coquelicots au Tholy vendredi 4 octobre avec d\u00e9bat autour des champignons\",\"datePublished\":\"2019-10-01T14:02:40+00:00\",\"dateModified\":\"2019-10-01T14:02:40+00:00\",\"mainEntityOfPage\":{\"@id\":\"https:\/\/vosgesinfo.fr\/gerardmerinfo\/2019\/10\/rassemblement-coquelicots-tholy-vendredi-4-octobre-debat-autour-champignons\/\"},\"wordCount\":234,\"commentCount\":0,\"publisher\":{\"@id\":\"https:\/\/vosgesinfo.fr\/gerardmerinfo\/#organization\"},\"image\":{\"@id\":\"https:\/\/vosgesinfo.fr\/gerardmerinfo\/2019\/10\/rassemblement-coquelicots-tholy-vendredi-4-octobre-debat-autour-champignons\/#primaryimage\"},\"thumbnailUrl\":\"https:\/\/vosgesinfo.fr\/app\/uploads\/sites\/6\/2024\/07\/201812coquelicots-8.jpg\",\"keywords\":[\"nous voulons des coquelicots\"],\"articleSection\":[\"A la une\",\"Vie Associative\"],\"inLanguage\":\"fr-FR\",\"potentialAction\":[{\"@type\":\"CommentAction\",\"name\":\"Comment\",\"target\":[\"https:\/\/vosgesinfo.fr\/gerardmerinfo\/2019\/10\/rassemblement-coquelicots-tholy-vendredi-4-octobre-debat-autour-champignons\/#respond\"]}]},{\"@type\":\"WebPage\",\"@id\":\"https:\/\/vosgesinfo.fr\/gerardmerinfo\/2019\/10\/rassemblement-coquelicots-tholy-vendredi-4-octobre-debat-autour-champignons\/\",\"url\":\"https:\/\/vosgesinfo.fr\/gerardmerinfo\/2019\/10\/rassemblement-coquelicots-tholy-vendredi-4-octobre-debat-autour-champignons\/\",\"name\":\"Rassemblement Coquelicots au Tholy vendredi 4 octobre avec d\u00e9bat autour des champignons - Gerardmer Info\",\"isPartOf\":{\"@id\":\"https:\/\/vosgesinfo.fr\/gerardmerinfo\/#website\"},\"primaryImageOfPage\":{\"@id\":\"https:\/\/vosgesinfo.fr\/gerardmerinfo\/2019\/10\/rassemblement-coquelicots-tholy-vendredi-4-octobre-debat-autour-champignons\/#primaryimage\"},\"image\":{\"@id\":\"https:\/\/vosgesinfo.fr\/gerardmerinfo\/2019\/10\/rassemblement-coquelicots-tholy-vendredi-4-octobre-debat-autour-champignons\/#primaryimage\"},\"thumbnailUrl\":\"https:\/\/vosgesinfo.fr\/app\/uploads\/sites\/6\/2024\/07\/201812coquelicots-8.jpg\",\"datePublished\":\"2019-10-01T14:02:40+00:00\",\"dateModified\":\"2019-10-01T14:02:40+00:00\",\"breadcrumb\":{\"@id\":\"https:\/\/vosgesinfo.fr\/gerardmerinfo\/2019\/10\/rassemblement-coquelicots-tholy-vendredi-4-octobre-debat-autour-champignons\/#breadcrumb\"},\"inLanguage\":\"fr-FR\",\"potentialAction\":[{\"@type\":\"ReadAction\",\"target\":[\"https:\/\/vosgesinfo.fr\/gerardmerinfo\/2019\/10\/rassemblement-coquelicots-tholy-vendredi-4-octobre-debat-autour-champignons\/\"]}]},{\"@type\":\"ImageObject\",\"inLanguage\":\"fr-FR\",\"@id\":\"https:\/\/vosgesinfo.fr\/gerardmerinfo\/2019\/10\/rassemblement-coquelicots-tholy-vendredi-4-octobre-debat-autour-champignons\/#primaryimage\",\"url\":\"https:\/\/vosgesinfo.fr\/app\/uploads\/sites\/6\/2024\/07\/201812coquelicots-8.jpg\",\"contentUrl\":\"https:\/\/vosgesinfo.fr\/app\/uploads\/sites\/6\/2024\/07\/201812coquelicots-8.jpg\",\"width\":757,\"height\":800},{\"@type\":\"BreadcrumbList\",\"@id\":\"https:\/\/vosgesinfo.fr\/gerardmerinfo\/2019\/10\/rassemblement-coquelicots-tholy-vendredi-4-octobre-debat-autour-champignons\/#breadcrumb\",\"itemListElement\":[{\"@type\":\"ListItem\",\"position\":1,\"name\":\"Home\",\"item\":\"https:\/\/vosgesinfo.fr\/gerardmerinfo\/\"},{\"@type\":\"ListItem\",\"position\":2,\"name\":\"Rassemblement Coquelicots au Tholy vendredi 4 octobre avec d\u00e9bat autour des champignons\"}]},{\"@type\":\"WebSite\",\"@id\":\"https:\/\/vosgesinfo.fr\/gerardmerinfo\/#website\",\"url\":\"https:\/\/vosgesinfo.fr\/gerardmerinfo\/\",\"name\":\"Gerardmer Info\",\"description\":\"Toute l&#039;actualit\u00e9 de G\u00e9rardmer\",\"publisher\":{\"@id\":\"https:\/\/vosgesinfo.fr\/gerardmerinfo\/#organization\"},\"alternateName\":\"Toute l'actualit\u00e9 de G\u00e9rardmer\",\"potentialAction\":[{\"@type\":\"SearchAction\",\"target\":{\"@type\":\"EntryPoint\",\"urlTemplate\":\"https:\/\/vosgesinfo.fr\/gerardmerinfo\/?s={search_term_string}\"},\"query-input\":\"required name=search_term_string\"}],\"inLanguage\":\"fr-FR\"},{\"@type\":\"Organization\",\"@id\":\"https:\/\/vosgesinfo.fr\/gerardmerinfo\/#organization\",\"name\":\"Gerardmer Info\",\"url\":\"https:\/\/vosgesinfo.fr\/gerardmerinfo\/\",\"logo\":{\"@type\":\"ImageObject\",\"inLanguage\":\"fr-FR\",\"@id\":\"https:\/\/vosgesinfo.fr\/gerardmerinfo\/#\/schema\/logo\/image\/\",\"url\":\"https:\/\/vosgesinfo.fr\/app\/uploads\/sites\/6\/2023\/08\/favicon-gerardmerinfo.png\",\"contentUrl\":\"https:\/\/vosgesinfo.fr\/app\/uploads\/sites\/6\/2023\/08\/favicon-gerardmerinfo.png\",\"width\":512,\"height\":512,\"caption\":\"Gerardmer Info\"},\"image\":{\"@id\":\"https:\/\/vosgesinfo.fr\/gerardmerinfo\/#\/schema\/logo\/image\/\"},\"sameAs\":[\"https:\/\/www.facebook.com\/profile.php?id=100049475262660\",\"https:\/\/x.com\/VosgesInfo88\",\"https:\/\/www.youtube.com\/@vosgesinfo\"]},{\"@type\":\"Person\",\"@id\":\"https:\/\/vosgesinfo.fr\/gerardmerinfo\/#\/schema\/person\/db5605779a843dad16b5368f3e7613a5\",\"name\":\"QG\",\"image\":{\"@type\":\"ImageObject\",\"inLanguage\":\"fr-FR\",\"@id\":\"https:\/\/vosgesinfo.fr\/gerardmerinfo\/#\/schema\/person\/image\/\",\"url\":\"https:\/\/secure.gravatar.com\/avatar\/ea80c42c204b534408512832fde52504ecabb9706bcb6151cf6175e5b64e6793?s=96&d=mm&r=g\",\"contentUrl\":\"https:\/\/secure.gravatar.com\/avatar\/ea80c42c204b534408512832fde52504ecabb9706bcb6151cf6175e5b64e6793?s=96&d=mm&r=g\",\"caption\":\"QG\"},\"url\":\"https:\/\/vosgesinfo.fr\/gerardmerinfo\/author\/quentin88\/\"}]}<\/script>\n<!-- \/ Yoast SEO plugin. -->","yoast_head_json":{"title":"Rassemblement Coquelicots au Tholy vendredi 4 octobre avec d\u00e9bat autour des champignons - Gerardmer Info","robots":{"index":"index","follow":"follow","max-snippet":"max-snippet:-1","max-image-preview":"max-image-preview:large","max-video-preview":"max-video-preview:-1"},"canonical":"https:\/\/vosgesinfo.fr\/gerardmerinfo\/2019\/10\/rassemblement-coquelicots-tholy-vendredi-4-octobre-debat-autour-champignons\/","twitter_card":"summary_large_image","twitter_title":"Rassemblement Coquelicots au Tholy vendredi 4 octobre avec d\u00e9bat autour des champignons - Gerardmer Info","twitter_description":"Octobre, mois des champignons Conf\u00e9rence-d\u00e9bat \u00ab Les mycorhizes : une alliance essentielle pour tous les v\u00e9g\u00e9taux \u00bb Depuis cet \u00e9t\u00e9, [&hellip;]","twitter_image":"https:\/\/vosgesinfo.fr\/app\/uploads\/sites\/6\/2024\/07\/201812coquelicots-8.jpg","twitter_creator":"@VosgesInfo88","twitter_site":"@VosgesInfo88","twitter_misc":{"\u00c9crit par":"QG","Dur\u00e9e de lecture estim\u00e9e":"1 minute"},"schema":{"@context":"https:\/\/schema.org","@graph":[{"@type":"Article","@id":"https:\/\/vosgesinfo.fr\/gerardmerinfo\/2019\/10\/rassemblement-coquelicots-tholy-vendredi-4-octobre-debat-autour-champignons\/#article","isPartOf":{"@id":"https:\/\/vosgesinfo.fr\/gerardmerinfo\/2019\/10\/rassemblement-coquelicots-tholy-vendredi-4-octobre-debat-autour-champignons\/"},"author":{"name":"QG","@id":"https:\/\/vosgesinfo.fr\/gerardmerinfo\/#\/schema\/person\/db5605779a843dad16b5368f3e7613a5"},"headline":"Rassemblement Coquelicots au Tholy vendredi 4 octobre avec d\u00e9bat autour des champignons","datePublished":"2019-10-01T14:02:40+00:00","dateModified":"2019-10-01T14:02:40+00:00","mainEntityOfPage":{"@id":"https:\/\/vosgesinfo.fr\/gerardmerinfo\/2019\/10\/rassemblement-coquelicots-tholy-vendredi-4-octobre-debat-autour-champignons\/"},"wordCount":234,"commentCount":0,"publisher":{"@id":"https:\/\/vosgesinfo.fr\/gerardmerinfo\/#organization"},"image":{"@id":"https:\/\/vosgesinfo.fr\/gerardmerinfo\/2019\/10\/rassemblement-coquelicots-tholy-vendredi-4-octobre-debat-autour-champignons\/#primaryimage"},"thumbnailUrl":"https:\/\/vosgesinfo.fr\/app\/uploads\/sites\/6\/2024\/07\/201812coquelicots-8.jpg","keywords":["nous voulons des coquelicots"],"articleSection":["A la une","Vie Associative"],"inLanguage":"fr-FR","potentialAction":[{"@type":"CommentAction","name":"Comment","target":["https:\/\/vosgesinfo.fr\/gerardmerinfo\/2019\/10\/rassemblement-coquelicots-tholy-vendredi-4-octobre-debat-autour-champignons\/#respond"]}]},{"@type":"WebPage","@id":"https:\/\/vosgesinfo.fr\/gerardmerinfo\/2019\/10\/rassemblement-coquelicots-tholy-vendredi-4-octobre-debat-autour-champignons\/","url":"https:\/\/vosgesinfo.fr\/gerardmerinfo\/2019\/10\/rassemblement-coquelicots-tholy-vendredi-4-octobre-debat-autour-champignons\/","name":"Rassemblement Coquelicots au Tholy vendredi 4 octobre avec d\u00e9bat autour des champignons - Gerardmer Info","isPartOf":{"@id":"https:\/\/vosgesinfo.fr\/gerardmerinfo\/#website"},"primaryImageOfPage":{"@id":"https:\/\/vosgesinfo.fr\/gerardmerinfo\/2019\/10\/rassemblement-coquelicots-tholy-vendredi-4-octobre-debat-autour-champignons\/#primaryimage"},"image":{"@id":"https:\/\/vosgesinfo.fr\/gerardmerinfo\/2019\/10\/rassemblement-coquelicots-tholy-vendredi-4-octobre-debat-autour-champignons\/#primaryimage"},"thumbnailUrl":"https:\/\/vosgesinfo.fr\/app\/uploads\/sites\/6\/2024\/07\/201812coquelicots-8.jpg","datePublished":"2019-10-01T14:02:40+00:00","dateModified":"2019-10-01T14:02:40+00:00","breadcrumb":{"@id":"https:\/\/vosgesinfo.fr\/gerardmerinfo\/2019\/10\/rassemblement-coquelicots-tholy-vendredi-4-octobre-debat-autour-champignons\/#breadcrumb"},"inLanguage":"fr-FR","potentialAction":[{"@type":"ReadAction","target":["https:\/\/vosgesinfo.fr\/gerardmerinfo\/2019\/10\/rassemblement-coquelicots-tholy-vendredi-4-octobre-debat-autour-champignons\/"]}]},{"@type":"ImageObject","inLanguage":"fr-FR","@id":"https:\/\/vosgesinfo.fr\/gerardmerinfo\/2019\/10\/rassemblement-coquelicots-tholy-vendredi-4-octobre-debat-autour-champignons\/#primaryimage","url":"https:\/\/vosgesinfo.fr\/app\/uploads\/sites\/6\/2024\/07\/201812coquelicots-8.jpg","contentUrl":"https:\/\/vosgesinfo.fr\/app\/uploads\/sites\/6\/2024\/07\/201812coquelicots-8.jpg","width":757,"height":800},{"@type":"BreadcrumbList","@id":"https:\/\/vosgesinfo.fr\/gerardmerinfo\/2019\/10\/rassemblement-coquelicots-tholy-vendredi-4-octobre-debat-autour-champignons\/#breadcrumb","itemListElement":[{"@type":"ListItem","position":1,"name":"Home","item":"https:\/\/vosgesinfo.fr\/gerardmerinfo\/"},{"@type":"ListItem","position":2,"name":"Rassemblement Coquelicots au Tholy vendredi 4 octobre avec d\u00e9bat autour des champignons"}]},{"@type":"WebSite","@id":"https:\/\/vosgesinfo.fr\/gerardmerinfo\/#website","url":"https:\/\/vosgesinfo.fr\/gerardmerinfo\/","name":"Gerardmer Info","description":"Toute l&#039;actualit\u00e9 de G\u00e9rardmer","publisher":{"@id":"https:\/\/vosgesinfo.fr\/gerardmerinfo\/#organization"},"alternateName":"Toute l'actualit\u00e9 de G\u00e9rardmer","potentialAction":[{"@type":"SearchAction","target":{"@type":"EntryPoint","urlTemplate":"https:\/\/vosgesinfo.fr\/gerardmerinfo\/?s={search_term_string}"},"query-input":"required name=search_term_string"}],"inLanguage":"fr-FR"},{"@type":"Organization","@id":"https:\/\/vosgesinfo.fr\/gerardmerinfo\/#organization","name":"Gerardmer Info","url":"https:\/\/vosgesinfo.fr\/gerardmerinfo\/","logo":{"@type":"ImageObject","inLanguage":"fr-FR","@id":"https:\/\/vosgesinfo.fr\/gerardmerinfo\/#\/schema\/logo\/image\/","url":"https:\/\/vosgesinfo.fr\/app\/uploads\/sites\/6\/2023\/08\/favicon-gerardmerinfo.png","contentUrl":"https:\/\/vosgesinfo.fr\/app\/uploads\/sites\/6\/2023\/08\/favicon-gerardmerinfo.png","width":512,"height":512,"caption":"Gerardmer Info"},"image":{"@id":"https:\/\/vosgesinfo.fr\/gerardmerinfo\/#\/schema\/logo\/image\/"},"sameAs":["https:\/\/www.facebook.com\/profile.php?id=100049475262660","https:\/\/x.com\/VosgesInfo88","https:\/\/www.youtube.com\/@vosgesinfo"]},{"@type":"Person","@id":"https:\/\/vosgesinfo.fr\/gerardmerinfo\/#\/schema\/person\/db5605779a843dad16b5368f3e7613a5","name":"QG","image":{"@type":"ImageObject","inLanguage":"fr-FR","@id":"https:\/\/vosgesinfo.fr\/gerardmerinfo\/#\/schema\/person\/image\/","url":"https:\/\/secure.gravatar.com\/avatar\/ea80c42c204b534408512832fde52504ecabb9706bcb6151cf6175e5b64e6793?s=96&d=mm&r=g","contentUrl":"https:\/\/secure.gravatar.com\/avatar\/ea80c42c204b534408512832fde52504ecabb9706bcb6151cf6175e5b64e6793?s=96&d=mm&r=g","caption":"QG"},"url":"https:\/\/vosgesinfo.fr\/gerardmerinfo\/author\/quentin88\/"}]}},"_links":{"self":[{"href":"https:\/\/vosgesinfo.fr\/gerardmerinfo\/wp-json\/wp\/v2\/posts\/44201","targetHints":{"allow":["GET"]}}],"collection":[{"href":"https:\/\/vosgesinfo.fr\/gerardmerinfo\/wp-json\/wp\/v2\/posts"}],"about":[{"href":"https:\/\/vosgesinfo.fr\/gerardmerinfo\/wp-json\/wp\/v2\/types\/post"}],"author":[{"embeddable":true,"href":"https:\/\/vosgesinfo.fr\/gerardmerinfo\/wp-json\/wp\/v2\/users\/42"}],"replies":[{"embeddable":true,"href":"https:\/\/vosgesinfo.fr\/gerardmerinfo\/wp-json\/wp\/v2\/comments?post=44201"}],"version-history":[{"count":0,"href":"https:\/\/vosgesinfo.fr\/gerardmerinfo\/wp-json\/wp\/v2\/posts\/44201\/revisions"}],"wp:featuredmedia":[{"embeddable":true,"href":"https:\/\/vosgesinfo.fr\/gerardmerinfo\/wp-json\/wp\/v2\/media\/44202"}],"wp:attachment":[{"href":"https:\/\/vosgesinfo.fr\/gerardmerinfo\/wp-json\/wp\/v2\/media?parent=44201"}],"wp:term":[{"taxonomy":"category","embeddable":true,"href":"https:\/\/vosgesinfo.fr\/gerardmerinfo\/wp-json\/wp\/v2\/categories?post=44201"},{"taxonomy":"post_tag","embeddable":true,"href":"https:\/\/vosgesinfo.fr\/gerardmerinfo\/wp-json\/wp\/v2\/tags?post=44201"}],"curies":[{"name":"wp","href":"https:\/\/api.w.org\/{rel}","templated":true}]}}