{"id":44217,"date":"2019-10-01T16:02:54","date_gmt":"2019-10-01T14:02:54","guid":{"rendered":"https:\/\/vosgesinfo.fr\/gerardmerinfo\/2019\/10\/premiere-papicha-decentralisation-festival-film-arabe-de-fameck\/"},"modified":"2019-10-01T16:02:54","modified_gmt":"2019-10-01T14:02:54","slug":"premiere-papicha-decentralisation-festival-film-arabe-de-fameck","status":"publish","type":"post","link":"https:\/\/vosgesinfo.fr\/gerardmerinfo\/2019\/10\/premiere-papicha-decentralisation-festival-film-arabe-de-fameck\/","title":{"rendered":"Avant-premi\u00e8re \u00ab PAPICHA \u00bb &#8211; d\u00e9centralisation du Festival du Film Arabe de Fameck"},"content":{"rendered":"<h3><span style=\"font-family: Arial, sans-serif; font-size: 12pt;\"><span style=\"color: #ce181e;\"><b>Avant-premi\u00e8re de \u00ab\u00a0PAPICHA\u00a0\u00bb &#8211; d\u00e9centralisation du Festival du Film Arabe de Fameck<\/b><\/span><span style=\"color: #ce181e;\"><b> le v<\/b><\/span><span style=\"color: #ce181e;\"><b>endredi 4 octobre \u00e0 20h30<\/b><\/span><span style=\"color: #ce181e;\"><b> \u00e0 la MCL de G\u00e9rardmer.<\/b><\/span><\/span><\/h3>\n<p><span style=\"font-size: 12pt;\"><strong><a href=\"\/2019\/10\/AP_Papicha_041019.jpg\"><img decoding=\"async\" class=\"alignright size-medium wp-image-153303\" src=\"\/2019\/10\/AP_Papicha_041019-180x255.jpg\" alt=\"AP_Papicha_041019\" width=\"180\" height=\"255\" \/><\/a>Synopsis :<\/strong> <\/span><\/p>\n<p align=\"left\"><span style=\"font-size: 12pt;\">Alger, ann\u00e9es 90. Nedjma, 18 ans, \u00e9tudiante habitant la cit\u00e9 universitaire, r\u00eave de devenir styliste. A la nuit tomb\u00e9e, elle se faufile \u00e0 travers les mailles du grillage de la Cit\u00e9 avec ses meilleures amies pour rejoindre la bo\u00eete de nuit o\u00f9 elle vend ses cr\u00e9ations aux \u00a0\u00bb papichas \u00ab\u00a0, jolies jeunes filles alg\u00e9roises. La situation politique et sociale du pays ne cesse de se d\u00e9grader. Refusant cette fatalit\u00e9, Nedjma d\u00e9cide de se battre pour sa libert\u00e9 en organisant un d\u00e9fil\u00e9 de mode, bravant ainsi tous les interdits.<b><\/b><\/span><\/p>\n<p>&nbsp;<\/p>\n<p align=\"left\"><span style=\"color: #000000; font-size: 12pt;\"><span style=\"font-family: Arial, sans-serif;\"><i>Tarif Plein &#8211; 6.5\u20ac \/ Adh. MCL 5.70\u20ac \/ Moins de 16 ans : 4\u20ac<br \/>\nAchat des places en pr\u00e9-vente \u00e0 la MCL disponible d\u00e8s maintenant !<\/i><\/span><\/span><\/p>\n","protected":false},"excerpt":{"rendered":"<p>Avant-premi\u00e8re de \u00ab\u00a0PAPICHA\u00a0\u00bb &#8211; d\u00e9centralisation du Festival du Film Arabe de Fameck le vendredi 4 octobre \u00e0 20h30 \u00e0 la [&hellip;]<\/p>\n","protected":false},"author":1,"featured_media":44218,"comment_status":"open","ping_status":"open","sticky":false,"template":"","format":"standard","meta":{"footnotes":""},"categories":[20,4],"tags":[4237,236],"class_list":["post-44217","post","type-post","status-publish","format-standard","has-post-thumbnail","hentry","category-a-la-une","category-culture","tag-fameck","tag-mcl"],"acf":[],"yoast_head":"<!-- This site is optimized with the Yoast SEO plugin v22.5 - https:\/\/yoast.com\/wordpress\/plugins\/seo\/ -->\n<title>Avant-premi\u00e8re \u00ab PAPICHA \u00bb - d\u00e9centralisation du Festival du Film Arabe de Fameck - Gerardmer Info<\/title>\n<meta name=\"robots\" content=\"index, follow, max-snippet:-1, max-image-preview:large, max-video-preview:-1\" \/>\n<link rel=\"canonical\" href=\"https:\/\/vosgesinfo.fr\/gerardmerinfo\/2019\/10\/premiere-papicha-decentralisation-festival-film-arabe-de-fameck\/\" \/>\n<meta name=\"twitter:card\" content=\"summary_large_image\" \/>\n<meta name=\"twitter:title\" content=\"Avant-premi\u00e8re \u00ab PAPICHA \u00bb - d\u00e9centralisation du Festival du Film Arabe de Fameck - Gerardmer Info\" \/>\n<meta name=\"twitter:description\" content=\"Avant-premi\u00e8re de \u00ab\u00a0PAPICHA\u00a0\u00bb &#8211; d\u00e9centralisation du Festival du Film Arabe de Fameck le vendredi 4 octobre \u00e0 20h30 \u00e0 la [&hellip;]\" \/>\n<meta name=\"twitter:image\" content=\"https:\/\/vosgesinfo.fr\/app\/uploads\/sites\/6\/2024\/07\/201910ap-papicha-041019.jpg\" \/>\n<meta name=\"twitter:creator\" content=\"@VosgesInfo88\" \/>\n<meta name=\"twitter:site\" content=\"@VosgesInfo88\" \/>\n<meta name=\"twitter:label1\" content=\"\u00c9crit par\" \/>\n\t<meta name=\"twitter:data1\" content=\"qs_admin\" \/>\n\t<meta name=\"twitter:label2\" content=\"Dur\u00e9e de lecture estim\u00e9e\" \/>\n\t<meta name=\"twitter:data2\" content=\"1 minute\" \/>\n<script type=\"application\/ld+json\" class=\"yoast-schema-graph\">{\"@context\":\"https:\/\/schema.org\",\"@graph\":[{\"@type\":\"Article\",\"@id\":\"https:\/\/vosgesinfo.fr\/gerardmerinfo\/2019\/10\/premiere-papicha-decentralisation-festival-film-arabe-de-fameck\/#article\",\"isPartOf\":{\"@id\":\"https:\/\/vosgesinfo.fr\/gerardmerinfo\/2019\/10\/premiere-papicha-decentralisation-festival-film-arabe-de-fameck\/\"},\"author\":{\"name\":\"qs_admin\",\"@id\":\"https:\/\/vosgesinfo.fr\/gerardmerinfo\/#\/schema\/person\/bc5d02d71e6932e81b6dadb7386667b1\"},\"headline\":\"Avant-premi\u00e8re \u00ab PAPICHA \u00bb &#8211; d\u00e9centralisation du Festival du Film Arabe de Fameck\",\"datePublished\":\"2019-10-01T14:02:54+00:00\",\"dateModified\":\"2019-10-01T14:02:54+00:00\",\"mainEntityOfPage\":{\"@id\":\"https:\/\/vosgesinfo.fr\/gerardmerinfo\/2019\/10\/premiere-papicha-decentralisation-festival-film-arabe-de-fameck\/\"},\"wordCount\":151,\"commentCount\":0,\"publisher\":{\"@id\":\"https:\/\/vosgesinfo.fr\/gerardmerinfo\/#organization\"},\"image\":{\"@id\":\"https:\/\/vosgesinfo.fr\/gerardmerinfo\/2019\/10\/premiere-papicha-decentralisation-festival-film-arabe-de-fameck\/#primaryimage\"},\"thumbnailUrl\":\"https:\/\/vosgesinfo.fr\/app\/uploads\/sites\/6\/2024\/07\/201910ap-papicha-041019.jpg\",\"keywords\":[\"Fameck\",\"MCL\"],\"articleSection\":[\"A la une\",\"Culture\"],\"inLanguage\":\"fr-FR\",\"potentialAction\":[{\"@type\":\"CommentAction\",\"name\":\"Comment\",\"target\":[\"https:\/\/vosgesinfo.fr\/gerardmerinfo\/2019\/10\/premiere-papicha-decentralisation-festival-film-arabe-de-fameck\/#respond\"]}]},{\"@type\":\"WebPage\",\"@id\":\"https:\/\/vosgesinfo.fr\/gerardmerinfo\/2019\/10\/premiere-papicha-decentralisation-festival-film-arabe-de-fameck\/\",\"url\":\"https:\/\/vosgesinfo.fr\/gerardmerinfo\/2019\/10\/premiere-papicha-decentralisation-festival-film-arabe-de-fameck\/\",\"name\":\"Avant-premi\u00e8re \u00ab PAPICHA \u00bb - d\u00e9centralisation du Festival du Film Arabe de Fameck - Gerardmer Info\",\"isPartOf\":{\"@id\":\"https:\/\/vosgesinfo.fr\/gerardmerinfo\/#website\"},\"primaryImageOfPage\":{\"@id\":\"https:\/\/vosgesinfo.fr\/gerardmerinfo\/2019\/10\/premiere-papicha-decentralisation-festival-film-arabe-de-fameck\/#primaryimage\"},\"image\":{\"@id\":\"https:\/\/vosgesinfo.fr\/gerardmerinfo\/2019\/10\/premiere-papicha-decentralisation-festival-film-arabe-de-fameck\/#primaryimage\"},\"thumbnailUrl\":\"https:\/\/vosgesinfo.fr\/app\/uploads\/sites\/6\/2024\/07\/201910ap-papicha-041019.jpg\",\"datePublished\":\"2019-10-01T14:02:54+00:00\",\"dateModified\":\"2019-10-01T14:02:54+00:00\",\"breadcrumb\":{\"@id\":\"https:\/\/vosgesinfo.fr\/gerardmerinfo\/2019\/10\/premiere-papicha-decentralisation-festival-film-arabe-de-fameck\/#breadcrumb\"},\"inLanguage\":\"fr-FR\",\"potentialAction\":[{\"@type\":\"ReadAction\",\"target\":[\"https:\/\/vosgesinfo.fr\/gerardmerinfo\/2019\/10\/premiere-papicha-decentralisation-festival-film-arabe-de-fameck\/\"]}]},{\"@type\":\"ImageObject\",\"inLanguage\":\"fr-FR\",\"@id\":\"https:\/\/vosgesinfo.fr\/gerardmerinfo\/2019\/10\/premiere-papicha-decentralisation-festival-film-arabe-de-fameck\/#primaryimage\",\"url\":\"https:\/\/vosgesinfo.fr\/app\/uploads\/sites\/6\/2024\/07\/201910ap-papicha-041019.jpg\",\"contentUrl\":\"https:\/\/vosgesinfo.fr\/app\/uploads\/sites\/6\/2024\/07\/201910ap-papicha-041019.jpg\",\"width\":566,\"height\":800},{\"@type\":\"BreadcrumbList\",\"@id\":\"https:\/\/vosgesinfo.fr\/gerardmerinfo\/2019\/10\/premiere-papicha-decentralisation-festival-film-arabe-de-fameck\/#breadcrumb\",\"itemListElement\":[{\"@type\":\"ListItem\",\"position\":1,\"name\":\"Home\",\"item\":\"https:\/\/vosgesinfo.fr\/gerardmerinfo\/\"},{\"@type\":\"ListItem\",\"position\":2,\"name\":\"Avant-premi\u00e8re \u00ab PAPICHA \u00bb &#8211; d\u00e9centralisation du Festival du Film Arabe de Fameck\"}]},{\"@type\":\"WebSite\",\"@id\":\"https:\/\/vosgesinfo.fr\/gerardmerinfo\/#website\",\"url\":\"https:\/\/vosgesinfo.fr\/gerardmerinfo\/\",\"name\":\"Gerardmer Info\",\"description\":\"Toute l&#039;actualit\u00e9 de G\u00e9rardmer\",\"publisher\":{\"@id\":\"https:\/\/vosgesinfo.fr\/gerardmerinfo\/#organization\"},\"alternateName\":\"Toute l'actualit\u00e9 de G\u00e9rardmer\",\"potentialAction\":[{\"@type\":\"SearchAction\",\"target\":{\"@type\":\"EntryPoint\",\"urlTemplate\":\"https:\/\/vosgesinfo.fr\/gerardmerinfo\/?s={search_term_string}\"},\"query-input\":\"required name=search_term_string\"}],\"inLanguage\":\"fr-FR\"},{\"@type\":\"Organization\",\"@id\":\"https:\/\/vosgesinfo.fr\/gerardmerinfo\/#organization\",\"name\":\"Gerardmer Info\",\"url\":\"https:\/\/vosgesinfo.fr\/gerardmerinfo\/\",\"logo\":{\"@type\":\"ImageObject\",\"inLanguage\":\"fr-FR\",\"@id\":\"https:\/\/vosgesinfo.fr\/gerardmerinfo\/#\/schema\/logo\/image\/\",\"url\":\"https:\/\/vosgesinfo.fr\/app\/uploads\/sites\/6\/2023\/08\/favicon-gerardmerinfo.png\",\"contentUrl\":\"https:\/\/vosgesinfo.fr\/app\/uploads\/sites\/6\/2023\/08\/favicon-gerardmerinfo.png\",\"width\":512,\"height\":512,\"caption\":\"Gerardmer Info\"},\"image\":{\"@id\":\"https:\/\/vosgesinfo.fr\/gerardmerinfo\/#\/schema\/logo\/image\/\"},\"sameAs\":[\"https:\/\/www.facebook.com\/profile.php?id=100049475262660\",\"https:\/\/x.com\/VosgesInfo88\",\"https:\/\/www.youtube.com\/@vosgesinfo\"]},{\"@type\":\"Person\",\"@id\":\"https:\/\/vosgesinfo.fr\/gerardmerinfo\/#\/schema\/person\/bc5d02d71e6932e81b6dadb7386667b1\",\"name\":\"qs_admin\",\"image\":{\"@type\":\"ImageObject\",\"inLanguage\":\"fr-FR\",\"@id\":\"https:\/\/vosgesinfo.fr\/gerardmerinfo\/#\/schema\/person\/image\/\",\"url\":\"https:\/\/secure.gravatar.com\/avatar\/94b18ee0ed79e4a42ea2f2931277b6841a8999fc6fde214600c78057cf1fe1de?s=96&d=mm&r=g\",\"contentUrl\":\"https:\/\/secure.gravatar.com\/avatar\/94b18ee0ed79e4a42ea2f2931277b6841a8999fc6fde214600c78057cf1fe1de?s=96&d=mm&r=g\",\"caption\":\"qs_admin\"},\"sameAs\":[\"https:\/\/vosgesinfo.fr\/wp\"],\"url\":\"https:\/\/vosgesinfo.fr\/gerardmerinfo\/author\/qs_admin\/\"}]}<\/script>\n<!-- \/ Yoast SEO plugin. -->","yoast_head_json":{"title":"Avant-premi\u00e8re \u00ab PAPICHA \u00bb - d\u00e9centralisation du Festival du Film Arabe de Fameck - Gerardmer Info","robots":{"index":"index","follow":"follow","max-snippet":"max-snippet:-1","max-image-preview":"max-image-preview:large","max-video-preview":"max-video-preview:-1"},"canonical":"https:\/\/vosgesinfo.fr\/gerardmerinfo\/2019\/10\/premiere-papicha-decentralisation-festival-film-arabe-de-fameck\/","twitter_card":"summary_large_image","twitter_title":"Avant-premi\u00e8re \u00ab PAPICHA \u00bb - d\u00e9centralisation du Festival du Film Arabe de Fameck - Gerardmer Info","twitter_description":"Avant-premi\u00e8re de \u00ab\u00a0PAPICHA\u00a0\u00bb &#8211; d\u00e9centralisation du Festival du Film Arabe de Fameck le vendredi 4 octobre \u00e0 20h30 \u00e0 la [&hellip;]","twitter_image":"https:\/\/vosgesinfo.fr\/app\/uploads\/sites\/6\/2024\/07\/201910ap-papicha-041019.jpg","twitter_creator":"@VosgesInfo88","twitter_site":"@VosgesInfo88","twitter_misc":{"\u00c9crit par":"qs_admin","Dur\u00e9e de lecture estim\u00e9e":"1 minute"},"schema":{"@context":"https:\/\/schema.org","@graph":[{"@type":"Article","@id":"https:\/\/vosgesinfo.fr\/gerardmerinfo\/2019\/10\/premiere-papicha-decentralisation-festival-film-arabe-de-fameck\/#article","isPartOf":{"@id":"https:\/\/vosgesinfo.fr\/gerardmerinfo\/2019\/10\/premiere-papicha-decentralisation-festival-film-arabe-de-fameck\/"},"author":{"name":"qs_admin","@id":"https:\/\/vosgesinfo.fr\/gerardmerinfo\/#\/schema\/person\/bc5d02d71e6932e81b6dadb7386667b1"},"headline":"Avant-premi\u00e8re \u00ab PAPICHA \u00bb &#8211; d\u00e9centralisation du Festival du Film Arabe de Fameck","datePublished":"2019-10-01T14:02:54+00:00","dateModified":"2019-10-01T14:02:54+00:00","mainEntityOfPage":{"@id":"https:\/\/vosgesinfo.fr\/gerardmerinfo\/2019\/10\/premiere-papicha-decentralisation-festival-film-arabe-de-fameck\/"},"wordCount":151,"commentCount":0,"publisher":{"@id":"https:\/\/vosgesinfo.fr\/gerardmerinfo\/#organization"},"image":{"@id":"https:\/\/vosgesinfo.fr\/gerardmerinfo\/2019\/10\/premiere-papicha-decentralisation-festival-film-arabe-de-fameck\/#primaryimage"},"thumbnailUrl":"https:\/\/vosgesinfo.fr\/app\/uploads\/sites\/6\/2024\/07\/201910ap-papicha-041019.jpg","keywords":["Fameck","MCL"],"articleSection":["A la une","Culture"],"inLanguage":"fr-FR","potentialAction":[{"@type":"CommentAction","name":"Comment","target":["https:\/\/vosgesinfo.fr\/gerardmerinfo\/2019\/10\/premiere-papicha-decentralisation-festival-film-arabe-de-fameck\/#respond"]}]},{"@type":"WebPage","@id":"https:\/\/vosgesinfo.fr\/gerardmerinfo\/2019\/10\/premiere-papicha-decentralisation-festival-film-arabe-de-fameck\/","url":"https:\/\/vosgesinfo.fr\/gerardmerinfo\/2019\/10\/premiere-papicha-decentralisation-festival-film-arabe-de-fameck\/","name":"Avant-premi\u00e8re \u00ab PAPICHA \u00bb - d\u00e9centralisation du Festival du Film Arabe de Fameck - Gerardmer Info","isPartOf":{"@id":"https:\/\/vosgesinfo.fr\/gerardmerinfo\/#website"},"primaryImageOfPage":{"@id":"https:\/\/vosgesinfo.fr\/gerardmerinfo\/2019\/10\/premiere-papicha-decentralisation-festival-film-arabe-de-fameck\/#primaryimage"},"image":{"@id":"https:\/\/vosgesinfo.fr\/gerardmerinfo\/2019\/10\/premiere-papicha-decentralisation-festival-film-arabe-de-fameck\/#primaryimage"},"thumbnailUrl":"https:\/\/vosgesinfo.fr\/app\/uploads\/sites\/6\/2024\/07\/201910ap-papicha-041019.jpg","datePublished":"2019-10-01T14:02:54+00:00","dateModified":"2019-10-01T14:02:54+00:00","breadcrumb":{"@id":"https:\/\/vosgesinfo.fr\/gerardmerinfo\/2019\/10\/premiere-papicha-decentralisation-festival-film-arabe-de-fameck\/#breadcrumb"},"inLanguage":"fr-FR","potentialAction":[{"@type":"ReadAction","target":["https:\/\/vosgesinfo.fr\/gerardmerinfo\/2019\/10\/premiere-papicha-decentralisation-festival-film-arabe-de-fameck\/"]}]},{"@type":"ImageObject","inLanguage":"fr-FR","@id":"https:\/\/vosgesinfo.fr\/gerardmerinfo\/2019\/10\/premiere-papicha-decentralisation-festival-film-arabe-de-fameck\/#primaryimage","url":"https:\/\/vosgesinfo.fr\/app\/uploads\/sites\/6\/2024\/07\/201910ap-papicha-041019.jpg","contentUrl":"https:\/\/vosgesinfo.fr\/app\/uploads\/sites\/6\/2024\/07\/201910ap-papicha-041019.jpg","width":566,"height":800},{"@type":"BreadcrumbList","@id":"https:\/\/vosgesinfo.fr\/gerardmerinfo\/2019\/10\/premiere-papicha-decentralisation-festival-film-arabe-de-fameck\/#breadcrumb","itemListElement":[{"@type":"ListItem","position":1,"name":"Home","item":"https:\/\/vosgesinfo.fr\/gerardmerinfo\/"},{"@type":"ListItem","position":2,"name":"Avant-premi\u00e8re \u00ab PAPICHA \u00bb &#8211; d\u00e9centralisation du Festival du Film Arabe de Fameck"}]},{"@type":"WebSite","@id":"https:\/\/vosgesinfo.fr\/gerardmerinfo\/#website","url":"https:\/\/vosgesinfo.fr\/gerardmerinfo\/","name":"Gerardmer Info","description":"Toute l&#039;actualit\u00e9 de G\u00e9rardmer","publisher":{"@id":"https:\/\/vosgesinfo.fr\/gerardmerinfo\/#organization"},"alternateName":"Toute l'actualit\u00e9 de G\u00e9rardmer","potentialAction":[{"@type":"SearchAction","target":{"@type":"EntryPoint","urlTemplate":"https:\/\/vosgesinfo.fr\/gerardmerinfo\/?s={search_term_string}"},"query-input":"required name=search_term_string"}],"inLanguage":"fr-FR"},{"@type":"Organization","@id":"https:\/\/vosgesinfo.fr\/gerardmerinfo\/#organization","name":"Gerardmer Info","url":"https:\/\/vosgesinfo.fr\/gerardmerinfo\/","logo":{"@type":"ImageObject","inLanguage":"fr-FR","@id":"https:\/\/vosgesinfo.fr\/gerardmerinfo\/#\/schema\/logo\/image\/","url":"https:\/\/vosgesinfo.fr\/app\/uploads\/sites\/6\/2023\/08\/favicon-gerardmerinfo.png","contentUrl":"https:\/\/vosgesinfo.fr\/app\/uploads\/sites\/6\/2023\/08\/favicon-gerardmerinfo.png","width":512,"height":512,"caption":"Gerardmer Info"},"image":{"@id":"https:\/\/vosgesinfo.fr\/gerardmerinfo\/#\/schema\/logo\/image\/"},"sameAs":["https:\/\/www.facebook.com\/profile.php?id=100049475262660","https:\/\/x.com\/VosgesInfo88","https:\/\/www.youtube.com\/@vosgesinfo"]},{"@type":"Person","@id":"https:\/\/vosgesinfo.fr\/gerardmerinfo\/#\/schema\/person\/bc5d02d71e6932e81b6dadb7386667b1","name":"qs_admin","image":{"@type":"ImageObject","inLanguage":"fr-FR","@id":"https:\/\/vosgesinfo.fr\/gerardmerinfo\/#\/schema\/person\/image\/","url":"https:\/\/secure.gravatar.com\/avatar\/94b18ee0ed79e4a42ea2f2931277b6841a8999fc6fde214600c78057cf1fe1de?s=96&d=mm&r=g","contentUrl":"https:\/\/secure.gravatar.com\/avatar\/94b18ee0ed79e4a42ea2f2931277b6841a8999fc6fde214600c78057cf1fe1de?s=96&d=mm&r=g","caption":"qs_admin"},"sameAs":["https:\/\/vosgesinfo.fr\/wp"],"url":"https:\/\/vosgesinfo.fr\/gerardmerinfo\/author\/qs_admin\/"}]}},"_links":{"self":[{"href":"https:\/\/vosgesinfo.fr\/gerardmerinfo\/wp-json\/wp\/v2\/posts\/44217","targetHints":{"allow":["GET"]}}],"collection":[{"href":"https:\/\/vosgesinfo.fr\/gerardmerinfo\/wp-json\/wp\/v2\/posts"}],"about":[{"href":"https:\/\/vosgesinfo.fr\/gerardmerinfo\/wp-json\/wp\/v2\/types\/post"}],"author":[{"embeddable":true,"href":"https:\/\/vosgesinfo.fr\/gerardmerinfo\/wp-json\/wp\/v2\/users\/1"}],"replies":[{"embeddable":true,"href":"https:\/\/vosgesinfo.fr\/gerardmerinfo\/wp-json\/wp\/v2\/comments?post=44217"}],"version-history":[{"count":0,"href":"https:\/\/vosgesinfo.fr\/gerardmerinfo\/wp-json\/wp\/v2\/posts\/44217\/revisions"}],"wp:featuredmedia":[{"embeddable":true,"href":"https:\/\/vosgesinfo.fr\/gerardmerinfo\/wp-json\/wp\/v2\/media\/44218"}],"wp:attachment":[{"href":"https:\/\/vosgesinfo.fr\/gerardmerinfo\/wp-json\/wp\/v2\/media?parent=44217"}],"wp:term":[{"taxonomy":"category","embeddable":true,"href":"https:\/\/vosgesinfo.fr\/gerardmerinfo\/wp-json\/wp\/v2\/categories?post=44217"},{"taxonomy":"post_tag","embeddable":true,"href":"https:\/\/vosgesinfo.fr\/gerardmerinfo\/wp-json\/wp\/v2\/tags?post=44217"}],"curies":[{"name":"wp","href":"https:\/\/api.w.org\/{rel}","templated":true}]}}