{"id":44273,"date":"2019-10-04T16:28:12","date_gmt":"2019-10-04T14:28:12","guid":{"rendered":"https:\/\/vosgesinfo.fr\/gerardmerinfo\/2019\/10\/exposition-de-leon-defranoux-perle-vosges-toile\/"},"modified":"2019-10-04T16:28:12","modified_gmt":"2019-10-04T14:28:12","slug":"exposition-de-leon-defranoux-perle-vosges-toile","status":"publish","type":"post","link":"https:\/\/vosgesinfo.fr\/gerardmerinfo\/2019\/10\/exposition-de-leon-defranoux-perle-vosges-toile\/","title":{"rendered":"Exposition de L\u00e9on Defranoux : la Perle des Vosges sur une toile"},"content":{"rendered":"\n<h3 class=\"x_MsoNormal\">En effet, n&rsquo;attendez pas la derni\u00e8re minute pour vous rendre \u00e0 l&rsquo;ancienne \u00e9cole du Ph\u00e9ny o\u00f9 l&rsquo;association du hameau vous propose une exposition de tableaux de L\u00e9on DEFRANOUX, peintre local et amoureux de la nature qui v\u00e9cut dans la premi\u00e8re moiti\u00e9\u00a0 du si\u00e8cle dernier<b>.<\/b><\/h3>\n<p class=\"x_MsoNormal\">Son terrain de jeu favori : le\u00a0 Ph\u00e9ny et Ramberchamp, logique me direz-vous pour celui qui vivait vraisemblablement \u00e0 \u00ab\u00a0Chacou\u00a0\u00bb pr\u00e8s de Monplaisir, et don le p\u00e8re travaillait chez Simonin-Cuny. Mais il a transport\u00e9 son petit mat\u00e9riel de peintre un peu partout \u00e0 G\u00e9rardmer, ce qui vous permettra par exemple de red\u00e9couvrir certains lieux et certaines b\u00e2tisses d&rsquo;\u00e9poque, \u00e0 l&rsquo;image de la fameuse maison \u00ab\u00a0Rota\u00a0\u00bb qui fut malheureusement ras\u00e9e (quartier du Vieux G\u00e9rardmer, derri\u00e8re l&rsquo;actuelle boucherie) au grand dam de Suzanne Rattaire notamment, qui n&rsquo;avait pu emp\u00eacher cette destruction.<\/p>\n<p class=\"x_MsoNormal\">Bref, c&rsquo;est tout un pan de l&rsquo;histoire locale qui s&rsquo;offre \u00e0 vous pendant ce week-end (et ce week-end uniquement !!) gr\u00e2ce \u00e0 l&rsquo;aimable collaboration des propri\u00e9taires des tableaux. Des toiles qui s&rsquo;\u00e9taient dispers\u00e9es \u00e0 la mort de l&rsquo;artiste : c&rsquo;est le fr\u00e8re de L\u00e9on Defranoux qui avait ainsi h\u00e9rit\u00e9 d&rsquo;environ 500 tableaux, pr\u00e9sent\u00e9s par la suite \u00e0 l&rsquo;occasion d&rsquo;une expo-vente \u00e0 la MCL locale. En 1987, la Ville de G\u00e9rardmer, par l&rsquo;interm\u00e9diaire de Gilles Durand, faisait alors l&rsquo;acquisition d&rsquo;une trentaine de toiles pour 2 millions de centimes. \u00ab\u00a0Je me souviens, Pierre Cuny avait achet\u00e9 la palette du peintre !\u00a0\u00bb pr\u00e9cise Gilles Durand. Certains de ces tableaux ont donc \u00e9t\u00e9 retrouv\u00e9s, parfois en bon \u00e9tat, parfois apr\u00e8s avoir pris la poussi\u00e8re, voire l&rsquo;eau dans le sous-sol de la m\u00e9diath\u00e8que. Certains sont magnifiquement encadr\u00e9s, d&rsquo;autres pris entre 4 bouts de bois&#8230; Mais qu&rsquo;importe le flacon pourvu qu&rsquo;il y ait l&rsquo;ivresse !<\/p>\n<p class=\"x_MsoNormal\">Exposition visible <b>les 5 et 6 octobre<\/b> de 10h \u00e0 19h en entr\u00e9e libre \u00e0 l&rsquo;ancienne \u00e9cole du Ph\u00e9ny. Une buvette vous accueillera sur place.<\/p>\n","protected":false},"excerpt":{"rendered":"<p>En effet, n&rsquo;attendez pas la derni\u00e8re minute pour vous rendre \u00e0 l&rsquo;ancienne \u00e9cole du Ph\u00e9ny o\u00f9 l&rsquo;association du hameau vous [&hellip;]<\/p>\n","protected":false},"author":42,"featured_media":44274,"comment_status":"open","ping_status":"open","sticky":false,"template":"","format":"standard","meta":{"footnotes":""},"categories":[20,4,25],"tags":[520,4240],"class_list":["post-44273","post","type-post","status-publish","format-standard","has-post-thumbnail","hentry","category-a-la-une","category-culture","category-gerardmer","tag-ecole-du-pheny","tag-leon-defranoux"],"acf":[],"yoast_head":"<!-- This site is optimized with the Yoast SEO plugin v22.5 - https:\/\/yoast.com\/wordpress\/plugins\/seo\/ -->\n<title>Exposition de L\u00e9on Defranoux : la Perle des Vosges sur une toile - Gerardmer Info<\/title>\n<meta name=\"robots\" content=\"index, follow, max-snippet:-1, max-image-preview:large, max-video-preview:-1\" \/>\n<link rel=\"canonical\" href=\"https:\/\/vosgesinfo.fr\/gerardmerinfo\/2019\/10\/exposition-de-leon-defranoux-perle-vosges-toile\/\" \/>\n<meta name=\"twitter:card\" content=\"summary_large_image\" \/>\n<meta name=\"twitter:title\" content=\"Exposition de L\u00e9on Defranoux : la Perle des Vosges sur une toile - Gerardmer Info\" \/>\n<meta name=\"twitter:description\" content=\"En effet, n&rsquo;attendez pas la derni\u00e8re minute pour vous rendre \u00e0 l&rsquo;ancienne \u00e9cole du Ph\u00e9ny o\u00f9 l&rsquo;association du hameau vous [&hellip;]\" \/>\n<meta name=\"twitter:image\" content=\"https:\/\/vosgesinfo.fr\/app\/uploads\/sites\/6\/2024\/07\/201910expo-leon-defranoux-pheny-2.jpg\" \/>\n<meta name=\"twitter:creator\" content=\"@VosgesInfo88\" \/>\n<meta name=\"twitter:site\" content=\"@VosgesInfo88\" \/>\n<meta name=\"twitter:label1\" content=\"\u00c9crit par\" \/>\n\t<meta name=\"twitter:data1\" content=\"QG\" \/>\n\t<meta name=\"twitter:label2\" content=\"Dur\u00e9e de lecture estim\u00e9e\" \/>\n\t<meta name=\"twitter:data2\" content=\"2 minutes\" \/>\n<script type=\"application\/ld+json\" class=\"yoast-schema-graph\">{\"@context\":\"https:\/\/schema.org\",\"@graph\":[{\"@type\":\"Article\",\"@id\":\"https:\/\/vosgesinfo.fr\/gerardmerinfo\/2019\/10\/exposition-de-leon-defranoux-perle-vosges-toile\/#article\",\"isPartOf\":{\"@id\":\"https:\/\/vosgesinfo.fr\/gerardmerinfo\/2019\/10\/exposition-de-leon-defranoux-perle-vosges-toile\/\"},\"author\":{\"name\":\"QG\",\"@id\":\"https:\/\/vosgesinfo.fr\/gerardmerinfo\/#\/schema\/person\/db5605779a843dad16b5368f3e7613a5\"},\"headline\":\"Exposition de L\u00e9on Defranoux : la Perle des Vosges sur une toile\",\"datePublished\":\"2019-10-04T14:28:12+00:00\",\"dateModified\":\"2019-10-04T14:28:12+00:00\",\"mainEntityOfPage\":{\"@id\":\"https:\/\/vosgesinfo.fr\/gerardmerinfo\/2019\/10\/exposition-de-leon-defranoux-perle-vosges-toile\/\"},\"wordCount\":367,\"commentCount\":0,\"publisher\":{\"@id\":\"https:\/\/vosgesinfo.fr\/gerardmerinfo\/#organization\"},\"image\":{\"@id\":\"https:\/\/vosgesinfo.fr\/gerardmerinfo\/2019\/10\/exposition-de-leon-defranoux-perle-vosges-toile\/#primaryimage\"},\"thumbnailUrl\":\"https:\/\/vosgesinfo.fr\/app\/uploads\/sites\/6\/2024\/07\/201910expo-leon-defranoux-pheny-2.jpg\",\"keywords\":[\"\u00e9cole du ph\u00e9ny\",\"L\u00e9on Defranoux\"],\"articleSection\":[\"A la une\",\"Culture\",\"G\u00e9rardmer\"],\"inLanguage\":\"fr-FR\",\"potentialAction\":[{\"@type\":\"CommentAction\",\"name\":\"Comment\",\"target\":[\"https:\/\/vosgesinfo.fr\/gerardmerinfo\/2019\/10\/exposition-de-leon-defranoux-perle-vosges-toile\/#respond\"]}]},{\"@type\":\"WebPage\",\"@id\":\"https:\/\/vosgesinfo.fr\/gerardmerinfo\/2019\/10\/exposition-de-leon-defranoux-perle-vosges-toile\/\",\"url\":\"https:\/\/vosgesinfo.fr\/gerardmerinfo\/2019\/10\/exposition-de-leon-defranoux-perle-vosges-toile\/\",\"name\":\"Exposition de L\u00e9on Defranoux : la Perle des Vosges sur une toile - Gerardmer Info\",\"isPartOf\":{\"@id\":\"https:\/\/vosgesinfo.fr\/gerardmerinfo\/#website\"},\"primaryImageOfPage\":{\"@id\":\"https:\/\/vosgesinfo.fr\/gerardmerinfo\/2019\/10\/exposition-de-leon-defranoux-perle-vosges-toile\/#primaryimage\"},\"image\":{\"@id\":\"https:\/\/vosgesinfo.fr\/gerardmerinfo\/2019\/10\/exposition-de-leon-defranoux-perle-vosges-toile\/#primaryimage\"},\"thumbnailUrl\":\"https:\/\/vosgesinfo.fr\/app\/uploads\/sites\/6\/2024\/07\/201910expo-leon-defranoux-pheny-2.jpg\",\"datePublished\":\"2019-10-04T14:28:12+00:00\",\"dateModified\":\"2019-10-04T14:28:12+00:00\",\"breadcrumb\":{\"@id\":\"https:\/\/vosgesinfo.fr\/gerardmerinfo\/2019\/10\/exposition-de-leon-defranoux-perle-vosges-toile\/#breadcrumb\"},\"inLanguage\":\"fr-FR\",\"potentialAction\":[{\"@type\":\"ReadAction\",\"target\":[\"https:\/\/vosgesinfo.fr\/gerardmerinfo\/2019\/10\/exposition-de-leon-defranoux-perle-vosges-toile\/\"]}]},{\"@type\":\"ImageObject\",\"inLanguage\":\"fr-FR\",\"@id\":\"https:\/\/vosgesinfo.fr\/gerardmerinfo\/2019\/10\/exposition-de-leon-defranoux-perle-vosges-toile\/#primaryimage\",\"url\":\"https:\/\/vosgesinfo.fr\/app\/uploads\/sites\/6\/2024\/07\/201910expo-leon-defranoux-pheny-2.jpg\",\"contentUrl\":\"https:\/\/vosgesinfo.fr\/app\/uploads\/sites\/6\/2024\/07\/201910expo-leon-defranoux-pheny-2.jpg\",\"width\":800,\"height\":600},{\"@type\":\"BreadcrumbList\",\"@id\":\"https:\/\/vosgesinfo.fr\/gerardmerinfo\/2019\/10\/exposition-de-leon-defranoux-perle-vosges-toile\/#breadcrumb\",\"itemListElement\":[{\"@type\":\"ListItem\",\"position\":1,\"name\":\"Home\",\"item\":\"https:\/\/vosgesinfo.fr\/gerardmerinfo\/\"},{\"@type\":\"ListItem\",\"position\":2,\"name\":\"Exposition de L\u00e9on Defranoux : la Perle des Vosges sur une toile\"}]},{\"@type\":\"WebSite\",\"@id\":\"https:\/\/vosgesinfo.fr\/gerardmerinfo\/#website\",\"url\":\"https:\/\/vosgesinfo.fr\/gerardmerinfo\/\",\"name\":\"Gerardmer Info\",\"description\":\"Toute l&#039;actualit\u00e9 de G\u00e9rardmer\",\"publisher\":{\"@id\":\"https:\/\/vosgesinfo.fr\/gerardmerinfo\/#organization\"},\"alternateName\":\"Toute l'actualit\u00e9 de G\u00e9rardmer\",\"potentialAction\":[{\"@type\":\"SearchAction\",\"target\":{\"@type\":\"EntryPoint\",\"urlTemplate\":\"https:\/\/vosgesinfo.fr\/gerardmerinfo\/?s={search_term_string}\"},\"query-input\":\"required name=search_term_string\"}],\"inLanguage\":\"fr-FR\"},{\"@type\":\"Organization\",\"@id\":\"https:\/\/vosgesinfo.fr\/gerardmerinfo\/#organization\",\"name\":\"Gerardmer Info\",\"url\":\"https:\/\/vosgesinfo.fr\/gerardmerinfo\/\",\"logo\":{\"@type\":\"ImageObject\",\"inLanguage\":\"fr-FR\",\"@id\":\"https:\/\/vosgesinfo.fr\/gerardmerinfo\/#\/schema\/logo\/image\/\",\"url\":\"https:\/\/vosgesinfo.fr\/app\/uploads\/sites\/6\/2023\/08\/favicon-gerardmerinfo.png\",\"contentUrl\":\"https:\/\/vosgesinfo.fr\/app\/uploads\/sites\/6\/2023\/08\/favicon-gerardmerinfo.png\",\"width\":512,\"height\":512,\"caption\":\"Gerardmer Info\"},\"image\":{\"@id\":\"https:\/\/vosgesinfo.fr\/gerardmerinfo\/#\/schema\/logo\/image\/\"},\"sameAs\":[\"https:\/\/www.facebook.com\/profile.php?id=100049475262660\",\"https:\/\/x.com\/VosgesInfo88\",\"https:\/\/www.youtube.com\/@vosgesinfo\"]},{\"@type\":\"Person\",\"@id\":\"https:\/\/vosgesinfo.fr\/gerardmerinfo\/#\/schema\/person\/db5605779a843dad16b5368f3e7613a5\",\"name\":\"QG\",\"image\":{\"@type\":\"ImageObject\",\"inLanguage\":\"fr-FR\",\"@id\":\"https:\/\/vosgesinfo.fr\/gerardmerinfo\/#\/schema\/person\/image\/\",\"url\":\"https:\/\/secure.gravatar.com\/avatar\/ea80c42c204b534408512832fde52504ecabb9706bcb6151cf6175e5b64e6793?s=96&d=mm&r=g\",\"contentUrl\":\"https:\/\/secure.gravatar.com\/avatar\/ea80c42c204b534408512832fde52504ecabb9706bcb6151cf6175e5b64e6793?s=96&d=mm&r=g\",\"caption\":\"QG\"},\"url\":\"https:\/\/vosgesinfo.fr\/gerardmerinfo\/author\/quentin88\/\"}]}<\/script>\n<!-- \/ Yoast SEO plugin. -->","yoast_head_json":{"title":"Exposition de L\u00e9on Defranoux : la Perle des Vosges sur une toile - Gerardmer Info","robots":{"index":"index","follow":"follow","max-snippet":"max-snippet:-1","max-image-preview":"max-image-preview:large","max-video-preview":"max-video-preview:-1"},"canonical":"https:\/\/vosgesinfo.fr\/gerardmerinfo\/2019\/10\/exposition-de-leon-defranoux-perle-vosges-toile\/","twitter_card":"summary_large_image","twitter_title":"Exposition de L\u00e9on Defranoux : la Perle des Vosges sur une toile - Gerardmer Info","twitter_description":"En effet, n&rsquo;attendez pas la derni\u00e8re minute pour vous rendre \u00e0 l&rsquo;ancienne \u00e9cole du Ph\u00e9ny o\u00f9 l&rsquo;association du hameau vous [&hellip;]","twitter_image":"https:\/\/vosgesinfo.fr\/app\/uploads\/sites\/6\/2024\/07\/201910expo-leon-defranoux-pheny-2.jpg","twitter_creator":"@VosgesInfo88","twitter_site":"@VosgesInfo88","twitter_misc":{"\u00c9crit par":"QG","Dur\u00e9e de lecture estim\u00e9e":"2 minutes"},"schema":{"@context":"https:\/\/schema.org","@graph":[{"@type":"Article","@id":"https:\/\/vosgesinfo.fr\/gerardmerinfo\/2019\/10\/exposition-de-leon-defranoux-perle-vosges-toile\/#article","isPartOf":{"@id":"https:\/\/vosgesinfo.fr\/gerardmerinfo\/2019\/10\/exposition-de-leon-defranoux-perle-vosges-toile\/"},"author":{"name":"QG","@id":"https:\/\/vosgesinfo.fr\/gerardmerinfo\/#\/schema\/person\/db5605779a843dad16b5368f3e7613a5"},"headline":"Exposition de L\u00e9on Defranoux : la Perle des Vosges sur une toile","datePublished":"2019-10-04T14:28:12+00:00","dateModified":"2019-10-04T14:28:12+00:00","mainEntityOfPage":{"@id":"https:\/\/vosgesinfo.fr\/gerardmerinfo\/2019\/10\/exposition-de-leon-defranoux-perle-vosges-toile\/"},"wordCount":367,"commentCount":0,"publisher":{"@id":"https:\/\/vosgesinfo.fr\/gerardmerinfo\/#organization"},"image":{"@id":"https:\/\/vosgesinfo.fr\/gerardmerinfo\/2019\/10\/exposition-de-leon-defranoux-perle-vosges-toile\/#primaryimage"},"thumbnailUrl":"https:\/\/vosgesinfo.fr\/app\/uploads\/sites\/6\/2024\/07\/201910expo-leon-defranoux-pheny-2.jpg","keywords":["\u00e9cole du ph\u00e9ny","L\u00e9on Defranoux"],"articleSection":["A la une","Culture","G\u00e9rardmer"],"inLanguage":"fr-FR","potentialAction":[{"@type":"CommentAction","name":"Comment","target":["https:\/\/vosgesinfo.fr\/gerardmerinfo\/2019\/10\/exposition-de-leon-defranoux-perle-vosges-toile\/#respond"]}]},{"@type":"WebPage","@id":"https:\/\/vosgesinfo.fr\/gerardmerinfo\/2019\/10\/exposition-de-leon-defranoux-perle-vosges-toile\/","url":"https:\/\/vosgesinfo.fr\/gerardmerinfo\/2019\/10\/exposition-de-leon-defranoux-perle-vosges-toile\/","name":"Exposition de L\u00e9on Defranoux : la Perle des Vosges sur une toile - Gerardmer Info","isPartOf":{"@id":"https:\/\/vosgesinfo.fr\/gerardmerinfo\/#website"},"primaryImageOfPage":{"@id":"https:\/\/vosgesinfo.fr\/gerardmerinfo\/2019\/10\/exposition-de-leon-defranoux-perle-vosges-toile\/#primaryimage"},"image":{"@id":"https:\/\/vosgesinfo.fr\/gerardmerinfo\/2019\/10\/exposition-de-leon-defranoux-perle-vosges-toile\/#primaryimage"},"thumbnailUrl":"https:\/\/vosgesinfo.fr\/app\/uploads\/sites\/6\/2024\/07\/201910expo-leon-defranoux-pheny-2.jpg","datePublished":"2019-10-04T14:28:12+00:00","dateModified":"2019-10-04T14:28:12+00:00","breadcrumb":{"@id":"https:\/\/vosgesinfo.fr\/gerardmerinfo\/2019\/10\/exposition-de-leon-defranoux-perle-vosges-toile\/#breadcrumb"},"inLanguage":"fr-FR","potentialAction":[{"@type":"ReadAction","target":["https:\/\/vosgesinfo.fr\/gerardmerinfo\/2019\/10\/exposition-de-leon-defranoux-perle-vosges-toile\/"]}]},{"@type":"ImageObject","inLanguage":"fr-FR","@id":"https:\/\/vosgesinfo.fr\/gerardmerinfo\/2019\/10\/exposition-de-leon-defranoux-perle-vosges-toile\/#primaryimage","url":"https:\/\/vosgesinfo.fr\/app\/uploads\/sites\/6\/2024\/07\/201910expo-leon-defranoux-pheny-2.jpg","contentUrl":"https:\/\/vosgesinfo.fr\/app\/uploads\/sites\/6\/2024\/07\/201910expo-leon-defranoux-pheny-2.jpg","width":800,"height":600},{"@type":"BreadcrumbList","@id":"https:\/\/vosgesinfo.fr\/gerardmerinfo\/2019\/10\/exposition-de-leon-defranoux-perle-vosges-toile\/#breadcrumb","itemListElement":[{"@type":"ListItem","position":1,"name":"Home","item":"https:\/\/vosgesinfo.fr\/gerardmerinfo\/"},{"@type":"ListItem","position":2,"name":"Exposition de L\u00e9on Defranoux : la Perle des Vosges sur une toile"}]},{"@type":"WebSite","@id":"https:\/\/vosgesinfo.fr\/gerardmerinfo\/#website","url":"https:\/\/vosgesinfo.fr\/gerardmerinfo\/","name":"Gerardmer Info","description":"Toute l&#039;actualit\u00e9 de G\u00e9rardmer","publisher":{"@id":"https:\/\/vosgesinfo.fr\/gerardmerinfo\/#organization"},"alternateName":"Toute l'actualit\u00e9 de G\u00e9rardmer","potentialAction":[{"@type":"SearchAction","target":{"@type":"EntryPoint","urlTemplate":"https:\/\/vosgesinfo.fr\/gerardmerinfo\/?s={search_term_string}"},"query-input":"required name=search_term_string"}],"inLanguage":"fr-FR"},{"@type":"Organization","@id":"https:\/\/vosgesinfo.fr\/gerardmerinfo\/#organization","name":"Gerardmer Info","url":"https:\/\/vosgesinfo.fr\/gerardmerinfo\/","logo":{"@type":"ImageObject","inLanguage":"fr-FR","@id":"https:\/\/vosgesinfo.fr\/gerardmerinfo\/#\/schema\/logo\/image\/","url":"https:\/\/vosgesinfo.fr\/app\/uploads\/sites\/6\/2023\/08\/favicon-gerardmerinfo.png","contentUrl":"https:\/\/vosgesinfo.fr\/app\/uploads\/sites\/6\/2023\/08\/favicon-gerardmerinfo.png","width":512,"height":512,"caption":"Gerardmer Info"},"image":{"@id":"https:\/\/vosgesinfo.fr\/gerardmerinfo\/#\/schema\/logo\/image\/"},"sameAs":["https:\/\/www.facebook.com\/profile.php?id=100049475262660","https:\/\/x.com\/VosgesInfo88","https:\/\/www.youtube.com\/@vosgesinfo"]},{"@type":"Person","@id":"https:\/\/vosgesinfo.fr\/gerardmerinfo\/#\/schema\/person\/db5605779a843dad16b5368f3e7613a5","name":"QG","image":{"@type":"ImageObject","inLanguage":"fr-FR","@id":"https:\/\/vosgesinfo.fr\/gerardmerinfo\/#\/schema\/person\/image\/","url":"https:\/\/secure.gravatar.com\/avatar\/ea80c42c204b534408512832fde52504ecabb9706bcb6151cf6175e5b64e6793?s=96&d=mm&r=g","contentUrl":"https:\/\/secure.gravatar.com\/avatar\/ea80c42c204b534408512832fde52504ecabb9706bcb6151cf6175e5b64e6793?s=96&d=mm&r=g","caption":"QG"},"url":"https:\/\/vosgesinfo.fr\/gerardmerinfo\/author\/quentin88\/"}]}},"_links":{"self":[{"href":"https:\/\/vosgesinfo.fr\/gerardmerinfo\/wp-json\/wp\/v2\/posts\/44273","targetHints":{"allow":["GET"]}}],"collection":[{"href":"https:\/\/vosgesinfo.fr\/gerardmerinfo\/wp-json\/wp\/v2\/posts"}],"about":[{"href":"https:\/\/vosgesinfo.fr\/gerardmerinfo\/wp-json\/wp\/v2\/types\/post"}],"author":[{"embeddable":true,"href":"https:\/\/vosgesinfo.fr\/gerardmerinfo\/wp-json\/wp\/v2\/users\/42"}],"replies":[{"embeddable":true,"href":"https:\/\/vosgesinfo.fr\/gerardmerinfo\/wp-json\/wp\/v2\/comments?post=44273"}],"version-history":[{"count":0,"href":"https:\/\/vosgesinfo.fr\/gerardmerinfo\/wp-json\/wp\/v2\/posts\/44273\/revisions"}],"wp:featuredmedia":[{"embeddable":true,"href":"https:\/\/vosgesinfo.fr\/gerardmerinfo\/wp-json\/wp\/v2\/media\/44274"}],"wp:attachment":[{"href":"https:\/\/vosgesinfo.fr\/gerardmerinfo\/wp-json\/wp\/v2\/media?parent=44273"}],"wp:term":[{"taxonomy":"category","embeddable":true,"href":"https:\/\/vosgesinfo.fr\/gerardmerinfo\/wp-json\/wp\/v2\/categories?post=44273"},{"taxonomy":"post_tag","embeddable":true,"href":"https:\/\/vosgesinfo.fr\/gerardmerinfo\/wp-json\/wp\/v2\/tags?post=44273"}],"curies":[{"name":"wp","href":"https:\/\/api.w.org\/{rel}","templated":true}]}}