{"id":44351,"date":"2019-10-07T16:27:18","date_gmt":"2019-10-07T14:27:18","guid":{"rendered":"https:\/\/vosgesinfo.fr\/gerardmerinfo\/2019\/10\/equitation-justine-meyer-remporte-titre-de-championne-de-france-de-trec-amateur\/"},"modified":"2019-10-07T16:27:18","modified_gmt":"2019-10-07T14:27:18","slug":"equitation-justine-meyer-remporte-titre-de-championne-de-france-de-trec-amateur","status":"publish","type":"post","link":"https:\/\/vosgesinfo.fr\/gerardmerinfo\/2019\/10\/equitation-justine-meyer-remporte-titre-de-championne-de-france-de-trec-amateur\/","title":{"rendered":"\u00c9quitation : Justine Meyer remporte le titre de Championne de France de TREC Amateur"},"content":{"rendered":"\n<p>&nbsp;<\/p>\n<h3>Les 28 et 29 sept 2019 \u00e0 Wintzenheim Kogersheim avait lieu le Championnat de France Amateur TREC (Technique de Randonn\u00e9e \u00c9questre de Comp\u00e9tition). Une rencontre\u00a0 illustr\u00e9e de la Vosgienne Justine Meyer qui avait d\u00e9j\u00e0 brill\u00e9 aux Championnats d&rsquo;Europe le mois dernier.<\/h3>\n<p>\u00c2g\u00e9e de 18 ans, la jeune cavali\u00e8re du Clos Yakari de Granges-Aumontzey est donc devenue Championne de France de TREC Amateur 1 avec son cheval <em>Uli des Ajoncs<\/em>, selle fran\u00e7ais de 10 ans.\u00a0Elle devance \u00c9milie Joly et <em>Oka du Vallois<\/em>, ainsi que Denis Gilbert avec <em>Country<\/em>, deux cavaliers exp\u00e9riment\u00e9s dans cette discipline.\u00a0De plus, le duo vosgien remporte le Criterium de France, belle r\u00e9compense de leur r\u00e9gularit\u00e9 de la saison. Enfin, cerise sur le G\u00e2teau, Justine et Uli permettent au Grand-Est de conserver le troph\u00e9e des R\u00e9gions pour la troisi\u00e8me ann\u00e9e cons\u00e9cutive ! De quoi faire la fiert\u00e9 de sa maman Isabelle, g\u00e9rante du centre \u00e9questre familial sp\u00e9cialis\u00e9 dans l&rsquo;\u00e9quitation de pleine nature o\u00f9 sa fille pratique l&rsquo;\u00e9quitation depuis l&rsquo;\u00e2ge de 3 ans.<\/p>\n<div>Pour la petite histoire, sachez que samedi soir, Justine \u00e9tait d\u00e9j\u00e0 premi\u00e8re au classement provisoire apr\u00e8s le parcours d\u2019orientation et de r\u00e9gularit\u00e9 (POR), par ailleurs tr\u00e8s technique et diversifi\u00e9. Dimanche, Justine et Uli ont su mettre en avant tous leurs atouts et montrer une belle complicit\u00e9 pour conserver leur place lors de la ma\u00eetrise des allures (MA) et du parcours en terrain vari\u00e9 (PTV). Autant dire que cette performance met un point d&rsquo;orgue \u00e0 une tr\u00e8s belle saison pour la cavali\u00e8re et son fid\u00e8le destrier ! Et cela met en confiance pour atteindre un nouvel objectif : se\u00a0qualifier pour participer aux Championnats du Monde jeunes et juniors en ao\u00fbt 2020 qui auront lieu en Allemagne&#8230; Affaire \u00e0 suivre !<\/div>\n","protected":false},"excerpt":{"rendered":"<p>&nbsp; Les 28 et 29 sept 2019 \u00e0 Wintzenheim Kogersheim avait lieu le Championnat de France Amateur TREC (Technique de [&hellip;]<\/p>\n","protected":false},"author":42,"featured_media":44352,"comment_status":"open","ping_status":"open","sticky":false,"template":"","format":"standard","meta":{"footnotes":""},"categories":[20,14],"tags":[442],"class_list":["post-44351","post","type-post","status-publish","format-standard","has-post-thumbnail","hentry","category-a-la-une","category-sport","tag-clos-yakari"],"acf":[],"yoast_head":"<!-- This site is optimized with the Yoast SEO plugin v22.5 - https:\/\/yoast.com\/wordpress\/plugins\/seo\/ -->\n<title>\u00c9quitation : Justine Meyer remporte le titre de Championne de France de TREC Amateur - Gerardmer Info<\/title>\n<meta name=\"robots\" content=\"index, follow, max-snippet:-1, max-image-preview:large, max-video-preview:-1\" \/>\n<link rel=\"canonical\" href=\"https:\/\/vosgesinfo.fr\/gerardmerinfo\/2019\/10\/equitation-justine-meyer-remporte-titre-de-championne-de-france-de-trec-amateur\/\" \/>\n<meta name=\"twitter:card\" content=\"summary_large_image\" \/>\n<meta name=\"twitter:title\" content=\"\u00c9quitation : Justine Meyer remporte le titre de Championne de France de TREC Amateur - Gerardmer Info\" \/>\n<meta name=\"twitter:description\" content=\"&nbsp; Les 28 et 29 sept 2019 \u00e0 Wintzenheim Kogersheim avait lieu le Championnat de France Amateur TREC (Technique de [&hellip;]\" \/>\n<meta name=\"twitter:image\" content=\"https:\/\/vosgesinfo.fr\/app\/uploads\/sites\/6\/2024\/07\/201910justine-meyer-chpt-de-france-1.png\" \/>\n<meta name=\"twitter:creator\" content=\"@VosgesInfo88\" \/>\n<meta name=\"twitter:site\" content=\"@VosgesInfo88\" \/>\n<meta name=\"twitter:label1\" content=\"\u00c9crit par\" \/>\n\t<meta name=\"twitter:data1\" content=\"QG\" \/>\n\t<meta name=\"twitter:label2\" content=\"Dur\u00e9e de lecture estim\u00e9e\" \/>\n\t<meta name=\"twitter:data2\" content=\"2 minutes\" \/>\n<script type=\"application\/ld+json\" class=\"yoast-schema-graph\">{\"@context\":\"https:\/\/schema.org\",\"@graph\":[{\"@type\":\"Article\",\"@id\":\"https:\/\/vosgesinfo.fr\/gerardmerinfo\/2019\/10\/equitation-justine-meyer-remporte-titre-de-championne-de-france-de-trec-amateur\/#article\",\"isPartOf\":{\"@id\":\"https:\/\/vosgesinfo.fr\/gerardmerinfo\/2019\/10\/equitation-justine-meyer-remporte-titre-de-championne-de-france-de-trec-amateur\/\"},\"author\":{\"name\":\"QG\",\"@id\":\"https:\/\/vosgesinfo.fr\/gerardmerinfo\/#\/schema\/person\/db5605779a843dad16b5368f3e7613a5\"},\"headline\":\"\u00c9quitation : Justine Meyer remporte le titre de Championne de France de TREC Amateur\",\"datePublished\":\"2019-10-07T14:27:18+00:00\",\"dateModified\":\"2019-10-07T14:27:18+00:00\",\"mainEntityOfPage\":{\"@id\":\"https:\/\/vosgesinfo.fr\/gerardmerinfo\/2019\/10\/equitation-justine-meyer-remporte-titre-de-championne-de-france-de-trec-amateur\/\"},\"wordCount\":327,\"commentCount\":0,\"publisher\":{\"@id\":\"https:\/\/vosgesinfo.fr\/gerardmerinfo\/#organization\"},\"image\":{\"@id\":\"https:\/\/vosgesinfo.fr\/gerardmerinfo\/2019\/10\/equitation-justine-meyer-remporte-titre-de-championne-de-france-de-trec-amateur\/#primaryimage\"},\"thumbnailUrl\":\"https:\/\/vosgesinfo.fr\/app\/uploads\/sites\/6\/2024\/07\/201910justine-meyer-chpt-de-france-1.png\",\"keywords\":[\"Clos Yakari\"],\"articleSection\":[\"A la une\",\"Sport\"],\"inLanguage\":\"fr-FR\",\"potentialAction\":[{\"@type\":\"CommentAction\",\"name\":\"Comment\",\"target\":[\"https:\/\/vosgesinfo.fr\/gerardmerinfo\/2019\/10\/equitation-justine-meyer-remporte-titre-de-championne-de-france-de-trec-amateur\/#respond\"]}]},{\"@type\":\"WebPage\",\"@id\":\"https:\/\/vosgesinfo.fr\/gerardmerinfo\/2019\/10\/equitation-justine-meyer-remporte-titre-de-championne-de-france-de-trec-amateur\/\",\"url\":\"https:\/\/vosgesinfo.fr\/gerardmerinfo\/2019\/10\/equitation-justine-meyer-remporte-titre-de-championne-de-france-de-trec-amateur\/\",\"name\":\"\u00c9quitation : Justine Meyer remporte le titre de Championne de France de TREC Amateur - Gerardmer Info\",\"isPartOf\":{\"@id\":\"https:\/\/vosgesinfo.fr\/gerardmerinfo\/#website\"},\"primaryImageOfPage\":{\"@id\":\"https:\/\/vosgesinfo.fr\/gerardmerinfo\/2019\/10\/equitation-justine-meyer-remporte-titre-de-championne-de-france-de-trec-amateur\/#primaryimage\"},\"image\":{\"@id\":\"https:\/\/vosgesinfo.fr\/gerardmerinfo\/2019\/10\/equitation-justine-meyer-remporte-titre-de-championne-de-france-de-trec-amateur\/#primaryimage\"},\"thumbnailUrl\":\"https:\/\/vosgesinfo.fr\/app\/uploads\/sites\/6\/2024\/07\/201910justine-meyer-chpt-de-france-1.png\",\"datePublished\":\"2019-10-07T14:27:18+00:00\",\"dateModified\":\"2019-10-07T14:27:18+00:00\",\"breadcrumb\":{\"@id\":\"https:\/\/vosgesinfo.fr\/gerardmerinfo\/2019\/10\/equitation-justine-meyer-remporte-titre-de-championne-de-france-de-trec-amateur\/#breadcrumb\"},\"inLanguage\":\"fr-FR\",\"potentialAction\":[{\"@type\":\"ReadAction\",\"target\":[\"https:\/\/vosgesinfo.fr\/gerardmerinfo\/2019\/10\/equitation-justine-meyer-remporte-titre-de-championne-de-france-de-trec-amateur\/\"]}]},{\"@type\":\"ImageObject\",\"inLanguage\":\"fr-FR\",\"@id\":\"https:\/\/vosgesinfo.fr\/gerardmerinfo\/2019\/10\/equitation-justine-meyer-remporte-titre-de-championne-de-france-de-trec-amateur\/#primaryimage\",\"url\":\"https:\/\/vosgesinfo.fr\/app\/uploads\/sites\/6\/2024\/07\/201910justine-meyer-chpt-de-france-1.png\",\"contentUrl\":\"https:\/\/vosgesinfo.fr\/app\/uploads\/sites\/6\/2024\/07\/201910justine-meyer-chpt-de-france-1.png\",\"width\":501,\"height\":345},{\"@type\":\"BreadcrumbList\",\"@id\":\"https:\/\/vosgesinfo.fr\/gerardmerinfo\/2019\/10\/equitation-justine-meyer-remporte-titre-de-championne-de-france-de-trec-amateur\/#breadcrumb\",\"itemListElement\":[{\"@type\":\"ListItem\",\"position\":1,\"name\":\"Home\",\"item\":\"https:\/\/vosgesinfo.fr\/gerardmerinfo\/\"},{\"@type\":\"ListItem\",\"position\":2,\"name\":\"\u00c9quitation : Justine Meyer remporte le titre de Championne de France de TREC Amateur\"}]},{\"@type\":\"WebSite\",\"@id\":\"https:\/\/vosgesinfo.fr\/gerardmerinfo\/#website\",\"url\":\"https:\/\/vosgesinfo.fr\/gerardmerinfo\/\",\"name\":\"Gerardmer Info\",\"description\":\"Toute l&#039;actualit\u00e9 de G\u00e9rardmer\",\"publisher\":{\"@id\":\"https:\/\/vosgesinfo.fr\/gerardmerinfo\/#organization\"},\"alternateName\":\"Toute l'actualit\u00e9 de G\u00e9rardmer\",\"potentialAction\":[{\"@type\":\"SearchAction\",\"target\":{\"@type\":\"EntryPoint\",\"urlTemplate\":\"https:\/\/vosgesinfo.fr\/gerardmerinfo\/?s={search_term_string}\"},\"query-input\":\"required name=search_term_string\"}],\"inLanguage\":\"fr-FR\"},{\"@type\":\"Organization\",\"@id\":\"https:\/\/vosgesinfo.fr\/gerardmerinfo\/#organization\",\"name\":\"Gerardmer Info\",\"url\":\"https:\/\/vosgesinfo.fr\/gerardmerinfo\/\",\"logo\":{\"@type\":\"ImageObject\",\"inLanguage\":\"fr-FR\",\"@id\":\"https:\/\/vosgesinfo.fr\/gerardmerinfo\/#\/schema\/logo\/image\/\",\"url\":\"https:\/\/vosgesinfo.fr\/app\/uploads\/sites\/6\/2023\/08\/favicon-gerardmerinfo.png\",\"contentUrl\":\"https:\/\/vosgesinfo.fr\/app\/uploads\/sites\/6\/2023\/08\/favicon-gerardmerinfo.png\",\"width\":512,\"height\":512,\"caption\":\"Gerardmer Info\"},\"image\":{\"@id\":\"https:\/\/vosgesinfo.fr\/gerardmerinfo\/#\/schema\/logo\/image\/\"},\"sameAs\":[\"https:\/\/www.facebook.com\/profile.php?id=100049475262660\",\"https:\/\/x.com\/VosgesInfo88\",\"https:\/\/www.youtube.com\/@vosgesinfo\"]},{\"@type\":\"Person\",\"@id\":\"https:\/\/vosgesinfo.fr\/gerardmerinfo\/#\/schema\/person\/db5605779a843dad16b5368f3e7613a5\",\"name\":\"QG\",\"image\":{\"@type\":\"ImageObject\",\"inLanguage\":\"fr-FR\",\"@id\":\"https:\/\/vosgesinfo.fr\/gerardmerinfo\/#\/schema\/person\/image\/\",\"url\":\"https:\/\/secure.gravatar.com\/avatar\/ea80c42c204b534408512832fde52504ecabb9706bcb6151cf6175e5b64e6793?s=96&d=mm&r=g\",\"contentUrl\":\"https:\/\/secure.gravatar.com\/avatar\/ea80c42c204b534408512832fde52504ecabb9706bcb6151cf6175e5b64e6793?s=96&d=mm&r=g\",\"caption\":\"QG\"},\"url\":\"https:\/\/vosgesinfo.fr\/gerardmerinfo\/author\/quentin88\/\"}]}<\/script>\n<!-- \/ Yoast SEO plugin. -->","yoast_head_json":{"title":"\u00c9quitation : Justine Meyer remporte le titre de Championne de France de TREC Amateur - Gerardmer Info","robots":{"index":"index","follow":"follow","max-snippet":"max-snippet:-1","max-image-preview":"max-image-preview:large","max-video-preview":"max-video-preview:-1"},"canonical":"https:\/\/vosgesinfo.fr\/gerardmerinfo\/2019\/10\/equitation-justine-meyer-remporte-titre-de-championne-de-france-de-trec-amateur\/","twitter_card":"summary_large_image","twitter_title":"\u00c9quitation : Justine Meyer remporte le titre de Championne de France de TREC Amateur - Gerardmer Info","twitter_description":"&nbsp; Les 28 et 29 sept 2019 \u00e0 Wintzenheim Kogersheim avait lieu le Championnat de France Amateur TREC (Technique de [&hellip;]","twitter_image":"https:\/\/vosgesinfo.fr\/app\/uploads\/sites\/6\/2024\/07\/201910justine-meyer-chpt-de-france-1.png","twitter_creator":"@VosgesInfo88","twitter_site":"@VosgesInfo88","twitter_misc":{"\u00c9crit par":"QG","Dur\u00e9e de lecture estim\u00e9e":"2 minutes"},"schema":{"@context":"https:\/\/schema.org","@graph":[{"@type":"Article","@id":"https:\/\/vosgesinfo.fr\/gerardmerinfo\/2019\/10\/equitation-justine-meyer-remporte-titre-de-championne-de-france-de-trec-amateur\/#article","isPartOf":{"@id":"https:\/\/vosgesinfo.fr\/gerardmerinfo\/2019\/10\/equitation-justine-meyer-remporte-titre-de-championne-de-france-de-trec-amateur\/"},"author":{"name":"QG","@id":"https:\/\/vosgesinfo.fr\/gerardmerinfo\/#\/schema\/person\/db5605779a843dad16b5368f3e7613a5"},"headline":"\u00c9quitation : Justine Meyer remporte le titre de Championne de France de TREC Amateur","datePublished":"2019-10-07T14:27:18+00:00","dateModified":"2019-10-07T14:27:18+00:00","mainEntityOfPage":{"@id":"https:\/\/vosgesinfo.fr\/gerardmerinfo\/2019\/10\/equitation-justine-meyer-remporte-titre-de-championne-de-france-de-trec-amateur\/"},"wordCount":327,"commentCount":0,"publisher":{"@id":"https:\/\/vosgesinfo.fr\/gerardmerinfo\/#organization"},"image":{"@id":"https:\/\/vosgesinfo.fr\/gerardmerinfo\/2019\/10\/equitation-justine-meyer-remporte-titre-de-championne-de-france-de-trec-amateur\/#primaryimage"},"thumbnailUrl":"https:\/\/vosgesinfo.fr\/app\/uploads\/sites\/6\/2024\/07\/201910justine-meyer-chpt-de-france-1.png","keywords":["Clos Yakari"],"articleSection":["A la une","Sport"],"inLanguage":"fr-FR","potentialAction":[{"@type":"CommentAction","name":"Comment","target":["https:\/\/vosgesinfo.fr\/gerardmerinfo\/2019\/10\/equitation-justine-meyer-remporte-titre-de-championne-de-france-de-trec-amateur\/#respond"]}]},{"@type":"WebPage","@id":"https:\/\/vosgesinfo.fr\/gerardmerinfo\/2019\/10\/equitation-justine-meyer-remporte-titre-de-championne-de-france-de-trec-amateur\/","url":"https:\/\/vosgesinfo.fr\/gerardmerinfo\/2019\/10\/equitation-justine-meyer-remporte-titre-de-championne-de-france-de-trec-amateur\/","name":"\u00c9quitation : Justine Meyer remporte le titre de Championne de France de TREC Amateur - Gerardmer Info","isPartOf":{"@id":"https:\/\/vosgesinfo.fr\/gerardmerinfo\/#website"},"primaryImageOfPage":{"@id":"https:\/\/vosgesinfo.fr\/gerardmerinfo\/2019\/10\/equitation-justine-meyer-remporte-titre-de-championne-de-france-de-trec-amateur\/#primaryimage"},"image":{"@id":"https:\/\/vosgesinfo.fr\/gerardmerinfo\/2019\/10\/equitation-justine-meyer-remporte-titre-de-championne-de-france-de-trec-amateur\/#primaryimage"},"thumbnailUrl":"https:\/\/vosgesinfo.fr\/app\/uploads\/sites\/6\/2024\/07\/201910justine-meyer-chpt-de-france-1.png","datePublished":"2019-10-07T14:27:18+00:00","dateModified":"2019-10-07T14:27:18+00:00","breadcrumb":{"@id":"https:\/\/vosgesinfo.fr\/gerardmerinfo\/2019\/10\/equitation-justine-meyer-remporte-titre-de-championne-de-france-de-trec-amateur\/#breadcrumb"},"inLanguage":"fr-FR","potentialAction":[{"@type":"ReadAction","target":["https:\/\/vosgesinfo.fr\/gerardmerinfo\/2019\/10\/equitation-justine-meyer-remporte-titre-de-championne-de-france-de-trec-amateur\/"]}]},{"@type":"ImageObject","inLanguage":"fr-FR","@id":"https:\/\/vosgesinfo.fr\/gerardmerinfo\/2019\/10\/equitation-justine-meyer-remporte-titre-de-championne-de-france-de-trec-amateur\/#primaryimage","url":"https:\/\/vosgesinfo.fr\/app\/uploads\/sites\/6\/2024\/07\/201910justine-meyer-chpt-de-france-1.png","contentUrl":"https:\/\/vosgesinfo.fr\/app\/uploads\/sites\/6\/2024\/07\/201910justine-meyer-chpt-de-france-1.png","width":501,"height":345},{"@type":"BreadcrumbList","@id":"https:\/\/vosgesinfo.fr\/gerardmerinfo\/2019\/10\/equitation-justine-meyer-remporte-titre-de-championne-de-france-de-trec-amateur\/#breadcrumb","itemListElement":[{"@type":"ListItem","position":1,"name":"Home","item":"https:\/\/vosgesinfo.fr\/gerardmerinfo\/"},{"@type":"ListItem","position":2,"name":"\u00c9quitation : Justine Meyer remporte le titre de Championne de France de TREC Amateur"}]},{"@type":"WebSite","@id":"https:\/\/vosgesinfo.fr\/gerardmerinfo\/#website","url":"https:\/\/vosgesinfo.fr\/gerardmerinfo\/","name":"Gerardmer Info","description":"Toute l&#039;actualit\u00e9 de G\u00e9rardmer","publisher":{"@id":"https:\/\/vosgesinfo.fr\/gerardmerinfo\/#organization"},"alternateName":"Toute l'actualit\u00e9 de G\u00e9rardmer","potentialAction":[{"@type":"SearchAction","target":{"@type":"EntryPoint","urlTemplate":"https:\/\/vosgesinfo.fr\/gerardmerinfo\/?s={search_term_string}"},"query-input":"required name=search_term_string"}],"inLanguage":"fr-FR"},{"@type":"Organization","@id":"https:\/\/vosgesinfo.fr\/gerardmerinfo\/#organization","name":"Gerardmer Info","url":"https:\/\/vosgesinfo.fr\/gerardmerinfo\/","logo":{"@type":"ImageObject","inLanguage":"fr-FR","@id":"https:\/\/vosgesinfo.fr\/gerardmerinfo\/#\/schema\/logo\/image\/","url":"https:\/\/vosgesinfo.fr\/app\/uploads\/sites\/6\/2023\/08\/favicon-gerardmerinfo.png","contentUrl":"https:\/\/vosgesinfo.fr\/app\/uploads\/sites\/6\/2023\/08\/favicon-gerardmerinfo.png","width":512,"height":512,"caption":"Gerardmer Info"},"image":{"@id":"https:\/\/vosgesinfo.fr\/gerardmerinfo\/#\/schema\/logo\/image\/"},"sameAs":["https:\/\/www.facebook.com\/profile.php?id=100049475262660","https:\/\/x.com\/VosgesInfo88","https:\/\/www.youtube.com\/@vosgesinfo"]},{"@type":"Person","@id":"https:\/\/vosgesinfo.fr\/gerardmerinfo\/#\/schema\/person\/db5605779a843dad16b5368f3e7613a5","name":"QG","image":{"@type":"ImageObject","inLanguage":"fr-FR","@id":"https:\/\/vosgesinfo.fr\/gerardmerinfo\/#\/schema\/person\/image\/","url":"https:\/\/secure.gravatar.com\/avatar\/ea80c42c204b534408512832fde52504ecabb9706bcb6151cf6175e5b64e6793?s=96&d=mm&r=g","contentUrl":"https:\/\/secure.gravatar.com\/avatar\/ea80c42c204b534408512832fde52504ecabb9706bcb6151cf6175e5b64e6793?s=96&d=mm&r=g","caption":"QG"},"url":"https:\/\/vosgesinfo.fr\/gerardmerinfo\/author\/quentin88\/"}]}},"_links":{"self":[{"href":"https:\/\/vosgesinfo.fr\/gerardmerinfo\/wp-json\/wp\/v2\/posts\/44351","targetHints":{"allow":["GET"]}}],"collection":[{"href":"https:\/\/vosgesinfo.fr\/gerardmerinfo\/wp-json\/wp\/v2\/posts"}],"about":[{"href":"https:\/\/vosgesinfo.fr\/gerardmerinfo\/wp-json\/wp\/v2\/types\/post"}],"author":[{"embeddable":true,"href":"https:\/\/vosgesinfo.fr\/gerardmerinfo\/wp-json\/wp\/v2\/users\/42"}],"replies":[{"embeddable":true,"href":"https:\/\/vosgesinfo.fr\/gerardmerinfo\/wp-json\/wp\/v2\/comments?post=44351"}],"version-history":[{"count":0,"href":"https:\/\/vosgesinfo.fr\/gerardmerinfo\/wp-json\/wp\/v2\/posts\/44351\/revisions"}],"wp:featuredmedia":[{"embeddable":true,"href":"https:\/\/vosgesinfo.fr\/gerardmerinfo\/wp-json\/wp\/v2\/media\/44352"}],"wp:attachment":[{"href":"https:\/\/vosgesinfo.fr\/gerardmerinfo\/wp-json\/wp\/v2\/media?parent=44351"}],"wp:term":[{"taxonomy":"category","embeddable":true,"href":"https:\/\/vosgesinfo.fr\/gerardmerinfo\/wp-json\/wp\/v2\/categories?post=44351"},{"taxonomy":"post_tag","embeddable":true,"href":"https:\/\/vosgesinfo.fr\/gerardmerinfo\/wp-json\/wp\/v2\/tags?post=44351"}],"curies":[{"name":"wp","href":"https:\/\/api.w.org\/{rel}","templated":true}]}}