{"id":44373,"date":"2019-10-08T17:13:07","date_gmt":"2019-10-08T15:13:07","guid":{"rendered":"https:\/\/vosgesinfo.fr\/gerardmerinfo\/2019\/10\/4-champions-dictee-a-haie-griselle\/"},"modified":"2019-10-08T17:13:07","modified_gmt":"2019-10-08T15:13:07","slug":"4-champions-dictee-a-haie-griselle","status":"publish","type":"post","link":"https:\/\/vosgesinfo.fr\/gerardmerinfo\/2019\/10\/4-champions-dictee-a-haie-griselle\/","title":{"rendered":"4 champions pour une dict\u00e9e \u00e0 la Haie Griselle"},"content":{"rendered":"\n<h3 class=\"x_MsoNormal\">Cette ann\u00e9e encore, les \u00e9l\u00e8ves des classes de 5\u00e8me de la Haie Griselle participent \u00e0 l\u2019op\u00e9ration \u00ab\u00a0Mets tes baskets, et bats la maladie\u00a0\u00bb qui se d\u00e9cline en deux volets : la fameuse dict\u00e9e d&rsquo;ELA ainsi que la course qui l&rsquo;accompagne.<\/h3>\n<p class=\"x_MsoNormal\">En effet, rappelons que cette op\u00e9ration annuelle est propos\u00e9e par l\u2019Association Europ\u00e9enne contre les Leucodystrophies (ELA) et qu&rsquo;elle est marqu\u00e9e par 2 temps forts dont le premier avait lieu ce mardi 8 octobre. Il s&rsquo;agit bien entendu de la dict\u00e9e, texte original porteur d\u2019un message de solidarit\u00e9 qui est traditionnellement lue par un sportif local. Ce n\u2019est ni un exercice d\u2019\u00e9valuation, ni un concours d\u2019orthographe, mais un moyen de sensibiliser les \u00e9l\u00e8ves au handicap et d\u2019engager la discussion autour des th\u00e8mes comme l\u2019acceptation des diff\u00e9rences, la tol\u00e9rance et la solidarit\u00e9. C&rsquo;est un auteur du cru qui a \u00e9t\u00e9 retenu pour cette \u00e9dition 2019 en la personne de Nicolas MATHIEU, prix Goncourt 2018 qui est donc l\u2019auteur\u00a0 du texte de la dict\u00e9e intitul\u00e9e \u00ab\u00a0La trouille\u00a0\u00bb&#8230; Ou comment vaincre sa peur de la dict\u00e9e, tenter le z\u00e9ro faute et courir pour les enfants atteints de leucodystrophie. Et comme au coll\u00e8ge de la Haie Griselle on ne fait pas les choses \u00e0 moiti\u00e9, ce ne n&rsquo;est pas un sportif qui \u00e9tait pr\u00e9sent pour lire cette dict\u00e9e, mais bien 4, soit un pour chaque classe de 5\u00e8me. On retrouvait ainsi l&rsquo;ancienne skieuse de fond Annick Vaxelaire, le \u00ab\u00a0combinard\u00a0\u00bb Max Laheurte, le rameur Thibaut Lecomte ainsi que le triathl\u00e8te handisport Yann Redoutey, r\u00e9cent finisher du triathlon de G\u00e9rardmer. Une belle dream team comme on dit !<\/p>\n<p class=\"x_MsoNormal\">Enfin, pour ce qui est du second temps fort, \u00e0 savoir la course, ces m\u00eame \u00e9l\u00e8ves de 5\u00e8me participeront au traditionnel cross annuel du coll\u00e8ge, sous les couleurs de l\u2019association ELA. L\u2019id\u00e9e est d\u2019inviter les \u00e9l\u00e8ves \u00e0 courir en pr\u00eatant symboliquement leurs jambes aux enfants atteints de leucodystrophie qui ne peuvent plus s\u2019en servir. Le Foyer Socio-\u00c9ducatif du coll\u00e8ge versera 1 euro par \u00e9l\u00e8ve en soutien \u00e0 l\u2019association ELA. Alors rendez-vous jeudi matin devant l&rsquo;Union Nautique pour le top d\u00e9part !<\/p>\n","protected":false},"excerpt":{"rendered":"<p>Cette ann\u00e9e encore, les \u00e9l\u00e8ves des classes de 5\u00e8me de la Haie Griselle participent \u00e0 l\u2019op\u00e9ration \u00ab\u00a0Mets tes baskets, et [&hellip;]<\/p>\n","protected":false},"author":42,"featured_media":44374,"comment_status":"open","ping_status":"open","sticky":false,"template":"","format":"standard","meta":{"footnotes":""},"categories":[20,12,14],"tags":[3862,386,3303,755,4086,4245],"class_list":["post-44373","post","type-post","status-publish","format-standard","has-post-thumbnail","hentry","category-a-la-une","category-sante","category-sport","tag-annick-vaxelaire","tag-college-la-haie-griselle","tag-dictee-ela","tag-maxime-laheurte","tag-thibaut-lecomte","tag-yann-redoutey"],"acf":[],"yoast_head":"<!-- This site is optimized with the Yoast SEO plugin v22.5 - https:\/\/yoast.com\/wordpress\/plugins\/seo\/ -->\n<title>4 champions pour une dict\u00e9e \u00e0 la Haie Griselle - Gerardmer Info<\/title>\n<meta name=\"robots\" content=\"index, follow, max-snippet:-1, max-image-preview:large, max-video-preview:-1\" \/>\n<link rel=\"canonical\" href=\"https:\/\/vosgesinfo.fr\/gerardmerinfo\/2019\/10\/4-champions-dictee-a-haie-griselle\/\" \/>\n<meta name=\"twitter:card\" content=\"summary_large_image\" \/>\n<meta name=\"twitter:title\" content=\"4 champions pour une dict\u00e9e \u00e0 la Haie Griselle - Gerardmer Info\" \/>\n<meta name=\"twitter:description\" content=\"Cette ann\u00e9e encore, les \u00e9l\u00e8ves des classes de 5\u00e8me de la Haie Griselle participent \u00e0 l\u2019op\u00e9ration \u00ab\u00a0Mets tes baskets, et [&hellip;]\" \/>\n<meta name=\"twitter:image\" content=\"https:\/\/vosgesinfo.fr\/app\/uploads\/sites\/6\/2024\/07\/201910dictee-ela-2.jpg\" \/>\n<meta name=\"twitter:creator\" content=\"@VosgesInfo88\" \/>\n<meta name=\"twitter:site\" content=\"@VosgesInfo88\" \/>\n<meta name=\"twitter:label1\" content=\"\u00c9crit par\" \/>\n\t<meta name=\"twitter:data1\" content=\"QG\" \/>\n\t<meta name=\"twitter:label2\" content=\"Dur\u00e9e de lecture estim\u00e9e\" \/>\n\t<meta name=\"twitter:data2\" content=\"2 minutes\" \/>\n<script type=\"application\/ld+json\" class=\"yoast-schema-graph\">{\"@context\":\"https:\/\/schema.org\",\"@graph\":[{\"@type\":\"Article\",\"@id\":\"https:\/\/vosgesinfo.fr\/gerardmerinfo\/2019\/10\/4-champions-dictee-a-haie-griselle\/#article\",\"isPartOf\":{\"@id\":\"https:\/\/vosgesinfo.fr\/gerardmerinfo\/2019\/10\/4-champions-dictee-a-haie-griselle\/\"},\"author\":{\"name\":\"QG\",\"@id\":\"https:\/\/vosgesinfo.fr\/gerardmerinfo\/#\/schema\/person\/db5605779a843dad16b5368f3e7613a5\"},\"headline\":\"4 champions pour une dict\u00e9e \u00e0 la Haie Griselle\",\"datePublished\":\"2019-10-08T15:13:07+00:00\",\"dateModified\":\"2019-10-08T15:13:07+00:00\",\"mainEntityOfPage\":{\"@id\":\"https:\/\/vosgesinfo.fr\/gerardmerinfo\/2019\/10\/4-champions-dictee-a-haie-griselle\/\"},\"wordCount\":402,\"commentCount\":0,\"publisher\":{\"@id\":\"https:\/\/vosgesinfo.fr\/gerardmerinfo\/#organization\"},\"image\":{\"@id\":\"https:\/\/vosgesinfo.fr\/gerardmerinfo\/2019\/10\/4-champions-dictee-a-haie-griselle\/#primaryimage\"},\"thumbnailUrl\":\"https:\/\/vosgesinfo.fr\/app\/uploads\/sites\/6\/2024\/07\/201910dictee-ela-2.jpg\",\"keywords\":[\"annick vaxelaire\",\"coll\u00e9ge la haie griselle\",\"dict\u00e9e ELA\",\"maxime Laheurte\",\"Thibaut Lecomte\",\"Yann Redoutey\"],\"articleSection\":[\"A la une\",\"Sant\u00e9\",\"Sport\"],\"inLanguage\":\"fr-FR\",\"potentialAction\":[{\"@type\":\"CommentAction\",\"name\":\"Comment\",\"target\":[\"https:\/\/vosgesinfo.fr\/gerardmerinfo\/2019\/10\/4-champions-dictee-a-haie-griselle\/#respond\"]}]},{\"@type\":\"WebPage\",\"@id\":\"https:\/\/vosgesinfo.fr\/gerardmerinfo\/2019\/10\/4-champions-dictee-a-haie-griselle\/\",\"url\":\"https:\/\/vosgesinfo.fr\/gerardmerinfo\/2019\/10\/4-champions-dictee-a-haie-griselle\/\",\"name\":\"4 champions pour une dict\u00e9e \u00e0 la Haie Griselle - Gerardmer Info\",\"isPartOf\":{\"@id\":\"https:\/\/vosgesinfo.fr\/gerardmerinfo\/#website\"},\"primaryImageOfPage\":{\"@id\":\"https:\/\/vosgesinfo.fr\/gerardmerinfo\/2019\/10\/4-champions-dictee-a-haie-griselle\/#primaryimage\"},\"image\":{\"@id\":\"https:\/\/vosgesinfo.fr\/gerardmerinfo\/2019\/10\/4-champions-dictee-a-haie-griselle\/#primaryimage\"},\"thumbnailUrl\":\"https:\/\/vosgesinfo.fr\/app\/uploads\/sites\/6\/2024\/07\/201910dictee-ela-2.jpg\",\"datePublished\":\"2019-10-08T15:13:07+00:00\",\"dateModified\":\"2019-10-08T15:13:07+00:00\",\"breadcrumb\":{\"@id\":\"https:\/\/vosgesinfo.fr\/gerardmerinfo\/2019\/10\/4-champions-dictee-a-haie-griselle\/#breadcrumb\"},\"inLanguage\":\"fr-FR\",\"potentialAction\":[{\"@type\":\"ReadAction\",\"target\":[\"https:\/\/vosgesinfo.fr\/gerardmerinfo\/2019\/10\/4-champions-dictee-a-haie-griselle\/\"]}]},{\"@type\":\"ImageObject\",\"inLanguage\":\"fr-FR\",\"@id\":\"https:\/\/vosgesinfo.fr\/gerardmerinfo\/2019\/10\/4-champions-dictee-a-haie-griselle\/#primaryimage\",\"url\":\"https:\/\/vosgesinfo.fr\/app\/uploads\/sites\/6\/2024\/07\/201910dictee-ela-2.jpg\",\"contentUrl\":\"https:\/\/vosgesinfo.fr\/app\/uploads\/sites\/6\/2024\/07\/201910dictee-ela-2.jpg\",\"width\":800,\"height\":600},{\"@type\":\"BreadcrumbList\",\"@id\":\"https:\/\/vosgesinfo.fr\/gerardmerinfo\/2019\/10\/4-champions-dictee-a-haie-griselle\/#breadcrumb\",\"itemListElement\":[{\"@type\":\"ListItem\",\"position\":1,\"name\":\"Home\",\"item\":\"https:\/\/vosgesinfo.fr\/gerardmerinfo\/\"},{\"@type\":\"ListItem\",\"position\":2,\"name\":\"4 champions pour une dict\u00e9e \u00e0 la Haie Griselle\"}]},{\"@type\":\"WebSite\",\"@id\":\"https:\/\/vosgesinfo.fr\/gerardmerinfo\/#website\",\"url\":\"https:\/\/vosgesinfo.fr\/gerardmerinfo\/\",\"name\":\"Gerardmer Info\",\"description\":\"Toute l&#039;actualit\u00e9 de G\u00e9rardmer\",\"publisher\":{\"@id\":\"https:\/\/vosgesinfo.fr\/gerardmerinfo\/#organization\"},\"alternateName\":\"Toute l'actualit\u00e9 de G\u00e9rardmer\",\"potentialAction\":[{\"@type\":\"SearchAction\",\"target\":{\"@type\":\"EntryPoint\",\"urlTemplate\":\"https:\/\/vosgesinfo.fr\/gerardmerinfo\/?s={search_term_string}\"},\"query-input\":\"required name=search_term_string\"}],\"inLanguage\":\"fr-FR\"},{\"@type\":\"Organization\",\"@id\":\"https:\/\/vosgesinfo.fr\/gerardmerinfo\/#organization\",\"name\":\"Gerardmer Info\",\"url\":\"https:\/\/vosgesinfo.fr\/gerardmerinfo\/\",\"logo\":{\"@type\":\"ImageObject\",\"inLanguage\":\"fr-FR\",\"@id\":\"https:\/\/vosgesinfo.fr\/gerardmerinfo\/#\/schema\/logo\/image\/\",\"url\":\"https:\/\/vosgesinfo.fr\/app\/uploads\/sites\/6\/2023\/08\/favicon-gerardmerinfo.png\",\"contentUrl\":\"https:\/\/vosgesinfo.fr\/app\/uploads\/sites\/6\/2023\/08\/favicon-gerardmerinfo.png\",\"width\":512,\"height\":512,\"caption\":\"Gerardmer Info\"},\"image\":{\"@id\":\"https:\/\/vosgesinfo.fr\/gerardmerinfo\/#\/schema\/logo\/image\/\"},\"sameAs\":[\"https:\/\/www.facebook.com\/profile.php?id=100049475262660\",\"https:\/\/x.com\/VosgesInfo88\",\"https:\/\/www.youtube.com\/@vosgesinfo\"]},{\"@type\":\"Person\",\"@id\":\"https:\/\/vosgesinfo.fr\/gerardmerinfo\/#\/schema\/person\/db5605779a843dad16b5368f3e7613a5\",\"name\":\"QG\",\"image\":{\"@type\":\"ImageObject\",\"inLanguage\":\"fr-FR\",\"@id\":\"https:\/\/vosgesinfo.fr\/gerardmerinfo\/#\/schema\/person\/image\/\",\"url\":\"https:\/\/secure.gravatar.com\/avatar\/ea80c42c204b534408512832fde52504ecabb9706bcb6151cf6175e5b64e6793?s=96&d=mm&r=g\",\"contentUrl\":\"https:\/\/secure.gravatar.com\/avatar\/ea80c42c204b534408512832fde52504ecabb9706bcb6151cf6175e5b64e6793?s=96&d=mm&r=g\",\"caption\":\"QG\"},\"url\":\"https:\/\/vosgesinfo.fr\/gerardmerinfo\/author\/quentin88\/\"}]}<\/script>\n<!-- \/ Yoast SEO plugin. -->","yoast_head_json":{"title":"4 champions pour une dict\u00e9e \u00e0 la Haie Griselle - Gerardmer Info","robots":{"index":"index","follow":"follow","max-snippet":"max-snippet:-1","max-image-preview":"max-image-preview:large","max-video-preview":"max-video-preview:-1"},"canonical":"https:\/\/vosgesinfo.fr\/gerardmerinfo\/2019\/10\/4-champions-dictee-a-haie-griselle\/","twitter_card":"summary_large_image","twitter_title":"4 champions pour une dict\u00e9e \u00e0 la Haie Griselle - Gerardmer Info","twitter_description":"Cette ann\u00e9e encore, les \u00e9l\u00e8ves des classes de 5\u00e8me de la Haie Griselle participent \u00e0 l\u2019op\u00e9ration \u00ab\u00a0Mets tes baskets, et [&hellip;]","twitter_image":"https:\/\/vosgesinfo.fr\/app\/uploads\/sites\/6\/2024\/07\/201910dictee-ela-2.jpg","twitter_creator":"@VosgesInfo88","twitter_site":"@VosgesInfo88","twitter_misc":{"\u00c9crit par":"QG","Dur\u00e9e de lecture estim\u00e9e":"2 minutes"},"schema":{"@context":"https:\/\/schema.org","@graph":[{"@type":"Article","@id":"https:\/\/vosgesinfo.fr\/gerardmerinfo\/2019\/10\/4-champions-dictee-a-haie-griselle\/#article","isPartOf":{"@id":"https:\/\/vosgesinfo.fr\/gerardmerinfo\/2019\/10\/4-champions-dictee-a-haie-griselle\/"},"author":{"name":"QG","@id":"https:\/\/vosgesinfo.fr\/gerardmerinfo\/#\/schema\/person\/db5605779a843dad16b5368f3e7613a5"},"headline":"4 champions pour une dict\u00e9e \u00e0 la Haie Griselle","datePublished":"2019-10-08T15:13:07+00:00","dateModified":"2019-10-08T15:13:07+00:00","mainEntityOfPage":{"@id":"https:\/\/vosgesinfo.fr\/gerardmerinfo\/2019\/10\/4-champions-dictee-a-haie-griselle\/"},"wordCount":402,"commentCount":0,"publisher":{"@id":"https:\/\/vosgesinfo.fr\/gerardmerinfo\/#organization"},"image":{"@id":"https:\/\/vosgesinfo.fr\/gerardmerinfo\/2019\/10\/4-champions-dictee-a-haie-griselle\/#primaryimage"},"thumbnailUrl":"https:\/\/vosgesinfo.fr\/app\/uploads\/sites\/6\/2024\/07\/201910dictee-ela-2.jpg","keywords":["annick vaxelaire","coll\u00e9ge la haie griselle","dict\u00e9e ELA","maxime Laheurte","Thibaut Lecomte","Yann Redoutey"],"articleSection":["A la une","Sant\u00e9","Sport"],"inLanguage":"fr-FR","potentialAction":[{"@type":"CommentAction","name":"Comment","target":["https:\/\/vosgesinfo.fr\/gerardmerinfo\/2019\/10\/4-champions-dictee-a-haie-griselle\/#respond"]}]},{"@type":"WebPage","@id":"https:\/\/vosgesinfo.fr\/gerardmerinfo\/2019\/10\/4-champions-dictee-a-haie-griselle\/","url":"https:\/\/vosgesinfo.fr\/gerardmerinfo\/2019\/10\/4-champions-dictee-a-haie-griselle\/","name":"4 champions pour une dict\u00e9e \u00e0 la Haie Griselle - Gerardmer Info","isPartOf":{"@id":"https:\/\/vosgesinfo.fr\/gerardmerinfo\/#website"},"primaryImageOfPage":{"@id":"https:\/\/vosgesinfo.fr\/gerardmerinfo\/2019\/10\/4-champions-dictee-a-haie-griselle\/#primaryimage"},"image":{"@id":"https:\/\/vosgesinfo.fr\/gerardmerinfo\/2019\/10\/4-champions-dictee-a-haie-griselle\/#primaryimage"},"thumbnailUrl":"https:\/\/vosgesinfo.fr\/app\/uploads\/sites\/6\/2024\/07\/201910dictee-ela-2.jpg","datePublished":"2019-10-08T15:13:07+00:00","dateModified":"2019-10-08T15:13:07+00:00","breadcrumb":{"@id":"https:\/\/vosgesinfo.fr\/gerardmerinfo\/2019\/10\/4-champions-dictee-a-haie-griselle\/#breadcrumb"},"inLanguage":"fr-FR","potentialAction":[{"@type":"ReadAction","target":["https:\/\/vosgesinfo.fr\/gerardmerinfo\/2019\/10\/4-champions-dictee-a-haie-griselle\/"]}]},{"@type":"ImageObject","inLanguage":"fr-FR","@id":"https:\/\/vosgesinfo.fr\/gerardmerinfo\/2019\/10\/4-champions-dictee-a-haie-griselle\/#primaryimage","url":"https:\/\/vosgesinfo.fr\/app\/uploads\/sites\/6\/2024\/07\/201910dictee-ela-2.jpg","contentUrl":"https:\/\/vosgesinfo.fr\/app\/uploads\/sites\/6\/2024\/07\/201910dictee-ela-2.jpg","width":800,"height":600},{"@type":"BreadcrumbList","@id":"https:\/\/vosgesinfo.fr\/gerardmerinfo\/2019\/10\/4-champions-dictee-a-haie-griselle\/#breadcrumb","itemListElement":[{"@type":"ListItem","position":1,"name":"Home","item":"https:\/\/vosgesinfo.fr\/gerardmerinfo\/"},{"@type":"ListItem","position":2,"name":"4 champions pour une dict\u00e9e \u00e0 la Haie Griselle"}]},{"@type":"WebSite","@id":"https:\/\/vosgesinfo.fr\/gerardmerinfo\/#website","url":"https:\/\/vosgesinfo.fr\/gerardmerinfo\/","name":"Gerardmer Info","description":"Toute l&#039;actualit\u00e9 de G\u00e9rardmer","publisher":{"@id":"https:\/\/vosgesinfo.fr\/gerardmerinfo\/#organization"},"alternateName":"Toute l'actualit\u00e9 de G\u00e9rardmer","potentialAction":[{"@type":"SearchAction","target":{"@type":"EntryPoint","urlTemplate":"https:\/\/vosgesinfo.fr\/gerardmerinfo\/?s={search_term_string}"},"query-input":"required name=search_term_string"}],"inLanguage":"fr-FR"},{"@type":"Organization","@id":"https:\/\/vosgesinfo.fr\/gerardmerinfo\/#organization","name":"Gerardmer Info","url":"https:\/\/vosgesinfo.fr\/gerardmerinfo\/","logo":{"@type":"ImageObject","inLanguage":"fr-FR","@id":"https:\/\/vosgesinfo.fr\/gerardmerinfo\/#\/schema\/logo\/image\/","url":"https:\/\/vosgesinfo.fr\/app\/uploads\/sites\/6\/2023\/08\/favicon-gerardmerinfo.png","contentUrl":"https:\/\/vosgesinfo.fr\/app\/uploads\/sites\/6\/2023\/08\/favicon-gerardmerinfo.png","width":512,"height":512,"caption":"Gerardmer Info"},"image":{"@id":"https:\/\/vosgesinfo.fr\/gerardmerinfo\/#\/schema\/logo\/image\/"},"sameAs":["https:\/\/www.facebook.com\/profile.php?id=100049475262660","https:\/\/x.com\/VosgesInfo88","https:\/\/www.youtube.com\/@vosgesinfo"]},{"@type":"Person","@id":"https:\/\/vosgesinfo.fr\/gerardmerinfo\/#\/schema\/person\/db5605779a843dad16b5368f3e7613a5","name":"QG","image":{"@type":"ImageObject","inLanguage":"fr-FR","@id":"https:\/\/vosgesinfo.fr\/gerardmerinfo\/#\/schema\/person\/image\/","url":"https:\/\/secure.gravatar.com\/avatar\/ea80c42c204b534408512832fde52504ecabb9706bcb6151cf6175e5b64e6793?s=96&d=mm&r=g","contentUrl":"https:\/\/secure.gravatar.com\/avatar\/ea80c42c204b534408512832fde52504ecabb9706bcb6151cf6175e5b64e6793?s=96&d=mm&r=g","caption":"QG"},"url":"https:\/\/vosgesinfo.fr\/gerardmerinfo\/author\/quentin88\/"}]}},"_links":{"self":[{"href":"https:\/\/vosgesinfo.fr\/gerardmerinfo\/wp-json\/wp\/v2\/posts\/44373","targetHints":{"allow":["GET"]}}],"collection":[{"href":"https:\/\/vosgesinfo.fr\/gerardmerinfo\/wp-json\/wp\/v2\/posts"}],"about":[{"href":"https:\/\/vosgesinfo.fr\/gerardmerinfo\/wp-json\/wp\/v2\/types\/post"}],"author":[{"embeddable":true,"href":"https:\/\/vosgesinfo.fr\/gerardmerinfo\/wp-json\/wp\/v2\/users\/42"}],"replies":[{"embeddable":true,"href":"https:\/\/vosgesinfo.fr\/gerardmerinfo\/wp-json\/wp\/v2\/comments?post=44373"}],"version-history":[{"count":0,"href":"https:\/\/vosgesinfo.fr\/gerardmerinfo\/wp-json\/wp\/v2\/posts\/44373\/revisions"}],"wp:featuredmedia":[{"embeddable":true,"href":"https:\/\/vosgesinfo.fr\/gerardmerinfo\/wp-json\/wp\/v2\/media\/44374"}],"wp:attachment":[{"href":"https:\/\/vosgesinfo.fr\/gerardmerinfo\/wp-json\/wp\/v2\/media?parent=44373"}],"wp:term":[{"taxonomy":"category","embeddable":true,"href":"https:\/\/vosgesinfo.fr\/gerardmerinfo\/wp-json\/wp\/v2\/categories?post=44373"},{"taxonomy":"post_tag","embeddable":true,"href":"https:\/\/vosgesinfo.fr\/gerardmerinfo\/wp-json\/wp\/v2\/tags?post=44373"}],"curies":[{"name":"wp","href":"https:\/\/api.w.org\/{rel}","templated":true}]}}