{"id":44388,"date":"2019-10-08T16:36:12","date_gmt":"2019-10-08T14:36:12","guid":{"rendered":"https:\/\/vosgesinfo.fr\/gerardmerinfo\/2019\/10\/ladmr-de-gerardmer-suit-mouvement-de-greve-national\/"},"modified":"2019-10-08T16:36:12","modified_gmt":"2019-10-08T14:36:12","slug":"ladmr-de-gerardmer-suit-mouvement-de-greve-national","status":"publish","type":"post","link":"https:\/\/vosgesinfo.fr\/gerardmerinfo\/2019\/10\/ladmr-de-gerardmer-suit-mouvement-de-greve-national\/","title":{"rendered":"L&rsquo;ADMR de G\u00e9rardmer suit le mouvement de gr\u00e8ve national"},"content":{"rendered":"<p><a href=\"\/2019\/10\/ADMR-g\u00e9rardmer-greve.jpg\"><img decoding=\"async\" class=\"aligncenter size-full wp-image-153757\" src=\"\/2019\/10\/ADMR-g\u00e9rardmer-greve.jpg\" alt=\"ADMR g\u00e9rardmer greve\" width=\"800\" height=\"600\" \/><\/a><\/p>\n<p>&nbsp;<\/p>\n<p>Suivant le mouvement de gr\u00e8ve national du 8 octobre 2019 concernant les m\u00e9tiers de l&rsquo;aide \u00e0 domicile, les salari\u00e9s de l&rsquo;ADMR de G\u00e9rardmer avaient \u00e9galement choisi de lever le pied ce mardi mais pas de baisser pavillon ! Conscience professionnelle oblige, il s&rsquo;agissait d&rsquo;une gr\u00e8ve partielle car la partie \u00ab\u00a0soins\u00a0\u00bb a n\u00e9anmoins \u00e9t\u00e9 assur\u00e9e.<\/p>\n<p>L&rsquo;ADMR de G\u00e9rardmer, ce sont plus de 200 familles ou foyers aid\u00e9s dans un rayon d&rsquo;environ 15 km pour les 21 salari\u00e9s (dont 2 hommes)\u00a0 qui, comme un peu partout en France, commencent s\u00e9rieusement \u00e0 en avoir gros sur la patate comme on dit ! Les revendications sont claires et l\u00e9gitimes : meilleures conditions de travail, plus de reconnaissance se traduisant par une augmentation des salaires, et augmentation des indemnit\u00e9s kilom\u00e9triques qui sont de 0,35\u00a0 \u20ac du kilom\u00e8tre. \u00ab\u00a00,35 \u20ac du kilom\u00e8tre et qui englobent tout, essence et usure du v\u00e9hicule. \u00c7a n&rsquo;a pas augment\u00e9 depuis pr\u00e8s de 10 ans et c&rsquo;est trop peu, surtout dans notre secteur o\u00f9 nous nous d\u00e9pla\u00e7ons \u00e9norm\u00e9ment et dans n&rsquo;importe quelles conditions m\u00e9t\u00e9o, qu&rsquo;il pleuve, qu&rsquo;il vente, qu&rsquo;il neige. Nous sommes pay\u00e9s au SMIC pour un travail d&rsquo;aide soignante avec des plannings souvent surcharg\u00e9s, avec des trous et une amplitude qui peut aller jusqu&rsquo;\u00e0 13 heures, week-ends et jours f\u00e9ri\u00e9s !\u00a0\u00bb pr\u00e9cisent les porte-paroles de l&rsquo;ADMR locale.<\/p>\n<p>Et d&rsquo;ajouter : \u00ab\u00a0Certains salari\u00e9s ne sont qu&rsquo;\u00e0 tiers-temps par exemple, mais travaillent tout de m\u00eame \u00e0 plein temps pour assurer des remplacements, sans savoir s&rsquo;ils seront pay\u00e9s plus ou s&rsquo;ils rattraperont leurs heures. Nous manquons de personnel et les prises en charge sont de plus en plus lourdes&#8230;\u00a0\u00bb Attention danger, c&rsquo;est donc aussi le message de cette gr\u00e8ve, surtout dans une zone de moyenne montagne comme \u00e0 G\u00e9rardmer o\u00f9 la population est vieillissante. Il faut permettre aux salari\u00e9s de l&rsquo;ADMR de convenablement travailler et de convenablement gagner leur vie pour que les personnes aid\u00e9es puissent, elles, continuer \u00e0 mieux vivre et pas juste \u00e0 survivre&#8230; Vous l&rsquo;aurez compris, \u00e0 priori, si les aides \u00e0 domicile se font entendre, tout le monde sera gagnant !<\/p>\n","protected":false},"excerpt":{"rendered":"<p>&nbsp; Suivant le mouvement de gr\u00e8ve national du 8 octobre 2019 concernant les m\u00e9tiers de l&rsquo;aide \u00e0 domicile, les salari\u00e9s [&hellip;]<\/p>\n","protected":false},"author":42,"featured_media":44389,"comment_status":"open","ping_status":"open","sticky":false,"template":"","format":"standard","meta":{"footnotes":""},"categories":[20,25,12,13],"tags":[765],"class_list":["post-44388","post","type-post","status-publish","format-standard","has-post-thumbnail","hentry","category-a-la-une","category-gerardmer","category-sante","category-societe","tag-admr"],"acf":[],"yoast_head":"<!-- This site is optimized with the Yoast SEO plugin v22.5 - https:\/\/yoast.com\/wordpress\/plugins\/seo\/ -->\n<title>L&#039;ADMR de G\u00e9rardmer suit le mouvement de gr\u00e8ve national - Gerardmer Info<\/title>\n<meta name=\"robots\" content=\"index, follow, max-snippet:-1, max-image-preview:large, max-video-preview:-1\" \/>\n<link rel=\"canonical\" href=\"https:\/\/vosgesinfo.fr\/gerardmerinfo\/2019\/10\/ladmr-de-gerardmer-suit-mouvement-de-greve-national\/\" \/>\n<meta name=\"twitter:card\" content=\"summary_large_image\" \/>\n<meta name=\"twitter:title\" content=\"L&#039;ADMR de G\u00e9rardmer suit le mouvement de gr\u00e8ve national - Gerardmer Info\" \/>\n<meta name=\"twitter:description\" content=\"&nbsp; Suivant le mouvement de gr\u00e8ve national du 8 octobre 2019 concernant les m\u00e9tiers de l&rsquo;aide \u00e0 domicile, les salari\u00e9s [&hellip;]\" \/>\n<meta name=\"twitter:image\" content=\"https:\/\/vosgesinfo.fr\/app\/uploads\/sites\/6\/2024\/07\/201910admr-gerardmer-greve.jpg\" \/>\n<meta name=\"twitter:creator\" content=\"@VosgesInfo88\" \/>\n<meta name=\"twitter:site\" content=\"@VosgesInfo88\" \/>\n<meta name=\"twitter:label1\" content=\"\u00c9crit par\" \/>\n\t<meta name=\"twitter:data1\" content=\"QG\" \/>\n\t<meta name=\"twitter:label2\" content=\"Dur\u00e9e de lecture estim\u00e9e\" \/>\n\t<meta name=\"twitter:data2\" content=\"2 minutes\" \/>\n<script type=\"application\/ld+json\" class=\"yoast-schema-graph\">{\"@context\":\"https:\/\/schema.org\",\"@graph\":[{\"@type\":\"Article\",\"@id\":\"https:\/\/vosgesinfo.fr\/gerardmerinfo\/2019\/10\/ladmr-de-gerardmer-suit-mouvement-de-greve-national\/#article\",\"isPartOf\":{\"@id\":\"https:\/\/vosgesinfo.fr\/gerardmerinfo\/2019\/10\/ladmr-de-gerardmer-suit-mouvement-de-greve-national\/\"},\"author\":{\"name\":\"QG\",\"@id\":\"https:\/\/vosgesinfo.fr\/gerardmerinfo\/#\/schema\/person\/db5605779a843dad16b5368f3e7613a5\"},\"headline\":\"L&rsquo;ADMR de G\u00e9rardmer suit le mouvement de gr\u00e8ve national\",\"datePublished\":\"2019-10-08T14:36:12+00:00\",\"dateModified\":\"2019-10-08T14:36:12+00:00\",\"mainEntityOfPage\":{\"@id\":\"https:\/\/vosgesinfo.fr\/gerardmerinfo\/2019\/10\/ladmr-de-gerardmer-suit-mouvement-de-greve-national\/\"},\"wordCount\":384,\"commentCount\":0,\"publisher\":{\"@id\":\"https:\/\/vosgesinfo.fr\/gerardmerinfo\/#organization\"},\"image\":{\"@id\":\"https:\/\/vosgesinfo.fr\/gerardmerinfo\/2019\/10\/ladmr-de-gerardmer-suit-mouvement-de-greve-national\/#primaryimage\"},\"thumbnailUrl\":\"https:\/\/vosgesinfo.fr\/app\/uploads\/sites\/6\/2024\/07\/201910admr-gerardmer-greve.jpg\",\"keywords\":[\"ADMR\"],\"articleSection\":[\"A la une\",\"G\u00e9rardmer\",\"Sant\u00e9\",\"Soci\u00e9t\u00e9\"],\"inLanguage\":\"fr-FR\",\"potentialAction\":[{\"@type\":\"CommentAction\",\"name\":\"Comment\",\"target\":[\"https:\/\/vosgesinfo.fr\/gerardmerinfo\/2019\/10\/ladmr-de-gerardmer-suit-mouvement-de-greve-national\/#respond\"]}]},{\"@type\":\"WebPage\",\"@id\":\"https:\/\/vosgesinfo.fr\/gerardmerinfo\/2019\/10\/ladmr-de-gerardmer-suit-mouvement-de-greve-national\/\",\"url\":\"https:\/\/vosgesinfo.fr\/gerardmerinfo\/2019\/10\/ladmr-de-gerardmer-suit-mouvement-de-greve-national\/\",\"name\":\"L'ADMR de G\u00e9rardmer suit le mouvement de gr\u00e8ve national - Gerardmer Info\",\"isPartOf\":{\"@id\":\"https:\/\/vosgesinfo.fr\/gerardmerinfo\/#website\"},\"primaryImageOfPage\":{\"@id\":\"https:\/\/vosgesinfo.fr\/gerardmerinfo\/2019\/10\/ladmr-de-gerardmer-suit-mouvement-de-greve-national\/#primaryimage\"},\"image\":{\"@id\":\"https:\/\/vosgesinfo.fr\/gerardmerinfo\/2019\/10\/ladmr-de-gerardmer-suit-mouvement-de-greve-national\/#primaryimage\"},\"thumbnailUrl\":\"https:\/\/vosgesinfo.fr\/app\/uploads\/sites\/6\/2024\/07\/201910admr-gerardmer-greve.jpg\",\"datePublished\":\"2019-10-08T14:36:12+00:00\",\"dateModified\":\"2019-10-08T14:36:12+00:00\",\"breadcrumb\":{\"@id\":\"https:\/\/vosgesinfo.fr\/gerardmerinfo\/2019\/10\/ladmr-de-gerardmer-suit-mouvement-de-greve-national\/#breadcrumb\"},\"inLanguage\":\"fr-FR\",\"potentialAction\":[{\"@type\":\"ReadAction\",\"target\":[\"https:\/\/vosgesinfo.fr\/gerardmerinfo\/2019\/10\/ladmr-de-gerardmer-suit-mouvement-de-greve-national\/\"]}]},{\"@type\":\"ImageObject\",\"inLanguage\":\"fr-FR\",\"@id\":\"https:\/\/vosgesinfo.fr\/gerardmerinfo\/2019\/10\/ladmr-de-gerardmer-suit-mouvement-de-greve-national\/#primaryimage\",\"url\":\"https:\/\/vosgesinfo.fr\/app\/uploads\/sites\/6\/2024\/07\/201910admr-gerardmer-greve.jpg\",\"contentUrl\":\"https:\/\/vosgesinfo.fr\/app\/uploads\/sites\/6\/2024\/07\/201910admr-gerardmer-greve.jpg\",\"width\":800,\"height\":600},{\"@type\":\"BreadcrumbList\",\"@id\":\"https:\/\/vosgesinfo.fr\/gerardmerinfo\/2019\/10\/ladmr-de-gerardmer-suit-mouvement-de-greve-national\/#breadcrumb\",\"itemListElement\":[{\"@type\":\"ListItem\",\"position\":1,\"name\":\"Home\",\"item\":\"https:\/\/vosgesinfo.fr\/gerardmerinfo\/\"},{\"@type\":\"ListItem\",\"position\":2,\"name\":\"L&rsquo;ADMR de G\u00e9rardmer suit le mouvement de gr\u00e8ve national\"}]},{\"@type\":\"WebSite\",\"@id\":\"https:\/\/vosgesinfo.fr\/gerardmerinfo\/#website\",\"url\":\"https:\/\/vosgesinfo.fr\/gerardmerinfo\/\",\"name\":\"Gerardmer Info\",\"description\":\"Toute l&#039;actualit\u00e9 de G\u00e9rardmer\",\"publisher\":{\"@id\":\"https:\/\/vosgesinfo.fr\/gerardmerinfo\/#organization\"},\"alternateName\":\"Toute l'actualit\u00e9 de G\u00e9rardmer\",\"potentialAction\":[{\"@type\":\"SearchAction\",\"target\":{\"@type\":\"EntryPoint\",\"urlTemplate\":\"https:\/\/vosgesinfo.fr\/gerardmerinfo\/?s={search_term_string}\"},\"query-input\":\"required name=search_term_string\"}],\"inLanguage\":\"fr-FR\"},{\"@type\":\"Organization\",\"@id\":\"https:\/\/vosgesinfo.fr\/gerardmerinfo\/#organization\",\"name\":\"Gerardmer Info\",\"url\":\"https:\/\/vosgesinfo.fr\/gerardmerinfo\/\",\"logo\":{\"@type\":\"ImageObject\",\"inLanguage\":\"fr-FR\",\"@id\":\"https:\/\/vosgesinfo.fr\/gerardmerinfo\/#\/schema\/logo\/image\/\",\"url\":\"https:\/\/vosgesinfo.fr\/app\/uploads\/sites\/6\/2023\/08\/favicon-gerardmerinfo.png\",\"contentUrl\":\"https:\/\/vosgesinfo.fr\/app\/uploads\/sites\/6\/2023\/08\/favicon-gerardmerinfo.png\",\"width\":512,\"height\":512,\"caption\":\"Gerardmer Info\"},\"image\":{\"@id\":\"https:\/\/vosgesinfo.fr\/gerardmerinfo\/#\/schema\/logo\/image\/\"},\"sameAs\":[\"https:\/\/www.facebook.com\/profile.php?id=100049475262660\",\"https:\/\/x.com\/VosgesInfo88\",\"https:\/\/www.youtube.com\/@vosgesinfo\"]},{\"@type\":\"Person\",\"@id\":\"https:\/\/vosgesinfo.fr\/gerardmerinfo\/#\/schema\/person\/db5605779a843dad16b5368f3e7613a5\",\"name\":\"QG\",\"image\":{\"@type\":\"ImageObject\",\"inLanguage\":\"fr-FR\",\"@id\":\"https:\/\/vosgesinfo.fr\/gerardmerinfo\/#\/schema\/person\/image\/\",\"url\":\"https:\/\/secure.gravatar.com\/avatar\/ea80c42c204b534408512832fde52504ecabb9706bcb6151cf6175e5b64e6793?s=96&d=mm&r=g\",\"contentUrl\":\"https:\/\/secure.gravatar.com\/avatar\/ea80c42c204b534408512832fde52504ecabb9706bcb6151cf6175e5b64e6793?s=96&d=mm&r=g\",\"caption\":\"QG\"},\"url\":\"https:\/\/vosgesinfo.fr\/gerardmerinfo\/author\/quentin88\/\"}]}<\/script>\n<!-- \/ Yoast SEO plugin. -->","yoast_head_json":{"title":"L'ADMR de G\u00e9rardmer suit le mouvement de gr\u00e8ve national - Gerardmer Info","robots":{"index":"index","follow":"follow","max-snippet":"max-snippet:-1","max-image-preview":"max-image-preview:large","max-video-preview":"max-video-preview:-1"},"canonical":"https:\/\/vosgesinfo.fr\/gerardmerinfo\/2019\/10\/ladmr-de-gerardmer-suit-mouvement-de-greve-national\/","twitter_card":"summary_large_image","twitter_title":"L'ADMR de G\u00e9rardmer suit le mouvement de gr\u00e8ve national - Gerardmer Info","twitter_description":"&nbsp; Suivant le mouvement de gr\u00e8ve national du 8 octobre 2019 concernant les m\u00e9tiers de l&rsquo;aide \u00e0 domicile, les salari\u00e9s [&hellip;]","twitter_image":"https:\/\/vosgesinfo.fr\/app\/uploads\/sites\/6\/2024\/07\/201910admr-gerardmer-greve.jpg","twitter_creator":"@VosgesInfo88","twitter_site":"@VosgesInfo88","twitter_misc":{"\u00c9crit par":"QG","Dur\u00e9e de lecture estim\u00e9e":"2 minutes"},"schema":{"@context":"https:\/\/schema.org","@graph":[{"@type":"Article","@id":"https:\/\/vosgesinfo.fr\/gerardmerinfo\/2019\/10\/ladmr-de-gerardmer-suit-mouvement-de-greve-national\/#article","isPartOf":{"@id":"https:\/\/vosgesinfo.fr\/gerardmerinfo\/2019\/10\/ladmr-de-gerardmer-suit-mouvement-de-greve-national\/"},"author":{"name":"QG","@id":"https:\/\/vosgesinfo.fr\/gerardmerinfo\/#\/schema\/person\/db5605779a843dad16b5368f3e7613a5"},"headline":"L&rsquo;ADMR de G\u00e9rardmer suit le mouvement de gr\u00e8ve national","datePublished":"2019-10-08T14:36:12+00:00","dateModified":"2019-10-08T14:36:12+00:00","mainEntityOfPage":{"@id":"https:\/\/vosgesinfo.fr\/gerardmerinfo\/2019\/10\/ladmr-de-gerardmer-suit-mouvement-de-greve-national\/"},"wordCount":384,"commentCount":0,"publisher":{"@id":"https:\/\/vosgesinfo.fr\/gerardmerinfo\/#organization"},"image":{"@id":"https:\/\/vosgesinfo.fr\/gerardmerinfo\/2019\/10\/ladmr-de-gerardmer-suit-mouvement-de-greve-national\/#primaryimage"},"thumbnailUrl":"https:\/\/vosgesinfo.fr\/app\/uploads\/sites\/6\/2024\/07\/201910admr-gerardmer-greve.jpg","keywords":["ADMR"],"articleSection":["A la une","G\u00e9rardmer","Sant\u00e9","Soci\u00e9t\u00e9"],"inLanguage":"fr-FR","potentialAction":[{"@type":"CommentAction","name":"Comment","target":["https:\/\/vosgesinfo.fr\/gerardmerinfo\/2019\/10\/ladmr-de-gerardmer-suit-mouvement-de-greve-national\/#respond"]}]},{"@type":"WebPage","@id":"https:\/\/vosgesinfo.fr\/gerardmerinfo\/2019\/10\/ladmr-de-gerardmer-suit-mouvement-de-greve-national\/","url":"https:\/\/vosgesinfo.fr\/gerardmerinfo\/2019\/10\/ladmr-de-gerardmer-suit-mouvement-de-greve-national\/","name":"L'ADMR de G\u00e9rardmer suit le mouvement de gr\u00e8ve national - Gerardmer Info","isPartOf":{"@id":"https:\/\/vosgesinfo.fr\/gerardmerinfo\/#website"},"primaryImageOfPage":{"@id":"https:\/\/vosgesinfo.fr\/gerardmerinfo\/2019\/10\/ladmr-de-gerardmer-suit-mouvement-de-greve-national\/#primaryimage"},"image":{"@id":"https:\/\/vosgesinfo.fr\/gerardmerinfo\/2019\/10\/ladmr-de-gerardmer-suit-mouvement-de-greve-national\/#primaryimage"},"thumbnailUrl":"https:\/\/vosgesinfo.fr\/app\/uploads\/sites\/6\/2024\/07\/201910admr-gerardmer-greve.jpg","datePublished":"2019-10-08T14:36:12+00:00","dateModified":"2019-10-08T14:36:12+00:00","breadcrumb":{"@id":"https:\/\/vosgesinfo.fr\/gerardmerinfo\/2019\/10\/ladmr-de-gerardmer-suit-mouvement-de-greve-national\/#breadcrumb"},"inLanguage":"fr-FR","potentialAction":[{"@type":"ReadAction","target":["https:\/\/vosgesinfo.fr\/gerardmerinfo\/2019\/10\/ladmr-de-gerardmer-suit-mouvement-de-greve-national\/"]}]},{"@type":"ImageObject","inLanguage":"fr-FR","@id":"https:\/\/vosgesinfo.fr\/gerardmerinfo\/2019\/10\/ladmr-de-gerardmer-suit-mouvement-de-greve-national\/#primaryimage","url":"https:\/\/vosgesinfo.fr\/app\/uploads\/sites\/6\/2024\/07\/201910admr-gerardmer-greve.jpg","contentUrl":"https:\/\/vosgesinfo.fr\/app\/uploads\/sites\/6\/2024\/07\/201910admr-gerardmer-greve.jpg","width":800,"height":600},{"@type":"BreadcrumbList","@id":"https:\/\/vosgesinfo.fr\/gerardmerinfo\/2019\/10\/ladmr-de-gerardmer-suit-mouvement-de-greve-national\/#breadcrumb","itemListElement":[{"@type":"ListItem","position":1,"name":"Home","item":"https:\/\/vosgesinfo.fr\/gerardmerinfo\/"},{"@type":"ListItem","position":2,"name":"L&rsquo;ADMR de G\u00e9rardmer suit le mouvement de gr\u00e8ve national"}]},{"@type":"WebSite","@id":"https:\/\/vosgesinfo.fr\/gerardmerinfo\/#website","url":"https:\/\/vosgesinfo.fr\/gerardmerinfo\/","name":"Gerardmer Info","description":"Toute l&#039;actualit\u00e9 de G\u00e9rardmer","publisher":{"@id":"https:\/\/vosgesinfo.fr\/gerardmerinfo\/#organization"},"alternateName":"Toute l'actualit\u00e9 de G\u00e9rardmer","potentialAction":[{"@type":"SearchAction","target":{"@type":"EntryPoint","urlTemplate":"https:\/\/vosgesinfo.fr\/gerardmerinfo\/?s={search_term_string}"},"query-input":"required name=search_term_string"}],"inLanguage":"fr-FR"},{"@type":"Organization","@id":"https:\/\/vosgesinfo.fr\/gerardmerinfo\/#organization","name":"Gerardmer Info","url":"https:\/\/vosgesinfo.fr\/gerardmerinfo\/","logo":{"@type":"ImageObject","inLanguage":"fr-FR","@id":"https:\/\/vosgesinfo.fr\/gerardmerinfo\/#\/schema\/logo\/image\/","url":"https:\/\/vosgesinfo.fr\/app\/uploads\/sites\/6\/2023\/08\/favicon-gerardmerinfo.png","contentUrl":"https:\/\/vosgesinfo.fr\/app\/uploads\/sites\/6\/2023\/08\/favicon-gerardmerinfo.png","width":512,"height":512,"caption":"Gerardmer Info"},"image":{"@id":"https:\/\/vosgesinfo.fr\/gerardmerinfo\/#\/schema\/logo\/image\/"},"sameAs":["https:\/\/www.facebook.com\/profile.php?id=100049475262660","https:\/\/x.com\/VosgesInfo88","https:\/\/www.youtube.com\/@vosgesinfo"]},{"@type":"Person","@id":"https:\/\/vosgesinfo.fr\/gerardmerinfo\/#\/schema\/person\/db5605779a843dad16b5368f3e7613a5","name":"QG","image":{"@type":"ImageObject","inLanguage":"fr-FR","@id":"https:\/\/vosgesinfo.fr\/gerardmerinfo\/#\/schema\/person\/image\/","url":"https:\/\/secure.gravatar.com\/avatar\/ea80c42c204b534408512832fde52504ecabb9706bcb6151cf6175e5b64e6793?s=96&d=mm&r=g","contentUrl":"https:\/\/secure.gravatar.com\/avatar\/ea80c42c204b534408512832fde52504ecabb9706bcb6151cf6175e5b64e6793?s=96&d=mm&r=g","caption":"QG"},"url":"https:\/\/vosgesinfo.fr\/gerardmerinfo\/author\/quentin88\/"}]}},"_links":{"self":[{"href":"https:\/\/vosgesinfo.fr\/gerardmerinfo\/wp-json\/wp\/v2\/posts\/44388","targetHints":{"allow":["GET"]}}],"collection":[{"href":"https:\/\/vosgesinfo.fr\/gerardmerinfo\/wp-json\/wp\/v2\/posts"}],"about":[{"href":"https:\/\/vosgesinfo.fr\/gerardmerinfo\/wp-json\/wp\/v2\/types\/post"}],"author":[{"embeddable":true,"href":"https:\/\/vosgesinfo.fr\/gerardmerinfo\/wp-json\/wp\/v2\/users\/42"}],"replies":[{"embeddable":true,"href":"https:\/\/vosgesinfo.fr\/gerardmerinfo\/wp-json\/wp\/v2\/comments?post=44388"}],"version-history":[{"count":0,"href":"https:\/\/vosgesinfo.fr\/gerardmerinfo\/wp-json\/wp\/v2\/posts\/44388\/revisions"}],"wp:featuredmedia":[{"embeddable":true,"href":"https:\/\/vosgesinfo.fr\/gerardmerinfo\/wp-json\/wp\/v2\/media\/44389"}],"wp:attachment":[{"href":"https:\/\/vosgesinfo.fr\/gerardmerinfo\/wp-json\/wp\/v2\/media?parent=44388"}],"wp:term":[{"taxonomy":"category","embeddable":true,"href":"https:\/\/vosgesinfo.fr\/gerardmerinfo\/wp-json\/wp\/v2\/categories?post=44388"},{"taxonomy":"post_tag","embeddable":true,"href":"https:\/\/vosgesinfo.fr\/gerardmerinfo\/wp-json\/wp\/v2\/tags?post=44388"}],"curies":[{"name":"wp","href":"https:\/\/api.w.org\/{rel}","templated":true}]}}