{"id":44390,"date":"2019-10-09T15:46:35","date_gmt":"2019-10-09T13:46:35","guid":{"rendered":"https:\/\/vosgesinfo.fr\/gerardmerinfo\/2019\/10\/ecoliers-jury-courts-metrages-ont-rendu-verdict\/"},"modified":"2019-10-09T15:46:35","modified_gmt":"2019-10-09T13:46:35","slug":"ecoliers-jury-courts-metrages-ont-rendu-verdict","status":"publish","type":"post","link":"https:\/\/vosgesinfo.fr\/gerardmerinfo\/2019\/10\/ecoliers-jury-courts-metrages-ont-rendu-verdict\/","title":{"rendered":"Les \u00e9coliers du jury courts m\u00e9trages ont rendu leur verdict !"},"content":{"rendered":"<p><a href=\"\/2019\/10\/remise-des-troph\u00e9es-3.jpg\"><img decoding=\"async\" class=\"aligncenter wp-image-153769\" src=\"\/2019\/10\/remise-des-troph\u00e9es-3.jpg\" alt=\"remise des troph\u00e9es (3)\" width=\"600\" height=\"398\" \/><\/a><\/p>\n<h3><span style=\"font-size: 12pt;\">Une comp\u00e9tition de courts-m\u00e9trages permettant \u00e0 des \u00e9coliers \u00e0 devenir des \u00ab\u00a0critiques de cin\u00e9ma\u00a0\u00bb \u00e9tait organis\u00e9e en partenariat avec le Festival Graines des Toiles, l&rsquo;Education Nationale et la Ville de G\u00e9rardmer.<\/span><\/h3>\n<p><span style=\"font-size: 12pt;\"><a href=\"\/2019\/10\/jury-courts-m\u00e9trages-\u00e9coles-2.jpg\"><img decoding=\"async\" class=\"alignright size-medium wp-image-153766\" src=\"\/2019\/10\/jury-courts-m\u00e9trages-\u00e9coles-2-385x255.jpg\" alt=\"jury courts m\u00e9trages \u00e9coles (2)\" width=\"385\" height=\"255\" \/><\/a>En effet, en pr\u00e9ambule du 12\u00e8me festival de cin\u00e9ma jeune public, <b>5 courts m\u00e9trages<\/b> \u00e9t\u00e9 diffus\u00e9s<\/span><span style=\"font-size: 12pt;\"> \u00e0 <b>6 classes de CM1\/CM2<\/b> de G\u00e9rardmer, soit environ <b>160 <\/b>enfants. Un jury qui avait la lourde t\u00e2che d&rsquo;attribuer 6 \u00ab\u00a0Graines\u00a0\u00bb ou troph\u00e9es \u00e0 leur(s) film(s) favoris&#8230; <\/span>Pour cela, ils ont \u00e9t\u00e9 accompagn\u00e9s par leurs<span style=\"font-size: 12pt;\"> enseignants qui ont \u00e9t\u00e9 form\u00e9s sur une journ\u00e9e \u00e0 \u00ab\u00a0d\u00e9cortiquer\u00a0\u00bb les diff\u00e9rentes facettes d&rsquo;un court m\u00e9trage avec un intervenant sp\u00e9cialis\u00e9 en amont. Une formation qui leur a permis de transmettre une certaine approche et une certaine sensibilit\u00e9 aux enfants qui ont pu \u00e0 leur tour \u00e9valuer les points forts et les points faibles des courts m\u00e9trages qu&rsquo;ils ont visionn\u00e9, ce qui leur a beaucoup plu et un peu moins, bref, ils ont pu d\u00e9velopper leur sens critique vis-\u00e0-vis du 7\u00e8me art.<\/span><\/p>\n<p><span style=\"font-size: 12pt;\"> Pour conclure, <b>6 \u00ab\u00a0Graines\u00a0\u00bb en lien avec Graines des Toiles ont \u00e9t\u00e9 attribu\u00e9es ce matin \u00e0 : <\/b><\/span><\/p>\n<p><span style=\"font-size: 12pt;\"> <span style=\"color: #33cc00;\">Graine de la technique, du message, de la bande son et du sc\u00e9nario<\/span> attribu\u00e9es \u00e0 <b>GARDEN PARTY<\/b> Th\u00e9ophile Dufresne, Florian Babikian, Gabriel Grapperon \/ 7\u201925 \/ 2016 \/ France<\/span><\/p>\n<p><span style=\"font-size: 12pt;\"> <span style=\"color: #33cc00;\">La Graine du coeur <\/span>\u00e0 \u00e9t\u00e9 attribu\u00e9e \u00e0 <b>HOME SWEET HOME <\/b>Alexandro Diaz, Pierre Clenet, Romain Mazevet \/ 10\u201900 \/ 2013 \/ France<\/span><\/p>\n<p><span style=\"font-size: 12pt;\"> <span style=\"color: #33cc00;\">La Graine de l&rsquo;humour <\/span>\u00e0 \u00e9t\u00e9 attribu\u00e9e \u00e0 <b>THE COMMON CAMELEON<\/b> Tomer Eshed \/ 03\u201932 \/ 2016 \/ Allemagne<\/span><\/p>\n\n","protected":false},"excerpt":{"rendered":"<p>Une comp\u00e9tition de courts-m\u00e9trages permettant \u00e0 des \u00e9coliers \u00e0 devenir des \u00ab\u00a0critiques de cin\u00e9ma\u00a0\u00bb \u00e9tait organis\u00e9e en partenariat avec le [&hellip;]<\/p>\n","protected":false},"author":42,"featured_media":44391,"comment_status":"open","ping_status":"open","sticky":false,"template":"","format":"standard","meta":{"footnotes":""},"categories":[20,4],"tags":[537],"class_list":["post-44390","post","type-post","status-publish","format-standard","has-post-thumbnail","hentry","category-a-la-une","category-culture","tag-festival-graines-des-toiles"],"acf":[],"yoast_head":"<!-- This site is optimized with the Yoast SEO plugin v22.5 - https:\/\/yoast.com\/wordpress\/plugins\/seo\/ -->\n<title>Les \u00e9coliers du jury courts m\u00e9trages ont rendu leur verdict ! - Gerardmer Info<\/title>\n<meta name=\"robots\" content=\"index, follow, max-snippet:-1, max-image-preview:large, max-video-preview:-1\" \/>\n<link rel=\"canonical\" href=\"https:\/\/vosgesinfo.fr\/gerardmerinfo\/2019\/10\/ecoliers-jury-courts-metrages-ont-rendu-verdict\/\" \/>\n<meta name=\"twitter:card\" content=\"summary_large_image\" \/>\n<meta name=\"twitter:title\" content=\"Les \u00e9coliers du jury courts m\u00e9trages ont rendu leur verdict ! - Gerardmer Info\" \/>\n<meta name=\"twitter:description\" content=\"Une comp\u00e9tition de courts-m\u00e9trages permettant \u00e0 des \u00e9coliers \u00e0 devenir des \u00ab\u00a0critiques de cin\u00e9ma\u00a0\u00bb \u00e9tait organis\u00e9e en partenariat avec le [&hellip;]\" \/>\n<meta name=\"twitter:image\" content=\"https:\/\/vosgesinfo.fr\/app\/uploads\/sites\/6\/2024\/07\/201910palmares-cgraines-des-toiles-courts-metrages.jpg\" \/>\n<meta name=\"twitter:creator\" content=\"@VosgesInfo88\" \/>\n<meta name=\"twitter:site\" content=\"@VosgesInfo88\" \/>\n<meta name=\"twitter:label1\" content=\"\u00c9crit par\" \/>\n\t<meta name=\"twitter:data1\" content=\"QG\" \/>\n\t<meta name=\"twitter:label2\" content=\"Dur\u00e9e de lecture estim\u00e9e\" \/>\n\t<meta name=\"twitter:data2\" content=\"1 minute\" \/>\n<script type=\"application\/ld+json\" class=\"yoast-schema-graph\">{\"@context\":\"https:\/\/schema.org\",\"@graph\":[{\"@type\":\"Article\",\"@id\":\"https:\/\/vosgesinfo.fr\/gerardmerinfo\/2019\/10\/ecoliers-jury-courts-metrages-ont-rendu-verdict\/#article\",\"isPartOf\":{\"@id\":\"https:\/\/vosgesinfo.fr\/gerardmerinfo\/2019\/10\/ecoliers-jury-courts-metrages-ont-rendu-verdict\/\"},\"author\":{\"name\":\"QG\",\"@id\":\"https:\/\/vosgesinfo.fr\/gerardmerinfo\/#\/schema\/person\/db5605779a843dad16b5368f3e7613a5\"},\"headline\":\"Les \u00e9coliers du jury courts m\u00e9trages ont rendu leur verdict !\",\"datePublished\":\"2019-10-09T13:46:35+00:00\",\"dateModified\":\"2019-10-09T13:46:35+00:00\",\"mainEntityOfPage\":{\"@id\":\"https:\/\/vosgesinfo.fr\/gerardmerinfo\/2019\/10\/ecoliers-jury-courts-metrages-ont-rendu-verdict\/\"},\"wordCount\":275,\"commentCount\":0,\"publisher\":{\"@id\":\"https:\/\/vosgesinfo.fr\/gerardmerinfo\/#organization\"},\"image\":{\"@id\":\"https:\/\/vosgesinfo.fr\/gerardmerinfo\/2019\/10\/ecoliers-jury-courts-metrages-ont-rendu-verdict\/#primaryimage\"},\"thumbnailUrl\":\"https:\/\/vosgesinfo.fr\/app\/uploads\/sites\/6\/2024\/07\/201910palmares-cgraines-des-toiles-courts-metrages.jpg\",\"keywords\":[\"festival graines des toiles\"],\"articleSection\":[\"A la une\",\"Culture\"],\"inLanguage\":\"fr-FR\",\"potentialAction\":[{\"@type\":\"CommentAction\",\"name\":\"Comment\",\"target\":[\"https:\/\/vosgesinfo.fr\/gerardmerinfo\/2019\/10\/ecoliers-jury-courts-metrages-ont-rendu-verdict\/#respond\"]}]},{\"@type\":\"WebPage\",\"@id\":\"https:\/\/vosgesinfo.fr\/gerardmerinfo\/2019\/10\/ecoliers-jury-courts-metrages-ont-rendu-verdict\/\",\"url\":\"https:\/\/vosgesinfo.fr\/gerardmerinfo\/2019\/10\/ecoliers-jury-courts-metrages-ont-rendu-verdict\/\",\"name\":\"Les \u00e9coliers du jury courts m\u00e9trages ont rendu leur verdict ! - Gerardmer Info\",\"isPartOf\":{\"@id\":\"https:\/\/vosgesinfo.fr\/gerardmerinfo\/#website\"},\"primaryImageOfPage\":{\"@id\":\"https:\/\/vosgesinfo.fr\/gerardmerinfo\/2019\/10\/ecoliers-jury-courts-metrages-ont-rendu-verdict\/#primaryimage\"},\"image\":{\"@id\":\"https:\/\/vosgesinfo.fr\/gerardmerinfo\/2019\/10\/ecoliers-jury-courts-metrages-ont-rendu-verdict\/#primaryimage\"},\"thumbnailUrl\":\"https:\/\/vosgesinfo.fr\/app\/uploads\/sites\/6\/2024\/07\/201910palmares-cgraines-des-toiles-courts-metrages.jpg\",\"datePublished\":\"2019-10-09T13:46:35+00:00\",\"dateModified\":\"2019-10-09T13:46:35+00:00\",\"breadcrumb\":{\"@id\":\"https:\/\/vosgesinfo.fr\/gerardmerinfo\/2019\/10\/ecoliers-jury-courts-metrages-ont-rendu-verdict\/#breadcrumb\"},\"inLanguage\":\"fr-FR\",\"potentialAction\":[{\"@type\":\"ReadAction\",\"target\":[\"https:\/\/vosgesinfo.fr\/gerardmerinfo\/2019\/10\/ecoliers-jury-courts-metrages-ont-rendu-verdict\/\"]}]},{\"@type\":\"ImageObject\",\"inLanguage\":\"fr-FR\",\"@id\":\"https:\/\/vosgesinfo.fr\/gerardmerinfo\/2019\/10\/ecoliers-jury-courts-metrages-ont-rendu-verdict\/#primaryimage\",\"url\":\"https:\/\/vosgesinfo.fr\/app\/uploads\/sites\/6\/2024\/07\/201910palmares-cgraines-des-toiles-courts-metrages.jpg\",\"contentUrl\":\"https:\/\/vosgesinfo.fr\/app\/uploads\/sites\/6\/2024\/07\/201910palmares-cgraines-des-toiles-courts-metrages.jpg\",\"width\":800,\"height\":530},{\"@type\":\"BreadcrumbList\",\"@id\":\"https:\/\/vosgesinfo.fr\/gerardmerinfo\/2019\/10\/ecoliers-jury-courts-metrages-ont-rendu-verdict\/#breadcrumb\",\"itemListElement\":[{\"@type\":\"ListItem\",\"position\":1,\"name\":\"Home\",\"item\":\"https:\/\/vosgesinfo.fr\/gerardmerinfo\/\"},{\"@type\":\"ListItem\",\"position\":2,\"name\":\"Les \u00e9coliers du jury courts m\u00e9trages ont rendu leur verdict !\"}]},{\"@type\":\"WebSite\",\"@id\":\"https:\/\/vosgesinfo.fr\/gerardmerinfo\/#website\",\"url\":\"https:\/\/vosgesinfo.fr\/gerardmerinfo\/\",\"name\":\"Gerardmer Info\",\"description\":\"Toute l&#039;actualit\u00e9 de G\u00e9rardmer\",\"publisher\":{\"@id\":\"https:\/\/vosgesinfo.fr\/gerardmerinfo\/#organization\"},\"alternateName\":\"Toute l'actualit\u00e9 de G\u00e9rardmer\",\"potentialAction\":[{\"@type\":\"SearchAction\",\"target\":{\"@type\":\"EntryPoint\",\"urlTemplate\":\"https:\/\/vosgesinfo.fr\/gerardmerinfo\/?s={search_term_string}\"},\"query-input\":\"required name=search_term_string\"}],\"inLanguage\":\"fr-FR\"},{\"@type\":\"Organization\",\"@id\":\"https:\/\/vosgesinfo.fr\/gerardmerinfo\/#organization\",\"name\":\"Gerardmer Info\",\"url\":\"https:\/\/vosgesinfo.fr\/gerardmerinfo\/\",\"logo\":{\"@type\":\"ImageObject\",\"inLanguage\":\"fr-FR\",\"@id\":\"https:\/\/vosgesinfo.fr\/gerardmerinfo\/#\/schema\/logo\/image\/\",\"url\":\"https:\/\/vosgesinfo.fr\/app\/uploads\/sites\/6\/2023\/08\/favicon-gerardmerinfo.png\",\"contentUrl\":\"https:\/\/vosgesinfo.fr\/app\/uploads\/sites\/6\/2023\/08\/favicon-gerardmerinfo.png\",\"width\":512,\"height\":512,\"caption\":\"Gerardmer Info\"},\"image\":{\"@id\":\"https:\/\/vosgesinfo.fr\/gerardmerinfo\/#\/schema\/logo\/image\/\"},\"sameAs\":[\"https:\/\/www.facebook.com\/profile.php?id=100049475262660\",\"https:\/\/x.com\/VosgesInfo88\",\"https:\/\/www.youtube.com\/@vosgesinfo\"]},{\"@type\":\"Person\",\"@id\":\"https:\/\/vosgesinfo.fr\/gerardmerinfo\/#\/schema\/person\/db5605779a843dad16b5368f3e7613a5\",\"name\":\"QG\",\"image\":{\"@type\":\"ImageObject\",\"inLanguage\":\"fr-FR\",\"@id\":\"https:\/\/vosgesinfo.fr\/gerardmerinfo\/#\/schema\/person\/image\/\",\"url\":\"https:\/\/secure.gravatar.com\/avatar\/ea80c42c204b534408512832fde52504ecabb9706bcb6151cf6175e5b64e6793?s=96&d=mm&r=g\",\"contentUrl\":\"https:\/\/secure.gravatar.com\/avatar\/ea80c42c204b534408512832fde52504ecabb9706bcb6151cf6175e5b64e6793?s=96&d=mm&r=g\",\"caption\":\"QG\"},\"url\":\"https:\/\/vosgesinfo.fr\/gerardmerinfo\/author\/quentin88\/\"}]}<\/script>\n<!-- \/ Yoast SEO plugin. -->","yoast_head_json":{"title":"Les \u00e9coliers du jury courts m\u00e9trages ont rendu leur verdict ! - Gerardmer Info","robots":{"index":"index","follow":"follow","max-snippet":"max-snippet:-1","max-image-preview":"max-image-preview:large","max-video-preview":"max-video-preview:-1"},"canonical":"https:\/\/vosgesinfo.fr\/gerardmerinfo\/2019\/10\/ecoliers-jury-courts-metrages-ont-rendu-verdict\/","twitter_card":"summary_large_image","twitter_title":"Les \u00e9coliers du jury courts m\u00e9trages ont rendu leur verdict ! - Gerardmer Info","twitter_description":"Une comp\u00e9tition de courts-m\u00e9trages permettant \u00e0 des \u00e9coliers \u00e0 devenir des \u00ab\u00a0critiques de cin\u00e9ma\u00a0\u00bb \u00e9tait organis\u00e9e en partenariat avec le [&hellip;]","twitter_image":"https:\/\/vosgesinfo.fr\/app\/uploads\/sites\/6\/2024\/07\/201910palmares-cgraines-des-toiles-courts-metrages.jpg","twitter_creator":"@VosgesInfo88","twitter_site":"@VosgesInfo88","twitter_misc":{"\u00c9crit par":"QG","Dur\u00e9e de lecture estim\u00e9e":"1 minute"},"schema":{"@context":"https:\/\/schema.org","@graph":[{"@type":"Article","@id":"https:\/\/vosgesinfo.fr\/gerardmerinfo\/2019\/10\/ecoliers-jury-courts-metrages-ont-rendu-verdict\/#article","isPartOf":{"@id":"https:\/\/vosgesinfo.fr\/gerardmerinfo\/2019\/10\/ecoliers-jury-courts-metrages-ont-rendu-verdict\/"},"author":{"name":"QG","@id":"https:\/\/vosgesinfo.fr\/gerardmerinfo\/#\/schema\/person\/db5605779a843dad16b5368f3e7613a5"},"headline":"Les \u00e9coliers du jury courts m\u00e9trages ont rendu leur verdict !","datePublished":"2019-10-09T13:46:35+00:00","dateModified":"2019-10-09T13:46:35+00:00","mainEntityOfPage":{"@id":"https:\/\/vosgesinfo.fr\/gerardmerinfo\/2019\/10\/ecoliers-jury-courts-metrages-ont-rendu-verdict\/"},"wordCount":275,"commentCount":0,"publisher":{"@id":"https:\/\/vosgesinfo.fr\/gerardmerinfo\/#organization"},"image":{"@id":"https:\/\/vosgesinfo.fr\/gerardmerinfo\/2019\/10\/ecoliers-jury-courts-metrages-ont-rendu-verdict\/#primaryimage"},"thumbnailUrl":"https:\/\/vosgesinfo.fr\/app\/uploads\/sites\/6\/2024\/07\/201910palmares-cgraines-des-toiles-courts-metrages.jpg","keywords":["festival graines des toiles"],"articleSection":["A la une","Culture"],"inLanguage":"fr-FR","potentialAction":[{"@type":"CommentAction","name":"Comment","target":["https:\/\/vosgesinfo.fr\/gerardmerinfo\/2019\/10\/ecoliers-jury-courts-metrages-ont-rendu-verdict\/#respond"]}]},{"@type":"WebPage","@id":"https:\/\/vosgesinfo.fr\/gerardmerinfo\/2019\/10\/ecoliers-jury-courts-metrages-ont-rendu-verdict\/","url":"https:\/\/vosgesinfo.fr\/gerardmerinfo\/2019\/10\/ecoliers-jury-courts-metrages-ont-rendu-verdict\/","name":"Les \u00e9coliers du jury courts m\u00e9trages ont rendu leur verdict ! - Gerardmer Info","isPartOf":{"@id":"https:\/\/vosgesinfo.fr\/gerardmerinfo\/#website"},"primaryImageOfPage":{"@id":"https:\/\/vosgesinfo.fr\/gerardmerinfo\/2019\/10\/ecoliers-jury-courts-metrages-ont-rendu-verdict\/#primaryimage"},"image":{"@id":"https:\/\/vosgesinfo.fr\/gerardmerinfo\/2019\/10\/ecoliers-jury-courts-metrages-ont-rendu-verdict\/#primaryimage"},"thumbnailUrl":"https:\/\/vosgesinfo.fr\/app\/uploads\/sites\/6\/2024\/07\/201910palmares-cgraines-des-toiles-courts-metrages.jpg","datePublished":"2019-10-09T13:46:35+00:00","dateModified":"2019-10-09T13:46:35+00:00","breadcrumb":{"@id":"https:\/\/vosgesinfo.fr\/gerardmerinfo\/2019\/10\/ecoliers-jury-courts-metrages-ont-rendu-verdict\/#breadcrumb"},"inLanguage":"fr-FR","potentialAction":[{"@type":"ReadAction","target":["https:\/\/vosgesinfo.fr\/gerardmerinfo\/2019\/10\/ecoliers-jury-courts-metrages-ont-rendu-verdict\/"]}]},{"@type":"ImageObject","inLanguage":"fr-FR","@id":"https:\/\/vosgesinfo.fr\/gerardmerinfo\/2019\/10\/ecoliers-jury-courts-metrages-ont-rendu-verdict\/#primaryimage","url":"https:\/\/vosgesinfo.fr\/app\/uploads\/sites\/6\/2024\/07\/201910palmares-cgraines-des-toiles-courts-metrages.jpg","contentUrl":"https:\/\/vosgesinfo.fr\/app\/uploads\/sites\/6\/2024\/07\/201910palmares-cgraines-des-toiles-courts-metrages.jpg","width":800,"height":530},{"@type":"BreadcrumbList","@id":"https:\/\/vosgesinfo.fr\/gerardmerinfo\/2019\/10\/ecoliers-jury-courts-metrages-ont-rendu-verdict\/#breadcrumb","itemListElement":[{"@type":"ListItem","position":1,"name":"Home","item":"https:\/\/vosgesinfo.fr\/gerardmerinfo\/"},{"@type":"ListItem","position":2,"name":"Les \u00e9coliers du jury courts m\u00e9trages ont rendu leur verdict !"}]},{"@type":"WebSite","@id":"https:\/\/vosgesinfo.fr\/gerardmerinfo\/#website","url":"https:\/\/vosgesinfo.fr\/gerardmerinfo\/","name":"Gerardmer Info","description":"Toute l&#039;actualit\u00e9 de G\u00e9rardmer","publisher":{"@id":"https:\/\/vosgesinfo.fr\/gerardmerinfo\/#organization"},"alternateName":"Toute l'actualit\u00e9 de G\u00e9rardmer","potentialAction":[{"@type":"SearchAction","target":{"@type":"EntryPoint","urlTemplate":"https:\/\/vosgesinfo.fr\/gerardmerinfo\/?s={search_term_string}"},"query-input":"required name=search_term_string"}],"inLanguage":"fr-FR"},{"@type":"Organization","@id":"https:\/\/vosgesinfo.fr\/gerardmerinfo\/#organization","name":"Gerardmer Info","url":"https:\/\/vosgesinfo.fr\/gerardmerinfo\/","logo":{"@type":"ImageObject","inLanguage":"fr-FR","@id":"https:\/\/vosgesinfo.fr\/gerardmerinfo\/#\/schema\/logo\/image\/","url":"https:\/\/vosgesinfo.fr\/app\/uploads\/sites\/6\/2023\/08\/favicon-gerardmerinfo.png","contentUrl":"https:\/\/vosgesinfo.fr\/app\/uploads\/sites\/6\/2023\/08\/favicon-gerardmerinfo.png","width":512,"height":512,"caption":"Gerardmer Info"},"image":{"@id":"https:\/\/vosgesinfo.fr\/gerardmerinfo\/#\/schema\/logo\/image\/"},"sameAs":["https:\/\/www.facebook.com\/profile.php?id=100049475262660","https:\/\/x.com\/VosgesInfo88","https:\/\/www.youtube.com\/@vosgesinfo"]},{"@type":"Person","@id":"https:\/\/vosgesinfo.fr\/gerardmerinfo\/#\/schema\/person\/db5605779a843dad16b5368f3e7613a5","name":"QG","image":{"@type":"ImageObject","inLanguage":"fr-FR","@id":"https:\/\/vosgesinfo.fr\/gerardmerinfo\/#\/schema\/person\/image\/","url":"https:\/\/secure.gravatar.com\/avatar\/ea80c42c204b534408512832fde52504ecabb9706bcb6151cf6175e5b64e6793?s=96&d=mm&r=g","contentUrl":"https:\/\/secure.gravatar.com\/avatar\/ea80c42c204b534408512832fde52504ecabb9706bcb6151cf6175e5b64e6793?s=96&d=mm&r=g","caption":"QG"},"url":"https:\/\/vosgesinfo.fr\/gerardmerinfo\/author\/quentin88\/"}]}},"_links":{"self":[{"href":"https:\/\/vosgesinfo.fr\/gerardmerinfo\/wp-json\/wp\/v2\/posts\/44390","targetHints":{"allow":["GET"]}}],"collection":[{"href":"https:\/\/vosgesinfo.fr\/gerardmerinfo\/wp-json\/wp\/v2\/posts"}],"about":[{"href":"https:\/\/vosgesinfo.fr\/gerardmerinfo\/wp-json\/wp\/v2\/types\/post"}],"author":[{"embeddable":true,"href":"https:\/\/vosgesinfo.fr\/gerardmerinfo\/wp-json\/wp\/v2\/users\/42"}],"replies":[{"embeddable":true,"href":"https:\/\/vosgesinfo.fr\/gerardmerinfo\/wp-json\/wp\/v2\/comments?post=44390"}],"version-history":[{"count":0,"href":"https:\/\/vosgesinfo.fr\/gerardmerinfo\/wp-json\/wp\/v2\/posts\/44390\/revisions"}],"wp:featuredmedia":[{"embeddable":true,"href":"https:\/\/vosgesinfo.fr\/gerardmerinfo\/wp-json\/wp\/v2\/media\/44391"}],"wp:attachment":[{"href":"https:\/\/vosgesinfo.fr\/gerardmerinfo\/wp-json\/wp\/v2\/media?parent=44390"}],"wp:term":[{"taxonomy":"category","embeddable":true,"href":"https:\/\/vosgesinfo.fr\/gerardmerinfo\/wp-json\/wp\/v2\/categories?post=44390"},{"taxonomy":"post_tag","embeddable":true,"href":"https:\/\/vosgesinfo.fr\/gerardmerinfo\/wp-json\/wp\/v2\/tags?post=44390"}],"curies":[{"name":"wp","href":"https:\/\/api.w.org\/{rel}","templated":true}]}}