{"id":44405,"date":"2019-10-09T15:49:44","date_gmt":"2019-10-09T13:49:44","guid":{"rendered":"https:\/\/vosgesinfo.fr\/gerardmerinfo\/2019\/10\/don-sang-donneur-300eme-don\/"},"modified":"2019-10-09T15:49:44","modified_gmt":"2019-10-09T13:49:44","slug":"don-sang-donneur-300eme-don","status":"publish","type":"post","link":"https:\/\/vosgesinfo.fr\/gerardmerinfo\/2019\/10\/don-sang-donneur-300eme-don\/","title":{"rendered":"Don du sang : un donneur fait son 300\u00e8me don"},"content":{"rendered":"<p><a href=\"\/2019\/10\/IMG_20191009_100415.jpg\"><img decoding=\"async\" class=\"aligncenter size-full wp-image-153785\" src=\"\/2019\/10\/IMG_20191009_100415.jpg\" alt=\"Jacques Leroy Don du sang\" width=\"800\" height=\"600\" \/><\/a><\/p>\n<p>C&rsquo;\u00e9tait en effet un petit \u00e9v\u00e9nement ce mercredi matin du c\u00f4t\u00e9 de l&rsquo;Espace Tilleul o\u00f9 avait lieu une nouvelle collecte de sang organis\u00e9e par l&rsquo;amicale locale. Le G\u00e9r\u00f4mois Jacques Leroy, 69 ans, effectuait son 300\u00e8me (oui, trois cents !!) dons depuis ses d\u00e9buts au milieu des ann\u00e9es 70 : \u00ab\u00a0<em>Je me souviens, \u00e0 l&rsquo;\u00e9poque \u00e7a se faisait encore \u00e0 la MCL. C&rsquo;est un copain donneur qui m&rsquo;avait incit\u00e9 \u00e0 y aller avec lui \u00e0 l&rsquo;occasion d&rsquo;une collecte du 14 juillet. Sur les tables, avec la collation, il y avait encore les clopes et le vin rouge !<\/em>\u00a0\u00bb pr\u00e9cise Jacques pour la petite anecdote. \u00c7a ne l&rsquo;a visiblement pas choqu\u00e9 plus que \u00e7a puisqu&rsquo;\u00e0 l&rsquo;exception d&rsquo;une petite p\u00e9riode post-op\u00e9ratoire, il n&rsquo;a jamais arr\u00eat\u00e9 de donner son sang depuis ce jour. \u00ab\u00a0<em>Je touche du bois, j&rsquo;ai toujours pu y aller r\u00e9guli\u00e8rement, mais ce sera ma derni\u00e8re ann\u00e9e<\/em>\u00a0\u00bb ajoute-t-il. En effet, apr\u00e8s il aura d\u00e9pass\u00e9 la limite d&rsquo;\u00e2ge pour pouvoir donner et esp\u00e9rons que la rel\u00e8ve r\u00e9pondra pr\u00e9sent !<\/p>\n<p>Jacques Leroy restera en tout cas un exemple en la mati\u00e8re. Il a toujours donn\u00e9, y compris lorsqu&rsquo;il vivait et travaillait \u00e0 Belfort chez Alstom avant de rentrer \u00ab\u00a0dans son pays\u00a0\u00bb \u00e0 l&rsquo;\u00e2ge de la retraite. Professeur d&rsquo;arts martiaux en parall\u00e8le de son activit\u00e9 professionnelle, il s&rsquo;\u00e9tait rendu plusieurs fois au Japon et y a m\u00eame effectu\u00e9 un don, \u00e0 Osaka plus particuli\u00e8rement. Mais en connaisseur, cela ne fait aucun doute pour lui, la qualit\u00e9 de l&rsquo;accueil et de la collation est absolument unique avec l&rsquo;Amicale des Donneurs de Sang B\u00e9n\u00e9voles de G\u00e9rardmer\/Xonrupt : <em>\u00ab\u00a0Avec ses b\u00e9n\u00e9voles, Fran\u00e7oise a toujours tout fait pour attirer de nouveaux donneurs et faire en sorte que tout le monde se sente bien. Il y a vraiment une bonne amicale et une super \u00e9quipe.<\/em>\u00a0\u00bb C&rsquo;est la petite cerise sur le g\u00e2teau pour Jacques Leroy, sachant que le don du sang s&rsquo;\u00e9tait rapidement impos\u00e9 \u00e0 lui comme une \u00e9vidence, \u00ab\u00a0<em>m\u00eame s\u2019il n&rsquo;\u00e9tait pas rembours\u00e9 par les imp\u00f4ts, qui eux, vous saignent bien aussi !<\/em>\u00a0\u00bb conclura-t-il avec un humour qui ne le quitte jamais et qui le caract\u00e9rise tout aussi bien que sa g\u00e9n\u00e9rosit\u00e9.<\/p>\n","protected":false},"excerpt":{"rendered":"<p>C&rsquo;\u00e9tait en effet un petit \u00e9v\u00e9nement ce mercredi matin du c\u00f4t\u00e9 de l&rsquo;Espace Tilleul o\u00f9 avait lieu une nouvelle collecte [&hellip;]<\/p>\n","protected":false},"author":42,"featured_media":44406,"comment_status":"open","ping_status":"open","sticky":false,"template":"","format":"standard","meta":{"footnotes":""},"categories":[20,12,17],"tags":[54],"class_list":["post-44405","post","type-post","status-publish","format-standard","has-post-thumbnail","hentry","category-a-la-une","category-sante","category-vie-associative","tag-don-du-sang"],"acf":[],"yoast_head":"<!-- This site is optimized with the Yoast SEO plugin v22.5 - https:\/\/yoast.com\/wordpress\/plugins\/seo\/ -->\n<title>Don du sang : un donneur fait son 300\u00e8me don - Gerardmer Info<\/title>\n<meta name=\"robots\" content=\"index, follow, max-snippet:-1, max-image-preview:large, max-video-preview:-1\" \/>\n<link rel=\"canonical\" href=\"https:\/\/vosgesinfo.fr\/gerardmerinfo\/2019\/10\/don-sang-donneur-300eme-don\/\" \/>\n<meta name=\"twitter:card\" content=\"summary_large_image\" \/>\n<meta name=\"twitter:title\" content=\"Don du sang : un donneur fait son 300\u00e8me don - Gerardmer Info\" \/>\n<meta name=\"twitter:description\" content=\"C&rsquo;\u00e9tait en effet un petit \u00e9v\u00e9nement ce mercredi matin du c\u00f4t\u00e9 de l&rsquo;Espace Tilleul o\u00f9 avait lieu une nouvelle collecte [&hellip;]\" \/>\n<meta name=\"twitter:image\" content=\"https:\/\/vosgesinfo.fr\/app\/uploads\/sites\/6\/2024\/07\/201910img-20191009-100415.jpg\" \/>\n<meta name=\"twitter:creator\" content=\"@VosgesInfo88\" \/>\n<meta name=\"twitter:site\" content=\"@VosgesInfo88\" \/>\n<meta name=\"twitter:label1\" content=\"\u00c9crit par\" \/>\n\t<meta name=\"twitter:data1\" content=\"QG\" \/>\n\t<meta name=\"twitter:label2\" content=\"Dur\u00e9e de lecture estim\u00e9e\" \/>\n\t<meta name=\"twitter:data2\" content=\"2 minutes\" \/>\n<script type=\"application\/ld+json\" class=\"yoast-schema-graph\">{\"@context\":\"https:\/\/schema.org\",\"@graph\":[{\"@type\":\"Article\",\"@id\":\"https:\/\/vosgesinfo.fr\/gerardmerinfo\/2019\/10\/don-sang-donneur-300eme-don\/#article\",\"isPartOf\":{\"@id\":\"https:\/\/vosgesinfo.fr\/gerardmerinfo\/2019\/10\/don-sang-donneur-300eme-don\/\"},\"author\":{\"name\":\"QG\",\"@id\":\"https:\/\/vosgesinfo.fr\/gerardmerinfo\/#\/schema\/person\/db5605779a843dad16b5368f3e7613a5\"},\"headline\":\"Don du sang : un donneur fait son 300\u00e8me don\",\"datePublished\":\"2019-10-09T13:49:44+00:00\",\"dateModified\":\"2019-10-09T13:49:44+00:00\",\"mainEntityOfPage\":{\"@id\":\"https:\/\/vosgesinfo.fr\/gerardmerinfo\/2019\/10\/don-sang-donneur-300eme-don\/\"},\"wordCount\":407,\"commentCount\":0,\"publisher\":{\"@id\":\"https:\/\/vosgesinfo.fr\/gerardmerinfo\/#organization\"},\"image\":{\"@id\":\"https:\/\/vosgesinfo.fr\/gerardmerinfo\/2019\/10\/don-sang-donneur-300eme-don\/#primaryimage\"},\"thumbnailUrl\":\"https:\/\/vosgesinfo.fr\/app\/uploads\/sites\/6\/2024\/07\/201910img-20191009-100415.jpg\",\"keywords\":[\"don du sang\"],\"articleSection\":[\"A la une\",\"Sant\u00e9\",\"Vie Associative\"],\"inLanguage\":\"fr-FR\",\"potentialAction\":[{\"@type\":\"CommentAction\",\"name\":\"Comment\",\"target\":[\"https:\/\/vosgesinfo.fr\/gerardmerinfo\/2019\/10\/don-sang-donneur-300eme-don\/#respond\"]}]},{\"@type\":\"WebPage\",\"@id\":\"https:\/\/vosgesinfo.fr\/gerardmerinfo\/2019\/10\/don-sang-donneur-300eme-don\/\",\"url\":\"https:\/\/vosgesinfo.fr\/gerardmerinfo\/2019\/10\/don-sang-donneur-300eme-don\/\",\"name\":\"Don du sang : un donneur fait son 300\u00e8me don - Gerardmer Info\",\"isPartOf\":{\"@id\":\"https:\/\/vosgesinfo.fr\/gerardmerinfo\/#website\"},\"primaryImageOfPage\":{\"@id\":\"https:\/\/vosgesinfo.fr\/gerardmerinfo\/2019\/10\/don-sang-donneur-300eme-don\/#primaryimage\"},\"image\":{\"@id\":\"https:\/\/vosgesinfo.fr\/gerardmerinfo\/2019\/10\/don-sang-donneur-300eme-don\/#primaryimage\"},\"thumbnailUrl\":\"https:\/\/vosgesinfo.fr\/app\/uploads\/sites\/6\/2024\/07\/201910img-20191009-100415.jpg\",\"datePublished\":\"2019-10-09T13:49:44+00:00\",\"dateModified\":\"2019-10-09T13:49:44+00:00\",\"breadcrumb\":{\"@id\":\"https:\/\/vosgesinfo.fr\/gerardmerinfo\/2019\/10\/don-sang-donneur-300eme-don\/#breadcrumb\"},\"inLanguage\":\"fr-FR\",\"potentialAction\":[{\"@type\":\"ReadAction\",\"target\":[\"https:\/\/vosgesinfo.fr\/gerardmerinfo\/2019\/10\/don-sang-donneur-300eme-don\/\"]}]},{\"@type\":\"ImageObject\",\"inLanguage\":\"fr-FR\",\"@id\":\"https:\/\/vosgesinfo.fr\/gerardmerinfo\/2019\/10\/don-sang-donneur-300eme-don\/#primaryimage\",\"url\":\"https:\/\/vosgesinfo.fr\/app\/uploads\/sites\/6\/2024\/07\/201910img-20191009-100415.jpg\",\"contentUrl\":\"https:\/\/vosgesinfo.fr\/app\/uploads\/sites\/6\/2024\/07\/201910img-20191009-100415.jpg\",\"width\":800,\"height\":600},{\"@type\":\"BreadcrumbList\",\"@id\":\"https:\/\/vosgesinfo.fr\/gerardmerinfo\/2019\/10\/don-sang-donneur-300eme-don\/#breadcrumb\",\"itemListElement\":[{\"@type\":\"ListItem\",\"position\":1,\"name\":\"Home\",\"item\":\"https:\/\/vosgesinfo.fr\/gerardmerinfo\/\"},{\"@type\":\"ListItem\",\"position\":2,\"name\":\"Don du sang : un donneur fait son 300\u00e8me don\"}]},{\"@type\":\"WebSite\",\"@id\":\"https:\/\/vosgesinfo.fr\/gerardmerinfo\/#website\",\"url\":\"https:\/\/vosgesinfo.fr\/gerardmerinfo\/\",\"name\":\"Gerardmer Info\",\"description\":\"Toute l&#039;actualit\u00e9 de G\u00e9rardmer\",\"publisher\":{\"@id\":\"https:\/\/vosgesinfo.fr\/gerardmerinfo\/#organization\"},\"alternateName\":\"Toute l'actualit\u00e9 de G\u00e9rardmer\",\"potentialAction\":[{\"@type\":\"SearchAction\",\"target\":{\"@type\":\"EntryPoint\",\"urlTemplate\":\"https:\/\/vosgesinfo.fr\/gerardmerinfo\/?s={search_term_string}\"},\"query-input\":\"required name=search_term_string\"}],\"inLanguage\":\"fr-FR\"},{\"@type\":\"Organization\",\"@id\":\"https:\/\/vosgesinfo.fr\/gerardmerinfo\/#organization\",\"name\":\"Gerardmer Info\",\"url\":\"https:\/\/vosgesinfo.fr\/gerardmerinfo\/\",\"logo\":{\"@type\":\"ImageObject\",\"inLanguage\":\"fr-FR\",\"@id\":\"https:\/\/vosgesinfo.fr\/gerardmerinfo\/#\/schema\/logo\/image\/\",\"url\":\"https:\/\/vosgesinfo.fr\/app\/uploads\/sites\/6\/2023\/08\/favicon-gerardmerinfo.png\",\"contentUrl\":\"https:\/\/vosgesinfo.fr\/app\/uploads\/sites\/6\/2023\/08\/favicon-gerardmerinfo.png\",\"width\":512,\"height\":512,\"caption\":\"Gerardmer Info\"},\"image\":{\"@id\":\"https:\/\/vosgesinfo.fr\/gerardmerinfo\/#\/schema\/logo\/image\/\"},\"sameAs\":[\"https:\/\/www.facebook.com\/profile.php?id=100049475262660\",\"https:\/\/x.com\/VosgesInfo88\",\"https:\/\/www.youtube.com\/@vosgesinfo\"]},{\"@type\":\"Person\",\"@id\":\"https:\/\/vosgesinfo.fr\/gerardmerinfo\/#\/schema\/person\/db5605779a843dad16b5368f3e7613a5\",\"name\":\"QG\",\"image\":{\"@type\":\"ImageObject\",\"inLanguage\":\"fr-FR\",\"@id\":\"https:\/\/vosgesinfo.fr\/gerardmerinfo\/#\/schema\/person\/image\/\",\"url\":\"https:\/\/secure.gravatar.com\/avatar\/ea80c42c204b534408512832fde52504ecabb9706bcb6151cf6175e5b64e6793?s=96&d=mm&r=g\",\"contentUrl\":\"https:\/\/secure.gravatar.com\/avatar\/ea80c42c204b534408512832fde52504ecabb9706bcb6151cf6175e5b64e6793?s=96&d=mm&r=g\",\"caption\":\"QG\"},\"url\":\"https:\/\/vosgesinfo.fr\/gerardmerinfo\/author\/quentin88\/\"}]}<\/script>\n<!-- \/ Yoast SEO plugin. -->","yoast_head_json":{"title":"Don du sang : un donneur fait son 300\u00e8me don - Gerardmer Info","robots":{"index":"index","follow":"follow","max-snippet":"max-snippet:-1","max-image-preview":"max-image-preview:large","max-video-preview":"max-video-preview:-1"},"canonical":"https:\/\/vosgesinfo.fr\/gerardmerinfo\/2019\/10\/don-sang-donneur-300eme-don\/","twitter_card":"summary_large_image","twitter_title":"Don du sang : un donneur fait son 300\u00e8me don - Gerardmer Info","twitter_description":"C&rsquo;\u00e9tait en effet un petit \u00e9v\u00e9nement ce mercredi matin du c\u00f4t\u00e9 de l&rsquo;Espace Tilleul o\u00f9 avait lieu une nouvelle collecte [&hellip;]","twitter_image":"https:\/\/vosgesinfo.fr\/app\/uploads\/sites\/6\/2024\/07\/201910img-20191009-100415.jpg","twitter_creator":"@VosgesInfo88","twitter_site":"@VosgesInfo88","twitter_misc":{"\u00c9crit par":"QG","Dur\u00e9e de lecture estim\u00e9e":"2 minutes"},"schema":{"@context":"https:\/\/schema.org","@graph":[{"@type":"Article","@id":"https:\/\/vosgesinfo.fr\/gerardmerinfo\/2019\/10\/don-sang-donneur-300eme-don\/#article","isPartOf":{"@id":"https:\/\/vosgesinfo.fr\/gerardmerinfo\/2019\/10\/don-sang-donneur-300eme-don\/"},"author":{"name":"QG","@id":"https:\/\/vosgesinfo.fr\/gerardmerinfo\/#\/schema\/person\/db5605779a843dad16b5368f3e7613a5"},"headline":"Don du sang : un donneur fait son 300\u00e8me don","datePublished":"2019-10-09T13:49:44+00:00","dateModified":"2019-10-09T13:49:44+00:00","mainEntityOfPage":{"@id":"https:\/\/vosgesinfo.fr\/gerardmerinfo\/2019\/10\/don-sang-donneur-300eme-don\/"},"wordCount":407,"commentCount":0,"publisher":{"@id":"https:\/\/vosgesinfo.fr\/gerardmerinfo\/#organization"},"image":{"@id":"https:\/\/vosgesinfo.fr\/gerardmerinfo\/2019\/10\/don-sang-donneur-300eme-don\/#primaryimage"},"thumbnailUrl":"https:\/\/vosgesinfo.fr\/app\/uploads\/sites\/6\/2024\/07\/201910img-20191009-100415.jpg","keywords":["don du sang"],"articleSection":["A la une","Sant\u00e9","Vie Associative"],"inLanguage":"fr-FR","potentialAction":[{"@type":"CommentAction","name":"Comment","target":["https:\/\/vosgesinfo.fr\/gerardmerinfo\/2019\/10\/don-sang-donneur-300eme-don\/#respond"]}]},{"@type":"WebPage","@id":"https:\/\/vosgesinfo.fr\/gerardmerinfo\/2019\/10\/don-sang-donneur-300eme-don\/","url":"https:\/\/vosgesinfo.fr\/gerardmerinfo\/2019\/10\/don-sang-donneur-300eme-don\/","name":"Don du sang : un donneur fait son 300\u00e8me don - Gerardmer Info","isPartOf":{"@id":"https:\/\/vosgesinfo.fr\/gerardmerinfo\/#website"},"primaryImageOfPage":{"@id":"https:\/\/vosgesinfo.fr\/gerardmerinfo\/2019\/10\/don-sang-donneur-300eme-don\/#primaryimage"},"image":{"@id":"https:\/\/vosgesinfo.fr\/gerardmerinfo\/2019\/10\/don-sang-donneur-300eme-don\/#primaryimage"},"thumbnailUrl":"https:\/\/vosgesinfo.fr\/app\/uploads\/sites\/6\/2024\/07\/201910img-20191009-100415.jpg","datePublished":"2019-10-09T13:49:44+00:00","dateModified":"2019-10-09T13:49:44+00:00","breadcrumb":{"@id":"https:\/\/vosgesinfo.fr\/gerardmerinfo\/2019\/10\/don-sang-donneur-300eme-don\/#breadcrumb"},"inLanguage":"fr-FR","potentialAction":[{"@type":"ReadAction","target":["https:\/\/vosgesinfo.fr\/gerardmerinfo\/2019\/10\/don-sang-donneur-300eme-don\/"]}]},{"@type":"ImageObject","inLanguage":"fr-FR","@id":"https:\/\/vosgesinfo.fr\/gerardmerinfo\/2019\/10\/don-sang-donneur-300eme-don\/#primaryimage","url":"https:\/\/vosgesinfo.fr\/app\/uploads\/sites\/6\/2024\/07\/201910img-20191009-100415.jpg","contentUrl":"https:\/\/vosgesinfo.fr\/app\/uploads\/sites\/6\/2024\/07\/201910img-20191009-100415.jpg","width":800,"height":600},{"@type":"BreadcrumbList","@id":"https:\/\/vosgesinfo.fr\/gerardmerinfo\/2019\/10\/don-sang-donneur-300eme-don\/#breadcrumb","itemListElement":[{"@type":"ListItem","position":1,"name":"Home","item":"https:\/\/vosgesinfo.fr\/gerardmerinfo\/"},{"@type":"ListItem","position":2,"name":"Don du sang : un donneur fait son 300\u00e8me don"}]},{"@type":"WebSite","@id":"https:\/\/vosgesinfo.fr\/gerardmerinfo\/#website","url":"https:\/\/vosgesinfo.fr\/gerardmerinfo\/","name":"Gerardmer Info","description":"Toute l&#039;actualit\u00e9 de G\u00e9rardmer","publisher":{"@id":"https:\/\/vosgesinfo.fr\/gerardmerinfo\/#organization"},"alternateName":"Toute l'actualit\u00e9 de G\u00e9rardmer","potentialAction":[{"@type":"SearchAction","target":{"@type":"EntryPoint","urlTemplate":"https:\/\/vosgesinfo.fr\/gerardmerinfo\/?s={search_term_string}"},"query-input":"required name=search_term_string"}],"inLanguage":"fr-FR"},{"@type":"Organization","@id":"https:\/\/vosgesinfo.fr\/gerardmerinfo\/#organization","name":"Gerardmer Info","url":"https:\/\/vosgesinfo.fr\/gerardmerinfo\/","logo":{"@type":"ImageObject","inLanguage":"fr-FR","@id":"https:\/\/vosgesinfo.fr\/gerardmerinfo\/#\/schema\/logo\/image\/","url":"https:\/\/vosgesinfo.fr\/app\/uploads\/sites\/6\/2023\/08\/favicon-gerardmerinfo.png","contentUrl":"https:\/\/vosgesinfo.fr\/app\/uploads\/sites\/6\/2023\/08\/favicon-gerardmerinfo.png","width":512,"height":512,"caption":"Gerardmer Info"},"image":{"@id":"https:\/\/vosgesinfo.fr\/gerardmerinfo\/#\/schema\/logo\/image\/"},"sameAs":["https:\/\/www.facebook.com\/profile.php?id=100049475262660","https:\/\/x.com\/VosgesInfo88","https:\/\/www.youtube.com\/@vosgesinfo"]},{"@type":"Person","@id":"https:\/\/vosgesinfo.fr\/gerardmerinfo\/#\/schema\/person\/db5605779a843dad16b5368f3e7613a5","name":"QG","image":{"@type":"ImageObject","inLanguage":"fr-FR","@id":"https:\/\/vosgesinfo.fr\/gerardmerinfo\/#\/schema\/person\/image\/","url":"https:\/\/secure.gravatar.com\/avatar\/ea80c42c204b534408512832fde52504ecabb9706bcb6151cf6175e5b64e6793?s=96&d=mm&r=g","contentUrl":"https:\/\/secure.gravatar.com\/avatar\/ea80c42c204b534408512832fde52504ecabb9706bcb6151cf6175e5b64e6793?s=96&d=mm&r=g","caption":"QG"},"url":"https:\/\/vosgesinfo.fr\/gerardmerinfo\/author\/quentin88\/"}]}},"_links":{"self":[{"href":"https:\/\/vosgesinfo.fr\/gerardmerinfo\/wp-json\/wp\/v2\/posts\/44405","targetHints":{"allow":["GET"]}}],"collection":[{"href":"https:\/\/vosgesinfo.fr\/gerardmerinfo\/wp-json\/wp\/v2\/posts"}],"about":[{"href":"https:\/\/vosgesinfo.fr\/gerardmerinfo\/wp-json\/wp\/v2\/types\/post"}],"author":[{"embeddable":true,"href":"https:\/\/vosgesinfo.fr\/gerardmerinfo\/wp-json\/wp\/v2\/users\/42"}],"replies":[{"embeddable":true,"href":"https:\/\/vosgesinfo.fr\/gerardmerinfo\/wp-json\/wp\/v2\/comments?post=44405"}],"version-history":[{"count":0,"href":"https:\/\/vosgesinfo.fr\/gerardmerinfo\/wp-json\/wp\/v2\/posts\/44405\/revisions"}],"wp:featuredmedia":[{"embeddable":true,"href":"https:\/\/vosgesinfo.fr\/gerardmerinfo\/wp-json\/wp\/v2\/media\/44406"}],"wp:attachment":[{"href":"https:\/\/vosgesinfo.fr\/gerardmerinfo\/wp-json\/wp\/v2\/media?parent=44405"}],"wp:term":[{"taxonomy":"category","embeddable":true,"href":"https:\/\/vosgesinfo.fr\/gerardmerinfo\/wp-json\/wp\/v2\/categories?post=44405"},{"taxonomy":"post_tag","embeddable":true,"href":"https:\/\/vosgesinfo.fr\/gerardmerinfo\/wp-json\/wp\/v2\/tags?post=44405"}],"curies":[{"name":"wp","href":"https:\/\/api.w.org\/{rel}","templated":true}]}}