{"id":44436,"date":"2019-10-11T10:34:30","date_gmt":"2019-10-11T08:34:30","guid":{"rendered":"https:\/\/vosgesinfo.fr\/gerardmerinfo\/2019\/10\/cyclo-cross-victoire-dijonnais-joris-delbove-a-mauselaine\/"},"modified":"2019-10-11T10:34:30","modified_gmt":"2019-10-11T08:34:30","slug":"cyclo-cross-victoire-dijonnais-joris-delbove-a-mauselaine","status":"publish","type":"post","link":"https:\/\/vosgesinfo.fr\/gerardmerinfo\/2019\/10\/cyclo-cross-victoire-dijonnais-joris-delbove-a-mauselaine\/","title":{"rendered":"Cyclo-cross : victoire du Dijonnais Joris Delbove \u00e0 la Mauselaine"},"content":{"rendered":"<p><a href=\"\/2019\/10\/depart-de-la-course-seniors-du-cyclo-cross-de-gerardmer-a-la-mauselaine-photo-eric-thiebaut-1570465222-1.jpg\"><img decoding=\"async\" class=\"aligncenter wp-image-153868 size-full\" src=\"\/2019\/10\/depart-de-la-course-seniors-du-cyclo-cross-de-gerardmer-a-la-mauselaine-photo-eric-thiebaut-1570465222-1.jpg\" alt=\"LEAD Technologies Inc. V1.01\" width=\"658\" height=\"324\" \/><\/a><\/p>\n<div id=\"attachment_153866\" style=\"width: 240px\" class=\"wp-caption alignright\"><a href=\"\/2019\/10\/JORIS-DELBOVE-2.jpg\"><img decoding=\"async\" aria-describedby=\"caption-attachment-153866\" class=\"wp-image-153866\" src=\"\/2019\/10\/JORIS-DELBOVE-2.jpg\" alt=\"JORIS DELBOVE (2)\" width=\"230\" height=\"272\" \/><\/a><p id=\"caption-attachment-153866\" class=\"wp-caption-text\">JORIS DELBOVE<\/p><\/div>\n<h2><span style=\"font-size: 14pt;\">Le V\u00e9lo Sport Ger\u00f4mois a organis\u00e9 son 6\u00e8me cyclo-cross \u00e0 La Mauselaine le 5 octobre dernier. Une course intense qui aura vu la victoire du Dijonnais Joris Delbove chez les hommes.<\/span><\/h2>\n<p>Il devance Lo\u00efc Bruetsch (Montb\u00e9liard) et Arthur Liardet (VTT Fun Club). Chez les masters, doubl\u00e9 des soci\u00e9taires du Cycle Golb\u00e9en avec Julien Duval et L\u00e9opold Petitdemange, S\u00e9bastien Royer de Raon compl\u00e8te le podium. On notera \u00e9galement 124 engag\u00e9s au d\u00e9part de cette nouvelle \u00e9dition qui a attir\u00e9 de nombreux jeunes et autant de masters que de seniors (24 class\u00e9s pour \u00eatre pr\u00e9cis).<\/p>\n<p>&nbsp;<\/p>\n<p>Les r\u00e9sultats ici : <a href=\"\/2019\/10\/CLASSEMENT-BENJAMINS.pdf\">CLASSEMENT BENJAMINS<\/a> <a href=\"\/2019\/10\/CLASSEMENT-CADETS.pdf\">CLASSEMENT CADETS<\/a> <a href=\"\/2019\/10\/CLASSEMENT-DAMES.pdf\">CLASSEMENT DAMES<\/a> <a href=\"\/2019\/10\/CLASSEMENT-JUNIORS.pdf\">CLASSEMENT JUNIORS<\/a> <a href=\"\/2019\/10\/CLASSEMENT-MASTERS-40ANS.pdf\">CLASSEMENT MASTERS +40ANS<\/a> <a href=\"\/2019\/10\/CLASSEMENT-MINIMES.pdf\">CLASSEMENT MINIMES<\/a> <a href=\"\/2019\/10\/CLASSEMENT-POUSSINS.pdf\">CLASSEMENT POUSSINS<\/a> <a href=\"\/2019\/10\/CLASSEMENT-PUPILLES.pdf\">CLASSEMENT PUPILLES<\/a> <a href=\"\/2019\/10\/CLASSEMENT-SENIORS.pdf\">CLASSEMENT SENIORS<\/a><\/p>\n<p><a href=\"\/2019\/10\/LA-MAUSELAINE-PISTE-DE-SKI.jpg\"><img decoding=\"async\" class=\"aligncenter size-full wp-image-153867\" src=\"\/2019\/10\/LA-MAUSELAINE-PISTE-DE-SKI.jpg\" alt=\"LA MAUSELAINE PISTE DE SKI\" width=\"730\" height=\"419\" \/><\/a><\/p>\n","protected":false},"excerpt":{"rendered":"<p>Le V\u00e9lo Sport Ger\u00f4mois a organis\u00e9 son 6\u00e8me cyclo-cross \u00e0 La Mauselaine le 5 octobre dernier. Une course intense qui [&hellip;]<\/p>\n","protected":false},"author":42,"featured_media":44437,"comment_status":"open","ping_status":"open","sticky":false,"template":"","format":"standard","meta":{"footnotes":""},"categories":[20,14,18],"tags":[82],"class_list":["post-44436","post","type-post","status-publish","format-standard","has-post-thumbnail","hentry","category-a-la-une","category-sport","category-vosges","tag-vsg"],"acf":[],"yoast_head":"<!-- This site is optimized with the Yoast SEO plugin v22.5 - https:\/\/yoast.com\/wordpress\/plugins\/seo\/ -->\n<title>Cyclo-cross : victoire du Dijonnais Joris Delbove \u00e0 la Mauselaine - Gerardmer Info<\/title>\n<meta name=\"robots\" content=\"index, follow, max-snippet:-1, max-image-preview:large, max-video-preview:-1\" \/>\n<link rel=\"canonical\" href=\"https:\/\/vosgesinfo.fr\/gerardmerinfo\/2019\/10\/cyclo-cross-victoire-dijonnais-joris-delbove-a-mauselaine\/\" \/>\n<meta name=\"twitter:card\" content=\"summary_large_image\" \/>\n<meta name=\"twitter:title\" content=\"Cyclo-cross : victoire du Dijonnais Joris Delbove \u00e0 la Mauselaine - Gerardmer Info\" \/>\n<meta name=\"twitter:description\" content=\"Le V\u00e9lo Sport Ger\u00f4mois a organis\u00e9 son 6\u00e8me cyclo-cross \u00e0 La Mauselaine le 5 octobre dernier. Une course intense qui [&hellip;]\" \/>\n<meta name=\"twitter:image\" content=\"https:\/\/vosgesinfo.fr\/app\/uploads\/sites\/6\/2024\/07\/201910depart-de-la-course-seniors-du-cyclo-cross-de-gerardmer-a-la-mauselaine-photo-eric-thiebaut-1570465222-1.jpg\" \/>\n<meta name=\"twitter:creator\" content=\"@VosgesInfo88\" \/>\n<meta name=\"twitter:site\" content=\"@VosgesInfo88\" \/>\n<meta name=\"twitter:label1\" content=\"\u00c9crit par\" \/>\n\t<meta name=\"twitter:data1\" content=\"QG\" \/>\n\t<meta name=\"twitter:label2\" content=\"Dur\u00e9e de lecture estim\u00e9e\" \/>\n\t<meta name=\"twitter:data2\" content=\"1 minute\" \/>\n<script type=\"application\/ld+json\" class=\"yoast-schema-graph\">{\"@context\":\"https:\/\/schema.org\",\"@graph\":[{\"@type\":\"Article\",\"@id\":\"https:\/\/vosgesinfo.fr\/gerardmerinfo\/2019\/10\/cyclo-cross-victoire-dijonnais-joris-delbove-a-mauselaine\/#article\",\"isPartOf\":{\"@id\":\"https:\/\/vosgesinfo.fr\/gerardmerinfo\/2019\/10\/cyclo-cross-victoire-dijonnais-joris-delbove-a-mauselaine\/\"},\"author\":{\"name\":\"QG\",\"@id\":\"https:\/\/vosgesinfo.fr\/gerardmerinfo\/#\/schema\/person\/db5605779a843dad16b5368f3e7613a5\"},\"headline\":\"Cyclo-cross : victoire du Dijonnais Joris Delbove \u00e0 la Mauselaine\",\"datePublished\":\"2019-10-11T08:34:30+00:00\",\"dateModified\":\"2019-10-11T08:34:30+00:00\",\"mainEntityOfPage\":{\"@id\":\"https:\/\/vosgesinfo.fr\/gerardmerinfo\/2019\/10\/cyclo-cross-victoire-dijonnais-joris-delbove-a-mauselaine\/\"},\"wordCount\":143,\"commentCount\":0,\"publisher\":{\"@id\":\"https:\/\/vosgesinfo.fr\/gerardmerinfo\/#organization\"},\"image\":{\"@id\":\"https:\/\/vosgesinfo.fr\/gerardmerinfo\/2019\/10\/cyclo-cross-victoire-dijonnais-joris-delbove-a-mauselaine\/#primaryimage\"},\"thumbnailUrl\":\"https:\/\/vosgesinfo.fr\/app\/uploads\/sites\/6\/2024\/07\/201910depart-de-la-course-seniors-du-cyclo-cross-de-gerardmer-a-la-mauselaine-photo-eric-thiebaut-1570465222-1.jpg\",\"keywords\":[\"VSG\"],\"articleSection\":[\"A la une\",\"Sport\",\"Vosges\"],\"inLanguage\":\"fr-FR\",\"potentialAction\":[{\"@type\":\"CommentAction\",\"name\":\"Comment\",\"target\":[\"https:\/\/vosgesinfo.fr\/gerardmerinfo\/2019\/10\/cyclo-cross-victoire-dijonnais-joris-delbove-a-mauselaine\/#respond\"]}]},{\"@type\":\"WebPage\",\"@id\":\"https:\/\/vosgesinfo.fr\/gerardmerinfo\/2019\/10\/cyclo-cross-victoire-dijonnais-joris-delbove-a-mauselaine\/\",\"url\":\"https:\/\/vosgesinfo.fr\/gerardmerinfo\/2019\/10\/cyclo-cross-victoire-dijonnais-joris-delbove-a-mauselaine\/\",\"name\":\"Cyclo-cross : victoire du Dijonnais Joris Delbove \u00e0 la Mauselaine - Gerardmer Info\",\"isPartOf\":{\"@id\":\"https:\/\/vosgesinfo.fr\/gerardmerinfo\/#website\"},\"primaryImageOfPage\":{\"@id\":\"https:\/\/vosgesinfo.fr\/gerardmerinfo\/2019\/10\/cyclo-cross-victoire-dijonnais-joris-delbove-a-mauselaine\/#primaryimage\"},\"image\":{\"@id\":\"https:\/\/vosgesinfo.fr\/gerardmerinfo\/2019\/10\/cyclo-cross-victoire-dijonnais-joris-delbove-a-mauselaine\/#primaryimage\"},\"thumbnailUrl\":\"https:\/\/vosgesinfo.fr\/app\/uploads\/sites\/6\/2024\/07\/201910depart-de-la-course-seniors-du-cyclo-cross-de-gerardmer-a-la-mauselaine-photo-eric-thiebaut-1570465222-1.jpg\",\"datePublished\":\"2019-10-11T08:34:30+00:00\",\"dateModified\":\"2019-10-11T08:34:30+00:00\",\"breadcrumb\":{\"@id\":\"https:\/\/vosgesinfo.fr\/gerardmerinfo\/2019\/10\/cyclo-cross-victoire-dijonnais-joris-delbove-a-mauselaine\/#breadcrumb\"},\"inLanguage\":\"fr-FR\",\"potentialAction\":[{\"@type\":\"ReadAction\",\"target\":[\"https:\/\/vosgesinfo.fr\/gerardmerinfo\/2019\/10\/cyclo-cross-victoire-dijonnais-joris-delbove-a-mauselaine\/\"]}]},{\"@type\":\"ImageObject\",\"inLanguage\":\"fr-FR\",\"@id\":\"https:\/\/vosgesinfo.fr\/gerardmerinfo\/2019\/10\/cyclo-cross-victoire-dijonnais-joris-delbove-a-mauselaine\/#primaryimage\",\"url\":\"https:\/\/vosgesinfo.fr\/app\/uploads\/sites\/6\/2024\/07\/201910depart-de-la-course-seniors-du-cyclo-cross-de-gerardmer-a-la-mauselaine-photo-eric-thiebaut-1570465222-1.jpg\",\"contentUrl\":\"https:\/\/vosgesinfo.fr\/app\/uploads\/sites\/6\/2024\/07\/201910depart-de-la-course-seniors-du-cyclo-cross-de-gerardmer-a-la-mauselaine-photo-eric-thiebaut-1570465222-1.jpg\",\"width\":658,\"height\":324},{\"@type\":\"BreadcrumbList\",\"@id\":\"https:\/\/vosgesinfo.fr\/gerardmerinfo\/2019\/10\/cyclo-cross-victoire-dijonnais-joris-delbove-a-mauselaine\/#breadcrumb\",\"itemListElement\":[{\"@type\":\"ListItem\",\"position\":1,\"name\":\"Home\",\"item\":\"https:\/\/vosgesinfo.fr\/gerardmerinfo\/\"},{\"@type\":\"ListItem\",\"position\":2,\"name\":\"Cyclo-cross : victoire du Dijonnais Joris Delbove \u00e0 la Mauselaine\"}]},{\"@type\":\"WebSite\",\"@id\":\"https:\/\/vosgesinfo.fr\/gerardmerinfo\/#website\",\"url\":\"https:\/\/vosgesinfo.fr\/gerardmerinfo\/\",\"name\":\"Gerardmer Info\",\"description\":\"Toute l&#039;actualit\u00e9 de G\u00e9rardmer\",\"publisher\":{\"@id\":\"https:\/\/vosgesinfo.fr\/gerardmerinfo\/#organization\"},\"alternateName\":\"Toute l'actualit\u00e9 de G\u00e9rardmer\",\"potentialAction\":[{\"@type\":\"SearchAction\",\"target\":{\"@type\":\"EntryPoint\",\"urlTemplate\":\"https:\/\/vosgesinfo.fr\/gerardmerinfo\/?s={search_term_string}\"},\"query-input\":\"required name=search_term_string\"}],\"inLanguage\":\"fr-FR\"},{\"@type\":\"Organization\",\"@id\":\"https:\/\/vosgesinfo.fr\/gerardmerinfo\/#organization\",\"name\":\"Gerardmer Info\",\"url\":\"https:\/\/vosgesinfo.fr\/gerardmerinfo\/\",\"logo\":{\"@type\":\"ImageObject\",\"inLanguage\":\"fr-FR\",\"@id\":\"https:\/\/vosgesinfo.fr\/gerardmerinfo\/#\/schema\/logo\/image\/\",\"url\":\"https:\/\/vosgesinfo.fr\/app\/uploads\/sites\/6\/2023\/08\/favicon-gerardmerinfo.png\",\"contentUrl\":\"https:\/\/vosgesinfo.fr\/app\/uploads\/sites\/6\/2023\/08\/favicon-gerardmerinfo.png\",\"width\":512,\"height\":512,\"caption\":\"Gerardmer Info\"},\"image\":{\"@id\":\"https:\/\/vosgesinfo.fr\/gerardmerinfo\/#\/schema\/logo\/image\/\"},\"sameAs\":[\"https:\/\/www.facebook.com\/profile.php?id=100049475262660\",\"https:\/\/x.com\/VosgesInfo88\",\"https:\/\/www.youtube.com\/@vosgesinfo\"]},{\"@type\":\"Person\",\"@id\":\"https:\/\/vosgesinfo.fr\/gerardmerinfo\/#\/schema\/person\/db5605779a843dad16b5368f3e7613a5\",\"name\":\"QG\",\"image\":{\"@type\":\"ImageObject\",\"inLanguage\":\"fr-FR\",\"@id\":\"https:\/\/vosgesinfo.fr\/gerardmerinfo\/#\/schema\/person\/image\/\",\"url\":\"https:\/\/secure.gravatar.com\/avatar\/ea80c42c204b534408512832fde52504ecabb9706bcb6151cf6175e5b64e6793?s=96&d=mm&r=g\",\"contentUrl\":\"https:\/\/secure.gravatar.com\/avatar\/ea80c42c204b534408512832fde52504ecabb9706bcb6151cf6175e5b64e6793?s=96&d=mm&r=g\",\"caption\":\"QG\"},\"url\":\"https:\/\/vosgesinfo.fr\/gerardmerinfo\/author\/quentin88\/\"}]}<\/script>\n<!-- \/ Yoast SEO plugin. -->","yoast_head_json":{"title":"Cyclo-cross : victoire du Dijonnais Joris Delbove \u00e0 la Mauselaine - Gerardmer Info","robots":{"index":"index","follow":"follow","max-snippet":"max-snippet:-1","max-image-preview":"max-image-preview:large","max-video-preview":"max-video-preview:-1"},"canonical":"https:\/\/vosgesinfo.fr\/gerardmerinfo\/2019\/10\/cyclo-cross-victoire-dijonnais-joris-delbove-a-mauselaine\/","twitter_card":"summary_large_image","twitter_title":"Cyclo-cross : victoire du Dijonnais Joris Delbove \u00e0 la Mauselaine - Gerardmer Info","twitter_description":"Le V\u00e9lo Sport Ger\u00f4mois a organis\u00e9 son 6\u00e8me cyclo-cross \u00e0 La Mauselaine le 5 octobre dernier. Une course intense qui [&hellip;]","twitter_image":"https:\/\/vosgesinfo.fr\/app\/uploads\/sites\/6\/2024\/07\/201910depart-de-la-course-seniors-du-cyclo-cross-de-gerardmer-a-la-mauselaine-photo-eric-thiebaut-1570465222-1.jpg","twitter_creator":"@VosgesInfo88","twitter_site":"@VosgesInfo88","twitter_misc":{"\u00c9crit par":"QG","Dur\u00e9e de lecture estim\u00e9e":"1 minute"},"schema":{"@context":"https:\/\/schema.org","@graph":[{"@type":"Article","@id":"https:\/\/vosgesinfo.fr\/gerardmerinfo\/2019\/10\/cyclo-cross-victoire-dijonnais-joris-delbove-a-mauselaine\/#article","isPartOf":{"@id":"https:\/\/vosgesinfo.fr\/gerardmerinfo\/2019\/10\/cyclo-cross-victoire-dijonnais-joris-delbove-a-mauselaine\/"},"author":{"name":"QG","@id":"https:\/\/vosgesinfo.fr\/gerardmerinfo\/#\/schema\/person\/db5605779a843dad16b5368f3e7613a5"},"headline":"Cyclo-cross : victoire du Dijonnais Joris Delbove \u00e0 la Mauselaine","datePublished":"2019-10-11T08:34:30+00:00","dateModified":"2019-10-11T08:34:30+00:00","mainEntityOfPage":{"@id":"https:\/\/vosgesinfo.fr\/gerardmerinfo\/2019\/10\/cyclo-cross-victoire-dijonnais-joris-delbove-a-mauselaine\/"},"wordCount":143,"commentCount":0,"publisher":{"@id":"https:\/\/vosgesinfo.fr\/gerardmerinfo\/#organization"},"image":{"@id":"https:\/\/vosgesinfo.fr\/gerardmerinfo\/2019\/10\/cyclo-cross-victoire-dijonnais-joris-delbove-a-mauselaine\/#primaryimage"},"thumbnailUrl":"https:\/\/vosgesinfo.fr\/app\/uploads\/sites\/6\/2024\/07\/201910depart-de-la-course-seniors-du-cyclo-cross-de-gerardmer-a-la-mauselaine-photo-eric-thiebaut-1570465222-1.jpg","keywords":["VSG"],"articleSection":["A la une","Sport","Vosges"],"inLanguage":"fr-FR","potentialAction":[{"@type":"CommentAction","name":"Comment","target":["https:\/\/vosgesinfo.fr\/gerardmerinfo\/2019\/10\/cyclo-cross-victoire-dijonnais-joris-delbove-a-mauselaine\/#respond"]}]},{"@type":"WebPage","@id":"https:\/\/vosgesinfo.fr\/gerardmerinfo\/2019\/10\/cyclo-cross-victoire-dijonnais-joris-delbove-a-mauselaine\/","url":"https:\/\/vosgesinfo.fr\/gerardmerinfo\/2019\/10\/cyclo-cross-victoire-dijonnais-joris-delbove-a-mauselaine\/","name":"Cyclo-cross : victoire du Dijonnais Joris Delbove \u00e0 la Mauselaine - Gerardmer Info","isPartOf":{"@id":"https:\/\/vosgesinfo.fr\/gerardmerinfo\/#website"},"primaryImageOfPage":{"@id":"https:\/\/vosgesinfo.fr\/gerardmerinfo\/2019\/10\/cyclo-cross-victoire-dijonnais-joris-delbove-a-mauselaine\/#primaryimage"},"image":{"@id":"https:\/\/vosgesinfo.fr\/gerardmerinfo\/2019\/10\/cyclo-cross-victoire-dijonnais-joris-delbove-a-mauselaine\/#primaryimage"},"thumbnailUrl":"https:\/\/vosgesinfo.fr\/app\/uploads\/sites\/6\/2024\/07\/201910depart-de-la-course-seniors-du-cyclo-cross-de-gerardmer-a-la-mauselaine-photo-eric-thiebaut-1570465222-1.jpg","datePublished":"2019-10-11T08:34:30+00:00","dateModified":"2019-10-11T08:34:30+00:00","breadcrumb":{"@id":"https:\/\/vosgesinfo.fr\/gerardmerinfo\/2019\/10\/cyclo-cross-victoire-dijonnais-joris-delbove-a-mauselaine\/#breadcrumb"},"inLanguage":"fr-FR","potentialAction":[{"@type":"ReadAction","target":["https:\/\/vosgesinfo.fr\/gerardmerinfo\/2019\/10\/cyclo-cross-victoire-dijonnais-joris-delbove-a-mauselaine\/"]}]},{"@type":"ImageObject","inLanguage":"fr-FR","@id":"https:\/\/vosgesinfo.fr\/gerardmerinfo\/2019\/10\/cyclo-cross-victoire-dijonnais-joris-delbove-a-mauselaine\/#primaryimage","url":"https:\/\/vosgesinfo.fr\/app\/uploads\/sites\/6\/2024\/07\/201910depart-de-la-course-seniors-du-cyclo-cross-de-gerardmer-a-la-mauselaine-photo-eric-thiebaut-1570465222-1.jpg","contentUrl":"https:\/\/vosgesinfo.fr\/app\/uploads\/sites\/6\/2024\/07\/201910depart-de-la-course-seniors-du-cyclo-cross-de-gerardmer-a-la-mauselaine-photo-eric-thiebaut-1570465222-1.jpg","width":658,"height":324},{"@type":"BreadcrumbList","@id":"https:\/\/vosgesinfo.fr\/gerardmerinfo\/2019\/10\/cyclo-cross-victoire-dijonnais-joris-delbove-a-mauselaine\/#breadcrumb","itemListElement":[{"@type":"ListItem","position":1,"name":"Home","item":"https:\/\/vosgesinfo.fr\/gerardmerinfo\/"},{"@type":"ListItem","position":2,"name":"Cyclo-cross : victoire du Dijonnais Joris Delbove \u00e0 la Mauselaine"}]},{"@type":"WebSite","@id":"https:\/\/vosgesinfo.fr\/gerardmerinfo\/#website","url":"https:\/\/vosgesinfo.fr\/gerardmerinfo\/","name":"Gerardmer Info","description":"Toute l&#039;actualit\u00e9 de G\u00e9rardmer","publisher":{"@id":"https:\/\/vosgesinfo.fr\/gerardmerinfo\/#organization"},"alternateName":"Toute l'actualit\u00e9 de G\u00e9rardmer","potentialAction":[{"@type":"SearchAction","target":{"@type":"EntryPoint","urlTemplate":"https:\/\/vosgesinfo.fr\/gerardmerinfo\/?s={search_term_string}"},"query-input":"required name=search_term_string"}],"inLanguage":"fr-FR"},{"@type":"Organization","@id":"https:\/\/vosgesinfo.fr\/gerardmerinfo\/#organization","name":"Gerardmer Info","url":"https:\/\/vosgesinfo.fr\/gerardmerinfo\/","logo":{"@type":"ImageObject","inLanguage":"fr-FR","@id":"https:\/\/vosgesinfo.fr\/gerardmerinfo\/#\/schema\/logo\/image\/","url":"https:\/\/vosgesinfo.fr\/app\/uploads\/sites\/6\/2023\/08\/favicon-gerardmerinfo.png","contentUrl":"https:\/\/vosgesinfo.fr\/app\/uploads\/sites\/6\/2023\/08\/favicon-gerardmerinfo.png","width":512,"height":512,"caption":"Gerardmer Info"},"image":{"@id":"https:\/\/vosgesinfo.fr\/gerardmerinfo\/#\/schema\/logo\/image\/"},"sameAs":["https:\/\/www.facebook.com\/profile.php?id=100049475262660","https:\/\/x.com\/VosgesInfo88","https:\/\/www.youtube.com\/@vosgesinfo"]},{"@type":"Person","@id":"https:\/\/vosgesinfo.fr\/gerardmerinfo\/#\/schema\/person\/db5605779a843dad16b5368f3e7613a5","name":"QG","image":{"@type":"ImageObject","inLanguage":"fr-FR","@id":"https:\/\/vosgesinfo.fr\/gerardmerinfo\/#\/schema\/person\/image\/","url":"https:\/\/secure.gravatar.com\/avatar\/ea80c42c204b534408512832fde52504ecabb9706bcb6151cf6175e5b64e6793?s=96&d=mm&r=g","contentUrl":"https:\/\/secure.gravatar.com\/avatar\/ea80c42c204b534408512832fde52504ecabb9706bcb6151cf6175e5b64e6793?s=96&d=mm&r=g","caption":"QG"},"url":"https:\/\/vosgesinfo.fr\/gerardmerinfo\/author\/quentin88\/"}]}},"_links":{"self":[{"href":"https:\/\/vosgesinfo.fr\/gerardmerinfo\/wp-json\/wp\/v2\/posts\/44436","targetHints":{"allow":["GET"]}}],"collection":[{"href":"https:\/\/vosgesinfo.fr\/gerardmerinfo\/wp-json\/wp\/v2\/posts"}],"about":[{"href":"https:\/\/vosgesinfo.fr\/gerardmerinfo\/wp-json\/wp\/v2\/types\/post"}],"author":[{"embeddable":true,"href":"https:\/\/vosgesinfo.fr\/gerardmerinfo\/wp-json\/wp\/v2\/users\/42"}],"replies":[{"embeddable":true,"href":"https:\/\/vosgesinfo.fr\/gerardmerinfo\/wp-json\/wp\/v2\/comments?post=44436"}],"version-history":[{"count":0,"href":"https:\/\/vosgesinfo.fr\/gerardmerinfo\/wp-json\/wp\/v2\/posts\/44436\/revisions"}],"wp:featuredmedia":[{"embeddable":true,"href":"https:\/\/vosgesinfo.fr\/gerardmerinfo\/wp-json\/wp\/v2\/media\/44437"}],"wp:attachment":[{"href":"https:\/\/vosgesinfo.fr\/gerardmerinfo\/wp-json\/wp\/v2\/media?parent=44436"}],"wp:term":[{"taxonomy":"category","embeddable":true,"href":"https:\/\/vosgesinfo.fr\/gerardmerinfo\/wp-json\/wp\/v2\/categories?post=44436"},{"taxonomy":"post_tag","embeddable":true,"href":"https:\/\/vosgesinfo.fr\/gerardmerinfo\/wp-json\/wp\/v2\/tags?post=44436"}],"curies":[{"name":"wp","href":"https:\/\/api.w.org\/{rel}","templated":true}]}}