{"id":44531,"date":"2019-10-16T15:19:15","date_gmt":"2019-10-16T13:19:15","guid":{"rendered":"https:\/\/vosgesinfo.fr\/gerardmerinfo\/2019\/10\/basket-filles-region-de-ctc-hautes-vosges-prennent-tete-de-championnat\/"},"modified":"2019-10-16T15:19:15","modified_gmt":"2019-10-16T13:19:15","slug":"basket-filles-region-de-ctc-hautes-vosges-prennent-tete-de-championnat","status":"publish","type":"post","link":"https:\/\/vosgesinfo.fr\/gerardmerinfo\/2019\/10\/basket-filles-region-de-ctc-hautes-vosges-prennent-tete-de-championnat\/","title":{"rendered":"Basket : les filles R\u00e9gion de la CTC des Hautes Vosges prennent la t\u00eate de leur championnat"},"content":{"rendered":"<p><a href=\"\/2019\/10\/FB_IMG_1571174368816.jpg\"><img decoding=\"async\" class=\"aligncenter size-medium wp-image-154121\" src=\"\/2019\/10\/FB_IMG_1571174368816-340x255.jpg\" alt=\"FB_IMG_1571174368816\" width=\"340\" height=\"255\" \/><\/a><\/p>\n<p dir=\"ltr\">R\u00e9sum\u00e9 du Match R2 f\u00e9minines au SLUC Nancy :<\/p>\n<p dir=\"ltr\">Bon match des seniores filles de la CTC qui ont \u00e9t\u00e9 chercher la victoire au Sluc Nancy sur le score de 63-59.<\/p>\n<p dir=\"ltr\">Le Sluc \u00e9tait fourni de jeunes joueuses physiques, heureusement les Vosgiennes s&rsquo;\u00e9taient pr\u00e9par\u00e9es \u00e0 rencontrer de telles \u00e9quipes, elles ont donc naturellement tenu le choc. Cependant, il y a eu certes de bons passages d\u00e9fensifs mais qui restent trop peu nombreux. En effet, contrairement aux autres matchs, ce n&rsquo;est pas en d\u00e9fense qu&rsquo;elles ont fait la diff\u00e9rence. Il y a eu trop de passages \u00e0 vide de ce c\u00f4t\u00e9 du terrain avec de nombreux oublis qui auraient pu \u00eatre \u00e9vit\u00e9s. De l&rsquo;autre c\u00f4t\u00e9 du terrain en revanche, c\u2019\u00e9tait bien mieux, les visiteuses alternant jeu int\u00e9rieur et ext\u00e9rieur pour mener au score tout le match. M\u00eame si leurs adversaires sont revenues \u00e0 un petit point en d\u00e9but de quatri\u00e8me quart temps avec une presse pourtant pas inconnue des joueuses de la CTC, l&rsquo;essentiel est l\u00e0 avec les point s de la victoire.<\/p>\n<p dir=\"ltr\">Prochain match officiel contre Arnaville le 10\/11 \u00e0 G\u00e9rardmer au gymnase Pierre et Paul Didier. En attendant cette rencontre, un match amical contre Luxeuil est pr\u00e9vu.<\/p>\n","protected":false},"excerpt":{"rendered":"<p>R\u00e9sum\u00e9 du Match R2 f\u00e9minines au SLUC Nancy : Bon match des seniores filles de la CTC qui ont \u00e9t\u00e9 [&hellip;]<\/p>\n","protected":false},"author":1,"featured_media":44532,"comment_status":"open","ping_status":"open","sticky":false,"template":"","format":"standard","meta":{"footnotes":""},"categories":[20,25,14,18],"tags":[3435],"class_list":["post-44531","post","type-post","status-publish","format-standard","has-post-thumbnail","hentry","category-a-la-une","category-gerardmer","category-sport","category-vosges","tag-ctc-des-hautes-vosges"],"acf":[],"yoast_head":"<!-- This site is optimized with the Yoast SEO plugin v22.5 - https:\/\/yoast.com\/wordpress\/plugins\/seo\/ -->\n<title>Basket : les filles R\u00e9gion de la CTC des Hautes Vosges prennent la t\u00eate de leur championnat - Gerardmer Info<\/title>\n<meta name=\"robots\" content=\"index, follow, max-snippet:-1, max-image-preview:large, max-video-preview:-1\" \/>\n<link rel=\"canonical\" href=\"https:\/\/vosgesinfo.fr\/gerardmerinfo\/2019\/10\/basket-filles-region-de-ctc-hautes-vosges-prennent-tete-de-championnat\/\" \/>\n<meta name=\"twitter:card\" content=\"summary_large_image\" \/>\n<meta name=\"twitter:title\" content=\"Basket : les filles R\u00e9gion de la CTC des Hautes Vosges prennent la t\u00eate de leur championnat - Gerardmer Info\" \/>\n<meta name=\"twitter:description\" content=\"R\u00e9sum\u00e9 du Match R2 f\u00e9minines au SLUC Nancy : Bon match des seniores filles de la CTC qui ont \u00e9t\u00e9 [&hellip;]\" \/>\n<meta name=\"twitter:image\" content=\"https:\/\/vosgesinfo.fr\/app\/uploads\/sites\/6\/2024\/07\/201910fb-img-1571174368816.jpg\" \/>\n<meta name=\"twitter:creator\" content=\"@VosgesInfo88\" \/>\n<meta name=\"twitter:site\" content=\"@VosgesInfo88\" \/>\n<meta name=\"twitter:label1\" content=\"\u00c9crit par\" \/>\n\t<meta name=\"twitter:data1\" content=\"qs_admin\" \/>\n\t<meta name=\"twitter:label2\" content=\"Dur\u00e9e de lecture estim\u00e9e\" \/>\n\t<meta name=\"twitter:data2\" content=\"1 minute\" \/>\n<script type=\"application\/ld+json\" class=\"yoast-schema-graph\">{\"@context\":\"https:\/\/schema.org\",\"@graph\":[{\"@type\":\"Article\",\"@id\":\"https:\/\/vosgesinfo.fr\/gerardmerinfo\/2019\/10\/basket-filles-region-de-ctc-hautes-vosges-prennent-tete-de-championnat\/#article\",\"isPartOf\":{\"@id\":\"https:\/\/vosgesinfo.fr\/gerardmerinfo\/2019\/10\/basket-filles-region-de-ctc-hautes-vosges-prennent-tete-de-championnat\/\"},\"author\":{\"name\":\"qs_admin\",\"@id\":\"https:\/\/vosgesinfo.fr\/gerardmerinfo\/#\/schema\/person\/bc5d02d71e6932e81b6dadb7386667b1\"},\"headline\":\"Basket : les filles R\u00e9gion de la CTC des Hautes Vosges prennent la t\u00eate de leur championnat\",\"datePublished\":\"2019-10-16T13:19:15+00:00\",\"dateModified\":\"2019-10-16T13:19:15+00:00\",\"mainEntityOfPage\":{\"@id\":\"https:\/\/vosgesinfo.fr\/gerardmerinfo\/2019\/10\/basket-filles-region-de-ctc-hautes-vosges-prennent-tete-de-championnat\/\"},\"wordCount\":233,\"commentCount\":0,\"publisher\":{\"@id\":\"https:\/\/vosgesinfo.fr\/gerardmerinfo\/#organization\"},\"image\":{\"@id\":\"https:\/\/vosgesinfo.fr\/gerardmerinfo\/2019\/10\/basket-filles-region-de-ctc-hautes-vosges-prennent-tete-de-championnat\/#primaryimage\"},\"thumbnailUrl\":\"https:\/\/vosgesinfo.fr\/app\/uploads\/sites\/6\/2024\/07\/201910fb-img-1571174368816.jpg\",\"keywords\":[\"ctc des hautes vosges\"],\"articleSection\":[\"A la une\",\"G\u00e9rardmer\",\"Sport\",\"Vosges\"],\"inLanguage\":\"fr-FR\",\"potentialAction\":[{\"@type\":\"CommentAction\",\"name\":\"Comment\",\"target\":[\"https:\/\/vosgesinfo.fr\/gerardmerinfo\/2019\/10\/basket-filles-region-de-ctc-hautes-vosges-prennent-tete-de-championnat\/#respond\"]}]},{\"@type\":\"WebPage\",\"@id\":\"https:\/\/vosgesinfo.fr\/gerardmerinfo\/2019\/10\/basket-filles-region-de-ctc-hautes-vosges-prennent-tete-de-championnat\/\",\"url\":\"https:\/\/vosgesinfo.fr\/gerardmerinfo\/2019\/10\/basket-filles-region-de-ctc-hautes-vosges-prennent-tete-de-championnat\/\",\"name\":\"Basket : les filles R\u00e9gion de la CTC des Hautes Vosges prennent la t\u00eate de leur championnat - Gerardmer Info\",\"isPartOf\":{\"@id\":\"https:\/\/vosgesinfo.fr\/gerardmerinfo\/#website\"},\"primaryImageOfPage\":{\"@id\":\"https:\/\/vosgesinfo.fr\/gerardmerinfo\/2019\/10\/basket-filles-region-de-ctc-hautes-vosges-prennent-tete-de-championnat\/#primaryimage\"},\"image\":{\"@id\":\"https:\/\/vosgesinfo.fr\/gerardmerinfo\/2019\/10\/basket-filles-region-de-ctc-hautes-vosges-prennent-tete-de-championnat\/#primaryimage\"},\"thumbnailUrl\":\"https:\/\/vosgesinfo.fr\/app\/uploads\/sites\/6\/2024\/07\/201910fb-img-1571174368816.jpg\",\"datePublished\":\"2019-10-16T13:19:15+00:00\",\"dateModified\":\"2019-10-16T13:19:15+00:00\",\"breadcrumb\":{\"@id\":\"https:\/\/vosgesinfo.fr\/gerardmerinfo\/2019\/10\/basket-filles-region-de-ctc-hautes-vosges-prennent-tete-de-championnat\/#breadcrumb\"},\"inLanguage\":\"fr-FR\",\"potentialAction\":[{\"@type\":\"ReadAction\",\"target\":[\"https:\/\/vosgesinfo.fr\/gerardmerinfo\/2019\/10\/basket-filles-region-de-ctc-hautes-vosges-prennent-tete-de-championnat\/\"]}]},{\"@type\":\"ImageObject\",\"inLanguage\":\"fr-FR\",\"@id\":\"https:\/\/vosgesinfo.fr\/gerardmerinfo\/2019\/10\/basket-filles-region-de-ctc-hautes-vosges-prennent-tete-de-championnat\/#primaryimage\",\"url\":\"https:\/\/vosgesinfo.fr\/app\/uploads\/sites\/6\/2024\/07\/201910fb-img-1571174368816.jpg\",\"contentUrl\":\"https:\/\/vosgesinfo.fr\/app\/uploads\/sites\/6\/2024\/07\/201910fb-img-1571174368816.jpg\",\"width\":800,\"height\":600},{\"@type\":\"BreadcrumbList\",\"@id\":\"https:\/\/vosgesinfo.fr\/gerardmerinfo\/2019\/10\/basket-filles-region-de-ctc-hautes-vosges-prennent-tete-de-championnat\/#breadcrumb\",\"itemListElement\":[{\"@type\":\"ListItem\",\"position\":1,\"name\":\"Home\",\"item\":\"https:\/\/vosgesinfo.fr\/gerardmerinfo\/\"},{\"@type\":\"ListItem\",\"position\":2,\"name\":\"Basket : les filles R\u00e9gion de la CTC des Hautes Vosges prennent la t\u00eate de leur championnat\"}]},{\"@type\":\"WebSite\",\"@id\":\"https:\/\/vosgesinfo.fr\/gerardmerinfo\/#website\",\"url\":\"https:\/\/vosgesinfo.fr\/gerardmerinfo\/\",\"name\":\"Gerardmer Info\",\"description\":\"Toute l&#039;actualit\u00e9 de G\u00e9rardmer\",\"publisher\":{\"@id\":\"https:\/\/vosgesinfo.fr\/gerardmerinfo\/#organization\"},\"alternateName\":\"Toute l'actualit\u00e9 de G\u00e9rardmer\",\"potentialAction\":[{\"@type\":\"SearchAction\",\"target\":{\"@type\":\"EntryPoint\",\"urlTemplate\":\"https:\/\/vosgesinfo.fr\/gerardmerinfo\/?s={search_term_string}\"},\"query-input\":\"required name=search_term_string\"}],\"inLanguage\":\"fr-FR\"},{\"@type\":\"Organization\",\"@id\":\"https:\/\/vosgesinfo.fr\/gerardmerinfo\/#organization\",\"name\":\"Gerardmer Info\",\"url\":\"https:\/\/vosgesinfo.fr\/gerardmerinfo\/\",\"logo\":{\"@type\":\"ImageObject\",\"inLanguage\":\"fr-FR\",\"@id\":\"https:\/\/vosgesinfo.fr\/gerardmerinfo\/#\/schema\/logo\/image\/\",\"url\":\"https:\/\/vosgesinfo.fr\/app\/uploads\/sites\/6\/2023\/08\/favicon-gerardmerinfo.png\",\"contentUrl\":\"https:\/\/vosgesinfo.fr\/app\/uploads\/sites\/6\/2023\/08\/favicon-gerardmerinfo.png\",\"width\":512,\"height\":512,\"caption\":\"Gerardmer Info\"},\"image\":{\"@id\":\"https:\/\/vosgesinfo.fr\/gerardmerinfo\/#\/schema\/logo\/image\/\"},\"sameAs\":[\"https:\/\/www.facebook.com\/profile.php?id=100049475262660\",\"https:\/\/x.com\/VosgesInfo88\",\"https:\/\/www.youtube.com\/@vosgesinfo\"]},{\"@type\":\"Person\",\"@id\":\"https:\/\/vosgesinfo.fr\/gerardmerinfo\/#\/schema\/person\/bc5d02d71e6932e81b6dadb7386667b1\",\"name\":\"qs_admin\",\"image\":{\"@type\":\"ImageObject\",\"inLanguage\":\"fr-FR\",\"@id\":\"https:\/\/vosgesinfo.fr\/gerardmerinfo\/#\/schema\/person\/image\/\",\"url\":\"https:\/\/secure.gravatar.com\/avatar\/94b18ee0ed79e4a42ea2f2931277b6841a8999fc6fde214600c78057cf1fe1de?s=96&d=mm&r=g\",\"contentUrl\":\"https:\/\/secure.gravatar.com\/avatar\/94b18ee0ed79e4a42ea2f2931277b6841a8999fc6fde214600c78057cf1fe1de?s=96&d=mm&r=g\",\"caption\":\"qs_admin\"},\"sameAs\":[\"https:\/\/vosgesinfo.fr\/wp\"],\"url\":\"https:\/\/vosgesinfo.fr\/gerardmerinfo\/author\/qs_admin\/\"}]}<\/script>\n<!-- \/ Yoast SEO plugin. -->","yoast_head_json":{"title":"Basket : les filles R\u00e9gion de la CTC des Hautes Vosges prennent la t\u00eate de leur championnat - Gerardmer Info","robots":{"index":"index","follow":"follow","max-snippet":"max-snippet:-1","max-image-preview":"max-image-preview:large","max-video-preview":"max-video-preview:-1"},"canonical":"https:\/\/vosgesinfo.fr\/gerardmerinfo\/2019\/10\/basket-filles-region-de-ctc-hautes-vosges-prennent-tete-de-championnat\/","twitter_card":"summary_large_image","twitter_title":"Basket : les filles R\u00e9gion de la CTC des Hautes Vosges prennent la t\u00eate de leur championnat - Gerardmer Info","twitter_description":"R\u00e9sum\u00e9 du Match R2 f\u00e9minines au SLUC Nancy : Bon match des seniores filles de la CTC qui ont \u00e9t\u00e9 [&hellip;]","twitter_image":"https:\/\/vosgesinfo.fr\/app\/uploads\/sites\/6\/2024\/07\/201910fb-img-1571174368816.jpg","twitter_creator":"@VosgesInfo88","twitter_site":"@VosgesInfo88","twitter_misc":{"\u00c9crit par":"qs_admin","Dur\u00e9e de lecture estim\u00e9e":"1 minute"},"schema":{"@context":"https:\/\/schema.org","@graph":[{"@type":"Article","@id":"https:\/\/vosgesinfo.fr\/gerardmerinfo\/2019\/10\/basket-filles-region-de-ctc-hautes-vosges-prennent-tete-de-championnat\/#article","isPartOf":{"@id":"https:\/\/vosgesinfo.fr\/gerardmerinfo\/2019\/10\/basket-filles-region-de-ctc-hautes-vosges-prennent-tete-de-championnat\/"},"author":{"name":"qs_admin","@id":"https:\/\/vosgesinfo.fr\/gerardmerinfo\/#\/schema\/person\/bc5d02d71e6932e81b6dadb7386667b1"},"headline":"Basket : les filles R\u00e9gion de la CTC des Hautes Vosges prennent la t\u00eate de leur championnat","datePublished":"2019-10-16T13:19:15+00:00","dateModified":"2019-10-16T13:19:15+00:00","mainEntityOfPage":{"@id":"https:\/\/vosgesinfo.fr\/gerardmerinfo\/2019\/10\/basket-filles-region-de-ctc-hautes-vosges-prennent-tete-de-championnat\/"},"wordCount":233,"commentCount":0,"publisher":{"@id":"https:\/\/vosgesinfo.fr\/gerardmerinfo\/#organization"},"image":{"@id":"https:\/\/vosgesinfo.fr\/gerardmerinfo\/2019\/10\/basket-filles-region-de-ctc-hautes-vosges-prennent-tete-de-championnat\/#primaryimage"},"thumbnailUrl":"https:\/\/vosgesinfo.fr\/app\/uploads\/sites\/6\/2024\/07\/201910fb-img-1571174368816.jpg","keywords":["ctc des hautes vosges"],"articleSection":["A la une","G\u00e9rardmer","Sport","Vosges"],"inLanguage":"fr-FR","potentialAction":[{"@type":"CommentAction","name":"Comment","target":["https:\/\/vosgesinfo.fr\/gerardmerinfo\/2019\/10\/basket-filles-region-de-ctc-hautes-vosges-prennent-tete-de-championnat\/#respond"]}]},{"@type":"WebPage","@id":"https:\/\/vosgesinfo.fr\/gerardmerinfo\/2019\/10\/basket-filles-region-de-ctc-hautes-vosges-prennent-tete-de-championnat\/","url":"https:\/\/vosgesinfo.fr\/gerardmerinfo\/2019\/10\/basket-filles-region-de-ctc-hautes-vosges-prennent-tete-de-championnat\/","name":"Basket : les filles R\u00e9gion de la CTC des Hautes Vosges prennent la t\u00eate de leur championnat - Gerardmer Info","isPartOf":{"@id":"https:\/\/vosgesinfo.fr\/gerardmerinfo\/#website"},"primaryImageOfPage":{"@id":"https:\/\/vosgesinfo.fr\/gerardmerinfo\/2019\/10\/basket-filles-region-de-ctc-hautes-vosges-prennent-tete-de-championnat\/#primaryimage"},"image":{"@id":"https:\/\/vosgesinfo.fr\/gerardmerinfo\/2019\/10\/basket-filles-region-de-ctc-hautes-vosges-prennent-tete-de-championnat\/#primaryimage"},"thumbnailUrl":"https:\/\/vosgesinfo.fr\/app\/uploads\/sites\/6\/2024\/07\/201910fb-img-1571174368816.jpg","datePublished":"2019-10-16T13:19:15+00:00","dateModified":"2019-10-16T13:19:15+00:00","breadcrumb":{"@id":"https:\/\/vosgesinfo.fr\/gerardmerinfo\/2019\/10\/basket-filles-region-de-ctc-hautes-vosges-prennent-tete-de-championnat\/#breadcrumb"},"inLanguage":"fr-FR","potentialAction":[{"@type":"ReadAction","target":["https:\/\/vosgesinfo.fr\/gerardmerinfo\/2019\/10\/basket-filles-region-de-ctc-hautes-vosges-prennent-tete-de-championnat\/"]}]},{"@type":"ImageObject","inLanguage":"fr-FR","@id":"https:\/\/vosgesinfo.fr\/gerardmerinfo\/2019\/10\/basket-filles-region-de-ctc-hautes-vosges-prennent-tete-de-championnat\/#primaryimage","url":"https:\/\/vosgesinfo.fr\/app\/uploads\/sites\/6\/2024\/07\/201910fb-img-1571174368816.jpg","contentUrl":"https:\/\/vosgesinfo.fr\/app\/uploads\/sites\/6\/2024\/07\/201910fb-img-1571174368816.jpg","width":800,"height":600},{"@type":"BreadcrumbList","@id":"https:\/\/vosgesinfo.fr\/gerardmerinfo\/2019\/10\/basket-filles-region-de-ctc-hautes-vosges-prennent-tete-de-championnat\/#breadcrumb","itemListElement":[{"@type":"ListItem","position":1,"name":"Home","item":"https:\/\/vosgesinfo.fr\/gerardmerinfo\/"},{"@type":"ListItem","position":2,"name":"Basket : les filles R\u00e9gion de la CTC des Hautes Vosges prennent la t\u00eate de leur championnat"}]},{"@type":"WebSite","@id":"https:\/\/vosgesinfo.fr\/gerardmerinfo\/#website","url":"https:\/\/vosgesinfo.fr\/gerardmerinfo\/","name":"Gerardmer Info","description":"Toute l&#039;actualit\u00e9 de G\u00e9rardmer","publisher":{"@id":"https:\/\/vosgesinfo.fr\/gerardmerinfo\/#organization"},"alternateName":"Toute l'actualit\u00e9 de G\u00e9rardmer","potentialAction":[{"@type":"SearchAction","target":{"@type":"EntryPoint","urlTemplate":"https:\/\/vosgesinfo.fr\/gerardmerinfo\/?s={search_term_string}"},"query-input":"required name=search_term_string"}],"inLanguage":"fr-FR"},{"@type":"Organization","@id":"https:\/\/vosgesinfo.fr\/gerardmerinfo\/#organization","name":"Gerardmer Info","url":"https:\/\/vosgesinfo.fr\/gerardmerinfo\/","logo":{"@type":"ImageObject","inLanguage":"fr-FR","@id":"https:\/\/vosgesinfo.fr\/gerardmerinfo\/#\/schema\/logo\/image\/","url":"https:\/\/vosgesinfo.fr\/app\/uploads\/sites\/6\/2023\/08\/favicon-gerardmerinfo.png","contentUrl":"https:\/\/vosgesinfo.fr\/app\/uploads\/sites\/6\/2023\/08\/favicon-gerardmerinfo.png","width":512,"height":512,"caption":"Gerardmer Info"},"image":{"@id":"https:\/\/vosgesinfo.fr\/gerardmerinfo\/#\/schema\/logo\/image\/"},"sameAs":["https:\/\/www.facebook.com\/profile.php?id=100049475262660","https:\/\/x.com\/VosgesInfo88","https:\/\/www.youtube.com\/@vosgesinfo"]},{"@type":"Person","@id":"https:\/\/vosgesinfo.fr\/gerardmerinfo\/#\/schema\/person\/bc5d02d71e6932e81b6dadb7386667b1","name":"qs_admin","image":{"@type":"ImageObject","inLanguage":"fr-FR","@id":"https:\/\/vosgesinfo.fr\/gerardmerinfo\/#\/schema\/person\/image\/","url":"https:\/\/secure.gravatar.com\/avatar\/94b18ee0ed79e4a42ea2f2931277b6841a8999fc6fde214600c78057cf1fe1de?s=96&d=mm&r=g","contentUrl":"https:\/\/secure.gravatar.com\/avatar\/94b18ee0ed79e4a42ea2f2931277b6841a8999fc6fde214600c78057cf1fe1de?s=96&d=mm&r=g","caption":"qs_admin"},"sameAs":["https:\/\/vosgesinfo.fr\/wp"],"url":"https:\/\/vosgesinfo.fr\/gerardmerinfo\/author\/qs_admin\/"}]}},"_links":{"self":[{"href":"https:\/\/vosgesinfo.fr\/gerardmerinfo\/wp-json\/wp\/v2\/posts\/44531","targetHints":{"allow":["GET"]}}],"collection":[{"href":"https:\/\/vosgesinfo.fr\/gerardmerinfo\/wp-json\/wp\/v2\/posts"}],"about":[{"href":"https:\/\/vosgesinfo.fr\/gerardmerinfo\/wp-json\/wp\/v2\/types\/post"}],"author":[{"embeddable":true,"href":"https:\/\/vosgesinfo.fr\/gerardmerinfo\/wp-json\/wp\/v2\/users\/1"}],"replies":[{"embeddable":true,"href":"https:\/\/vosgesinfo.fr\/gerardmerinfo\/wp-json\/wp\/v2\/comments?post=44531"}],"version-history":[{"count":0,"href":"https:\/\/vosgesinfo.fr\/gerardmerinfo\/wp-json\/wp\/v2\/posts\/44531\/revisions"}],"wp:featuredmedia":[{"embeddable":true,"href":"https:\/\/vosgesinfo.fr\/gerardmerinfo\/wp-json\/wp\/v2\/media\/44532"}],"wp:attachment":[{"href":"https:\/\/vosgesinfo.fr\/gerardmerinfo\/wp-json\/wp\/v2\/media?parent=44531"}],"wp:term":[{"taxonomy":"category","embeddable":true,"href":"https:\/\/vosgesinfo.fr\/gerardmerinfo\/wp-json\/wp\/v2\/categories?post=44531"},{"taxonomy":"post_tag","embeddable":true,"href":"https:\/\/vosgesinfo.fr\/gerardmerinfo\/wp-json\/wp\/v2\/tags?post=44531"}],"curies":[{"name":"wp","href":"https:\/\/api.w.org\/{rel}","templated":true}]}}