{"id":44533,"date":"2019-10-17T15:27:47","date_gmt":"2019-10-17T13:27:47","guid":{"rendered":"https:\/\/vosgesinfo.fr\/gerardmerinfo\/2019\/10\/pause-lassociation-monts-de-lutopie\/"},"modified":"2019-10-17T15:27:47","modified_gmt":"2019-10-17T13:27:47","slug":"pause-lassociation-monts-de-lutopie","status":"publish","type":"post","link":"https:\/\/vosgesinfo.fr\/gerardmerinfo\/2019\/10\/pause-lassociation-monts-de-lutopie\/","title":{"rendered":"Faites une pause avec l&rsquo;association Les Monts de l&rsquo;Utopie"},"content":{"rendered":"<div>\n\n<h3><\/h3>\n<h3>L&rsquo;association\u00a0: <a href=\"https:\/\/www.facebook.com\/lesmontsdelutopie\/\" target=\"_blank\" rel=\"noreferrer noopener\" data-saferedirecturl=\"https:\/\/www.google.com\/url?q=https:\/\/www.facebook.com\/lesmontsdelutopie\/&amp;source=gmail&amp;ust=1571299261542000&amp;usg=AFQjCNGaUt1ve9pDKnfJtncba4UkKtINdw\">Les Monts de l&rsquo;Utopie<\/a>: organise un nouveau \u00ab\u00a0Temps de Pause&#8230;\u00a0\u00bb &#8211; un \u00e9v\u00e8nement pour prendre le temps de la d\u00e9couverte avec des ateliers d&rsquo;initiation, un grand repas et des concerts.<\/h3>\n<p>&nbsp;<\/p>\n<p>Rappelons que l\u2019association, bas\u00e9e \u00e0 Rochesson, a vu le jour en septembre 2016 avec pour objectif d\u2019enrichir le tissu associatif vosgien, de faire d\u00e9couvrir ou red\u00e9couvrir de nouvelles sonorit\u00e9s venus de pays lointains , des spectacles nomades , des instruments peu connus et originaux , des saveurs venues d&rsquo;ailleurs par le biais d\u2019 \u00e9v\u00e9nements divers. L&rsquo;id\u00e9e est de proposer des \u00e9v\u00e9nements qui favorisent la coh\u00e9sion entre les g\u00e9n\u00e9rations , le partage , la bienveillance et la simplicit\u00e9.<\/p>\n<div style=\"text-align: center;\"><strong>\u00a0Samedi 19 octobre, toute la journ\u00e9e, venez participer \u00e0 un \u00ab\u00a0Temps pause\u00a0\u00bb avec au programme :<\/strong><\/div>\n<p>&nbsp;<\/p>\n<p><strong>4 ateliers d\u00e9couverte, d&rsquo;1h30 chacun, en journ\u00e9e :<\/strong><br \/>\n-R\u00e9servation vivement conseill\u00e9e-<\/p>\n<div><\/div>\n<p><a href=\"\/2019\/10\/monts-de-lUtopie-3.jpg\"><img decoding=\"async\" class=\"alignright size-medium wp-image-154129\" src=\"\/2019\/10\/monts-de-lUtopie-3-180x255.jpg\" alt=\"monts de l'Utopie (3)\" width=\"180\" height=\"255\" \/><\/a>9h &#8211; 10h30:<br \/>\n\u00c9tirements du quotidien avec Fabien Duret , Ost\u00e9opathe.<br \/>\nFabien vous proposera des techniques de r\u00e9veil du corps en douceur par le biais d&rsquo;\u00e9tirements et d&rsquo;auto-massages.<br \/>\nVenez en tenue confortable!<\/p>\n<div><\/div>\n<p>10h40 &#8211; 12h10:<br \/>\nAtelier de percussions corporelles avec Justine, \u00e9l\u00e8ve de Leela Petronio, (danseuse \u00e0 STOMP et cr\u00e9atrice du groupe HIP TAP PROJECT) Justine participe au festival international de la musique corporelles en 2016 et continue son riche apprentissage en Europe de l&rsquo;est.<br \/>\nLe corps humain est le plus ancien instrument musical, le moins co\u00fbteux et aussi le plus facile \u00e0 transporter. Alors en route au pays des clap, slap, stamp&#8230;<br \/>\nFaisons vibrer notre corps et nos cordes vocales.<br \/>\nAucun pr\u00e9requis n&rsquo;est n\u00e9cessaire.<br \/>\nVenez en tenue confortable.<\/p>\n<div><\/div>\n<p><strong>?\ufff0<span lang=\"zh-CN\">\uff9f\uff98\uff8b <\/span>PAUSE REPAS ?\ufff0<span lang=\"zh-CN\">\uff9f\uff8d\uffb4<\/span><\/strong><\/p>\n<div><\/div>\n<p>14h &#8211; 15h30:<br \/>\nAtelier de danse d&rsquo;Afrique de l&rsquo;ouest avec Audrey. Danseuse dans la compagnie Folimandingue, depuis 15 ans Audrey se forme aux diff\u00e9rentes danses d&rsquo;Afrique de l&rsquo;ouest en France, au Burkina Faso et au Mali.<br \/>\nAccompagn\u00e9e de deux percussionnistes, Audrey vous am\u00e8nera vers un moment de partage avec les musiciens, les autres danseurs et vos racines int\u00e9rieures. Le but \u00e9tant le l\u00e2cher prise, le plaisir et l&rsquo;expression du corps.<br \/>\nAucun pr\u00e9requis n&rsquo;est n\u00e9cessaire.<br \/>\nVenez en tenue confortable!<\/p>\n<div><\/div>\n<p>15h35 &#8211; 17h10:<br \/>\nChant polyphonique Gnaoua avec Dendana<br \/>\nDans le registre Gnaoua, chants traditionnels d&rsquo;Afrique du nord, Dendana vous invitera \u00e0 chanter ensemble, ce qui donne d&rsquo;immenses possibilit\u00e9s \u00e0 chacun, les combinaisons musicales \u00e9tant infinies, la fusion des voix cr\u00e9ant un son pluriel toujours original, jamais fig\u00e9 : c&rsquo;est ce qu&rsquo;on peut appeler la \u00ab\u00a0magie polyphonique\u00a0\u00bb .<br \/>\nVenez d\u00e9couvrir!<\/p>\n<div><\/div>\n<p>19h Repas du soir: assiette automnale ( gratin de courges \u00e0 notre fa\u00e7on, potatoes maison et lard, le tout accompagn\u00e9 d&rsquo;une verdure)<br \/>\nTout est fait maison par les b\u00e9n\u00e9voles de l&rsquo;association , avec produit locaux et\/ou bio .. &#8211; r\u00e9servation conseill\u00e9e-<\/p>\n<div><\/div>\n<p><strong>Concerts :<\/strong><br \/>\n21h-Dendana et Charlotte Savary<br \/>\nAuteur, compositeur et interpr\u00e8te, Dendana nous invite au voyage avec ses m\u00e9lodies aux influences folk, Gnaoua et jazz.<br \/>\nAuteure, compositrice et interpr\u00e8te Charlotte Savary est, entre autre, LA voix f\u00e9minine de Wax Tailor!!!!<\/p>\n<div><\/div>\n<p>23h-Jeremy Nattagh et Adele B (duo didjeridoo, guimbarde, handpans, batterie)<\/p>\n<p>\u00ab\u00a0Ad\u00e8le B et J\u00e9r\u00e9my Nattagh\u00a0\u00bb (Ethno transe acoustique)<br \/>\nIls ont d\u00e9velopp\u00e9 une v\u00e9ritable t\u00e9l\u00e9pathie musicale.<br \/>\nCompagnons de sc\u00e8ne depuis des ann\u00e9es, align\u00e9s sur le m\u00eame sens du rythme et la m\u00eame sensibilit\u00e9 m\u00e9lodique, lorsque J\u00e9r\u00e9my Nattagh d\u00e9veloppe un nouveau projet autour des Hangs et de percussions jou\u00e9es aux pieds comme une batterie, c\u2019est tout naturellement qu\u2019il convie Ad\u00e8le B \u00e0 venir \u00e9toffer l\u2019instrumentation de son jeu de didgeridoo unique mais aussi d\u2019un instrument qu\u2019elle joue avec flamboyance: la guimbarde.<br \/>\nIls ont cr\u00e9\u00e9 une musique \u00e9nergique, pleine de rythmes surprenants, de m\u00e9lodies profondes et toujours sinc\u00e8res, qui emporte les c\u0153urs et fait bouger les jambes.<br \/>\nC est du bonheur pour les yeux et les oreilles.<\/p>\n<div><\/div>\n<p><strong>Tarifs :<\/strong><\/p>\n<p>1 atelier : 15E\/10E<\/p>\n<\/div>\n<div>\n<p>\u00a0\u00a0\u00a0 1\/2 journ\u00e9e : 20E\/15E<\/p>\n<div class=\"gmail_quote\">\u00a0\u00a0\u00a0 Concert : 8E\/6E<\/div>\n<div class=\"gmail_quote\">\u00a0\u00a0\u00a0 Repas+concerts : 15E\/13E<\/div>\n<div class=\"gmail_quote\">\u00a0\u00a0\u00a0 Le tout : 50E\/40E<\/div>\n<div class=\"gmail_quote\">\u00a0\u00a0\u00a0 (prix non adh\u00e9rents\/ adh\u00e9rents)<\/div>\n<div class=\"gmail_quote\"><\/div>\n<div class=\"gmail_quote\">\n<p><strong>R\u00e9servations :<\/strong><\/p>\n<blockquote class=\"gmail_quote\">\n<div>\n<div>\n<div>Nanoo 07.67.74.61.21 \u00e0 partir de 17h ( tous les jours de la semaine sauf le mercredi et le jeudi)<br \/>\nCamille 06.73.54.05.25<\/div>\n<\/div>\n<\/div>\n<\/blockquote>\n<\/div>\n<\/div>\n","protected":false},"excerpt":{"rendered":"<p>L&rsquo;association\u00a0: Les Monts de l&rsquo;Utopie: organise un nouveau \u00ab\u00a0Temps de Pause&#8230;\u00a0\u00bb &#8211; un \u00e9v\u00e8nement pour prendre le temps de la [&hellip;]<\/p>\n","protected":false},"author":1,"featured_media":44534,"comment_status":"open","ping_status":"open","sticky":false,"template":"","format":"standard","meta":{"footnotes":""},"categories":[20,4],"tags":[58,161],"class_list":["post-44533","post","type-post","status-publish","format-standard","has-post-thumbnail","hentry","category-a-la-une","category-culture","tag-les-monts-de-lutopie","tag-rochesson"],"acf":[],"yoast_head":"<!-- This site is optimized with the Yoast SEO plugin v22.5 - https:\/\/yoast.com\/wordpress\/plugins\/seo\/ -->\n<title>Faites une pause avec l&#039;association Les Monts de l&#039;Utopie - Gerardmer Info<\/title>\n<meta name=\"robots\" content=\"index, follow, max-snippet:-1, max-image-preview:large, max-video-preview:-1\" \/>\n<link rel=\"canonical\" href=\"https:\/\/vosgesinfo.fr\/gerardmerinfo\/2019\/10\/pause-lassociation-monts-de-lutopie\/\" \/>\n<meta name=\"twitter:card\" content=\"summary_large_image\" \/>\n<meta name=\"twitter:title\" content=\"Faites une pause avec l&#039;association Les Monts de l&#039;Utopie - Gerardmer Info\" \/>\n<meta name=\"twitter:description\" content=\"L&rsquo;association\u00a0: Les Monts de l&rsquo;Utopie: organise un nouveau \u00ab\u00a0Temps de Pause&#8230;\u00a0\u00bb &#8211; un \u00e9v\u00e8nement pour prendre le temps de la [&hellip;]\" \/>\n<meta name=\"twitter:image\" content=\"https:\/\/vosgesinfo.fr\/app\/uploads\/sites\/6\/2024\/07\/201910monts-de-lutopie-4.jpg\" \/>\n<meta name=\"twitter:creator\" content=\"@VosgesInfo88\" \/>\n<meta name=\"twitter:site\" content=\"@VosgesInfo88\" \/>\n<meta name=\"twitter:label1\" content=\"\u00c9crit par\" \/>\n\t<meta name=\"twitter:data1\" content=\"qs_admin\" \/>\n\t<meta name=\"twitter:label2\" content=\"Dur\u00e9e de lecture estim\u00e9e\" \/>\n\t<meta name=\"twitter:data2\" content=\"4 minutes\" \/>\n<script type=\"application\/ld+json\" class=\"yoast-schema-graph\">{\"@context\":\"https:\/\/schema.org\",\"@graph\":[{\"@type\":\"Article\",\"@id\":\"https:\/\/vosgesinfo.fr\/gerardmerinfo\/2019\/10\/pause-lassociation-monts-de-lutopie\/#article\",\"isPartOf\":{\"@id\":\"https:\/\/vosgesinfo.fr\/gerardmerinfo\/2019\/10\/pause-lassociation-monts-de-lutopie\/\"},\"author\":{\"name\":\"qs_admin\",\"@id\":\"https:\/\/vosgesinfo.fr\/gerardmerinfo\/#\/schema\/person\/bc5d02d71e6932e81b6dadb7386667b1\"},\"headline\":\"Faites une pause avec l&rsquo;association Les Monts de l&rsquo;Utopie\",\"datePublished\":\"2019-10-17T13:27:47+00:00\",\"dateModified\":\"2019-10-17T13:27:47+00:00\",\"mainEntityOfPage\":{\"@id\":\"https:\/\/vosgesinfo.fr\/gerardmerinfo\/2019\/10\/pause-lassociation-monts-de-lutopie\/\"},\"wordCount\":731,\"commentCount\":0,\"publisher\":{\"@id\":\"https:\/\/vosgesinfo.fr\/gerardmerinfo\/#organization\"},\"image\":{\"@id\":\"https:\/\/vosgesinfo.fr\/gerardmerinfo\/2019\/10\/pause-lassociation-monts-de-lutopie\/#primaryimage\"},\"thumbnailUrl\":\"https:\/\/vosgesinfo.fr\/app\/uploads\/sites\/6\/2024\/07\/201910monts-de-lutopie-4.jpg\",\"keywords\":[\"Les Monts de l'Utopie\",\"Rochesson\"],\"articleSection\":[\"A la une\",\"Culture\"],\"inLanguage\":\"fr-FR\",\"potentialAction\":[{\"@type\":\"CommentAction\",\"name\":\"Comment\",\"target\":[\"https:\/\/vosgesinfo.fr\/gerardmerinfo\/2019\/10\/pause-lassociation-monts-de-lutopie\/#respond\"]}]},{\"@type\":\"WebPage\",\"@id\":\"https:\/\/vosgesinfo.fr\/gerardmerinfo\/2019\/10\/pause-lassociation-monts-de-lutopie\/\",\"url\":\"https:\/\/vosgesinfo.fr\/gerardmerinfo\/2019\/10\/pause-lassociation-monts-de-lutopie\/\",\"name\":\"Faites une pause avec l'association Les Monts de l'Utopie - Gerardmer Info\",\"isPartOf\":{\"@id\":\"https:\/\/vosgesinfo.fr\/gerardmerinfo\/#website\"},\"primaryImageOfPage\":{\"@id\":\"https:\/\/vosgesinfo.fr\/gerardmerinfo\/2019\/10\/pause-lassociation-monts-de-lutopie\/#primaryimage\"},\"image\":{\"@id\":\"https:\/\/vosgesinfo.fr\/gerardmerinfo\/2019\/10\/pause-lassociation-monts-de-lutopie\/#primaryimage\"},\"thumbnailUrl\":\"https:\/\/vosgesinfo.fr\/app\/uploads\/sites\/6\/2024\/07\/201910monts-de-lutopie-4.jpg\",\"datePublished\":\"2019-10-17T13:27:47+00:00\",\"dateModified\":\"2019-10-17T13:27:47+00:00\",\"breadcrumb\":{\"@id\":\"https:\/\/vosgesinfo.fr\/gerardmerinfo\/2019\/10\/pause-lassociation-monts-de-lutopie\/#breadcrumb\"},\"inLanguage\":\"fr-FR\",\"potentialAction\":[{\"@type\":\"ReadAction\",\"target\":[\"https:\/\/vosgesinfo.fr\/gerardmerinfo\/2019\/10\/pause-lassociation-monts-de-lutopie\/\"]}]},{\"@type\":\"ImageObject\",\"inLanguage\":\"fr-FR\",\"@id\":\"https:\/\/vosgesinfo.fr\/gerardmerinfo\/2019\/10\/pause-lassociation-monts-de-lutopie\/#primaryimage\",\"url\":\"https:\/\/vosgesinfo.fr\/app\/uploads\/sites\/6\/2024\/07\/201910monts-de-lutopie-4.jpg\",\"contentUrl\":\"https:\/\/vosgesinfo.fr\/app\/uploads\/sites\/6\/2024\/07\/201910monts-de-lutopie-4.jpg\",\"width\":800,\"height\":600},{\"@type\":\"BreadcrumbList\",\"@id\":\"https:\/\/vosgesinfo.fr\/gerardmerinfo\/2019\/10\/pause-lassociation-monts-de-lutopie\/#breadcrumb\",\"itemListElement\":[{\"@type\":\"ListItem\",\"position\":1,\"name\":\"Home\",\"item\":\"https:\/\/vosgesinfo.fr\/gerardmerinfo\/\"},{\"@type\":\"ListItem\",\"position\":2,\"name\":\"Faites une pause avec l&rsquo;association Les Monts de l&rsquo;Utopie\"}]},{\"@type\":\"WebSite\",\"@id\":\"https:\/\/vosgesinfo.fr\/gerardmerinfo\/#website\",\"url\":\"https:\/\/vosgesinfo.fr\/gerardmerinfo\/\",\"name\":\"Gerardmer Info\",\"description\":\"Toute l&#039;actualit\u00e9 de G\u00e9rardmer\",\"publisher\":{\"@id\":\"https:\/\/vosgesinfo.fr\/gerardmerinfo\/#organization\"},\"alternateName\":\"Toute l'actualit\u00e9 de G\u00e9rardmer\",\"potentialAction\":[{\"@type\":\"SearchAction\",\"target\":{\"@type\":\"EntryPoint\",\"urlTemplate\":\"https:\/\/vosgesinfo.fr\/gerardmerinfo\/?s={search_term_string}\"},\"query-input\":\"required name=search_term_string\"}],\"inLanguage\":\"fr-FR\"},{\"@type\":\"Organization\",\"@id\":\"https:\/\/vosgesinfo.fr\/gerardmerinfo\/#organization\",\"name\":\"Gerardmer Info\",\"url\":\"https:\/\/vosgesinfo.fr\/gerardmerinfo\/\",\"logo\":{\"@type\":\"ImageObject\",\"inLanguage\":\"fr-FR\",\"@id\":\"https:\/\/vosgesinfo.fr\/gerardmerinfo\/#\/schema\/logo\/image\/\",\"url\":\"https:\/\/vosgesinfo.fr\/app\/uploads\/sites\/6\/2023\/08\/favicon-gerardmerinfo.png\",\"contentUrl\":\"https:\/\/vosgesinfo.fr\/app\/uploads\/sites\/6\/2023\/08\/favicon-gerardmerinfo.png\",\"width\":512,\"height\":512,\"caption\":\"Gerardmer Info\"},\"image\":{\"@id\":\"https:\/\/vosgesinfo.fr\/gerardmerinfo\/#\/schema\/logo\/image\/\"},\"sameAs\":[\"https:\/\/www.facebook.com\/profile.php?id=100049475262660\",\"https:\/\/x.com\/VosgesInfo88\",\"https:\/\/www.youtube.com\/@vosgesinfo\"]},{\"@type\":\"Person\",\"@id\":\"https:\/\/vosgesinfo.fr\/gerardmerinfo\/#\/schema\/person\/bc5d02d71e6932e81b6dadb7386667b1\",\"name\":\"qs_admin\",\"image\":{\"@type\":\"ImageObject\",\"inLanguage\":\"fr-FR\",\"@id\":\"https:\/\/vosgesinfo.fr\/gerardmerinfo\/#\/schema\/person\/image\/\",\"url\":\"https:\/\/secure.gravatar.com\/avatar\/94b18ee0ed79e4a42ea2f2931277b6841a8999fc6fde214600c78057cf1fe1de?s=96&d=mm&r=g\",\"contentUrl\":\"https:\/\/secure.gravatar.com\/avatar\/94b18ee0ed79e4a42ea2f2931277b6841a8999fc6fde214600c78057cf1fe1de?s=96&d=mm&r=g\",\"caption\":\"qs_admin\"},\"sameAs\":[\"https:\/\/vosgesinfo.fr\/wp\"],\"url\":\"https:\/\/vosgesinfo.fr\/gerardmerinfo\/author\/qs_admin\/\"}]}<\/script>\n<!-- \/ Yoast SEO plugin. -->","yoast_head_json":{"title":"Faites une pause avec l'association Les Monts de l'Utopie - Gerardmer Info","robots":{"index":"index","follow":"follow","max-snippet":"max-snippet:-1","max-image-preview":"max-image-preview:large","max-video-preview":"max-video-preview:-1"},"canonical":"https:\/\/vosgesinfo.fr\/gerardmerinfo\/2019\/10\/pause-lassociation-monts-de-lutopie\/","twitter_card":"summary_large_image","twitter_title":"Faites une pause avec l'association Les Monts de l'Utopie - Gerardmer Info","twitter_description":"L&rsquo;association\u00a0: Les Monts de l&rsquo;Utopie: organise un nouveau \u00ab\u00a0Temps de Pause&#8230;\u00a0\u00bb &#8211; un \u00e9v\u00e8nement pour prendre le temps de la [&hellip;]","twitter_image":"https:\/\/vosgesinfo.fr\/app\/uploads\/sites\/6\/2024\/07\/201910monts-de-lutopie-4.jpg","twitter_creator":"@VosgesInfo88","twitter_site":"@VosgesInfo88","twitter_misc":{"\u00c9crit par":"qs_admin","Dur\u00e9e de lecture estim\u00e9e":"4 minutes"},"schema":{"@context":"https:\/\/schema.org","@graph":[{"@type":"Article","@id":"https:\/\/vosgesinfo.fr\/gerardmerinfo\/2019\/10\/pause-lassociation-monts-de-lutopie\/#article","isPartOf":{"@id":"https:\/\/vosgesinfo.fr\/gerardmerinfo\/2019\/10\/pause-lassociation-monts-de-lutopie\/"},"author":{"name":"qs_admin","@id":"https:\/\/vosgesinfo.fr\/gerardmerinfo\/#\/schema\/person\/bc5d02d71e6932e81b6dadb7386667b1"},"headline":"Faites une pause avec l&rsquo;association Les Monts de l&rsquo;Utopie","datePublished":"2019-10-17T13:27:47+00:00","dateModified":"2019-10-17T13:27:47+00:00","mainEntityOfPage":{"@id":"https:\/\/vosgesinfo.fr\/gerardmerinfo\/2019\/10\/pause-lassociation-monts-de-lutopie\/"},"wordCount":731,"commentCount":0,"publisher":{"@id":"https:\/\/vosgesinfo.fr\/gerardmerinfo\/#organization"},"image":{"@id":"https:\/\/vosgesinfo.fr\/gerardmerinfo\/2019\/10\/pause-lassociation-monts-de-lutopie\/#primaryimage"},"thumbnailUrl":"https:\/\/vosgesinfo.fr\/app\/uploads\/sites\/6\/2024\/07\/201910monts-de-lutopie-4.jpg","keywords":["Les Monts de l'Utopie","Rochesson"],"articleSection":["A la une","Culture"],"inLanguage":"fr-FR","potentialAction":[{"@type":"CommentAction","name":"Comment","target":["https:\/\/vosgesinfo.fr\/gerardmerinfo\/2019\/10\/pause-lassociation-monts-de-lutopie\/#respond"]}]},{"@type":"WebPage","@id":"https:\/\/vosgesinfo.fr\/gerardmerinfo\/2019\/10\/pause-lassociation-monts-de-lutopie\/","url":"https:\/\/vosgesinfo.fr\/gerardmerinfo\/2019\/10\/pause-lassociation-monts-de-lutopie\/","name":"Faites une pause avec l'association Les Monts de l'Utopie - Gerardmer Info","isPartOf":{"@id":"https:\/\/vosgesinfo.fr\/gerardmerinfo\/#website"},"primaryImageOfPage":{"@id":"https:\/\/vosgesinfo.fr\/gerardmerinfo\/2019\/10\/pause-lassociation-monts-de-lutopie\/#primaryimage"},"image":{"@id":"https:\/\/vosgesinfo.fr\/gerardmerinfo\/2019\/10\/pause-lassociation-monts-de-lutopie\/#primaryimage"},"thumbnailUrl":"https:\/\/vosgesinfo.fr\/app\/uploads\/sites\/6\/2024\/07\/201910monts-de-lutopie-4.jpg","datePublished":"2019-10-17T13:27:47+00:00","dateModified":"2019-10-17T13:27:47+00:00","breadcrumb":{"@id":"https:\/\/vosgesinfo.fr\/gerardmerinfo\/2019\/10\/pause-lassociation-monts-de-lutopie\/#breadcrumb"},"inLanguage":"fr-FR","potentialAction":[{"@type":"ReadAction","target":["https:\/\/vosgesinfo.fr\/gerardmerinfo\/2019\/10\/pause-lassociation-monts-de-lutopie\/"]}]},{"@type":"ImageObject","inLanguage":"fr-FR","@id":"https:\/\/vosgesinfo.fr\/gerardmerinfo\/2019\/10\/pause-lassociation-monts-de-lutopie\/#primaryimage","url":"https:\/\/vosgesinfo.fr\/app\/uploads\/sites\/6\/2024\/07\/201910monts-de-lutopie-4.jpg","contentUrl":"https:\/\/vosgesinfo.fr\/app\/uploads\/sites\/6\/2024\/07\/201910monts-de-lutopie-4.jpg","width":800,"height":600},{"@type":"BreadcrumbList","@id":"https:\/\/vosgesinfo.fr\/gerardmerinfo\/2019\/10\/pause-lassociation-monts-de-lutopie\/#breadcrumb","itemListElement":[{"@type":"ListItem","position":1,"name":"Home","item":"https:\/\/vosgesinfo.fr\/gerardmerinfo\/"},{"@type":"ListItem","position":2,"name":"Faites une pause avec l&rsquo;association Les Monts de l&rsquo;Utopie"}]},{"@type":"WebSite","@id":"https:\/\/vosgesinfo.fr\/gerardmerinfo\/#website","url":"https:\/\/vosgesinfo.fr\/gerardmerinfo\/","name":"Gerardmer Info","description":"Toute l&#039;actualit\u00e9 de G\u00e9rardmer","publisher":{"@id":"https:\/\/vosgesinfo.fr\/gerardmerinfo\/#organization"},"alternateName":"Toute l'actualit\u00e9 de G\u00e9rardmer","potentialAction":[{"@type":"SearchAction","target":{"@type":"EntryPoint","urlTemplate":"https:\/\/vosgesinfo.fr\/gerardmerinfo\/?s={search_term_string}"},"query-input":"required name=search_term_string"}],"inLanguage":"fr-FR"},{"@type":"Organization","@id":"https:\/\/vosgesinfo.fr\/gerardmerinfo\/#organization","name":"Gerardmer Info","url":"https:\/\/vosgesinfo.fr\/gerardmerinfo\/","logo":{"@type":"ImageObject","inLanguage":"fr-FR","@id":"https:\/\/vosgesinfo.fr\/gerardmerinfo\/#\/schema\/logo\/image\/","url":"https:\/\/vosgesinfo.fr\/app\/uploads\/sites\/6\/2023\/08\/favicon-gerardmerinfo.png","contentUrl":"https:\/\/vosgesinfo.fr\/app\/uploads\/sites\/6\/2023\/08\/favicon-gerardmerinfo.png","width":512,"height":512,"caption":"Gerardmer Info"},"image":{"@id":"https:\/\/vosgesinfo.fr\/gerardmerinfo\/#\/schema\/logo\/image\/"},"sameAs":["https:\/\/www.facebook.com\/profile.php?id=100049475262660","https:\/\/x.com\/VosgesInfo88","https:\/\/www.youtube.com\/@vosgesinfo"]},{"@type":"Person","@id":"https:\/\/vosgesinfo.fr\/gerardmerinfo\/#\/schema\/person\/bc5d02d71e6932e81b6dadb7386667b1","name":"qs_admin","image":{"@type":"ImageObject","inLanguage":"fr-FR","@id":"https:\/\/vosgesinfo.fr\/gerardmerinfo\/#\/schema\/person\/image\/","url":"https:\/\/secure.gravatar.com\/avatar\/94b18ee0ed79e4a42ea2f2931277b6841a8999fc6fde214600c78057cf1fe1de?s=96&d=mm&r=g","contentUrl":"https:\/\/secure.gravatar.com\/avatar\/94b18ee0ed79e4a42ea2f2931277b6841a8999fc6fde214600c78057cf1fe1de?s=96&d=mm&r=g","caption":"qs_admin"},"sameAs":["https:\/\/vosgesinfo.fr\/wp"],"url":"https:\/\/vosgesinfo.fr\/gerardmerinfo\/author\/qs_admin\/"}]}},"_links":{"self":[{"href":"https:\/\/vosgesinfo.fr\/gerardmerinfo\/wp-json\/wp\/v2\/posts\/44533","targetHints":{"allow":["GET"]}}],"collection":[{"href":"https:\/\/vosgesinfo.fr\/gerardmerinfo\/wp-json\/wp\/v2\/posts"}],"about":[{"href":"https:\/\/vosgesinfo.fr\/gerardmerinfo\/wp-json\/wp\/v2\/types\/post"}],"author":[{"embeddable":true,"href":"https:\/\/vosgesinfo.fr\/gerardmerinfo\/wp-json\/wp\/v2\/users\/1"}],"replies":[{"embeddable":true,"href":"https:\/\/vosgesinfo.fr\/gerardmerinfo\/wp-json\/wp\/v2\/comments?post=44533"}],"version-history":[{"count":0,"href":"https:\/\/vosgesinfo.fr\/gerardmerinfo\/wp-json\/wp\/v2\/posts\/44533\/revisions"}],"wp:featuredmedia":[{"embeddable":true,"href":"https:\/\/vosgesinfo.fr\/gerardmerinfo\/wp-json\/wp\/v2\/media\/44534"}],"wp:attachment":[{"href":"https:\/\/vosgesinfo.fr\/gerardmerinfo\/wp-json\/wp\/v2\/media?parent=44533"}],"wp:term":[{"taxonomy":"category","embeddable":true,"href":"https:\/\/vosgesinfo.fr\/gerardmerinfo\/wp-json\/wp\/v2\/categories?post=44533"},{"taxonomy":"post_tag","embeddable":true,"href":"https:\/\/vosgesinfo.fr\/gerardmerinfo\/wp-json\/wp\/v2\/tags?post=44533"}],"curies":[{"name":"wp","href":"https:\/\/api.w.org\/{rel}","templated":true}]}}