{"id":44560,"date":"2019-10-17T15:29:46","date_gmt":"2019-10-17T13:29:46","guid":{"rendered":"https:\/\/vosgesinfo.fr\/gerardmerinfo\/2019\/10\/arc-gym-gisele-monasse-passe-main\/"},"modified":"2019-10-17T15:29:46","modified_gmt":"2019-10-17T13:29:46","slug":"arc-gym-gisele-monasse-passe-main","status":"publish","type":"post","link":"https:\/\/vosgesinfo.fr\/gerardmerinfo\/2019\/10\/arc-gym-gisele-monasse-passe-main\/","title":{"rendered":"Arc en Gym : Gis\u00e8le Monasse passe la main"},"content":{"rendered":"<div id=\"attachment_154199\" style=\"width: 350px\" class=\"wp-caption aligncenter\"><a href=\"\/2019\/10\/arc-en-gym.jpg\"><img decoding=\"async\" aria-describedby=\"caption-attachment-154199\" class=\"size-medium wp-image-154199\" src=\"\/2019\/10\/arc-en-gym-340x255.jpg\" alt=\"Giselle Monasse en compagnie de la tr\u00e9sori\u00e8re de l'association Liliane George.\" width=\"340\" height=\"255\" \/><\/a><p id=\"caption-attachment-154199\" class=\"wp-caption-text\">Gis\u00e8le Monasse en compagnie de la tr\u00e9sori\u00e8re de l&rsquo;association Liliane George.<\/p><\/div>\n<h3>Apr\u00e8s 25 ans de bons et loyaux services au sein du comit\u00e9 d&rsquo;Arc en Gym, dont une dizaine au poste de pr\u00e9sidente, Gis\u00e8le Monasse a d\u00e9cid\u00e9 de passer la main \u00e0 l&rsquo;occasion des assises annuelles de l&rsquo;association.<\/h3>\n<p><a href=\"\/2019\/10\/IMG_20191017_101606.jpg\"><img decoding=\"async\" class=\"alignright size-medium wp-image-154200\" src=\"\/2019\/10\/IMG_20191017_101606-340x255.jpg\" alt=\"IMG_20191017_101606\" width=\"340\" height=\"255\" \/><\/a>Il y avait foule \u00e0 la salle des Armes ce jeudi 17 octobre. Il faut dire qu&rsquo;Arc en Gym se porte bien en mati\u00e8re d&rsquo;effectifs puisqu&rsquo;elle compte pas moins de 244 adh\u00e9rents, un chiffre en l\u00e9g\u00e8re hausse par rapport \u00e0 l&rsquo;an dernier. De plus, cette assembl\u00e9e g\u00e9n\u00e9rale \u00e9tait \u00e9lective, ce qui faisait au moins une bonne raison de ne pas la manquer ! Ainsi, on retiendra surtout le d\u00e9part de la pr\u00e9sidente Gis\u00e8le Monasse qui avait int\u00e9gr\u00e9 le comit\u00e9 en 1995 et avait \u00e9mis le souhait de passer la main. C&rsquo;est chose faite, il ne restera plus qu&rsquo;au nouveau comit\u00e9 d&rsquo;\u00e9lire \u00e0 son tour un nouveau bureau pour que l&rsquo;aventure continue.<\/p>\n<p>C&rsquo;est tout le mal que l&rsquo;on peut souhaiter \u00e0 l&rsquo;association, sachant que les deux animatrices Delphine No\u00ebl et Nicole Dreller ne ch\u00f4ment pas en encadrant \u00e0 elles deux une douzaine de groupes allant de 12 \u00e0 32 pratiquants. Au final, entre gym, gym douce, Bien-\u00catre, Gym \u00e9quilibre, le nombre de personnes cumul\u00e9es dans ces groupes est de 259 car certaines vont \u00e0 plusieurs cours diff\u00e9rents chaque semaine. Quand on aime, on ne compte pas apr\u00e8s tout, et certains seraient m\u00eame heureux qu&rsquo;il i ait aussi des s\u00e9ances pendant les vacances scolaires !<\/p>\n<p>Par ailleurs, Arc en Gym a organis\u00e9 deux marches l&rsquo;an dernier : une de 8 km le 11 mars, et une autre \u00e0 la fin de l&rsquo;ann\u00e9e scolaire, le 14 juin pour \u00eatre pr\u00e9cis. C&rsquo;\u00e9tait \u00e0 l&rsquo;ermitage Fr\u00e8re Joseph et la sortie \u00e9tait agr\u00e9ment\u00e9e d&rsquo;une visite du mus\u00e9e du textile, le tout agr\u00e9ment\u00e9 d&rsquo;un repas et d&rsquo;un ap\u00e9ritif. Les Adh\u00e9rents des groupes de Nicole Dreller se sont aussi r\u00e9unis pour un repas au restaurant \u00ab\u00a0Le Chalet\u00a0\u00bb au bout du lac avec ap\u00e9ritif offert par l&rsquo;association. On notera enfin la participation \u00e0 la F\u00eate des Jonquilles (notamment \u00e0 l&rsquo;accueil et \u00e0 la cueillette) et les remerciements de la pr\u00e9sidente sortante adress\u00e9s \u00e0 la Ville de G\u00e9rardmer pour son soutien financier, son aide technique pr\u00e9cieuse et le pr\u00eat des salles o\u00f9 ont lieu les cours de gym.<\/p>\n","protected":false},"excerpt":{"rendered":"<p>Apr\u00e8s 25 ans de bons et loyaux services au sein du comit\u00e9 d&rsquo;Arc en Gym, dont une dizaine au poste [&hellip;]<\/p>\n","protected":false},"author":42,"featured_media":44561,"comment_status":"open","ping_status":"open","sticky":false,"template":"","format":"standard","meta":{"footnotes":""},"categories":[20,25,14,17],"tags":[32],"class_list":["post-44560","post","type-post","status-publish","format-standard","has-post-thumbnail","hentry","category-a-la-une","category-gerardmer","category-sport","category-vie-associative","tag-arc-en-gym"],"acf":[],"yoast_head":"<!-- This site is optimized with the Yoast SEO plugin v22.5 - https:\/\/yoast.com\/wordpress\/plugins\/seo\/ -->\n<title>Arc en Gym : Gis\u00e8le Monasse passe la main - Gerardmer Info<\/title>\n<meta name=\"robots\" content=\"index, follow, max-snippet:-1, max-image-preview:large, max-video-preview:-1\" \/>\n<link rel=\"canonical\" href=\"https:\/\/vosgesinfo.fr\/gerardmerinfo\/2019\/10\/arc-gym-gisele-monasse-passe-main\/\" \/>\n<meta name=\"twitter:card\" content=\"summary_large_image\" \/>\n<meta name=\"twitter:title\" content=\"Arc en Gym : Gis\u00e8le Monasse passe la main - Gerardmer Info\" \/>\n<meta name=\"twitter:description\" content=\"Apr\u00e8s 25 ans de bons et loyaux services au sein du comit\u00e9 d&rsquo;Arc en Gym, dont une dizaine au poste [&hellip;]\" \/>\n<meta name=\"twitter:image\" content=\"https:\/\/vosgesinfo.fr\/app\/uploads\/sites\/6\/2024\/07\/201910img-20191017-101606.jpg\" \/>\n<meta name=\"twitter:creator\" content=\"@VosgesInfo88\" \/>\n<meta name=\"twitter:site\" content=\"@VosgesInfo88\" \/>\n<meta name=\"twitter:label1\" content=\"\u00c9crit par\" \/>\n\t<meta name=\"twitter:data1\" content=\"QG\" \/>\n\t<meta name=\"twitter:label2\" content=\"Dur\u00e9e de lecture estim\u00e9e\" \/>\n\t<meta name=\"twitter:data2\" content=\"2 minutes\" \/>\n<script type=\"application\/ld+json\" class=\"yoast-schema-graph\">{\"@context\":\"https:\/\/schema.org\",\"@graph\":[{\"@type\":\"Article\",\"@id\":\"https:\/\/vosgesinfo.fr\/gerardmerinfo\/2019\/10\/arc-gym-gisele-monasse-passe-main\/#article\",\"isPartOf\":{\"@id\":\"https:\/\/vosgesinfo.fr\/gerardmerinfo\/2019\/10\/arc-gym-gisele-monasse-passe-main\/\"},\"author\":{\"name\":\"QG\",\"@id\":\"https:\/\/vosgesinfo.fr\/gerardmerinfo\/#\/schema\/person\/db5605779a843dad16b5368f3e7613a5\"},\"headline\":\"Arc en Gym : Gis\u00e8le Monasse passe la main\",\"datePublished\":\"2019-10-17T13:29:46+00:00\",\"dateModified\":\"2019-10-17T13:29:46+00:00\",\"mainEntityOfPage\":{\"@id\":\"https:\/\/vosgesinfo.fr\/gerardmerinfo\/2019\/10\/arc-gym-gisele-monasse-passe-main\/\"},\"wordCount\":443,\"commentCount\":0,\"publisher\":{\"@id\":\"https:\/\/vosgesinfo.fr\/gerardmerinfo\/#organization\"},\"image\":{\"@id\":\"https:\/\/vosgesinfo.fr\/gerardmerinfo\/2019\/10\/arc-gym-gisele-monasse-passe-main\/#primaryimage\"},\"thumbnailUrl\":\"https:\/\/vosgesinfo.fr\/app\/uploads\/sites\/6\/2024\/07\/201910img-20191017-101606.jpg\",\"keywords\":[\"arc en gym\"],\"articleSection\":[\"A la une\",\"G\u00e9rardmer\",\"Sport\",\"Vie Associative\"],\"inLanguage\":\"fr-FR\",\"potentialAction\":[{\"@type\":\"CommentAction\",\"name\":\"Comment\",\"target\":[\"https:\/\/vosgesinfo.fr\/gerardmerinfo\/2019\/10\/arc-gym-gisele-monasse-passe-main\/#respond\"]}]},{\"@type\":\"WebPage\",\"@id\":\"https:\/\/vosgesinfo.fr\/gerardmerinfo\/2019\/10\/arc-gym-gisele-monasse-passe-main\/\",\"url\":\"https:\/\/vosgesinfo.fr\/gerardmerinfo\/2019\/10\/arc-gym-gisele-monasse-passe-main\/\",\"name\":\"Arc en Gym : Gis\u00e8le Monasse passe la main - Gerardmer Info\",\"isPartOf\":{\"@id\":\"https:\/\/vosgesinfo.fr\/gerardmerinfo\/#website\"},\"primaryImageOfPage\":{\"@id\":\"https:\/\/vosgesinfo.fr\/gerardmerinfo\/2019\/10\/arc-gym-gisele-monasse-passe-main\/#primaryimage\"},\"image\":{\"@id\":\"https:\/\/vosgesinfo.fr\/gerardmerinfo\/2019\/10\/arc-gym-gisele-monasse-passe-main\/#primaryimage\"},\"thumbnailUrl\":\"https:\/\/vosgesinfo.fr\/app\/uploads\/sites\/6\/2024\/07\/201910img-20191017-101606.jpg\",\"datePublished\":\"2019-10-17T13:29:46+00:00\",\"dateModified\":\"2019-10-17T13:29:46+00:00\",\"breadcrumb\":{\"@id\":\"https:\/\/vosgesinfo.fr\/gerardmerinfo\/2019\/10\/arc-gym-gisele-monasse-passe-main\/#breadcrumb\"},\"inLanguage\":\"fr-FR\",\"potentialAction\":[{\"@type\":\"ReadAction\",\"target\":[\"https:\/\/vosgesinfo.fr\/gerardmerinfo\/2019\/10\/arc-gym-gisele-monasse-passe-main\/\"]}]},{\"@type\":\"ImageObject\",\"inLanguage\":\"fr-FR\",\"@id\":\"https:\/\/vosgesinfo.fr\/gerardmerinfo\/2019\/10\/arc-gym-gisele-monasse-passe-main\/#primaryimage\",\"url\":\"https:\/\/vosgesinfo.fr\/app\/uploads\/sites\/6\/2024\/07\/201910img-20191017-101606.jpg\",\"contentUrl\":\"https:\/\/vosgesinfo.fr\/app\/uploads\/sites\/6\/2024\/07\/201910img-20191017-101606.jpg\",\"width\":800,\"height\":600},{\"@type\":\"BreadcrumbList\",\"@id\":\"https:\/\/vosgesinfo.fr\/gerardmerinfo\/2019\/10\/arc-gym-gisele-monasse-passe-main\/#breadcrumb\",\"itemListElement\":[{\"@type\":\"ListItem\",\"position\":1,\"name\":\"Home\",\"item\":\"https:\/\/vosgesinfo.fr\/gerardmerinfo\/\"},{\"@type\":\"ListItem\",\"position\":2,\"name\":\"Arc en Gym : Gis\u00e8le Monasse passe la main\"}]},{\"@type\":\"WebSite\",\"@id\":\"https:\/\/vosgesinfo.fr\/gerardmerinfo\/#website\",\"url\":\"https:\/\/vosgesinfo.fr\/gerardmerinfo\/\",\"name\":\"Gerardmer Info\",\"description\":\"Toute l&#039;actualit\u00e9 de G\u00e9rardmer\",\"publisher\":{\"@id\":\"https:\/\/vosgesinfo.fr\/gerardmerinfo\/#organization\"},\"alternateName\":\"Toute l'actualit\u00e9 de G\u00e9rardmer\",\"potentialAction\":[{\"@type\":\"SearchAction\",\"target\":{\"@type\":\"EntryPoint\",\"urlTemplate\":\"https:\/\/vosgesinfo.fr\/gerardmerinfo\/?s={search_term_string}\"},\"query-input\":\"required name=search_term_string\"}],\"inLanguage\":\"fr-FR\"},{\"@type\":\"Organization\",\"@id\":\"https:\/\/vosgesinfo.fr\/gerardmerinfo\/#organization\",\"name\":\"Gerardmer Info\",\"url\":\"https:\/\/vosgesinfo.fr\/gerardmerinfo\/\",\"logo\":{\"@type\":\"ImageObject\",\"inLanguage\":\"fr-FR\",\"@id\":\"https:\/\/vosgesinfo.fr\/gerardmerinfo\/#\/schema\/logo\/image\/\",\"url\":\"https:\/\/vosgesinfo.fr\/app\/uploads\/sites\/6\/2023\/08\/favicon-gerardmerinfo.png\",\"contentUrl\":\"https:\/\/vosgesinfo.fr\/app\/uploads\/sites\/6\/2023\/08\/favicon-gerardmerinfo.png\",\"width\":512,\"height\":512,\"caption\":\"Gerardmer Info\"},\"image\":{\"@id\":\"https:\/\/vosgesinfo.fr\/gerardmerinfo\/#\/schema\/logo\/image\/\"},\"sameAs\":[\"https:\/\/www.facebook.com\/profile.php?id=100049475262660\",\"https:\/\/x.com\/VosgesInfo88\",\"https:\/\/www.youtube.com\/@vosgesinfo\"]},{\"@type\":\"Person\",\"@id\":\"https:\/\/vosgesinfo.fr\/gerardmerinfo\/#\/schema\/person\/db5605779a843dad16b5368f3e7613a5\",\"name\":\"QG\",\"image\":{\"@type\":\"ImageObject\",\"inLanguage\":\"fr-FR\",\"@id\":\"https:\/\/vosgesinfo.fr\/gerardmerinfo\/#\/schema\/person\/image\/\",\"url\":\"https:\/\/secure.gravatar.com\/avatar\/ea80c42c204b534408512832fde52504ecabb9706bcb6151cf6175e5b64e6793?s=96&d=mm&r=g\",\"contentUrl\":\"https:\/\/secure.gravatar.com\/avatar\/ea80c42c204b534408512832fde52504ecabb9706bcb6151cf6175e5b64e6793?s=96&d=mm&r=g\",\"caption\":\"QG\"},\"url\":\"https:\/\/vosgesinfo.fr\/gerardmerinfo\/author\/quentin88\/\"}]}<\/script>\n<!-- \/ Yoast SEO plugin. -->","yoast_head_json":{"title":"Arc en Gym : Gis\u00e8le Monasse passe la main - Gerardmer Info","robots":{"index":"index","follow":"follow","max-snippet":"max-snippet:-1","max-image-preview":"max-image-preview:large","max-video-preview":"max-video-preview:-1"},"canonical":"https:\/\/vosgesinfo.fr\/gerardmerinfo\/2019\/10\/arc-gym-gisele-monasse-passe-main\/","twitter_card":"summary_large_image","twitter_title":"Arc en Gym : Gis\u00e8le Monasse passe la main - Gerardmer Info","twitter_description":"Apr\u00e8s 25 ans de bons et loyaux services au sein du comit\u00e9 d&rsquo;Arc en Gym, dont une dizaine au poste [&hellip;]","twitter_image":"https:\/\/vosgesinfo.fr\/app\/uploads\/sites\/6\/2024\/07\/201910img-20191017-101606.jpg","twitter_creator":"@VosgesInfo88","twitter_site":"@VosgesInfo88","twitter_misc":{"\u00c9crit par":"QG","Dur\u00e9e de lecture estim\u00e9e":"2 minutes"},"schema":{"@context":"https:\/\/schema.org","@graph":[{"@type":"Article","@id":"https:\/\/vosgesinfo.fr\/gerardmerinfo\/2019\/10\/arc-gym-gisele-monasse-passe-main\/#article","isPartOf":{"@id":"https:\/\/vosgesinfo.fr\/gerardmerinfo\/2019\/10\/arc-gym-gisele-monasse-passe-main\/"},"author":{"name":"QG","@id":"https:\/\/vosgesinfo.fr\/gerardmerinfo\/#\/schema\/person\/db5605779a843dad16b5368f3e7613a5"},"headline":"Arc en Gym : Gis\u00e8le Monasse passe la main","datePublished":"2019-10-17T13:29:46+00:00","dateModified":"2019-10-17T13:29:46+00:00","mainEntityOfPage":{"@id":"https:\/\/vosgesinfo.fr\/gerardmerinfo\/2019\/10\/arc-gym-gisele-monasse-passe-main\/"},"wordCount":443,"commentCount":0,"publisher":{"@id":"https:\/\/vosgesinfo.fr\/gerardmerinfo\/#organization"},"image":{"@id":"https:\/\/vosgesinfo.fr\/gerardmerinfo\/2019\/10\/arc-gym-gisele-monasse-passe-main\/#primaryimage"},"thumbnailUrl":"https:\/\/vosgesinfo.fr\/app\/uploads\/sites\/6\/2024\/07\/201910img-20191017-101606.jpg","keywords":["arc en gym"],"articleSection":["A la une","G\u00e9rardmer","Sport","Vie Associative"],"inLanguage":"fr-FR","potentialAction":[{"@type":"CommentAction","name":"Comment","target":["https:\/\/vosgesinfo.fr\/gerardmerinfo\/2019\/10\/arc-gym-gisele-monasse-passe-main\/#respond"]}]},{"@type":"WebPage","@id":"https:\/\/vosgesinfo.fr\/gerardmerinfo\/2019\/10\/arc-gym-gisele-monasse-passe-main\/","url":"https:\/\/vosgesinfo.fr\/gerardmerinfo\/2019\/10\/arc-gym-gisele-monasse-passe-main\/","name":"Arc en Gym : Gis\u00e8le Monasse passe la main - Gerardmer Info","isPartOf":{"@id":"https:\/\/vosgesinfo.fr\/gerardmerinfo\/#website"},"primaryImageOfPage":{"@id":"https:\/\/vosgesinfo.fr\/gerardmerinfo\/2019\/10\/arc-gym-gisele-monasse-passe-main\/#primaryimage"},"image":{"@id":"https:\/\/vosgesinfo.fr\/gerardmerinfo\/2019\/10\/arc-gym-gisele-monasse-passe-main\/#primaryimage"},"thumbnailUrl":"https:\/\/vosgesinfo.fr\/app\/uploads\/sites\/6\/2024\/07\/201910img-20191017-101606.jpg","datePublished":"2019-10-17T13:29:46+00:00","dateModified":"2019-10-17T13:29:46+00:00","breadcrumb":{"@id":"https:\/\/vosgesinfo.fr\/gerardmerinfo\/2019\/10\/arc-gym-gisele-monasse-passe-main\/#breadcrumb"},"inLanguage":"fr-FR","potentialAction":[{"@type":"ReadAction","target":["https:\/\/vosgesinfo.fr\/gerardmerinfo\/2019\/10\/arc-gym-gisele-monasse-passe-main\/"]}]},{"@type":"ImageObject","inLanguage":"fr-FR","@id":"https:\/\/vosgesinfo.fr\/gerardmerinfo\/2019\/10\/arc-gym-gisele-monasse-passe-main\/#primaryimage","url":"https:\/\/vosgesinfo.fr\/app\/uploads\/sites\/6\/2024\/07\/201910img-20191017-101606.jpg","contentUrl":"https:\/\/vosgesinfo.fr\/app\/uploads\/sites\/6\/2024\/07\/201910img-20191017-101606.jpg","width":800,"height":600},{"@type":"BreadcrumbList","@id":"https:\/\/vosgesinfo.fr\/gerardmerinfo\/2019\/10\/arc-gym-gisele-monasse-passe-main\/#breadcrumb","itemListElement":[{"@type":"ListItem","position":1,"name":"Home","item":"https:\/\/vosgesinfo.fr\/gerardmerinfo\/"},{"@type":"ListItem","position":2,"name":"Arc en Gym : Gis\u00e8le Monasse passe la main"}]},{"@type":"WebSite","@id":"https:\/\/vosgesinfo.fr\/gerardmerinfo\/#website","url":"https:\/\/vosgesinfo.fr\/gerardmerinfo\/","name":"Gerardmer Info","description":"Toute l&#039;actualit\u00e9 de G\u00e9rardmer","publisher":{"@id":"https:\/\/vosgesinfo.fr\/gerardmerinfo\/#organization"},"alternateName":"Toute l'actualit\u00e9 de G\u00e9rardmer","potentialAction":[{"@type":"SearchAction","target":{"@type":"EntryPoint","urlTemplate":"https:\/\/vosgesinfo.fr\/gerardmerinfo\/?s={search_term_string}"},"query-input":"required name=search_term_string"}],"inLanguage":"fr-FR"},{"@type":"Organization","@id":"https:\/\/vosgesinfo.fr\/gerardmerinfo\/#organization","name":"Gerardmer Info","url":"https:\/\/vosgesinfo.fr\/gerardmerinfo\/","logo":{"@type":"ImageObject","inLanguage":"fr-FR","@id":"https:\/\/vosgesinfo.fr\/gerardmerinfo\/#\/schema\/logo\/image\/","url":"https:\/\/vosgesinfo.fr\/app\/uploads\/sites\/6\/2023\/08\/favicon-gerardmerinfo.png","contentUrl":"https:\/\/vosgesinfo.fr\/app\/uploads\/sites\/6\/2023\/08\/favicon-gerardmerinfo.png","width":512,"height":512,"caption":"Gerardmer Info"},"image":{"@id":"https:\/\/vosgesinfo.fr\/gerardmerinfo\/#\/schema\/logo\/image\/"},"sameAs":["https:\/\/www.facebook.com\/profile.php?id=100049475262660","https:\/\/x.com\/VosgesInfo88","https:\/\/www.youtube.com\/@vosgesinfo"]},{"@type":"Person","@id":"https:\/\/vosgesinfo.fr\/gerardmerinfo\/#\/schema\/person\/db5605779a843dad16b5368f3e7613a5","name":"QG","image":{"@type":"ImageObject","inLanguage":"fr-FR","@id":"https:\/\/vosgesinfo.fr\/gerardmerinfo\/#\/schema\/person\/image\/","url":"https:\/\/secure.gravatar.com\/avatar\/ea80c42c204b534408512832fde52504ecabb9706bcb6151cf6175e5b64e6793?s=96&d=mm&r=g","contentUrl":"https:\/\/secure.gravatar.com\/avatar\/ea80c42c204b534408512832fde52504ecabb9706bcb6151cf6175e5b64e6793?s=96&d=mm&r=g","caption":"QG"},"url":"https:\/\/vosgesinfo.fr\/gerardmerinfo\/author\/quentin88\/"}]}},"_links":{"self":[{"href":"https:\/\/vosgesinfo.fr\/gerardmerinfo\/wp-json\/wp\/v2\/posts\/44560","targetHints":{"allow":["GET"]}}],"collection":[{"href":"https:\/\/vosgesinfo.fr\/gerardmerinfo\/wp-json\/wp\/v2\/posts"}],"about":[{"href":"https:\/\/vosgesinfo.fr\/gerardmerinfo\/wp-json\/wp\/v2\/types\/post"}],"author":[{"embeddable":true,"href":"https:\/\/vosgesinfo.fr\/gerardmerinfo\/wp-json\/wp\/v2\/users\/42"}],"replies":[{"embeddable":true,"href":"https:\/\/vosgesinfo.fr\/gerardmerinfo\/wp-json\/wp\/v2\/comments?post=44560"}],"version-history":[{"count":0,"href":"https:\/\/vosgesinfo.fr\/gerardmerinfo\/wp-json\/wp\/v2\/posts\/44560\/revisions"}],"wp:featuredmedia":[{"embeddable":true,"href":"https:\/\/vosgesinfo.fr\/gerardmerinfo\/wp-json\/wp\/v2\/media\/44561"}],"wp:attachment":[{"href":"https:\/\/vosgesinfo.fr\/gerardmerinfo\/wp-json\/wp\/v2\/media?parent=44560"}],"wp:term":[{"taxonomy":"category","embeddable":true,"href":"https:\/\/vosgesinfo.fr\/gerardmerinfo\/wp-json\/wp\/v2\/categories?post=44560"},{"taxonomy":"post_tag","embeddable":true,"href":"https:\/\/vosgesinfo.fr\/gerardmerinfo\/wp-json\/wp\/v2\/tags?post=44560"}],"curies":[{"name":"wp","href":"https:\/\/api.w.org\/{rel}","templated":true}]}}