{"id":44652,"date":"2019-10-22T14:56:20","date_gmt":"2019-10-22T12:56:20","guid":{"rendered":"https:\/\/vosgesinfo.fr\/gerardmerinfo\/2019\/10\/lassociation-vie-danses-gerardmer-tempo-2020\/"},"modified":"2019-10-22T14:56:20","modified_gmt":"2019-10-22T12:56:20","slug":"lassociation-vie-danses-gerardmer-tempo-2020","status":"publish","type":"post","link":"https:\/\/vosgesinfo.fr\/gerardmerinfo\/2019\/10\/lassociation-vie-danses-gerardmer-tempo-2020\/","title":{"rendered":"L&rsquo;association \u00ab\u00a0Et Vie Danses G\u00e9rardmer\u00a0\u00bb sur le bon tempo pour 2020"},"content":{"rendered":"<h3><a href=\"\/2019\/10\/q1.jpg\"><img decoding=\"async\" class=\"alignright size-medium wp-image-154405\" src=\"\/2019\/10\/q1-383x255.jpg\" alt=\"et vie danse g\u00e9rardmer\" width=\"383\" height=\"255\" \/><\/a>La toute premi\u00e8re assembl\u00e9e g\u00e9n\u00e9rale de l&rsquo;association <em>Et Vie Danse G\u00e9rardmer<\/em> a eu lieu samedi 12 Octobre avec la pr\u00e9sence d&rsquo;Anne Chwaliszewski, adjointe \u00e0 la culture de la municipalit\u00e9 de G\u00e9rardmer.<\/h3>\n<p>Les membres du bureau ont ainsi pu remercier de vive voix la mairie de G\u00e9rardmer pour son soutien et pr\u00e9senter une tr\u00e8s bonne sant\u00e9 financi\u00e8re \u00e0 tous ses adh\u00e9rents et de nombreux projets pour 2020. Rappelons bri\u00e8vement que le c\u0153ur de l&rsquo;association est de proposer des moments de partage pour adultes au travers de la danse. Cette activit\u00e9 se d\u00e9roulant dans une ambiance musicale apporte un r\u00e9el bien-\u00eatre dans son d\u00e9veloppement personnel, tout en fortifiant et d\u00e9veloppant sa m\u00e9moire et ses capacit\u00e9s de coordination avec son corps. Le tout dans un \u00e9tat d&rsquo;esprit de joie et de convivialit\u00e9 \u00e0 la halle des sports.<\/p>\n<p>Retrouvez l&rsquo;association et les diff\u00e9rents horaires des cours de salsa, bachata, rock et danses de salon sur Facebook : <a href=\"https:\/\/www.facebook.com\/pages\/category\/Performance---Event-Venue\/Et-Vie-Danses-G%C3%A9rardmer-248537809191597\/\" target=\"_blank\" rel=\"noopener\">ICI !<\/a><\/p>\n<p><a href=\"\/2019\/10\/et-vie-danses.jpg\"><img decoding=\"async\" class=\"aligncenter size-full wp-image-154410\" src=\"\/2019\/10\/et-vie-danses.jpg\" alt=\"et vie danses\" width=\"565\" height=\"800\" \/><\/a><\/p>\n","protected":false},"excerpt":{"rendered":"<p>La toute premi\u00e8re assembl\u00e9e g\u00e9n\u00e9rale de l&rsquo;association Et Vie Danse G\u00e9rardmer a eu lieu samedi 12 Octobre avec la pr\u00e9sence [&hellip;]<\/p>\n","protected":false},"author":42,"featured_media":44653,"comment_status":"open","ping_status":"open","sticky":false,"template":"","format":"standard","meta":{"footnotes":""},"categories":[20,17],"tags":[],"class_list":["post-44652","post","type-post","status-publish","format-standard","has-post-thumbnail","hentry","category-a-la-une","category-vie-associative"],"acf":[],"yoast_head":"<!-- This site is optimized with the Yoast SEO plugin v22.5 - https:\/\/yoast.com\/wordpress\/plugins\/seo\/ -->\n<title>L&#039;association &quot;Et Vie Danses G\u00e9rardmer&quot; sur le bon tempo pour 2020 - Gerardmer Info<\/title>\n<meta name=\"robots\" content=\"index, follow, max-snippet:-1, max-image-preview:large, max-video-preview:-1\" \/>\n<link rel=\"canonical\" href=\"https:\/\/vosgesinfo.fr\/gerardmerinfo\/2019\/10\/lassociation-vie-danses-gerardmer-tempo-2020\/\" \/>\n<meta name=\"twitter:card\" content=\"summary_large_image\" \/>\n<meta name=\"twitter:title\" content=\"L&#039;association &quot;Et Vie Danses G\u00e9rardmer&quot; sur le bon tempo pour 2020 - Gerardmer Info\" \/>\n<meta name=\"twitter:description\" content=\"La toute premi\u00e8re assembl\u00e9e g\u00e9n\u00e9rale de l&rsquo;association Et Vie Danse G\u00e9rardmer a eu lieu samedi 12 Octobre avec la pr\u00e9sence [&hellip;]\" \/>\n<meta name=\"twitter:image\" content=\"https:\/\/vosgesinfo.fr\/app\/uploads\/sites\/6\/2024\/07\/201910q1.jpg\" \/>\n<meta name=\"twitter:creator\" content=\"@VosgesInfo88\" \/>\n<meta name=\"twitter:site\" content=\"@VosgesInfo88\" \/>\n<meta name=\"twitter:label1\" content=\"\u00c9crit par\" \/>\n\t<meta name=\"twitter:data1\" content=\"QG\" \/>\n\t<meta name=\"twitter:label2\" content=\"Dur\u00e9e de lecture estim\u00e9e\" \/>\n\t<meta name=\"twitter:data2\" content=\"1 minute\" \/>\n<script type=\"application\/ld+json\" class=\"yoast-schema-graph\">{\"@context\":\"https:\/\/schema.org\",\"@graph\":[{\"@type\":\"Article\",\"@id\":\"https:\/\/vosgesinfo.fr\/gerardmerinfo\/2019\/10\/lassociation-vie-danses-gerardmer-tempo-2020\/#article\",\"isPartOf\":{\"@id\":\"https:\/\/vosgesinfo.fr\/gerardmerinfo\/2019\/10\/lassociation-vie-danses-gerardmer-tempo-2020\/\"},\"author\":{\"name\":\"QG\",\"@id\":\"https:\/\/vosgesinfo.fr\/gerardmerinfo\/#\/schema\/person\/db5605779a843dad16b5368f3e7613a5\"},\"headline\":\"L&rsquo;association \u00ab\u00a0Et Vie Danses G\u00e9rardmer\u00a0\u00bb sur le bon tempo pour 2020\",\"datePublished\":\"2019-10-22T12:56:20+00:00\",\"dateModified\":\"2019-10-22T12:56:20+00:00\",\"mainEntityOfPage\":{\"@id\":\"https:\/\/vosgesinfo.fr\/gerardmerinfo\/2019\/10\/lassociation-vie-danses-gerardmer-tempo-2020\/\"},\"wordCount\":187,\"commentCount\":0,\"publisher\":{\"@id\":\"https:\/\/vosgesinfo.fr\/gerardmerinfo\/#organization\"},\"image\":{\"@id\":\"https:\/\/vosgesinfo.fr\/gerardmerinfo\/2019\/10\/lassociation-vie-danses-gerardmer-tempo-2020\/#primaryimage\"},\"thumbnailUrl\":\"https:\/\/vosgesinfo.fr\/app\/uploads\/sites\/6\/2024\/07\/201910q1.jpg\",\"articleSection\":[\"A la une\",\"Vie Associative\"],\"inLanguage\":\"fr-FR\",\"potentialAction\":[{\"@type\":\"CommentAction\",\"name\":\"Comment\",\"target\":[\"https:\/\/vosgesinfo.fr\/gerardmerinfo\/2019\/10\/lassociation-vie-danses-gerardmer-tempo-2020\/#respond\"]}]},{\"@type\":\"WebPage\",\"@id\":\"https:\/\/vosgesinfo.fr\/gerardmerinfo\/2019\/10\/lassociation-vie-danses-gerardmer-tempo-2020\/\",\"url\":\"https:\/\/vosgesinfo.fr\/gerardmerinfo\/2019\/10\/lassociation-vie-danses-gerardmer-tempo-2020\/\",\"name\":\"L'association \\\"Et Vie Danses G\u00e9rardmer\\\" sur le bon tempo pour 2020 - Gerardmer Info\",\"isPartOf\":{\"@id\":\"https:\/\/vosgesinfo.fr\/gerardmerinfo\/#website\"},\"primaryImageOfPage\":{\"@id\":\"https:\/\/vosgesinfo.fr\/gerardmerinfo\/2019\/10\/lassociation-vie-danses-gerardmer-tempo-2020\/#primaryimage\"},\"image\":{\"@id\":\"https:\/\/vosgesinfo.fr\/gerardmerinfo\/2019\/10\/lassociation-vie-danses-gerardmer-tempo-2020\/#primaryimage\"},\"thumbnailUrl\":\"https:\/\/vosgesinfo.fr\/app\/uploads\/sites\/6\/2024\/07\/201910q1.jpg\",\"datePublished\":\"2019-10-22T12:56:20+00:00\",\"dateModified\":\"2019-10-22T12:56:20+00:00\",\"breadcrumb\":{\"@id\":\"https:\/\/vosgesinfo.fr\/gerardmerinfo\/2019\/10\/lassociation-vie-danses-gerardmer-tempo-2020\/#breadcrumb\"},\"inLanguage\":\"fr-FR\",\"potentialAction\":[{\"@type\":\"ReadAction\",\"target\":[\"https:\/\/vosgesinfo.fr\/gerardmerinfo\/2019\/10\/lassociation-vie-danses-gerardmer-tempo-2020\/\"]}]},{\"@type\":\"ImageObject\",\"inLanguage\":\"fr-FR\",\"@id\":\"https:\/\/vosgesinfo.fr\/gerardmerinfo\/2019\/10\/lassociation-vie-danses-gerardmer-tempo-2020\/#primaryimage\",\"url\":\"https:\/\/vosgesinfo.fr\/app\/uploads\/sites\/6\/2024\/07\/201910q1.jpg\",\"contentUrl\":\"https:\/\/vosgesinfo.fr\/app\/uploads\/sites\/6\/2024\/07\/201910q1.jpg\",\"width\":800,\"height\":533},{\"@type\":\"BreadcrumbList\",\"@id\":\"https:\/\/vosgesinfo.fr\/gerardmerinfo\/2019\/10\/lassociation-vie-danses-gerardmer-tempo-2020\/#breadcrumb\",\"itemListElement\":[{\"@type\":\"ListItem\",\"position\":1,\"name\":\"Home\",\"item\":\"https:\/\/vosgesinfo.fr\/gerardmerinfo\/\"},{\"@type\":\"ListItem\",\"position\":2,\"name\":\"L&rsquo;association \u00ab\u00a0Et Vie Danses G\u00e9rardmer\u00a0\u00bb sur le bon tempo pour 2020\"}]},{\"@type\":\"WebSite\",\"@id\":\"https:\/\/vosgesinfo.fr\/gerardmerinfo\/#website\",\"url\":\"https:\/\/vosgesinfo.fr\/gerardmerinfo\/\",\"name\":\"Gerardmer Info\",\"description\":\"Toute l&#039;actualit\u00e9 de G\u00e9rardmer\",\"publisher\":{\"@id\":\"https:\/\/vosgesinfo.fr\/gerardmerinfo\/#organization\"},\"alternateName\":\"Toute l'actualit\u00e9 de G\u00e9rardmer\",\"potentialAction\":[{\"@type\":\"SearchAction\",\"target\":{\"@type\":\"EntryPoint\",\"urlTemplate\":\"https:\/\/vosgesinfo.fr\/gerardmerinfo\/?s={search_term_string}\"},\"query-input\":\"required name=search_term_string\"}],\"inLanguage\":\"fr-FR\"},{\"@type\":\"Organization\",\"@id\":\"https:\/\/vosgesinfo.fr\/gerardmerinfo\/#organization\",\"name\":\"Gerardmer Info\",\"url\":\"https:\/\/vosgesinfo.fr\/gerardmerinfo\/\",\"logo\":{\"@type\":\"ImageObject\",\"inLanguage\":\"fr-FR\",\"@id\":\"https:\/\/vosgesinfo.fr\/gerardmerinfo\/#\/schema\/logo\/image\/\",\"url\":\"https:\/\/vosgesinfo.fr\/app\/uploads\/sites\/6\/2023\/08\/favicon-gerardmerinfo.png\",\"contentUrl\":\"https:\/\/vosgesinfo.fr\/app\/uploads\/sites\/6\/2023\/08\/favicon-gerardmerinfo.png\",\"width\":512,\"height\":512,\"caption\":\"Gerardmer Info\"},\"image\":{\"@id\":\"https:\/\/vosgesinfo.fr\/gerardmerinfo\/#\/schema\/logo\/image\/\"},\"sameAs\":[\"https:\/\/www.facebook.com\/profile.php?id=100049475262660\",\"https:\/\/x.com\/VosgesInfo88\",\"https:\/\/www.youtube.com\/@vosgesinfo\"]},{\"@type\":\"Person\",\"@id\":\"https:\/\/vosgesinfo.fr\/gerardmerinfo\/#\/schema\/person\/db5605779a843dad16b5368f3e7613a5\",\"name\":\"QG\",\"image\":{\"@type\":\"ImageObject\",\"inLanguage\":\"fr-FR\",\"@id\":\"https:\/\/vosgesinfo.fr\/gerardmerinfo\/#\/schema\/person\/image\/\",\"url\":\"https:\/\/secure.gravatar.com\/avatar\/ea80c42c204b534408512832fde52504ecabb9706bcb6151cf6175e5b64e6793?s=96&d=mm&r=g\",\"contentUrl\":\"https:\/\/secure.gravatar.com\/avatar\/ea80c42c204b534408512832fde52504ecabb9706bcb6151cf6175e5b64e6793?s=96&d=mm&r=g\",\"caption\":\"QG\"},\"url\":\"https:\/\/vosgesinfo.fr\/gerardmerinfo\/author\/quentin88\/\"}]}<\/script>\n<!-- \/ Yoast SEO plugin. -->","yoast_head_json":{"title":"L'association \"Et Vie Danses G\u00e9rardmer\" sur le bon tempo pour 2020 - Gerardmer Info","robots":{"index":"index","follow":"follow","max-snippet":"max-snippet:-1","max-image-preview":"max-image-preview:large","max-video-preview":"max-video-preview:-1"},"canonical":"https:\/\/vosgesinfo.fr\/gerardmerinfo\/2019\/10\/lassociation-vie-danses-gerardmer-tempo-2020\/","twitter_card":"summary_large_image","twitter_title":"L'association \"Et Vie Danses G\u00e9rardmer\" sur le bon tempo pour 2020 - Gerardmer Info","twitter_description":"La toute premi\u00e8re assembl\u00e9e g\u00e9n\u00e9rale de l&rsquo;association Et Vie Danse G\u00e9rardmer a eu lieu samedi 12 Octobre avec la pr\u00e9sence [&hellip;]","twitter_image":"https:\/\/vosgesinfo.fr\/app\/uploads\/sites\/6\/2024\/07\/201910q1.jpg","twitter_creator":"@VosgesInfo88","twitter_site":"@VosgesInfo88","twitter_misc":{"\u00c9crit par":"QG","Dur\u00e9e de lecture estim\u00e9e":"1 minute"},"schema":{"@context":"https:\/\/schema.org","@graph":[{"@type":"Article","@id":"https:\/\/vosgesinfo.fr\/gerardmerinfo\/2019\/10\/lassociation-vie-danses-gerardmer-tempo-2020\/#article","isPartOf":{"@id":"https:\/\/vosgesinfo.fr\/gerardmerinfo\/2019\/10\/lassociation-vie-danses-gerardmer-tempo-2020\/"},"author":{"name":"QG","@id":"https:\/\/vosgesinfo.fr\/gerardmerinfo\/#\/schema\/person\/db5605779a843dad16b5368f3e7613a5"},"headline":"L&rsquo;association \u00ab\u00a0Et Vie Danses G\u00e9rardmer\u00a0\u00bb sur le bon tempo pour 2020","datePublished":"2019-10-22T12:56:20+00:00","dateModified":"2019-10-22T12:56:20+00:00","mainEntityOfPage":{"@id":"https:\/\/vosgesinfo.fr\/gerardmerinfo\/2019\/10\/lassociation-vie-danses-gerardmer-tempo-2020\/"},"wordCount":187,"commentCount":0,"publisher":{"@id":"https:\/\/vosgesinfo.fr\/gerardmerinfo\/#organization"},"image":{"@id":"https:\/\/vosgesinfo.fr\/gerardmerinfo\/2019\/10\/lassociation-vie-danses-gerardmer-tempo-2020\/#primaryimage"},"thumbnailUrl":"https:\/\/vosgesinfo.fr\/app\/uploads\/sites\/6\/2024\/07\/201910q1.jpg","articleSection":["A la une","Vie Associative"],"inLanguage":"fr-FR","potentialAction":[{"@type":"CommentAction","name":"Comment","target":["https:\/\/vosgesinfo.fr\/gerardmerinfo\/2019\/10\/lassociation-vie-danses-gerardmer-tempo-2020\/#respond"]}]},{"@type":"WebPage","@id":"https:\/\/vosgesinfo.fr\/gerardmerinfo\/2019\/10\/lassociation-vie-danses-gerardmer-tempo-2020\/","url":"https:\/\/vosgesinfo.fr\/gerardmerinfo\/2019\/10\/lassociation-vie-danses-gerardmer-tempo-2020\/","name":"L'association \"Et Vie Danses G\u00e9rardmer\" sur le bon tempo pour 2020 - Gerardmer Info","isPartOf":{"@id":"https:\/\/vosgesinfo.fr\/gerardmerinfo\/#website"},"primaryImageOfPage":{"@id":"https:\/\/vosgesinfo.fr\/gerardmerinfo\/2019\/10\/lassociation-vie-danses-gerardmer-tempo-2020\/#primaryimage"},"image":{"@id":"https:\/\/vosgesinfo.fr\/gerardmerinfo\/2019\/10\/lassociation-vie-danses-gerardmer-tempo-2020\/#primaryimage"},"thumbnailUrl":"https:\/\/vosgesinfo.fr\/app\/uploads\/sites\/6\/2024\/07\/201910q1.jpg","datePublished":"2019-10-22T12:56:20+00:00","dateModified":"2019-10-22T12:56:20+00:00","breadcrumb":{"@id":"https:\/\/vosgesinfo.fr\/gerardmerinfo\/2019\/10\/lassociation-vie-danses-gerardmer-tempo-2020\/#breadcrumb"},"inLanguage":"fr-FR","potentialAction":[{"@type":"ReadAction","target":["https:\/\/vosgesinfo.fr\/gerardmerinfo\/2019\/10\/lassociation-vie-danses-gerardmer-tempo-2020\/"]}]},{"@type":"ImageObject","inLanguage":"fr-FR","@id":"https:\/\/vosgesinfo.fr\/gerardmerinfo\/2019\/10\/lassociation-vie-danses-gerardmer-tempo-2020\/#primaryimage","url":"https:\/\/vosgesinfo.fr\/app\/uploads\/sites\/6\/2024\/07\/201910q1.jpg","contentUrl":"https:\/\/vosgesinfo.fr\/app\/uploads\/sites\/6\/2024\/07\/201910q1.jpg","width":800,"height":533},{"@type":"BreadcrumbList","@id":"https:\/\/vosgesinfo.fr\/gerardmerinfo\/2019\/10\/lassociation-vie-danses-gerardmer-tempo-2020\/#breadcrumb","itemListElement":[{"@type":"ListItem","position":1,"name":"Home","item":"https:\/\/vosgesinfo.fr\/gerardmerinfo\/"},{"@type":"ListItem","position":2,"name":"L&rsquo;association \u00ab\u00a0Et Vie Danses G\u00e9rardmer\u00a0\u00bb sur le bon tempo pour 2020"}]},{"@type":"WebSite","@id":"https:\/\/vosgesinfo.fr\/gerardmerinfo\/#website","url":"https:\/\/vosgesinfo.fr\/gerardmerinfo\/","name":"Gerardmer Info","description":"Toute l&#039;actualit\u00e9 de G\u00e9rardmer","publisher":{"@id":"https:\/\/vosgesinfo.fr\/gerardmerinfo\/#organization"},"alternateName":"Toute l'actualit\u00e9 de G\u00e9rardmer","potentialAction":[{"@type":"SearchAction","target":{"@type":"EntryPoint","urlTemplate":"https:\/\/vosgesinfo.fr\/gerardmerinfo\/?s={search_term_string}"},"query-input":"required name=search_term_string"}],"inLanguage":"fr-FR"},{"@type":"Organization","@id":"https:\/\/vosgesinfo.fr\/gerardmerinfo\/#organization","name":"Gerardmer Info","url":"https:\/\/vosgesinfo.fr\/gerardmerinfo\/","logo":{"@type":"ImageObject","inLanguage":"fr-FR","@id":"https:\/\/vosgesinfo.fr\/gerardmerinfo\/#\/schema\/logo\/image\/","url":"https:\/\/vosgesinfo.fr\/app\/uploads\/sites\/6\/2023\/08\/favicon-gerardmerinfo.png","contentUrl":"https:\/\/vosgesinfo.fr\/app\/uploads\/sites\/6\/2023\/08\/favicon-gerardmerinfo.png","width":512,"height":512,"caption":"Gerardmer Info"},"image":{"@id":"https:\/\/vosgesinfo.fr\/gerardmerinfo\/#\/schema\/logo\/image\/"},"sameAs":["https:\/\/www.facebook.com\/profile.php?id=100049475262660","https:\/\/x.com\/VosgesInfo88","https:\/\/www.youtube.com\/@vosgesinfo"]},{"@type":"Person","@id":"https:\/\/vosgesinfo.fr\/gerardmerinfo\/#\/schema\/person\/db5605779a843dad16b5368f3e7613a5","name":"QG","image":{"@type":"ImageObject","inLanguage":"fr-FR","@id":"https:\/\/vosgesinfo.fr\/gerardmerinfo\/#\/schema\/person\/image\/","url":"https:\/\/secure.gravatar.com\/avatar\/ea80c42c204b534408512832fde52504ecabb9706bcb6151cf6175e5b64e6793?s=96&d=mm&r=g","contentUrl":"https:\/\/secure.gravatar.com\/avatar\/ea80c42c204b534408512832fde52504ecabb9706bcb6151cf6175e5b64e6793?s=96&d=mm&r=g","caption":"QG"},"url":"https:\/\/vosgesinfo.fr\/gerardmerinfo\/author\/quentin88\/"}]}},"_links":{"self":[{"href":"https:\/\/vosgesinfo.fr\/gerardmerinfo\/wp-json\/wp\/v2\/posts\/44652","targetHints":{"allow":["GET"]}}],"collection":[{"href":"https:\/\/vosgesinfo.fr\/gerardmerinfo\/wp-json\/wp\/v2\/posts"}],"about":[{"href":"https:\/\/vosgesinfo.fr\/gerardmerinfo\/wp-json\/wp\/v2\/types\/post"}],"author":[{"embeddable":true,"href":"https:\/\/vosgesinfo.fr\/gerardmerinfo\/wp-json\/wp\/v2\/users\/42"}],"replies":[{"embeddable":true,"href":"https:\/\/vosgesinfo.fr\/gerardmerinfo\/wp-json\/wp\/v2\/comments?post=44652"}],"version-history":[{"count":0,"href":"https:\/\/vosgesinfo.fr\/gerardmerinfo\/wp-json\/wp\/v2\/posts\/44652\/revisions"}],"wp:featuredmedia":[{"embeddable":true,"href":"https:\/\/vosgesinfo.fr\/gerardmerinfo\/wp-json\/wp\/v2\/media\/44653"}],"wp:attachment":[{"href":"https:\/\/vosgesinfo.fr\/gerardmerinfo\/wp-json\/wp\/v2\/media?parent=44652"}],"wp:term":[{"taxonomy":"category","embeddable":true,"href":"https:\/\/vosgesinfo.fr\/gerardmerinfo\/wp-json\/wp\/v2\/categories?post=44652"},{"taxonomy":"post_tag","embeddable":true,"href":"https:\/\/vosgesinfo.fr\/gerardmerinfo\/wp-json\/wp\/v2\/tags?post=44652"}],"curies":[{"name":"wp","href":"https:\/\/api.w.org\/{rel}","templated":true}]}}