{"id":44654,"date":"2019-10-22T14:56:40","date_gmt":"2019-10-22T12:56:40","guid":{"rendered":"https:\/\/vosgesinfo.fr\/gerardmerinfo\/2019\/10\/devinez-compagnie-jean-gillet-de-retour-planches\/"},"modified":"2019-10-22T14:56:40","modified_gmt":"2019-10-22T12:56:40","slug":"devinez-compagnie-jean-gillet-de-retour-planches","status":"publish","type":"post","link":"https:\/\/vosgesinfo.fr\/gerardmerinfo\/2019\/10\/devinez-compagnie-jean-gillet-de-retour-planches\/","title":{"rendered":"\u00ab\u00a0Devinez qui ?\u00a0\u00bb &#8211; la compagnie Jean Gillet est de retour sur les planches"},"content":{"rendered":"<h3>La Compagnie Jean Gillet sera de retour sur les planches au mois de novembre avec <em>Devinez qui ?<\/em>, une pi\u00e8ce de S\u00e9bastien Azzopardi adapt\u00e9e du roman <em>Dix petits n\u00e8gres<\/em> d&rsquo;Agatha Christie.<\/h3>\n<p><a href=\"\/2019\/10\/IMG_20191021_140937.jpg\"><img decoding=\"async\" class=\"alignright size-medium wp-image-154417\" src=\"\/2019\/10\/IMG_20191021_140937-340x255.jpg\" alt=\"jen gillet jeanne d'arc\" width=\"340\" height=\"255\" \/><\/a>Apr\u00e8s une s\u00e9rie de r\u00e9p\u00e9titions au local habituel du Bergon, direction la salle Jeanne D&rsquo;Arc pour la compagnie qui y a \u00e9lu domicile depuis ce week-end. L&rsquo;\u00e9quipe technique se charge d\u00e9j\u00e0 d&rsquo;installer les d\u00e9cors avant les r\u00e9p\u00e9titions avec costume et la g\u00e9n\u00e9rale pr\u00e9vue pour le 31 octobre. On a d\u00e9j\u00e0 h\u00e2te ! En attendant, pour ceux qui ne conna\u00eetraient pas encore cette pi\u00e8ce adapt\u00e9e du roman d&rsquo;Agatha Christie, sachez qu&rsquo;elle se d\u00e9roule dans une maison perch\u00e9e sur un rocher, au large des c\u00f4tes anglaises. Dix invit\u00e9s y sont r\u00e9unis, mais personne n&rsquo;est l\u00e0 pour les recevoir et aucune trace du myst\u00e9rieux Monsieur Lenny, propri\u00e9taire des lieux&#8230; Mais une voix, sourde et d\u00e9sincarn\u00e9e, qui accuse tout \u00e0 tour chacun des convives. Tous coupables de meurtres, ils commencent \u00e0 dispara\u00eetre un \u00e0 un, inexorablement. Qui les a invit\u00e9s ? Quel est ce myst\u00e9rieux Monsieur Lenny ? Quelle va \u00eatre la prochaine victime ? A qui appartient cette main qui frappe dans l&rsquo;ombre ? A vous de deviner&#8230;<\/p>\n<p><a href=\"\/2019\/10\/Jean-Gillet-001-e1571664327423.jpg\"><img decoding=\"async\" class=\"alignright size-medium wp-image-154413\" src=\"\/2019\/10\/Jean-Gillet-001-e1571664327423-172x255.jpg\" alt=\"devinez qui Jean Gillet 001\" width=\"172\" height=\"255\" \/><\/a>Cette tragico-com\u00e9die en 3 actes sera donc pr\u00e9sent\u00e9e par la Compagnie Jean Gillet avec une fin l\u00e9g\u00e8rement alternative \u00e0 celle d&rsquo;Azzopardi et d&rsquo;Agatha Christie, mais qui ne change pas vraiment le fond de l&rsquo;histoire comme on dit. Cela rajoutera donc juste un peu de suspense pour ceux qui connaissent la version originale du roman ou encore celle qui a \u00e9t\u00e9 jou\u00e9e sur la sc\u00e8ne du th\u00e9\u00e2tre des Salini\u00e8res en 2007 notamment.<\/p>\n<p><strong>Les repr\u00e9sentations :<\/strong><\/p>\n<p>Samedi 2 novembre \u00e0 20 h 30<\/p>\n<p>Dimanche 3 novembre \u00e0 15 h 00<\/p>\n<p>Vendredi 8 et samedi 9 novembre \u00e0 20 h 30<\/p>\n<p>Dimanche 10 novembre \u00e0 15 h 00<\/p>\n<p>Vendredi 16 et samedi 16 novembre \u00e0 20 h 30<\/p>\n","protected":false},"excerpt":{"rendered":"<p>La Compagnie Jean Gillet sera de retour sur les planches au mois de novembre avec Devinez qui ?, une pi\u00e8ce [&hellip;]<\/p>\n","protected":false},"author":42,"featured_media":44655,"comment_status":"open","ping_status":"open","sticky":false,"template":"","format":"standard","meta":{"footnotes":""},"categories":[20,4,25],"tags":[4248],"class_list":["post-44654","post","type-post","status-publish","format-standard","has-post-thumbnail","hentry","category-a-la-une","category-culture","category-gerardmer","tag-jean-gillet"],"acf":[],"yoast_head":"<!-- This site is optimized with the Yoast SEO plugin v22.5 - https:\/\/yoast.com\/wordpress\/plugins\/seo\/ -->\n<title>&quot;Devinez qui ?&quot; - la compagnie Jean Gillet est de retour sur les planches - Gerardmer Info<\/title>\n<meta name=\"robots\" content=\"index, follow, max-snippet:-1, max-image-preview:large, max-video-preview:-1\" \/>\n<link rel=\"canonical\" href=\"https:\/\/vosgesinfo.fr\/gerardmerinfo\/2019\/10\/devinez-compagnie-jean-gillet-de-retour-planches\/\" \/>\n<meta name=\"twitter:card\" content=\"summary_large_image\" \/>\n<meta name=\"twitter:title\" content=\"&quot;Devinez qui ?&quot; - la compagnie Jean Gillet est de retour sur les planches - Gerardmer Info\" \/>\n<meta name=\"twitter:description\" content=\"La Compagnie Jean Gillet sera de retour sur les planches au mois de novembre avec Devinez qui ?, une pi\u00e8ce [&hellip;]\" \/>\n<meta name=\"twitter:image\" content=\"https:\/\/vosgesinfo.fr\/app\/uploads\/sites\/6\/2024\/07\/201910jean-gillet-001-e1571664327423.jpg\" \/>\n<meta name=\"twitter:creator\" content=\"@VosgesInfo88\" \/>\n<meta name=\"twitter:site\" content=\"@VosgesInfo88\" \/>\n<meta name=\"twitter:label1\" content=\"\u00c9crit par\" \/>\n\t<meta name=\"twitter:data1\" content=\"QG\" \/>\n\t<meta name=\"twitter:label2\" content=\"Dur\u00e9e de lecture estim\u00e9e\" \/>\n\t<meta name=\"twitter:data2\" content=\"2 minutes\" \/>\n<script type=\"application\/ld+json\" class=\"yoast-schema-graph\">{\"@context\":\"https:\/\/schema.org\",\"@graph\":[{\"@type\":\"Article\",\"@id\":\"https:\/\/vosgesinfo.fr\/gerardmerinfo\/2019\/10\/devinez-compagnie-jean-gillet-de-retour-planches\/#article\",\"isPartOf\":{\"@id\":\"https:\/\/vosgesinfo.fr\/gerardmerinfo\/2019\/10\/devinez-compagnie-jean-gillet-de-retour-planches\/\"},\"author\":{\"name\":\"QG\",\"@id\":\"https:\/\/vosgesinfo.fr\/gerardmerinfo\/#\/schema\/person\/db5605779a843dad16b5368f3e7613a5\"},\"headline\":\"\u00ab\u00a0Devinez qui ?\u00a0\u00bb &#8211; la compagnie Jean Gillet est de retour sur les planches\",\"datePublished\":\"2019-10-22T12:56:40+00:00\",\"dateModified\":\"2019-10-22T12:56:40+00:00\",\"mainEntityOfPage\":{\"@id\":\"https:\/\/vosgesinfo.fr\/gerardmerinfo\/2019\/10\/devinez-compagnie-jean-gillet-de-retour-planches\/\"},\"wordCount\":341,\"commentCount\":0,\"publisher\":{\"@id\":\"https:\/\/vosgesinfo.fr\/gerardmerinfo\/#organization\"},\"image\":{\"@id\":\"https:\/\/vosgesinfo.fr\/gerardmerinfo\/2019\/10\/devinez-compagnie-jean-gillet-de-retour-planches\/#primaryimage\"},\"thumbnailUrl\":\"https:\/\/vosgesinfo.fr\/app\/uploads\/sites\/6\/2024\/07\/201910jean-gillet-001-e1571664327423.jpg\",\"keywords\":[\"Jean Gillet\"],\"articleSection\":[\"A la une\",\"Culture\",\"G\u00e9rardmer\"],\"inLanguage\":\"fr-FR\",\"potentialAction\":[{\"@type\":\"CommentAction\",\"name\":\"Comment\",\"target\":[\"https:\/\/vosgesinfo.fr\/gerardmerinfo\/2019\/10\/devinez-compagnie-jean-gillet-de-retour-planches\/#respond\"]}]},{\"@type\":\"WebPage\",\"@id\":\"https:\/\/vosgesinfo.fr\/gerardmerinfo\/2019\/10\/devinez-compagnie-jean-gillet-de-retour-planches\/\",\"url\":\"https:\/\/vosgesinfo.fr\/gerardmerinfo\/2019\/10\/devinez-compagnie-jean-gillet-de-retour-planches\/\",\"name\":\"\\\"Devinez qui ?\\\" - la compagnie Jean Gillet est de retour sur les planches - Gerardmer Info\",\"isPartOf\":{\"@id\":\"https:\/\/vosgesinfo.fr\/gerardmerinfo\/#website\"},\"primaryImageOfPage\":{\"@id\":\"https:\/\/vosgesinfo.fr\/gerardmerinfo\/2019\/10\/devinez-compagnie-jean-gillet-de-retour-planches\/#primaryimage\"},\"image\":{\"@id\":\"https:\/\/vosgesinfo.fr\/gerardmerinfo\/2019\/10\/devinez-compagnie-jean-gillet-de-retour-planches\/#primaryimage\"},\"thumbnailUrl\":\"https:\/\/vosgesinfo.fr\/app\/uploads\/sites\/6\/2024\/07\/201910jean-gillet-001-e1571664327423.jpg\",\"datePublished\":\"2019-10-22T12:56:40+00:00\",\"dateModified\":\"2019-10-22T12:56:40+00:00\",\"breadcrumb\":{\"@id\":\"https:\/\/vosgesinfo.fr\/gerardmerinfo\/2019\/10\/devinez-compagnie-jean-gillet-de-retour-planches\/#breadcrumb\"},\"inLanguage\":\"fr-FR\",\"potentialAction\":[{\"@type\":\"ReadAction\",\"target\":[\"https:\/\/vosgesinfo.fr\/gerardmerinfo\/2019\/10\/devinez-compagnie-jean-gillet-de-retour-planches\/\"]}]},{\"@type\":\"ImageObject\",\"inLanguage\":\"fr-FR\",\"@id\":\"https:\/\/vosgesinfo.fr\/gerardmerinfo\/2019\/10\/devinez-compagnie-jean-gillet-de-retour-planches\/#primaryimage\",\"url\":\"https:\/\/vosgesinfo.fr\/app\/uploads\/sites\/6\/2024\/07\/201910jean-gillet-001-e1571664327423.jpg\",\"contentUrl\":\"https:\/\/vosgesinfo.fr\/app\/uploads\/sites\/6\/2024\/07\/201910jean-gillet-001-e1571664327423.jpg\",\"width\":541,\"height\":800},{\"@type\":\"BreadcrumbList\",\"@id\":\"https:\/\/vosgesinfo.fr\/gerardmerinfo\/2019\/10\/devinez-compagnie-jean-gillet-de-retour-planches\/#breadcrumb\",\"itemListElement\":[{\"@type\":\"ListItem\",\"position\":1,\"name\":\"Home\",\"item\":\"https:\/\/vosgesinfo.fr\/gerardmerinfo\/\"},{\"@type\":\"ListItem\",\"position\":2,\"name\":\"\u00ab\u00a0Devinez qui ?\u00a0\u00bb &#8211; la compagnie Jean Gillet est de retour sur les planches\"}]},{\"@type\":\"WebSite\",\"@id\":\"https:\/\/vosgesinfo.fr\/gerardmerinfo\/#website\",\"url\":\"https:\/\/vosgesinfo.fr\/gerardmerinfo\/\",\"name\":\"Gerardmer Info\",\"description\":\"Toute l&#039;actualit\u00e9 de G\u00e9rardmer\",\"publisher\":{\"@id\":\"https:\/\/vosgesinfo.fr\/gerardmerinfo\/#organization\"},\"alternateName\":\"Toute l'actualit\u00e9 de G\u00e9rardmer\",\"potentialAction\":[{\"@type\":\"SearchAction\",\"target\":{\"@type\":\"EntryPoint\",\"urlTemplate\":\"https:\/\/vosgesinfo.fr\/gerardmerinfo\/?s={search_term_string}\"},\"query-input\":\"required name=search_term_string\"}],\"inLanguage\":\"fr-FR\"},{\"@type\":\"Organization\",\"@id\":\"https:\/\/vosgesinfo.fr\/gerardmerinfo\/#organization\",\"name\":\"Gerardmer Info\",\"url\":\"https:\/\/vosgesinfo.fr\/gerardmerinfo\/\",\"logo\":{\"@type\":\"ImageObject\",\"inLanguage\":\"fr-FR\",\"@id\":\"https:\/\/vosgesinfo.fr\/gerardmerinfo\/#\/schema\/logo\/image\/\",\"url\":\"https:\/\/vosgesinfo.fr\/app\/uploads\/sites\/6\/2023\/08\/favicon-gerardmerinfo.png\",\"contentUrl\":\"https:\/\/vosgesinfo.fr\/app\/uploads\/sites\/6\/2023\/08\/favicon-gerardmerinfo.png\",\"width\":512,\"height\":512,\"caption\":\"Gerardmer Info\"},\"image\":{\"@id\":\"https:\/\/vosgesinfo.fr\/gerardmerinfo\/#\/schema\/logo\/image\/\"},\"sameAs\":[\"https:\/\/www.facebook.com\/profile.php?id=100049475262660\",\"https:\/\/x.com\/VosgesInfo88\",\"https:\/\/www.youtube.com\/@vosgesinfo\"]},{\"@type\":\"Person\",\"@id\":\"https:\/\/vosgesinfo.fr\/gerardmerinfo\/#\/schema\/person\/db5605779a843dad16b5368f3e7613a5\",\"name\":\"QG\",\"image\":{\"@type\":\"ImageObject\",\"inLanguage\":\"fr-FR\",\"@id\":\"https:\/\/vosgesinfo.fr\/gerardmerinfo\/#\/schema\/person\/image\/\",\"url\":\"https:\/\/secure.gravatar.com\/avatar\/ea80c42c204b534408512832fde52504ecabb9706bcb6151cf6175e5b64e6793?s=96&d=mm&r=g\",\"contentUrl\":\"https:\/\/secure.gravatar.com\/avatar\/ea80c42c204b534408512832fde52504ecabb9706bcb6151cf6175e5b64e6793?s=96&d=mm&r=g\",\"caption\":\"QG\"},\"url\":\"https:\/\/vosgesinfo.fr\/gerardmerinfo\/author\/quentin88\/\"}]}<\/script>\n<!-- \/ Yoast SEO plugin. -->","yoast_head_json":{"title":"\"Devinez qui ?\" - la compagnie Jean Gillet est de retour sur les planches - Gerardmer Info","robots":{"index":"index","follow":"follow","max-snippet":"max-snippet:-1","max-image-preview":"max-image-preview:large","max-video-preview":"max-video-preview:-1"},"canonical":"https:\/\/vosgesinfo.fr\/gerardmerinfo\/2019\/10\/devinez-compagnie-jean-gillet-de-retour-planches\/","twitter_card":"summary_large_image","twitter_title":"\"Devinez qui ?\" - la compagnie Jean Gillet est de retour sur les planches - Gerardmer Info","twitter_description":"La Compagnie Jean Gillet sera de retour sur les planches au mois de novembre avec Devinez qui ?, une pi\u00e8ce [&hellip;]","twitter_image":"https:\/\/vosgesinfo.fr\/app\/uploads\/sites\/6\/2024\/07\/201910jean-gillet-001-e1571664327423.jpg","twitter_creator":"@VosgesInfo88","twitter_site":"@VosgesInfo88","twitter_misc":{"\u00c9crit par":"QG","Dur\u00e9e de lecture estim\u00e9e":"2 minutes"},"schema":{"@context":"https:\/\/schema.org","@graph":[{"@type":"Article","@id":"https:\/\/vosgesinfo.fr\/gerardmerinfo\/2019\/10\/devinez-compagnie-jean-gillet-de-retour-planches\/#article","isPartOf":{"@id":"https:\/\/vosgesinfo.fr\/gerardmerinfo\/2019\/10\/devinez-compagnie-jean-gillet-de-retour-planches\/"},"author":{"name":"QG","@id":"https:\/\/vosgesinfo.fr\/gerardmerinfo\/#\/schema\/person\/db5605779a843dad16b5368f3e7613a5"},"headline":"\u00ab\u00a0Devinez qui ?\u00a0\u00bb &#8211; la compagnie Jean Gillet est de retour sur les planches","datePublished":"2019-10-22T12:56:40+00:00","dateModified":"2019-10-22T12:56:40+00:00","mainEntityOfPage":{"@id":"https:\/\/vosgesinfo.fr\/gerardmerinfo\/2019\/10\/devinez-compagnie-jean-gillet-de-retour-planches\/"},"wordCount":341,"commentCount":0,"publisher":{"@id":"https:\/\/vosgesinfo.fr\/gerardmerinfo\/#organization"},"image":{"@id":"https:\/\/vosgesinfo.fr\/gerardmerinfo\/2019\/10\/devinez-compagnie-jean-gillet-de-retour-planches\/#primaryimage"},"thumbnailUrl":"https:\/\/vosgesinfo.fr\/app\/uploads\/sites\/6\/2024\/07\/201910jean-gillet-001-e1571664327423.jpg","keywords":["Jean Gillet"],"articleSection":["A la une","Culture","G\u00e9rardmer"],"inLanguage":"fr-FR","potentialAction":[{"@type":"CommentAction","name":"Comment","target":["https:\/\/vosgesinfo.fr\/gerardmerinfo\/2019\/10\/devinez-compagnie-jean-gillet-de-retour-planches\/#respond"]}]},{"@type":"WebPage","@id":"https:\/\/vosgesinfo.fr\/gerardmerinfo\/2019\/10\/devinez-compagnie-jean-gillet-de-retour-planches\/","url":"https:\/\/vosgesinfo.fr\/gerardmerinfo\/2019\/10\/devinez-compagnie-jean-gillet-de-retour-planches\/","name":"\"Devinez qui ?\" - la compagnie Jean Gillet est de retour sur les planches - Gerardmer Info","isPartOf":{"@id":"https:\/\/vosgesinfo.fr\/gerardmerinfo\/#website"},"primaryImageOfPage":{"@id":"https:\/\/vosgesinfo.fr\/gerardmerinfo\/2019\/10\/devinez-compagnie-jean-gillet-de-retour-planches\/#primaryimage"},"image":{"@id":"https:\/\/vosgesinfo.fr\/gerardmerinfo\/2019\/10\/devinez-compagnie-jean-gillet-de-retour-planches\/#primaryimage"},"thumbnailUrl":"https:\/\/vosgesinfo.fr\/app\/uploads\/sites\/6\/2024\/07\/201910jean-gillet-001-e1571664327423.jpg","datePublished":"2019-10-22T12:56:40+00:00","dateModified":"2019-10-22T12:56:40+00:00","breadcrumb":{"@id":"https:\/\/vosgesinfo.fr\/gerardmerinfo\/2019\/10\/devinez-compagnie-jean-gillet-de-retour-planches\/#breadcrumb"},"inLanguage":"fr-FR","potentialAction":[{"@type":"ReadAction","target":["https:\/\/vosgesinfo.fr\/gerardmerinfo\/2019\/10\/devinez-compagnie-jean-gillet-de-retour-planches\/"]}]},{"@type":"ImageObject","inLanguage":"fr-FR","@id":"https:\/\/vosgesinfo.fr\/gerardmerinfo\/2019\/10\/devinez-compagnie-jean-gillet-de-retour-planches\/#primaryimage","url":"https:\/\/vosgesinfo.fr\/app\/uploads\/sites\/6\/2024\/07\/201910jean-gillet-001-e1571664327423.jpg","contentUrl":"https:\/\/vosgesinfo.fr\/app\/uploads\/sites\/6\/2024\/07\/201910jean-gillet-001-e1571664327423.jpg","width":541,"height":800},{"@type":"BreadcrumbList","@id":"https:\/\/vosgesinfo.fr\/gerardmerinfo\/2019\/10\/devinez-compagnie-jean-gillet-de-retour-planches\/#breadcrumb","itemListElement":[{"@type":"ListItem","position":1,"name":"Home","item":"https:\/\/vosgesinfo.fr\/gerardmerinfo\/"},{"@type":"ListItem","position":2,"name":"\u00ab\u00a0Devinez qui ?\u00a0\u00bb &#8211; la compagnie Jean Gillet est de retour sur les planches"}]},{"@type":"WebSite","@id":"https:\/\/vosgesinfo.fr\/gerardmerinfo\/#website","url":"https:\/\/vosgesinfo.fr\/gerardmerinfo\/","name":"Gerardmer Info","description":"Toute l&#039;actualit\u00e9 de G\u00e9rardmer","publisher":{"@id":"https:\/\/vosgesinfo.fr\/gerardmerinfo\/#organization"},"alternateName":"Toute l'actualit\u00e9 de G\u00e9rardmer","potentialAction":[{"@type":"SearchAction","target":{"@type":"EntryPoint","urlTemplate":"https:\/\/vosgesinfo.fr\/gerardmerinfo\/?s={search_term_string}"},"query-input":"required name=search_term_string"}],"inLanguage":"fr-FR"},{"@type":"Organization","@id":"https:\/\/vosgesinfo.fr\/gerardmerinfo\/#organization","name":"Gerardmer Info","url":"https:\/\/vosgesinfo.fr\/gerardmerinfo\/","logo":{"@type":"ImageObject","inLanguage":"fr-FR","@id":"https:\/\/vosgesinfo.fr\/gerardmerinfo\/#\/schema\/logo\/image\/","url":"https:\/\/vosgesinfo.fr\/app\/uploads\/sites\/6\/2023\/08\/favicon-gerardmerinfo.png","contentUrl":"https:\/\/vosgesinfo.fr\/app\/uploads\/sites\/6\/2023\/08\/favicon-gerardmerinfo.png","width":512,"height":512,"caption":"Gerardmer Info"},"image":{"@id":"https:\/\/vosgesinfo.fr\/gerardmerinfo\/#\/schema\/logo\/image\/"},"sameAs":["https:\/\/www.facebook.com\/profile.php?id=100049475262660","https:\/\/x.com\/VosgesInfo88","https:\/\/www.youtube.com\/@vosgesinfo"]},{"@type":"Person","@id":"https:\/\/vosgesinfo.fr\/gerardmerinfo\/#\/schema\/person\/db5605779a843dad16b5368f3e7613a5","name":"QG","image":{"@type":"ImageObject","inLanguage":"fr-FR","@id":"https:\/\/vosgesinfo.fr\/gerardmerinfo\/#\/schema\/person\/image\/","url":"https:\/\/secure.gravatar.com\/avatar\/ea80c42c204b534408512832fde52504ecabb9706bcb6151cf6175e5b64e6793?s=96&d=mm&r=g","contentUrl":"https:\/\/secure.gravatar.com\/avatar\/ea80c42c204b534408512832fde52504ecabb9706bcb6151cf6175e5b64e6793?s=96&d=mm&r=g","caption":"QG"},"url":"https:\/\/vosgesinfo.fr\/gerardmerinfo\/author\/quentin88\/"}]}},"_links":{"self":[{"href":"https:\/\/vosgesinfo.fr\/gerardmerinfo\/wp-json\/wp\/v2\/posts\/44654","targetHints":{"allow":["GET"]}}],"collection":[{"href":"https:\/\/vosgesinfo.fr\/gerardmerinfo\/wp-json\/wp\/v2\/posts"}],"about":[{"href":"https:\/\/vosgesinfo.fr\/gerardmerinfo\/wp-json\/wp\/v2\/types\/post"}],"author":[{"embeddable":true,"href":"https:\/\/vosgesinfo.fr\/gerardmerinfo\/wp-json\/wp\/v2\/users\/42"}],"replies":[{"embeddable":true,"href":"https:\/\/vosgesinfo.fr\/gerardmerinfo\/wp-json\/wp\/v2\/comments?post=44654"}],"version-history":[{"count":0,"href":"https:\/\/vosgesinfo.fr\/gerardmerinfo\/wp-json\/wp\/v2\/posts\/44654\/revisions"}],"wp:featuredmedia":[{"embeddable":true,"href":"https:\/\/vosgesinfo.fr\/gerardmerinfo\/wp-json\/wp\/v2\/media\/44655"}],"wp:attachment":[{"href":"https:\/\/vosgesinfo.fr\/gerardmerinfo\/wp-json\/wp\/v2\/media?parent=44654"}],"wp:term":[{"taxonomy":"category","embeddable":true,"href":"https:\/\/vosgesinfo.fr\/gerardmerinfo\/wp-json\/wp\/v2\/categories?post=44654"},{"taxonomy":"post_tag","embeddable":true,"href":"https:\/\/vosgesinfo.fr\/gerardmerinfo\/wp-json\/wp\/v2\/tags?post=44654"}],"curies":[{"name":"wp","href":"https:\/\/api.w.org\/{rel}","templated":true}]}}