{"id":44761,"date":"2019-10-28T06:16:56","date_gmt":"2019-10-28T05:16:56","guid":{"rendered":"https:\/\/vosgesinfo.fr\/gerardmerinfo\/2019\/10\/on-reapprenait-a-se-dire-bonjour-eco\/"},"modified":"2019-10-28T06:16:56","modified_gmt":"2019-10-28T05:16:56","slug":"on-reapprenait-a-se-dire-bonjour-eco","status":"publish","type":"post","link":"https:\/\/vosgesinfo.fr\/gerardmerinfo\/2019\/10\/on-reapprenait-a-se-dire-bonjour-eco\/","title":{"rendered":"Et si on r\u00e9apprenait \u00e0 se dire bonjour&#8230;\u00c9CO"},"content":{"rendered":"<p><a href=\"https:\/\/gerardmerinfo.fr\/2019\/10\/on-reapprenait-a-se-dire-bonjour-eco\/eco\/\" rel=\"attachment wp-att-154663\"><img decoding=\"async\" class=\"aligncenter size-full wp-image-154663\" src=\"\/2019\/10\/eco.jpg\" alt=\"eco\" width=\"800\" height=\"600\" \/><\/a>Et si on r\u00e9apprenait \u00e0 se dire bonjour. A priori la r\u00e9flexion semble un tantinet ringarde, et pourtant. Il existe une tradition dans les Hautes-Vosges\u00a0 pour les marcheurs, pour tous les utilisateurs de la nature qui voudraient qu&rsquo;\u00e0 la crois\u00e9e des chemins on se salue d&rsquo;un simple et authentique \u00ab\u00a0bonjour\u00a0\u00bb. Une tradition presque ancestrale qui disparait avec notamment des vacanciers de plus en plus distants avec les autochtones, pas tous \u00e9videmment, mais certains ont la facult\u00e9 d\u00e9sagr\u00e9able de marquer leur diff\u00e9rence comme si appartenir au patrimoine local \u00e9tait une tare culturelle et soci\u00e9tale.\u00a0 Exit \u00ab\u00a0<em>je suis de passage dans ta r\u00e9gion, mais nous ne sommes pas du m\u00eame monde<\/em>\u00ab\u00a0&#8230;et on a envie de r\u00e9pondre \u00a0\u00bb <em>alors pourquoi tu viens chez nous<\/em>\u00ab\u00a0&#8230;et d&rsquo;ajouter avec une certaine d\u00e9lectation&#8230;\u00a0\u00bbD<em>ucon<\/em>\u00ab\u00a0.<\/p>\n<p>Et si on r\u00e9apprenait \u00e0 toutes ses personnes g\u00e9n\u00e9ralement issues de centres urbains \u00e0 dire ou plut\u00f4t \u00e0 redire bonjour, comme le faisaient si bien leurs parents et leurs grand parents. Comme le font nos amis autrichiens avec le c\u00e9l\u00e8bre Gruss Gott que l&rsquo;on entend un peu partout, dans la plus simple boulangerie du pays au sentier le plus recul\u00e9 de la montagne du Voralberg. Gruss Goot qui signifie \u00ab\u00a0Dieu te garde\u00a0\u00bb. Il en est ainsi un peu partout dans le monde, alors faisons le n\u00e9cessaire pour r\u00e9ussir notre relation \u00e0 l&rsquo;autre surtout dans une soci\u00e9t\u00e9 qui part en vrille. Et si on r\u00e9apprenait \u00e0 dire bonjour en inventant une expression locale ou plut\u00f4t en la r\u00e9adaptant. Sur les bords du lac en patois dans le texte pour se saluer on lance \u00ab\u00a0<em>Don deye&#8230;\u00c9co Vo don Deye<\/em>\u00ab\u00a0. Mutilons l&rsquo;all\u00e9gorie pour en extraire un petit \u00c9CO&#8230;\u00c9CO tu bas bien&#8230;.\u00c9CO dieu te garde&#8230;.\u00c9CO<\/p>\n<p>En r\u00eavant un peu, un tout petit peu seulement, imaginons les vacanciers en vill\u00e9giature dans la r\u00e9gion maitriser le fameux\u00a0\u00c9CO\u00a0 install\u00e9 sur le bord de la piscine d&rsquo;un h\u00f4tel. Les \u00e9changes seraient tellement plus faciles entre clients, avec le personnel et les habitants des lieux de s\u00e9jour. Adoptons \u00c9CO pour en faire un nouveau signe de particularisme. Tenter l\u2019exp\u00e9rience, c&rsquo;est l\u2019adapter, d\u00e8s aujourd&rsquo;hui, lors de sa propre balade quotidienne au c\u0153ur de la nature, l\u00e0 m\u00eame o\u00f9 tout a commenc\u00e9. \u00c9CO \u00e0 toutes et \u00e0 tous. \u00c9CO !<\/p>\n","protected":false},"excerpt":{"rendered":"<p>Et si on r\u00e9apprenait \u00e0 se dire bonjour. A priori la r\u00e9flexion semble un tantinet ringarde, et pourtant. Il existe [&hellip;]<\/p>\n","protected":false},"author":1,"featured_media":44762,"comment_status":"open","ping_status":"open","sticky":false,"template":"","format":"standard","meta":{"footnotes":""},"categories":[20,18],"tags":[],"class_list":["post-44761","post","type-post","status-publish","format-standard","has-post-thumbnail","hentry","category-a-la-une","category-vosges"],"acf":[],"yoast_head":"<!-- This site is optimized with the Yoast SEO plugin v22.5 - https:\/\/yoast.com\/wordpress\/plugins\/seo\/ -->\n<title>Et si on r\u00e9apprenait \u00e0 se dire bonjour...\u00c9CO - Gerardmer Info<\/title>\n<meta name=\"robots\" content=\"index, follow, max-snippet:-1, max-image-preview:large, max-video-preview:-1\" \/>\n<link rel=\"canonical\" href=\"https:\/\/vosgesinfo.fr\/gerardmerinfo\/2019\/10\/on-reapprenait-a-se-dire-bonjour-eco\/\" \/>\n<meta name=\"twitter:card\" content=\"summary_large_image\" \/>\n<meta name=\"twitter:title\" content=\"Et si on r\u00e9apprenait \u00e0 se dire bonjour...\u00c9CO - Gerardmer Info\" \/>\n<meta name=\"twitter:description\" content=\"Et si on r\u00e9apprenait \u00e0 se dire bonjour. A priori la r\u00e9flexion semble un tantinet ringarde, et pourtant. Il existe [&hellip;]\" \/>\n<meta name=\"twitter:image\" content=\"https:\/\/vosgesinfo.fr\/app\/uploads\/sites\/6\/2024\/07\/201910eco.jpg\" \/>\n<meta name=\"twitter:creator\" content=\"@VosgesInfo88\" \/>\n<meta name=\"twitter:site\" content=\"@VosgesInfo88\" \/>\n<meta name=\"twitter:label1\" content=\"\u00c9crit par\" \/>\n\t<meta name=\"twitter:data1\" content=\"qs_admin\" \/>\n\t<meta name=\"twitter:label2\" content=\"Dur\u00e9e de lecture estim\u00e9e\" \/>\n\t<meta name=\"twitter:data2\" content=\"2 minutes\" \/>\n<script type=\"application\/ld+json\" class=\"yoast-schema-graph\">{\"@context\":\"https:\/\/schema.org\",\"@graph\":[{\"@type\":\"Article\",\"@id\":\"https:\/\/vosgesinfo.fr\/gerardmerinfo\/2019\/10\/on-reapprenait-a-se-dire-bonjour-eco\/#article\",\"isPartOf\":{\"@id\":\"https:\/\/vosgesinfo.fr\/gerardmerinfo\/2019\/10\/on-reapprenait-a-se-dire-bonjour-eco\/\"},\"author\":{\"name\":\"qs_admin\",\"@id\":\"https:\/\/vosgesinfo.fr\/gerardmerinfo\/#\/schema\/person\/bc5d02d71e6932e81b6dadb7386667b1\"},\"headline\":\"Et si on r\u00e9apprenait \u00e0 se dire bonjour&#8230;\u00c9CO\",\"datePublished\":\"2019-10-28T05:16:56+00:00\",\"dateModified\":\"2019-10-28T05:16:56+00:00\",\"mainEntityOfPage\":{\"@id\":\"https:\/\/vosgesinfo.fr\/gerardmerinfo\/2019\/10\/on-reapprenait-a-se-dire-bonjour-eco\/\"},\"wordCount\":415,\"commentCount\":0,\"publisher\":{\"@id\":\"https:\/\/vosgesinfo.fr\/gerardmerinfo\/#organization\"},\"image\":{\"@id\":\"https:\/\/vosgesinfo.fr\/gerardmerinfo\/2019\/10\/on-reapprenait-a-se-dire-bonjour-eco\/#primaryimage\"},\"thumbnailUrl\":\"https:\/\/vosgesinfo.fr\/app\/uploads\/sites\/6\/2024\/07\/201910eco.jpg\",\"articleSection\":[\"A la une\",\"Vosges\"],\"inLanguage\":\"fr-FR\",\"potentialAction\":[{\"@type\":\"CommentAction\",\"name\":\"Comment\",\"target\":[\"https:\/\/vosgesinfo.fr\/gerardmerinfo\/2019\/10\/on-reapprenait-a-se-dire-bonjour-eco\/#respond\"]}]},{\"@type\":\"WebPage\",\"@id\":\"https:\/\/vosgesinfo.fr\/gerardmerinfo\/2019\/10\/on-reapprenait-a-se-dire-bonjour-eco\/\",\"url\":\"https:\/\/vosgesinfo.fr\/gerardmerinfo\/2019\/10\/on-reapprenait-a-se-dire-bonjour-eco\/\",\"name\":\"Et si on r\u00e9apprenait \u00e0 se dire bonjour...\u00c9CO - Gerardmer Info\",\"isPartOf\":{\"@id\":\"https:\/\/vosgesinfo.fr\/gerardmerinfo\/#website\"},\"primaryImageOfPage\":{\"@id\":\"https:\/\/vosgesinfo.fr\/gerardmerinfo\/2019\/10\/on-reapprenait-a-se-dire-bonjour-eco\/#primaryimage\"},\"image\":{\"@id\":\"https:\/\/vosgesinfo.fr\/gerardmerinfo\/2019\/10\/on-reapprenait-a-se-dire-bonjour-eco\/#primaryimage\"},\"thumbnailUrl\":\"https:\/\/vosgesinfo.fr\/app\/uploads\/sites\/6\/2024\/07\/201910eco.jpg\",\"datePublished\":\"2019-10-28T05:16:56+00:00\",\"dateModified\":\"2019-10-28T05:16:56+00:00\",\"breadcrumb\":{\"@id\":\"https:\/\/vosgesinfo.fr\/gerardmerinfo\/2019\/10\/on-reapprenait-a-se-dire-bonjour-eco\/#breadcrumb\"},\"inLanguage\":\"fr-FR\",\"potentialAction\":[{\"@type\":\"ReadAction\",\"target\":[\"https:\/\/vosgesinfo.fr\/gerardmerinfo\/2019\/10\/on-reapprenait-a-se-dire-bonjour-eco\/\"]}]},{\"@type\":\"ImageObject\",\"inLanguage\":\"fr-FR\",\"@id\":\"https:\/\/vosgesinfo.fr\/gerardmerinfo\/2019\/10\/on-reapprenait-a-se-dire-bonjour-eco\/#primaryimage\",\"url\":\"https:\/\/vosgesinfo.fr\/app\/uploads\/sites\/6\/2024\/07\/201910eco.jpg\",\"contentUrl\":\"https:\/\/vosgesinfo.fr\/app\/uploads\/sites\/6\/2024\/07\/201910eco.jpg\",\"width\":800,\"height\":600},{\"@type\":\"BreadcrumbList\",\"@id\":\"https:\/\/vosgesinfo.fr\/gerardmerinfo\/2019\/10\/on-reapprenait-a-se-dire-bonjour-eco\/#breadcrumb\",\"itemListElement\":[{\"@type\":\"ListItem\",\"position\":1,\"name\":\"Home\",\"item\":\"https:\/\/vosgesinfo.fr\/gerardmerinfo\/\"},{\"@type\":\"ListItem\",\"position\":2,\"name\":\"Et si on r\u00e9apprenait \u00e0 se dire bonjour&#8230;\u00c9CO\"}]},{\"@type\":\"WebSite\",\"@id\":\"https:\/\/vosgesinfo.fr\/gerardmerinfo\/#website\",\"url\":\"https:\/\/vosgesinfo.fr\/gerardmerinfo\/\",\"name\":\"Gerardmer Info\",\"description\":\"Toute l&#039;actualit\u00e9 de G\u00e9rardmer\",\"publisher\":{\"@id\":\"https:\/\/vosgesinfo.fr\/gerardmerinfo\/#organization\"},\"alternateName\":\"Toute l'actualit\u00e9 de G\u00e9rardmer\",\"potentialAction\":[{\"@type\":\"SearchAction\",\"target\":{\"@type\":\"EntryPoint\",\"urlTemplate\":\"https:\/\/vosgesinfo.fr\/gerardmerinfo\/?s={search_term_string}\"},\"query-input\":\"required name=search_term_string\"}],\"inLanguage\":\"fr-FR\"},{\"@type\":\"Organization\",\"@id\":\"https:\/\/vosgesinfo.fr\/gerardmerinfo\/#organization\",\"name\":\"Gerardmer Info\",\"url\":\"https:\/\/vosgesinfo.fr\/gerardmerinfo\/\",\"logo\":{\"@type\":\"ImageObject\",\"inLanguage\":\"fr-FR\",\"@id\":\"https:\/\/vosgesinfo.fr\/gerardmerinfo\/#\/schema\/logo\/image\/\",\"url\":\"https:\/\/vosgesinfo.fr\/app\/uploads\/sites\/6\/2023\/08\/favicon-gerardmerinfo.png\",\"contentUrl\":\"https:\/\/vosgesinfo.fr\/app\/uploads\/sites\/6\/2023\/08\/favicon-gerardmerinfo.png\",\"width\":512,\"height\":512,\"caption\":\"Gerardmer Info\"},\"image\":{\"@id\":\"https:\/\/vosgesinfo.fr\/gerardmerinfo\/#\/schema\/logo\/image\/\"},\"sameAs\":[\"https:\/\/www.facebook.com\/profile.php?id=100049475262660\",\"https:\/\/x.com\/VosgesInfo88\",\"https:\/\/www.youtube.com\/@vosgesinfo\"]},{\"@type\":\"Person\",\"@id\":\"https:\/\/vosgesinfo.fr\/gerardmerinfo\/#\/schema\/person\/bc5d02d71e6932e81b6dadb7386667b1\",\"name\":\"qs_admin\",\"image\":{\"@type\":\"ImageObject\",\"inLanguage\":\"fr-FR\",\"@id\":\"https:\/\/vosgesinfo.fr\/gerardmerinfo\/#\/schema\/person\/image\/\",\"url\":\"https:\/\/secure.gravatar.com\/avatar\/94b18ee0ed79e4a42ea2f2931277b6841a8999fc6fde214600c78057cf1fe1de?s=96&d=mm&r=g\",\"contentUrl\":\"https:\/\/secure.gravatar.com\/avatar\/94b18ee0ed79e4a42ea2f2931277b6841a8999fc6fde214600c78057cf1fe1de?s=96&d=mm&r=g\",\"caption\":\"qs_admin\"},\"sameAs\":[\"https:\/\/vosgesinfo.fr\/wp\"],\"url\":\"https:\/\/vosgesinfo.fr\/gerardmerinfo\/author\/qs_admin\/\"}]}<\/script>\n<!-- \/ Yoast SEO plugin. -->","yoast_head_json":{"title":"Et si on r\u00e9apprenait \u00e0 se dire bonjour...\u00c9CO - Gerardmer Info","robots":{"index":"index","follow":"follow","max-snippet":"max-snippet:-1","max-image-preview":"max-image-preview:large","max-video-preview":"max-video-preview:-1"},"canonical":"https:\/\/vosgesinfo.fr\/gerardmerinfo\/2019\/10\/on-reapprenait-a-se-dire-bonjour-eco\/","twitter_card":"summary_large_image","twitter_title":"Et si on r\u00e9apprenait \u00e0 se dire bonjour...\u00c9CO - Gerardmer Info","twitter_description":"Et si on r\u00e9apprenait \u00e0 se dire bonjour. A priori la r\u00e9flexion semble un tantinet ringarde, et pourtant. Il existe [&hellip;]","twitter_image":"https:\/\/vosgesinfo.fr\/app\/uploads\/sites\/6\/2024\/07\/201910eco.jpg","twitter_creator":"@VosgesInfo88","twitter_site":"@VosgesInfo88","twitter_misc":{"\u00c9crit par":"qs_admin","Dur\u00e9e de lecture estim\u00e9e":"2 minutes"},"schema":{"@context":"https:\/\/schema.org","@graph":[{"@type":"Article","@id":"https:\/\/vosgesinfo.fr\/gerardmerinfo\/2019\/10\/on-reapprenait-a-se-dire-bonjour-eco\/#article","isPartOf":{"@id":"https:\/\/vosgesinfo.fr\/gerardmerinfo\/2019\/10\/on-reapprenait-a-se-dire-bonjour-eco\/"},"author":{"name":"qs_admin","@id":"https:\/\/vosgesinfo.fr\/gerardmerinfo\/#\/schema\/person\/bc5d02d71e6932e81b6dadb7386667b1"},"headline":"Et si on r\u00e9apprenait \u00e0 se dire bonjour&#8230;\u00c9CO","datePublished":"2019-10-28T05:16:56+00:00","dateModified":"2019-10-28T05:16:56+00:00","mainEntityOfPage":{"@id":"https:\/\/vosgesinfo.fr\/gerardmerinfo\/2019\/10\/on-reapprenait-a-se-dire-bonjour-eco\/"},"wordCount":415,"commentCount":0,"publisher":{"@id":"https:\/\/vosgesinfo.fr\/gerardmerinfo\/#organization"},"image":{"@id":"https:\/\/vosgesinfo.fr\/gerardmerinfo\/2019\/10\/on-reapprenait-a-se-dire-bonjour-eco\/#primaryimage"},"thumbnailUrl":"https:\/\/vosgesinfo.fr\/app\/uploads\/sites\/6\/2024\/07\/201910eco.jpg","articleSection":["A la une","Vosges"],"inLanguage":"fr-FR","potentialAction":[{"@type":"CommentAction","name":"Comment","target":["https:\/\/vosgesinfo.fr\/gerardmerinfo\/2019\/10\/on-reapprenait-a-se-dire-bonjour-eco\/#respond"]}]},{"@type":"WebPage","@id":"https:\/\/vosgesinfo.fr\/gerardmerinfo\/2019\/10\/on-reapprenait-a-se-dire-bonjour-eco\/","url":"https:\/\/vosgesinfo.fr\/gerardmerinfo\/2019\/10\/on-reapprenait-a-se-dire-bonjour-eco\/","name":"Et si on r\u00e9apprenait \u00e0 se dire bonjour...\u00c9CO - Gerardmer Info","isPartOf":{"@id":"https:\/\/vosgesinfo.fr\/gerardmerinfo\/#website"},"primaryImageOfPage":{"@id":"https:\/\/vosgesinfo.fr\/gerardmerinfo\/2019\/10\/on-reapprenait-a-se-dire-bonjour-eco\/#primaryimage"},"image":{"@id":"https:\/\/vosgesinfo.fr\/gerardmerinfo\/2019\/10\/on-reapprenait-a-se-dire-bonjour-eco\/#primaryimage"},"thumbnailUrl":"https:\/\/vosgesinfo.fr\/app\/uploads\/sites\/6\/2024\/07\/201910eco.jpg","datePublished":"2019-10-28T05:16:56+00:00","dateModified":"2019-10-28T05:16:56+00:00","breadcrumb":{"@id":"https:\/\/vosgesinfo.fr\/gerardmerinfo\/2019\/10\/on-reapprenait-a-se-dire-bonjour-eco\/#breadcrumb"},"inLanguage":"fr-FR","potentialAction":[{"@type":"ReadAction","target":["https:\/\/vosgesinfo.fr\/gerardmerinfo\/2019\/10\/on-reapprenait-a-se-dire-bonjour-eco\/"]}]},{"@type":"ImageObject","inLanguage":"fr-FR","@id":"https:\/\/vosgesinfo.fr\/gerardmerinfo\/2019\/10\/on-reapprenait-a-se-dire-bonjour-eco\/#primaryimage","url":"https:\/\/vosgesinfo.fr\/app\/uploads\/sites\/6\/2024\/07\/201910eco.jpg","contentUrl":"https:\/\/vosgesinfo.fr\/app\/uploads\/sites\/6\/2024\/07\/201910eco.jpg","width":800,"height":600},{"@type":"BreadcrumbList","@id":"https:\/\/vosgesinfo.fr\/gerardmerinfo\/2019\/10\/on-reapprenait-a-se-dire-bonjour-eco\/#breadcrumb","itemListElement":[{"@type":"ListItem","position":1,"name":"Home","item":"https:\/\/vosgesinfo.fr\/gerardmerinfo\/"},{"@type":"ListItem","position":2,"name":"Et si on r\u00e9apprenait \u00e0 se dire bonjour&#8230;\u00c9CO"}]},{"@type":"WebSite","@id":"https:\/\/vosgesinfo.fr\/gerardmerinfo\/#website","url":"https:\/\/vosgesinfo.fr\/gerardmerinfo\/","name":"Gerardmer Info","description":"Toute l&#039;actualit\u00e9 de G\u00e9rardmer","publisher":{"@id":"https:\/\/vosgesinfo.fr\/gerardmerinfo\/#organization"},"alternateName":"Toute l'actualit\u00e9 de G\u00e9rardmer","potentialAction":[{"@type":"SearchAction","target":{"@type":"EntryPoint","urlTemplate":"https:\/\/vosgesinfo.fr\/gerardmerinfo\/?s={search_term_string}"},"query-input":"required name=search_term_string"}],"inLanguage":"fr-FR"},{"@type":"Organization","@id":"https:\/\/vosgesinfo.fr\/gerardmerinfo\/#organization","name":"Gerardmer Info","url":"https:\/\/vosgesinfo.fr\/gerardmerinfo\/","logo":{"@type":"ImageObject","inLanguage":"fr-FR","@id":"https:\/\/vosgesinfo.fr\/gerardmerinfo\/#\/schema\/logo\/image\/","url":"https:\/\/vosgesinfo.fr\/app\/uploads\/sites\/6\/2023\/08\/favicon-gerardmerinfo.png","contentUrl":"https:\/\/vosgesinfo.fr\/app\/uploads\/sites\/6\/2023\/08\/favicon-gerardmerinfo.png","width":512,"height":512,"caption":"Gerardmer Info"},"image":{"@id":"https:\/\/vosgesinfo.fr\/gerardmerinfo\/#\/schema\/logo\/image\/"},"sameAs":["https:\/\/www.facebook.com\/profile.php?id=100049475262660","https:\/\/x.com\/VosgesInfo88","https:\/\/www.youtube.com\/@vosgesinfo"]},{"@type":"Person","@id":"https:\/\/vosgesinfo.fr\/gerardmerinfo\/#\/schema\/person\/bc5d02d71e6932e81b6dadb7386667b1","name":"qs_admin","image":{"@type":"ImageObject","inLanguage":"fr-FR","@id":"https:\/\/vosgesinfo.fr\/gerardmerinfo\/#\/schema\/person\/image\/","url":"https:\/\/secure.gravatar.com\/avatar\/94b18ee0ed79e4a42ea2f2931277b6841a8999fc6fde214600c78057cf1fe1de?s=96&d=mm&r=g","contentUrl":"https:\/\/secure.gravatar.com\/avatar\/94b18ee0ed79e4a42ea2f2931277b6841a8999fc6fde214600c78057cf1fe1de?s=96&d=mm&r=g","caption":"qs_admin"},"sameAs":["https:\/\/vosgesinfo.fr\/wp"],"url":"https:\/\/vosgesinfo.fr\/gerardmerinfo\/author\/qs_admin\/"}]}},"_links":{"self":[{"href":"https:\/\/vosgesinfo.fr\/gerardmerinfo\/wp-json\/wp\/v2\/posts\/44761","targetHints":{"allow":["GET"]}}],"collection":[{"href":"https:\/\/vosgesinfo.fr\/gerardmerinfo\/wp-json\/wp\/v2\/posts"}],"about":[{"href":"https:\/\/vosgesinfo.fr\/gerardmerinfo\/wp-json\/wp\/v2\/types\/post"}],"author":[{"embeddable":true,"href":"https:\/\/vosgesinfo.fr\/gerardmerinfo\/wp-json\/wp\/v2\/users\/1"}],"replies":[{"embeddable":true,"href":"https:\/\/vosgesinfo.fr\/gerardmerinfo\/wp-json\/wp\/v2\/comments?post=44761"}],"version-history":[{"count":0,"href":"https:\/\/vosgesinfo.fr\/gerardmerinfo\/wp-json\/wp\/v2\/posts\/44761\/revisions"}],"wp:featuredmedia":[{"embeddable":true,"href":"https:\/\/vosgesinfo.fr\/gerardmerinfo\/wp-json\/wp\/v2\/media\/44762"}],"wp:attachment":[{"href":"https:\/\/vosgesinfo.fr\/gerardmerinfo\/wp-json\/wp\/v2\/media?parent=44761"}],"wp:term":[{"taxonomy":"category","embeddable":true,"href":"https:\/\/vosgesinfo.fr\/gerardmerinfo\/wp-json\/wp\/v2\/categories?post=44761"},{"taxonomy":"post_tag","embeddable":true,"href":"https:\/\/vosgesinfo.fr\/gerardmerinfo\/wp-json\/wp\/v2\/tags?post=44761"}],"curies":[{"name":"wp","href":"https:\/\/api.w.org\/{rel}","templated":true}]}}