{"id":44763,"date":"2019-10-27T16:25:18","date_gmt":"2019-10-27T15:25:18","guid":{"rendered":"https:\/\/vosgesinfo.fr\/gerardmerinfo\/2019\/10\/as-gerardmer-ski-alpin-premier-rendez-de-saison-autriche\/"},"modified":"2019-10-27T16:25:18","modified_gmt":"2019-10-27T15:25:18","slug":"as-gerardmer-ski-alpin-premier-rendez-de-saison-autriche","status":"publish","type":"post","link":"https:\/\/vosgesinfo.fr\/gerardmerinfo\/2019\/10\/as-gerardmer-ski-alpin-premier-rendez-de-saison-autriche\/","title":{"rendered":"AS G\u00e9rardmer Ski Alpin : premier rendez-vous de la saison en Autriche"},"content":{"rendered":"\n<h2><span style=\"font-size: 14pt;\">Ils \u00e9taient une petite trentaine, jeunes et coachs, de l\u2019AS G\u00e9rardmer Ski Alpin, \u00e0 participer au traditionnel stage de Pitztal, organis\u00e9 cette ann\u00e9e, du 20 au 25 octobre.<\/span><\/h2>\n<p>Malgr\u00e9 un manque crucial de neige, le stage s\u2019est bien d\u00e9roul\u00e9. Entre pluie, vent et soleil, les skieurs ont su s\u2019adapter, il faut dire qu\u2019ils sont \u00e0 bonne \u00e9cole sur nos massifs vosgiens ! Tr\u00e8s rapidement, les jeunes ont retrouv\u00e9 les sensations en ski libre et tous les comp\u00e9titeurs ont pu profiter des trac\u00e9s en slalom et en g\u00e9ant.<\/p>\n<p>Coup de chapeau aux jeunes en ce qui concerne la vie en communaut\u00e9 : ils ont su faire preuve d\u2019autonomie et de discipline, en t\u00e9moignent les compliments de la propri\u00e9taire de l\u2019h\u00f4tel, pr\u00eate \u00e0 les accueillir l\u2019ann\u00e9e prochaine avec un grand sourire !<\/p>\n<p>En attendant l\u2019arriv\u00e9e de la neige sur nos massifs et des courses, n\u2019oubliez pas les dates de la bourse aux skis de G\u00e9rardmer (\u00e0 l\u2019Espace Lac), que vous souhaitiez vendre du mat\u00e9riel ou en acqu\u00e9rir \u00e0 bon prix :<\/p>\n<p>\u00d8 Vendredi 8 novembre : D\u00e9p\u00f4t du mat\u00e9riel de 9h \u00e0 19h<\/p>\n<p>\u00d8 Samedi 9 novembre : Vente de 9h \u00e0 18h<\/p>\n<p>\u00d8 Dimanche 10 novembre : Vente de 10h \u00e0 16h, reprise des invendus de 17h30 \u00e0 19h<\/p>\n<p>Caroline Cominotti pour l\u2019AS G\u00e9rardmer Ski Alpin.<\/p>\n","protected":false},"excerpt":{"rendered":"<p>Ils \u00e9taient une petite trentaine, jeunes et coachs, de l\u2019AS G\u00e9rardmer Ski Alpin, \u00e0 participer au traditionnel stage de Pitztal, [&hellip;]<\/p>\n","protected":false},"author":1,"featured_media":44764,"comment_status":"open","ping_status":"open","sticky":false,"template":"","format":"standard","meta":{"footnotes":""},"categories":[20,25,14],"tags":[158],"class_list":["post-44763","post","type-post","status-publish","format-standard","has-post-thumbnail","hentry","category-a-la-une","category-gerardmer","category-sport","tag-asg-ski-alpin"],"acf":[],"yoast_head":"<!-- This site is optimized with the Yoast SEO plugin v22.5 - https:\/\/yoast.com\/wordpress\/plugins\/seo\/ -->\n<title>AS G\u00e9rardmer Ski Alpin : premier rendez-vous de la saison en Autriche - Gerardmer Info<\/title>\n<meta name=\"robots\" content=\"index, follow, max-snippet:-1, max-image-preview:large, max-video-preview:-1\" \/>\n<link rel=\"canonical\" href=\"https:\/\/vosgesinfo.fr\/gerardmerinfo\/2019\/10\/as-gerardmer-ski-alpin-premier-rendez-de-saison-autriche\/\" \/>\n<meta name=\"twitter:card\" content=\"summary_large_image\" \/>\n<meta name=\"twitter:title\" content=\"AS G\u00e9rardmer Ski Alpin : premier rendez-vous de la saison en Autriche - Gerardmer Info\" \/>\n<meta name=\"twitter:description\" content=\"Ils \u00e9taient une petite trentaine, jeunes et coachs, de l\u2019AS G\u00e9rardmer Ski Alpin, \u00e0 participer au traditionnel stage de Pitztal, [&hellip;]\" \/>\n<meta name=\"twitter:image\" content=\"https:\/\/vosgesinfo.fr\/app\/uploads\/sites\/6\/2024\/07\/201910au-dessus-de-la-mer-de-nuages.jpg\" \/>\n<meta name=\"twitter:creator\" content=\"@VosgesInfo88\" \/>\n<meta name=\"twitter:site\" content=\"@VosgesInfo88\" \/>\n<meta name=\"twitter:label1\" content=\"\u00c9crit par\" \/>\n\t<meta name=\"twitter:data1\" content=\"qs_admin\" \/>\n\t<meta name=\"twitter:label2\" content=\"Dur\u00e9e de lecture estim\u00e9e\" \/>\n\t<meta name=\"twitter:data2\" content=\"1 minute\" \/>\n<script type=\"application\/ld+json\" class=\"yoast-schema-graph\">{\"@context\":\"https:\/\/schema.org\",\"@graph\":[{\"@type\":\"Article\",\"@id\":\"https:\/\/vosgesinfo.fr\/gerardmerinfo\/2019\/10\/as-gerardmer-ski-alpin-premier-rendez-de-saison-autriche\/#article\",\"isPartOf\":{\"@id\":\"https:\/\/vosgesinfo.fr\/gerardmerinfo\/2019\/10\/as-gerardmer-ski-alpin-premier-rendez-de-saison-autriche\/\"},\"author\":{\"name\":\"qs_admin\",\"@id\":\"https:\/\/vosgesinfo.fr\/gerardmerinfo\/#\/schema\/person\/bc5d02d71e6932e81b6dadb7386667b1\"},\"headline\":\"AS G\u00e9rardmer Ski Alpin : premier rendez-vous de la saison en Autriche\",\"datePublished\":\"2019-10-27T15:25:18+00:00\",\"dateModified\":\"2019-10-27T15:25:18+00:00\",\"mainEntityOfPage\":{\"@id\":\"https:\/\/vosgesinfo.fr\/gerardmerinfo\/2019\/10\/as-gerardmer-ski-alpin-premier-rendez-de-saison-autriche\/\"},\"wordCount\":242,\"commentCount\":0,\"publisher\":{\"@id\":\"https:\/\/vosgesinfo.fr\/gerardmerinfo\/#organization\"},\"image\":{\"@id\":\"https:\/\/vosgesinfo.fr\/gerardmerinfo\/2019\/10\/as-gerardmer-ski-alpin-premier-rendez-de-saison-autriche\/#primaryimage\"},\"thumbnailUrl\":\"https:\/\/vosgesinfo.fr\/app\/uploads\/sites\/6\/2024\/07\/201910au-dessus-de-la-mer-de-nuages.jpg\",\"keywords\":[\"asg ski alpin\"],\"articleSection\":[\"A la une\",\"G\u00e9rardmer\",\"Sport\"],\"inLanguage\":\"fr-FR\",\"potentialAction\":[{\"@type\":\"CommentAction\",\"name\":\"Comment\",\"target\":[\"https:\/\/vosgesinfo.fr\/gerardmerinfo\/2019\/10\/as-gerardmer-ski-alpin-premier-rendez-de-saison-autriche\/#respond\"]}]},{\"@type\":\"WebPage\",\"@id\":\"https:\/\/vosgesinfo.fr\/gerardmerinfo\/2019\/10\/as-gerardmer-ski-alpin-premier-rendez-de-saison-autriche\/\",\"url\":\"https:\/\/vosgesinfo.fr\/gerardmerinfo\/2019\/10\/as-gerardmer-ski-alpin-premier-rendez-de-saison-autriche\/\",\"name\":\"AS G\u00e9rardmer Ski Alpin : premier rendez-vous de la saison en Autriche - Gerardmer Info\",\"isPartOf\":{\"@id\":\"https:\/\/vosgesinfo.fr\/gerardmerinfo\/#website\"},\"primaryImageOfPage\":{\"@id\":\"https:\/\/vosgesinfo.fr\/gerardmerinfo\/2019\/10\/as-gerardmer-ski-alpin-premier-rendez-de-saison-autriche\/#primaryimage\"},\"image\":{\"@id\":\"https:\/\/vosgesinfo.fr\/gerardmerinfo\/2019\/10\/as-gerardmer-ski-alpin-premier-rendez-de-saison-autriche\/#primaryimage\"},\"thumbnailUrl\":\"https:\/\/vosgesinfo.fr\/app\/uploads\/sites\/6\/2024\/07\/201910au-dessus-de-la-mer-de-nuages.jpg\",\"datePublished\":\"2019-10-27T15:25:18+00:00\",\"dateModified\":\"2019-10-27T15:25:18+00:00\",\"breadcrumb\":{\"@id\":\"https:\/\/vosgesinfo.fr\/gerardmerinfo\/2019\/10\/as-gerardmer-ski-alpin-premier-rendez-de-saison-autriche\/#breadcrumb\"},\"inLanguage\":\"fr-FR\",\"potentialAction\":[{\"@type\":\"ReadAction\",\"target\":[\"https:\/\/vosgesinfo.fr\/gerardmerinfo\/2019\/10\/as-gerardmer-ski-alpin-premier-rendez-de-saison-autriche\/\"]}]},{\"@type\":\"ImageObject\",\"inLanguage\":\"fr-FR\",\"@id\":\"https:\/\/vosgesinfo.fr\/gerardmerinfo\/2019\/10\/as-gerardmer-ski-alpin-premier-rendez-de-saison-autriche\/#primaryimage\",\"url\":\"https:\/\/vosgesinfo.fr\/app\/uploads\/sites\/6\/2024\/07\/201910au-dessus-de-la-mer-de-nuages.jpg\",\"contentUrl\":\"https:\/\/vosgesinfo.fr\/app\/uploads\/sites\/6\/2024\/07\/201910au-dessus-de-la-mer-de-nuages.jpg\",\"width\":800,\"height\":600},{\"@type\":\"BreadcrumbList\",\"@id\":\"https:\/\/vosgesinfo.fr\/gerardmerinfo\/2019\/10\/as-gerardmer-ski-alpin-premier-rendez-de-saison-autriche\/#breadcrumb\",\"itemListElement\":[{\"@type\":\"ListItem\",\"position\":1,\"name\":\"Home\",\"item\":\"https:\/\/vosgesinfo.fr\/gerardmerinfo\/\"},{\"@type\":\"ListItem\",\"position\":2,\"name\":\"AS G\u00e9rardmer Ski Alpin : premier rendez-vous de la saison en Autriche\"}]},{\"@type\":\"WebSite\",\"@id\":\"https:\/\/vosgesinfo.fr\/gerardmerinfo\/#website\",\"url\":\"https:\/\/vosgesinfo.fr\/gerardmerinfo\/\",\"name\":\"Gerardmer Info\",\"description\":\"Toute l&#039;actualit\u00e9 de G\u00e9rardmer\",\"publisher\":{\"@id\":\"https:\/\/vosgesinfo.fr\/gerardmerinfo\/#organization\"},\"alternateName\":\"Toute l'actualit\u00e9 de G\u00e9rardmer\",\"potentialAction\":[{\"@type\":\"SearchAction\",\"target\":{\"@type\":\"EntryPoint\",\"urlTemplate\":\"https:\/\/vosgesinfo.fr\/gerardmerinfo\/?s={search_term_string}\"},\"query-input\":\"required name=search_term_string\"}],\"inLanguage\":\"fr-FR\"},{\"@type\":\"Organization\",\"@id\":\"https:\/\/vosgesinfo.fr\/gerardmerinfo\/#organization\",\"name\":\"Gerardmer Info\",\"url\":\"https:\/\/vosgesinfo.fr\/gerardmerinfo\/\",\"logo\":{\"@type\":\"ImageObject\",\"inLanguage\":\"fr-FR\",\"@id\":\"https:\/\/vosgesinfo.fr\/gerardmerinfo\/#\/schema\/logo\/image\/\",\"url\":\"https:\/\/vosgesinfo.fr\/app\/uploads\/sites\/6\/2023\/08\/favicon-gerardmerinfo.png\",\"contentUrl\":\"https:\/\/vosgesinfo.fr\/app\/uploads\/sites\/6\/2023\/08\/favicon-gerardmerinfo.png\",\"width\":512,\"height\":512,\"caption\":\"Gerardmer Info\"},\"image\":{\"@id\":\"https:\/\/vosgesinfo.fr\/gerardmerinfo\/#\/schema\/logo\/image\/\"},\"sameAs\":[\"https:\/\/www.facebook.com\/profile.php?id=100049475262660\",\"https:\/\/x.com\/VosgesInfo88\",\"https:\/\/www.youtube.com\/@vosgesinfo\"]},{\"@type\":\"Person\",\"@id\":\"https:\/\/vosgesinfo.fr\/gerardmerinfo\/#\/schema\/person\/bc5d02d71e6932e81b6dadb7386667b1\",\"name\":\"qs_admin\",\"image\":{\"@type\":\"ImageObject\",\"inLanguage\":\"fr-FR\",\"@id\":\"https:\/\/vosgesinfo.fr\/gerardmerinfo\/#\/schema\/person\/image\/\",\"url\":\"https:\/\/secure.gravatar.com\/avatar\/94b18ee0ed79e4a42ea2f2931277b6841a8999fc6fde214600c78057cf1fe1de?s=96&d=mm&r=g\",\"contentUrl\":\"https:\/\/secure.gravatar.com\/avatar\/94b18ee0ed79e4a42ea2f2931277b6841a8999fc6fde214600c78057cf1fe1de?s=96&d=mm&r=g\",\"caption\":\"qs_admin\"},\"sameAs\":[\"https:\/\/vosgesinfo.fr\/wp\"],\"url\":\"https:\/\/vosgesinfo.fr\/gerardmerinfo\/author\/qs_admin\/\"}]}<\/script>\n<!-- \/ Yoast SEO plugin. -->","yoast_head_json":{"title":"AS G\u00e9rardmer Ski Alpin : premier rendez-vous de la saison en Autriche - Gerardmer Info","robots":{"index":"index","follow":"follow","max-snippet":"max-snippet:-1","max-image-preview":"max-image-preview:large","max-video-preview":"max-video-preview:-1"},"canonical":"https:\/\/vosgesinfo.fr\/gerardmerinfo\/2019\/10\/as-gerardmer-ski-alpin-premier-rendez-de-saison-autriche\/","twitter_card":"summary_large_image","twitter_title":"AS G\u00e9rardmer Ski Alpin : premier rendez-vous de la saison en Autriche - Gerardmer Info","twitter_description":"Ils \u00e9taient une petite trentaine, jeunes et coachs, de l\u2019AS G\u00e9rardmer Ski Alpin, \u00e0 participer au traditionnel stage de Pitztal, [&hellip;]","twitter_image":"https:\/\/vosgesinfo.fr\/app\/uploads\/sites\/6\/2024\/07\/201910au-dessus-de-la-mer-de-nuages.jpg","twitter_creator":"@VosgesInfo88","twitter_site":"@VosgesInfo88","twitter_misc":{"\u00c9crit par":"qs_admin","Dur\u00e9e de lecture estim\u00e9e":"1 minute"},"schema":{"@context":"https:\/\/schema.org","@graph":[{"@type":"Article","@id":"https:\/\/vosgesinfo.fr\/gerardmerinfo\/2019\/10\/as-gerardmer-ski-alpin-premier-rendez-de-saison-autriche\/#article","isPartOf":{"@id":"https:\/\/vosgesinfo.fr\/gerardmerinfo\/2019\/10\/as-gerardmer-ski-alpin-premier-rendez-de-saison-autriche\/"},"author":{"name":"qs_admin","@id":"https:\/\/vosgesinfo.fr\/gerardmerinfo\/#\/schema\/person\/bc5d02d71e6932e81b6dadb7386667b1"},"headline":"AS G\u00e9rardmer Ski Alpin : premier rendez-vous de la saison en Autriche","datePublished":"2019-10-27T15:25:18+00:00","dateModified":"2019-10-27T15:25:18+00:00","mainEntityOfPage":{"@id":"https:\/\/vosgesinfo.fr\/gerardmerinfo\/2019\/10\/as-gerardmer-ski-alpin-premier-rendez-de-saison-autriche\/"},"wordCount":242,"commentCount":0,"publisher":{"@id":"https:\/\/vosgesinfo.fr\/gerardmerinfo\/#organization"},"image":{"@id":"https:\/\/vosgesinfo.fr\/gerardmerinfo\/2019\/10\/as-gerardmer-ski-alpin-premier-rendez-de-saison-autriche\/#primaryimage"},"thumbnailUrl":"https:\/\/vosgesinfo.fr\/app\/uploads\/sites\/6\/2024\/07\/201910au-dessus-de-la-mer-de-nuages.jpg","keywords":["asg ski alpin"],"articleSection":["A la une","G\u00e9rardmer","Sport"],"inLanguage":"fr-FR","potentialAction":[{"@type":"CommentAction","name":"Comment","target":["https:\/\/vosgesinfo.fr\/gerardmerinfo\/2019\/10\/as-gerardmer-ski-alpin-premier-rendez-de-saison-autriche\/#respond"]}]},{"@type":"WebPage","@id":"https:\/\/vosgesinfo.fr\/gerardmerinfo\/2019\/10\/as-gerardmer-ski-alpin-premier-rendez-de-saison-autriche\/","url":"https:\/\/vosgesinfo.fr\/gerardmerinfo\/2019\/10\/as-gerardmer-ski-alpin-premier-rendez-de-saison-autriche\/","name":"AS G\u00e9rardmer Ski Alpin : premier rendez-vous de la saison en Autriche - Gerardmer Info","isPartOf":{"@id":"https:\/\/vosgesinfo.fr\/gerardmerinfo\/#website"},"primaryImageOfPage":{"@id":"https:\/\/vosgesinfo.fr\/gerardmerinfo\/2019\/10\/as-gerardmer-ski-alpin-premier-rendez-de-saison-autriche\/#primaryimage"},"image":{"@id":"https:\/\/vosgesinfo.fr\/gerardmerinfo\/2019\/10\/as-gerardmer-ski-alpin-premier-rendez-de-saison-autriche\/#primaryimage"},"thumbnailUrl":"https:\/\/vosgesinfo.fr\/app\/uploads\/sites\/6\/2024\/07\/201910au-dessus-de-la-mer-de-nuages.jpg","datePublished":"2019-10-27T15:25:18+00:00","dateModified":"2019-10-27T15:25:18+00:00","breadcrumb":{"@id":"https:\/\/vosgesinfo.fr\/gerardmerinfo\/2019\/10\/as-gerardmer-ski-alpin-premier-rendez-de-saison-autriche\/#breadcrumb"},"inLanguage":"fr-FR","potentialAction":[{"@type":"ReadAction","target":["https:\/\/vosgesinfo.fr\/gerardmerinfo\/2019\/10\/as-gerardmer-ski-alpin-premier-rendez-de-saison-autriche\/"]}]},{"@type":"ImageObject","inLanguage":"fr-FR","@id":"https:\/\/vosgesinfo.fr\/gerardmerinfo\/2019\/10\/as-gerardmer-ski-alpin-premier-rendez-de-saison-autriche\/#primaryimage","url":"https:\/\/vosgesinfo.fr\/app\/uploads\/sites\/6\/2024\/07\/201910au-dessus-de-la-mer-de-nuages.jpg","contentUrl":"https:\/\/vosgesinfo.fr\/app\/uploads\/sites\/6\/2024\/07\/201910au-dessus-de-la-mer-de-nuages.jpg","width":800,"height":600},{"@type":"BreadcrumbList","@id":"https:\/\/vosgesinfo.fr\/gerardmerinfo\/2019\/10\/as-gerardmer-ski-alpin-premier-rendez-de-saison-autriche\/#breadcrumb","itemListElement":[{"@type":"ListItem","position":1,"name":"Home","item":"https:\/\/vosgesinfo.fr\/gerardmerinfo\/"},{"@type":"ListItem","position":2,"name":"AS G\u00e9rardmer Ski Alpin : premier rendez-vous de la saison en Autriche"}]},{"@type":"WebSite","@id":"https:\/\/vosgesinfo.fr\/gerardmerinfo\/#website","url":"https:\/\/vosgesinfo.fr\/gerardmerinfo\/","name":"Gerardmer Info","description":"Toute l&#039;actualit\u00e9 de G\u00e9rardmer","publisher":{"@id":"https:\/\/vosgesinfo.fr\/gerardmerinfo\/#organization"},"alternateName":"Toute l'actualit\u00e9 de G\u00e9rardmer","potentialAction":[{"@type":"SearchAction","target":{"@type":"EntryPoint","urlTemplate":"https:\/\/vosgesinfo.fr\/gerardmerinfo\/?s={search_term_string}"},"query-input":"required name=search_term_string"}],"inLanguage":"fr-FR"},{"@type":"Organization","@id":"https:\/\/vosgesinfo.fr\/gerardmerinfo\/#organization","name":"Gerardmer Info","url":"https:\/\/vosgesinfo.fr\/gerardmerinfo\/","logo":{"@type":"ImageObject","inLanguage":"fr-FR","@id":"https:\/\/vosgesinfo.fr\/gerardmerinfo\/#\/schema\/logo\/image\/","url":"https:\/\/vosgesinfo.fr\/app\/uploads\/sites\/6\/2023\/08\/favicon-gerardmerinfo.png","contentUrl":"https:\/\/vosgesinfo.fr\/app\/uploads\/sites\/6\/2023\/08\/favicon-gerardmerinfo.png","width":512,"height":512,"caption":"Gerardmer Info"},"image":{"@id":"https:\/\/vosgesinfo.fr\/gerardmerinfo\/#\/schema\/logo\/image\/"},"sameAs":["https:\/\/www.facebook.com\/profile.php?id=100049475262660","https:\/\/x.com\/VosgesInfo88","https:\/\/www.youtube.com\/@vosgesinfo"]},{"@type":"Person","@id":"https:\/\/vosgesinfo.fr\/gerardmerinfo\/#\/schema\/person\/bc5d02d71e6932e81b6dadb7386667b1","name":"qs_admin","image":{"@type":"ImageObject","inLanguage":"fr-FR","@id":"https:\/\/vosgesinfo.fr\/gerardmerinfo\/#\/schema\/person\/image\/","url":"https:\/\/secure.gravatar.com\/avatar\/94b18ee0ed79e4a42ea2f2931277b6841a8999fc6fde214600c78057cf1fe1de?s=96&d=mm&r=g","contentUrl":"https:\/\/secure.gravatar.com\/avatar\/94b18ee0ed79e4a42ea2f2931277b6841a8999fc6fde214600c78057cf1fe1de?s=96&d=mm&r=g","caption":"qs_admin"},"sameAs":["https:\/\/vosgesinfo.fr\/wp"],"url":"https:\/\/vosgesinfo.fr\/gerardmerinfo\/author\/qs_admin\/"}]}},"_links":{"self":[{"href":"https:\/\/vosgesinfo.fr\/gerardmerinfo\/wp-json\/wp\/v2\/posts\/44763","targetHints":{"allow":["GET"]}}],"collection":[{"href":"https:\/\/vosgesinfo.fr\/gerardmerinfo\/wp-json\/wp\/v2\/posts"}],"about":[{"href":"https:\/\/vosgesinfo.fr\/gerardmerinfo\/wp-json\/wp\/v2\/types\/post"}],"author":[{"embeddable":true,"href":"https:\/\/vosgesinfo.fr\/gerardmerinfo\/wp-json\/wp\/v2\/users\/1"}],"replies":[{"embeddable":true,"href":"https:\/\/vosgesinfo.fr\/gerardmerinfo\/wp-json\/wp\/v2\/comments?post=44763"}],"version-history":[{"count":0,"href":"https:\/\/vosgesinfo.fr\/gerardmerinfo\/wp-json\/wp\/v2\/posts\/44763\/revisions"}],"wp:featuredmedia":[{"embeddable":true,"href":"https:\/\/vosgesinfo.fr\/gerardmerinfo\/wp-json\/wp\/v2\/media\/44764"}],"wp:attachment":[{"href":"https:\/\/vosgesinfo.fr\/gerardmerinfo\/wp-json\/wp\/v2\/media?parent=44763"}],"wp:term":[{"taxonomy":"category","embeddable":true,"href":"https:\/\/vosgesinfo.fr\/gerardmerinfo\/wp-json\/wp\/v2\/categories?post=44763"},{"taxonomy":"post_tag","embeddable":true,"href":"https:\/\/vosgesinfo.fr\/gerardmerinfo\/wp-json\/wp\/v2\/tags?post=44763"}],"curies":[{"name":"wp","href":"https:\/\/api.w.org\/{rel}","templated":true}]}}