{"id":44768,"date":"2019-10-28T16:07:43","date_gmt":"2019-10-28T15:07:43","guid":{"rendered":"https:\/\/vosgesinfo.fr\/gerardmerinfo\/2019\/10\/graines-toiles-festival-davant-premieres\/"},"modified":"2019-10-28T16:07:43","modified_gmt":"2019-10-28T15:07:43","slug":"graines-toiles-festival-davant-premieres","status":"publish","type":"post","link":"https:\/\/vosgesinfo.fr\/gerardmerinfo\/2019\/10\/graines-toiles-festival-davant-premieres\/","title":{"rendered":"Graines des Toiles : un festival d&rsquo;avant-premi\u00e8res"},"content":{"rendered":"<p><span style=\"color: #5eb91e; font-size: 12pt;\"><span style=\"font-family: Arial, sans-serif;\">\u00a0<\/span><\/span><\/p>\n<h2><span style=\"font-size: 12pt;\">Dans le cadre du Festival Graines des Toiles \u00e0 la MCL de G\u00e9rardmer, venez d\u00e9couvrir les films jeune public de demain lors d&rsquo;avant-premi\u00e8res propos\u00e9es par les distributeurs.<\/span><\/h2>\n<p>&nbsp;<\/p>\n<p><span style=\"font-family: Arial, sans-serif; font-size: 12pt;\"><span style=\"color: #5983b0;\"><b><a href=\"\/2019\/10\/L-EXTRAORDINAIRE-VOYAGE-DE-MARONA-AFFICHE.jpg\"><img decoding=\"async\" class=\"alignright size-medium wp-image-154673\" src=\"\/2019\/10\/L-EXTRAORDINAIRE-VOYAGE-DE-MARONA-AFFICHE-191x255.jpg\" alt=\"L-EXTRAORDINAIRE-VOYAGE-DE-MARONA-AFFICHE\" width=\"191\" height=\"255\" \/><\/a>L\u2019extraordinaire voyage de Marona<\/b><\/span><span style=\"color: #5983b0;\"><b> (\u00e0 partir de 7 ans)<\/b><\/span> <\/span><\/p>\n<p><span style=\"color: #000000; font-size: 12pt;\"><span style=\"font-family: Arial, sans-serif;\">Victime d\u2019un accident, une chienne se rem\u00e9more ses diff\u00e9rents ma\u00eetres qu\u2019elle a aim\u00e9s tout au long de sa vie. Par son empathie sans faille, sa vie devient une v\u00e9ritable le\u00e7on d\u2019amour. Plongez dans un univers unique et haut en couleurs \u00e0 travers son aventure. <\/span><\/span><\/p>\n<p><span style=\"color: #5eb91e; font-size: 12pt;\"><span style=\"font-family: Arial, sans-serif;\">Mardi 29 octobre \u00e0 16h30<\/span><\/span><\/p>\n<p><span style=\"font-family: Arial, sans-serif; font-size: 12pt;\"><span style=\"color: #5983b0;\"><b>Pat et Mat en hiver<\/b><\/span><span style=\"color: #5983b0;\"><b> (\u00e0 partir de 4 ans)<\/b><\/span> <\/span><\/p>\n<p><span style=\"color: #000000; font-size: 12pt;\"><span style=\"font-family: Arial, sans-serif;\">Si la neige est tomb\u00e9e en abondance chez Pat &amp; Mat, les gags et p\u00e9rip\u00e9ties s\u2019annoncent en avalanche dans ce tout nouveau programme. <\/span><\/span><\/p>\n<p><span style=\"color: #5eb91e; font-size: 12pt;\"><span style=\"font-family: Arial, sans-serif;\">Mercredi 30 octobre \u00e0 9h30 ( Cin\u00e9 p&rsquo;tit d\u00e9j : 4.50\u20ac pour tous !)<br \/>\n<\/span><\/span><\/p>\n<p><span style=\"font-family: Arial, sans-serif; font-size: 12pt;\"><span style=\"color: #5983b0;\"><b><a href=\"\/2019\/10\/LE-VOYAGE-DANS-LA-LUNE-2-AFFICHE.jpg\"><img decoding=\"async\" class=\"alignright size-medium wp-image-154672\" src=\"\/2019\/10\/LE-VOYAGE-DANS-LA-LUNE-2-AFFICHE-191x255.jpg\" alt=\"LE-VOYAGE-DANS-LA-LUNE-2-AFFICHE\" width=\"191\" height=\"255\" \/><\/a>Le voyage dans la lune<\/b><\/span><span style=\"color: #5983b0;\"><b> (\u00e0 partir de 5 ans)<\/b><\/span> <\/span><\/p>\n<p><span style=\"color: #000000; font-size: 12pt;\"><span style=\"font-family: Arial, sans-serif;\">Tous les pays du monde r\u00eavent d\u2019atteindre la Lune pour y planter leur drapeau. Solan et Ludvig d\u00e9cident de tenter leur chance \u00e0 bord de la fus\u00e9e construite par F\u00e9odor. Commence alors une incroyable odyss\u00e9e spatiale ! <\/span><\/span><\/p>\n<p><span style=\"color: #5eb91e; font-size: 12pt;\"><span style=\"font-family: Arial, sans-serif;\">Jeudi 31 octobre \u00e0 17h00 en cl\u00f4ture du Festival, le film sera pr\u00e9c\u00e9d\u00e9 par la remise des prix du Festival<\/span><\/span><\/p>\n","protected":false},"excerpt":{"rendered":"<p>\u00a0 Dans le cadre du Festival Graines des Toiles \u00e0 la MCL de G\u00e9rardmer, venez d\u00e9couvrir les films jeune public [&hellip;]<\/p>\n","protected":false},"author":1,"featured_media":44769,"comment_status":"open","ping_status":"open","sticky":false,"template":"","format":"standard","meta":{"footnotes":""},"categories":[20,4],"tags":[537],"class_list":["post-44768","post","type-post","status-publish","format-standard","has-post-thumbnail","hentry","category-a-la-une","category-culture","tag-festival-graines-des-toiles"],"acf":[],"yoast_head":"<!-- This site is optimized with the Yoast SEO plugin v22.5 - https:\/\/yoast.com\/wordpress\/plugins\/seo\/ -->\n<title>Graines des Toiles : un festival d&#039;avant-premi\u00e8res - Gerardmer Info<\/title>\n<meta name=\"robots\" content=\"index, follow, max-snippet:-1, max-image-preview:large, max-video-preview:-1\" \/>\n<link rel=\"canonical\" href=\"https:\/\/vosgesinfo.fr\/gerardmerinfo\/2019\/10\/graines-toiles-festival-davant-premieres\/\" \/>\n<meta name=\"twitter:card\" content=\"summary_large_image\" \/>\n<meta name=\"twitter:title\" content=\"Graines des Toiles : un festival d&#039;avant-premi\u00e8res - Gerardmer Info\" \/>\n<meta name=\"twitter:description\" content=\"\u00a0 Dans le cadre du Festival Graines des Toiles \u00e0 la MCL de G\u00e9rardmer, venez d\u00e9couvrir les films jeune public [&hellip;]\" \/>\n<meta name=\"twitter:image\" content=\"https:\/\/vosgesinfo.fr\/app\/uploads\/sites\/6\/2024\/07\/201910le-voyage-dans-la-lune-2-affiche.jpg\" \/>\n<meta name=\"twitter:creator\" content=\"@VosgesInfo88\" \/>\n<meta name=\"twitter:site\" content=\"@VosgesInfo88\" \/>\n<meta name=\"twitter:label1\" content=\"\u00c9crit par\" \/>\n\t<meta name=\"twitter:data1\" content=\"qs_admin\" \/>\n\t<meta name=\"twitter:label2\" content=\"Dur\u00e9e de lecture estim\u00e9e\" \/>\n\t<meta name=\"twitter:data2\" content=\"1 minute\" \/>\n<script type=\"application\/ld+json\" class=\"yoast-schema-graph\">{\"@context\":\"https:\/\/schema.org\",\"@graph\":[{\"@type\":\"Article\",\"@id\":\"https:\/\/vosgesinfo.fr\/gerardmerinfo\/2019\/10\/graines-toiles-festival-davant-premieres\/#article\",\"isPartOf\":{\"@id\":\"https:\/\/vosgesinfo.fr\/gerardmerinfo\/2019\/10\/graines-toiles-festival-davant-premieres\/\"},\"author\":{\"name\":\"qs_admin\",\"@id\":\"https:\/\/vosgesinfo.fr\/gerardmerinfo\/#\/schema\/person\/bc5d02d71e6932e81b6dadb7386667b1\"},\"headline\":\"Graines des Toiles : un festival d&rsquo;avant-premi\u00e8res\",\"datePublished\":\"2019-10-28T15:07:43+00:00\",\"dateModified\":\"2019-10-28T15:07:43+00:00\",\"mainEntityOfPage\":{\"@id\":\"https:\/\/vosgesinfo.fr\/gerardmerinfo\/2019\/10\/graines-toiles-festival-davant-premieres\/\"},\"wordCount\":218,\"commentCount\":0,\"publisher\":{\"@id\":\"https:\/\/vosgesinfo.fr\/gerardmerinfo\/#organization\"},\"image\":{\"@id\":\"https:\/\/vosgesinfo.fr\/gerardmerinfo\/2019\/10\/graines-toiles-festival-davant-premieres\/#primaryimage\"},\"thumbnailUrl\":\"https:\/\/vosgesinfo.fr\/app\/uploads\/sites\/6\/2024\/07\/201910le-voyage-dans-la-lune-2-affiche.jpg\",\"keywords\":[\"festival graines des toiles\"],\"articleSection\":[\"A la une\",\"Culture\"],\"inLanguage\":\"fr-FR\",\"potentialAction\":[{\"@type\":\"CommentAction\",\"name\":\"Comment\",\"target\":[\"https:\/\/vosgesinfo.fr\/gerardmerinfo\/2019\/10\/graines-toiles-festival-davant-premieres\/#respond\"]}]},{\"@type\":\"WebPage\",\"@id\":\"https:\/\/vosgesinfo.fr\/gerardmerinfo\/2019\/10\/graines-toiles-festival-davant-premieres\/\",\"url\":\"https:\/\/vosgesinfo.fr\/gerardmerinfo\/2019\/10\/graines-toiles-festival-davant-premieres\/\",\"name\":\"Graines des Toiles : un festival d'avant-premi\u00e8res - Gerardmer Info\",\"isPartOf\":{\"@id\":\"https:\/\/vosgesinfo.fr\/gerardmerinfo\/#website\"},\"primaryImageOfPage\":{\"@id\":\"https:\/\/vosgesinfo.fr\/gerardmerinfo\/2019\/10\/graines-toiles-festival-davant-premieres\/#primaryimage\"},\"image\":{\"@id\":\"https:\/\/vosgesinfo.fr\/gerardmerinfo\/2019\/10\/graines-toiles-festival-davant-premieres\/#primaryimage\"},\"thumbnailUrl\":\"https:\/\/vosgesinfo.fr\/app\/uploads\/sites\/6\/2024\/07\/201910le-voyage-dans-la-lune-2-affiche.jpg\",\"datePublished\":\"2019-10-28T15:07:43+00:00\",\"dateModified\":\"2019-10-28T15:07:43+00:00\",\"breadcrumb\":{\"@id\":\"https:\/\/vosgesinfo.fr\/gerardmerinfo\/2019\/10\/graines-toiles-festival-davant-premieres\/#breadcrumb\"},\"inLanguage\":\"fr-FR\",\"potentialAction\":[{\"@type\":\"ReadAction\",\"target\":[\"https:\/\/vosgesinfo.fr\/gerardmerinfo\/2019\/10\/graines-toiles-festival-davant-premieres\/\"]}]},{\"@type\":\"ImageObject\",\"inLanguage\":\"fr-FR\",\"@id\":\"https:\/\/vosgesinfo.fr\/gerardmerinfo\/2019\/10\/graines-toiles-festival-davant-premieres\/#primaryimage\",\"url\":\"https:\/\/vosgesinfo.fr\/app\/uploads\/sites\/6\/2024\/07\/201910le-voyage-dans-la-lune-2-affiche.jpg\",\"contentUrl\":\"https:\/\/vosgesinfo.fr\/app\/uploads\/sites\/6\/2024\/07\/201910le-voyage-dans-la-lune-2-affiche.jpg\",\"width\":600,\"height\":800},{\"@type\":\"BreadcrumbList\",\"@id\":\"https:\/\/vosgesinfo.fr\/gerardmerinfo\/2019\/10\/graines-toiles-festival-davant-premieres\/#breadcrumb\",\"itemListElement\":[{\"@type\":\"ListItem\",\"position\":1,\"name\":\"Home\",\"item\":\"https:\/\/vosgesinfo.fr\/gerardmerinfo\/\"},{\"@type\":\"ListItem\",\"position\":2,\"name\":\"Graines des Toiles : un festival d&rsquo;avant-premi\u00e8res\"}]},{\"@type\":\"WebSite\",\"@id\":\"https:\/\/vosgesinfo.fr\/gerardmerinfo\/#website\",\"url\":\"https:\/\/vosgesinfo.fr\/gerardmerinfo\/\",\"name\":\"Gerardmer Info\",\"description\":\"Toute l&#039;actualit\u00e9 de G\u00e9rardmer\",\"publisher\":{\"@id\":\"https:\/\/vosgesinfo.fr\/gerardmerinfo\/#organization\"},\"alternateName\":\"Toute l'actualit\u00e9 de G\u00e9rardmer\",\"potentialAction\":[{\"@type\":\"SearchAction\",\"target\":{\"@type\":\"EntryPoint\",\"urlTemplate\":\"https:\/\/vosgesinfo.fr\/gerardmerinfo\/?s={search_term_string}\"},\"query-input\":\"required name=search_term_string\"}],\"inLanguage\":\"fr-FR\"},{\"@type\":\"Organization\",\"@id\":\"https:\/\/vosgesinfo.fr\/gerardmerinfo\/#organization\",\"name\":\"Gerardmer Info\",\"url\":\"https:\/\/vosgesinfo.fr\/gerardmerinfo\/\",\"logo\":{\"@type\":\"ImageObject\",\"inLanguage\":\"fr-FR\",\"@id\":\"https:\/\/vosgesinfo.fr\/gerardmerinfo\/#\/schema\/logo\/image\/\",\"url\":\"https:\/\/vosgesinfo.fr\/app\/uploads\/sites\/6\/2023\/08\/favicon-gerardmerinfo.png\",\"contentUrl\":\"https:\/\/vosgesinfo.fr\/app\/uploads\/sites\/6\/2023\/08\/favicon-gerardmerinfo.png\",\"width\":512,\"height\":512,\"caption\":\"Gerardmer Info\"},\"image\":{\"@id\":\"https:\/\/vosgesinfo.fr\/gerardmerinfo\/#\/schema\/logo\/image\/\"},\"sameAs\":[\"https:\/\/www.facebook.com\/profile.php?id=100049475262660\",\"https:\/\/x.com\/VosgesInfo88\",\"https:\/\/www.youtube.com\/@vosgesinfo\"]},{\"@type\":\"Person\",\"@id\":\"https:\/\/vosgesinfo.fr\/gerardmerinfo\/#\/schema\/person\/bc5d02d71e6932e81b6dadb7386667b1\",\"name\":\"qs_admin\",\"image\":{\"@type\":\"ImageObject\",\"inLanguage\":\"fr-FR\",\"@id\":\"https:\/\/vosgesinfo.fr\/gerardmerinfo\/#\/schema\/person\/image\/\",\"url\":\"https:\/\/secure.gravatar.com\/avatar\/94b18ee0ed79e4a42ea2f2931277b6841a8999fc6fde214600c78057cf1fe1de?s=96&d=mm&r=g\",\"contentUrl\":\"https:\/\/secure.gravatar.com\/avatar\/94b18ee0ed79e4a42ea2f2931277b6841a8999fc6fde214600c78057cf1fe1de?s=96&d=mm&r=g\",\"caption\":\"qs_admin\"},\"sameAs\":[\"https:\/\/vosgesinfo.fr\/wp\"],\"url\":\"https:\/\/vosgesinfo.fr\/gerardmerinfo\/author\/qs_admin\/\"}]}<\/script>\n<!-- \/ Yoast SEO plugin. -->","yoast_head_json":{"title":"Graines des Toiles : un festival d'avant-premi\u00e8res - Gerardmer Info","robots":{"index":"index","follow":"follow","max-snippet":"max-snippet:-1","max-image-preview":"max-image-preview:large","max-video-preview":"max-video-preview:-1"},"canonical":"https:\/\/vosgesinfo.fr\/gerardmerinfo\/2019\/10\/graines-toiles-festival-davant-premieres\/","twitter_card":"summary_large_image","twitter_title":"Graines des Toiles : un festival d'avant-premi\u00e8res - Gerardmer Info","twitter_description":"\u00a0 Dans le cadre du Festival Graines des Toiles \u00e0 la MCL de G\u00e9rardmer, venez d\u00e9couvrir les films jeune public [&hellip;]","twitter_image":"https:\/\/vosgesinfo.fr\/app\/uploads\/sites\/6\/2024\/07\/201910le-voyage-dans-la-lune-2-affiche.jpg","twitter_creator":"@VosgesInfo88","twitter_site":"@VosgesInfo88","twitter_misc":{"\u00c9crit par":"qs_admin","Dur\u00e9e de lecture estim\u00e9e":"1 minute"},"schema":{"@context":"https:\/\/schema.org","@graph":[{"@type":"Article","@id":"https:\/\/vosgesinfo.fr\/gerardmerinfo\/2019\/10\/graines-toiles-festival-davant-premieres\/#article","isPartOf":{"@id":"https:\/\/vosgesinfo.fr\/gerardmerinfo\/2019\/10\/graines-toiles-festival-davant-premieres\/"},"author":{"name":"qs_admin","@id":"https:\/\/vosgesinfo.fr\/gerardmerinfo\/#\/schema\/person\/bc5d02d71e6932e81b6dadb7386667b1"},"headline":"Graines des Toiles : un festival d&rsquo;avant-premi\u00e8res","datePublished":"2019-10-28T15:07:43+00:00","dateModified":"2019-10-28T15:07:43+00:00","mainEntityOfPage":{"@id":"https:\/\/vosgesinfo.fr\/gerardmerinfo\/2019\/10\/graines-toiles-festival-davant-premieres\/"},"wordCount":218,"commentCount":0,"publisher":{"@id":"https:\/\/vosgesinfo.fr\/gerardmerinfo\/#organization"},"image":{"@id":"https:\/\/vosgesinfo.fr\/gerardmerinfo\/2019\/10\/graines-toiles-festival-davant-premieres\/#primaryimage"},"thumbnailUrl":"https:\/\/vosgesinfo.fr\/app\/uploads\/sites\/6\/2024\/07\/201910le-voyage-dans-la-lune-2-affiche.jpg","keywords":["festival graines des toiles"],"articleSection":["A la une","Culture"],"inLanguage":"fr-FR","potentialAction":[{"@type":"CommentAction","name":"Comment","target":["https:\/\/vosgesinfo.fr\/gerardmerinfo\/2019\/10\/graines-toiles-festival-davant-premieres\/#respond"]}]},{"@type":"WebPage","@id":"https:\/\/vosgesinfo.fr\/gerardmerinfo\/2019\/10\/graines-toiles-festival-davant-premieres\/","url":"https:\/\/vosgesinfo.fr\/gerardmerinfo\/2019\/10\/graines-toiles-festival-davant-premieres\/","name":"Graines des Toiles : un festival d'avant-premi\u00e8res - Gerardmer Info","isPartOf":{"@id":"https:\/\/vosgesinfo.fr\/gerardmerinfo\/#website"},"primaryImageOfPage":{"@id":"https:\/\/vosgesinfo.fr\/gerardmerinfo\/2019\/10\/graines-toiles-festival-davant-premieres\/#primaryimage"},"image":{"@id":"https:\/\/vosgesinfo.fr\/gerardmerinfo\/2019\/10\/graines-toiles-festival-davant-premieres\/#primaryimage"},"thumbnailUrl":"https:\/\/vosgesinfo.fr\/app\/uploads\/sites\/6\/2024\/07\/201910le-voyage-dans-la-lune-2-affiche.jpg","datePublished":"2019-10-28T15:07:43+00:00","dateModified":"2019-10-28T15:07:43+00:00","breadcrumb":{"@id":"https:\/\/vosgesinfo.fr\/gerardmerinfo\/2019\/10\/graines-toiles-festival-davant-premieres\/#breadcrumb"},"inLanguage":"fr-FR","potentialAction":[{"@type":"ReadAction","target":["https:\/\/vosgesinfo.fr\/gerardmerinfo\/2019\/10\/graines-toiles-festival-davant-premieres\/"]}]},{"@type":"ImageObject","inLanguage":"fr-FR","@id":"https:\/\/vosgesinfo.fr\/gerardmerinfo\/2019\/10\/graines-toiles-festival-davant-premieres\/#primaryimage","url":"https:\/\/vosgesinfo.fr\/app\/uploads\/sites\/6\/2024\/07\/201910le-voyage-dans-la-lune-2-affiche.jpg","contentUrl":"https:\/\/vosgesinfo.fr\/app\/uploads\/sites\/6\/2024\/07\/201910le-voyage-dans-la-lune-2-affiche.jpg","width":600,"height":800},{"@type":"BreadcrumbList","@id":"https:\/\/vosgesinfo.fr\/gerardmerinfo\/2019\/10\/graines-toiles-festival-davant-premieres\/#breadcrumb","itemListElement":[{"@type":"ListItem","position":1,"name":"Home","item":"https:\/\/vosgesinfo.fr\/gerardmerinfo\/"},{"@type":"ListItem","position":2,"name":"Graines des Toiles : un festival d&rsquo;avant-premi\u00e8res"}]},{"@type":"WebSite","@id":"https:\/\/vosgesinfo.fr\/gerardmerinfo\/#website","url":"https:\/\/vosgesinfo.fr\/gerardmerinfo\/","name":"Gerardmer Info","description":"Toute l&#039;actualit\u00e9 de G\u00e9rardmer","publisher":{"@id":"https:\/\/vosgesinfo.fr\/gerardmerinfo\/#organization"},"alternateName":"Toute l'actualit\u00e9 de G\u00e9rardmer","potentialAction":[{"@type":"SearchAction","target":{"@type":"EntryPoint","urlTemplate":"https:\/\/vosgesinfo.fr\/gerardmerinfo\/?s={search_term_string}"},"query-input":"required name=search_term_string"}],"inLanguage":"fr-FR"},{"@type":"Organization","@id":"https:\/\/vosgesinfo.fr\/gerardmerinfo\/#organization","name":"Gerardmer Info","url":"https:\/\/vosgesinfo.fr\/gerardmerinfo\/","logo":{"@type":"ImageObject","inLanguage":"fr-FR","@id":"https:\/\/vosgesinfo.fr\/gerardmerinfo\/#\/schema\/logo\/image\/","url":"https:\/\/vosgesinfo.fr\/app\/uploads\/sites\/6\/2023\/08\/favicon-gerardmerinfo.png","contentUrl":"https:\/\/vosgesinfo.fr\/app\/uploads\/sites\/6\/2023\/08\/favicon-gerardmerinfo.png","width":512,"height":512,"caption":"Gerardmer Info"},"image":{"@id":"https:\/\/vosgesinfo.fr\/gerardmerinfo\/#\/schema\/logo\/image\/"},"sameAs":["https:\/\/www.facebook.com\/profile.php?id=100049475262660","https:\/\/x.com\/VosgesInfo88","https:\/\/www.youtube.com\/@vosgesinfo"]},{"@type":"Person","@id":"https:\/\/vosgesinfo.fr\/gerardmerinfo\/#\/schema\/person\/bc5d02d71e6932e81b6dadb7386667b1","name":"qs_admin","image":{"@type":"ImageObject","inLanguage":"fr-FR","@id":"https:\/\/vosgesinfo.fr\/gerardmerinfo\/#\/schema\/person\/image\/","url":"https:\/\/secure.gravatar.com\/avatar\/94b18ee0ed79e4a42ea2f2931277b6841a8999fc6fde214600c78057cf1fe1de?s=96&d=mm&r=g","contentUrl":"https:\/\/secure.gravatar.com\/avatar\/94b18ee0ed79e4a42ea2f2931277b6841a8999fc6fde214600c78057cf1fe1de?s=96&d=mm&r=g","caption":"qs_admin"},"sameAs":["https:\/\/vosgesinfo.fr\/wp"],"url":"https:\/\/vosgesinfo.fr\/gerardmerinfo\/author\/qs_admin\/"}]}},"_links":{"self":[{"href":"https:\/\/vosgesinfo.fr\/gerardmerinfo\/wp-json\/wp\/v2\/posts\/44768","targetHints":{"allow":["GET"]}}],"collection":[{"href":"https:\/\/vosgesinfo.fr\/gerardmerinfo\/wp-json\/wp\/v2\/posts"}],"about":[{"href":"https:\/\/vosgesinfo.fr\/gerardmerinfo\/wp-json\/wp\/v2\/types\/post"}],"author":[{"embeddable":true,"href":"https:\/\/vosgesinfo.fr\/gerardmerinfo\/wp-json\/wp\/v2\/users\/1"}],"replies":[{"embeddable":true,"href":"https:\/\/vosgesinfo.fr\/gerardmerinfo\/wp-json\/wp\/v2\/comments?post=44768"}],"version-history":[{"count":0,"href":"https:\/\/vosgesinfo.fr\/gerardmerinfo\/wp-json\/wp\/v2\/posts\/44768\/revisions"}],"wp:featuredmedia":[{"embeddable":true,"href":"https:\/\/vosgesinfo.fr\/gerardmerinfo\/wp-json\/wp\/v2\/media\/44769"}],"wp:attachment":[{"href":"https:\/\/vosgesinfo.fr\/gerardmerinfo\/wp-json\/wp\/v2\/media?parent=44768"}],"wp:term":[{"taxonomy":"category","embeddable":true,"href":"https:\/\/vosgesinfo.fr\/gerardmerinfo\/wp-json\/wp\/v2\/categories?post=44768"},{"taxonomy":"post_tag","embeddable":true,"href":"https:\/\/vosgesinfo.fr\/gerardmerinfo\/wp-json\/wp\/v2\/tags?post=44768"}],"curies":[{"name":"wp","href":"https:\/\/api.w.org\/{rel}","templated":true}]}}