{"id":44811,"date":"2019-10-27T16:26:16","date_gmt":"2019-10-27T15:26:16","guid":{"rendered":"https:\/\/vosgesinfo.fr\/gerardmerinfo\/2019\/10\/petite-demonstration-de-sculpture-a-tronconneuse-tom-demangeon\/"},"modified":"2019-10-27T16:26:16","modified_gmt":"2019-10-27T15:26:16","slug":"petite-demonstration-de-sculpture-a-tronconneuse-tom-demangeon","status":"publish","type":"post","link":"https:\/\/vosgesinfo.fr\/gerardmerinfo\/2019\/10\/petite-demonstration-de-sculpture-a-tronconneuse-tom-demangeon\/","title":{"rendered":"Petite d\u00e9monstration de sculpture \u00e0 la tron\u00e7onneuse avec Tom Demangeon"},"content":{"rendered":"<p><a href=\"\/2019\/10\/tom-demangeon-MCL-graines-des-toiles-5.jpg\"><img decoding=\"async\" class=\"aligncenter size-full wp-image-154723\" src=\"\/2019\/10\/tom-demangeon-MCL-graines-des-toiles-5.jpg\" alt=\"tom demangeon MCL graines des toiles (5)\" width=\"800\" height=\"530\" \/><\/a><\/p>\n<h3>\u00c2g\u00e9 de 17 ans et originaire de Saint R\u00e9my, un petit village \u00e0 c\u00f4t\u00e9 de Saint-Di\u00e9, Tom Demangeon expose dans le hall de la MCL dans le cadre de Graines des Toiles. Ses cr\u00e9ations sont visibles jusqu&rsquo;au 31 octobre.<\/h3>\n<p>Pour celles et ceux qui ne le connaissent pas encore, sachez qu&rsquo;il s&rsquo;est mis \u00e0 la sculpture il y a 2 ans apr\u00e8s avoir regard\u00e9 une \u00e9mission \u00e0 la TV qui lui a donner envie de faire de la sculpture sur bois. Depuis 1 an il fait des expositions et des d\u00e9monstrations de sculpture \u00e0 la tron\u00e7onneuse. Ce samedi, il \u00e9tait donc \u00e0 la MCL o\u00f9 il a donn\u00e9 vie \u00e0 un aigle entre 10h et 17h. De nombreux promeneurs se sont arr\u00eat\u00e9s pour d\u00e9couvrir la sculpture en cette journ\u00e9e ensoleill\u00e9e propice aux balades, sans oublier les aficionados du march\u00e9 le samedi matin.<\/p>\n<p>Plus d&rsquo;infos sur Tom et ses sculptures au 06.24.38.40.82 ou sur : <a href=\"http:\/\/latelier-du-sculpteur.fr\/\" target=\"_blank\" rel=\"noopener noreferrer\" data-auth=\"NotApplicable\"> http:\/\/latelier-du-sculpteur.fr\/ <\/a><\/p>\n\n","protected":false},"excerpt":{"rendered":"<p>\u00c2g\u00e9 de 17 ans et originaire de Saint R\u00e9my, un petit village \u00e0 c\u00f4t\u00e9 de Saint-Di\u00e9, Tom Demangeon expose dans [&hellip;]<\/p>\n","protected":false},"author":1,"featured_media":44812,"comment_status":"open","ping_status":"open","sticky":false,"template":"","format":"standard","meta":{"footnotes":""},"categories":[20,4],"tags":[537,4238],"class_list":["post-44811","post","type-post","status-publish","format-standard","has-post-thumbnail","hentry","category-a-la-une","category-culture","tag-festival-graines-des-toiles","tag-tom-demangeon"],"acf":[],"yoast_head":"<!-- This site is optimized with the Yoast SEO plugin v22.5 - https:\/\/yoast.com\/wordpress\/plugins\/seo\/ -->\n<title>Petite d\u00e9monstration de sculpture \u00e0 la tron\u00e7onneuse avec Tom Demangeon - Gerardmer Info<\/title>\n<meta name=\"robots\" content=\"index, follow, max-snippet:-1, max-image-preview:large, max-video-preview:-1\" \/>\n<link rel=\"canonical\" href=\"https:\/\/vosgesinfo.fr\/gerardmerinfo\/2019\/10\/petite-demonstration-de-sculpture-a-tronconneuse-tom-demangeon\/\" \/>\n<meta name=\"twitter:card\" content=\"summary_large_image\" \/>\n<meta name=\"twitter:title\" content=\"Petite d\u00e9monstration de sculpture \u00e0 la tron\u00e7onneuse avec Tom Demangeon - Gerardmer Info\" \/>\n<meta name=\"twitter:description\" content=\"\u00c2g\u00e9 de 17 ans et originaire de Saint R\u00e9my, un petit village \u00e0 c\u00f4t\u00e9 de Saint-Di\u00e9, Tom Demangeon expose dans [&hellip;]\" \/>\n<meta name=\"twitter:image\" content=\"https:\/\/vosgesinfo.fr\/app\/uploads\/sites\/6\/2024\/07\/201910tom-demangeon-mcl-graines-des-toiles-5.jpg\" \/>\n<meta name=\"twitter:creator\" content=\"@VosgesInfo88\" \/>\n<meta name=\"twitter:site\" content=\"@VosgesInfo88\" \/>\n<meta name=\"twitter:label1\" content=\"\u00c9crit par\" \/>\n\t<meta name=\"twitter:data1\" content=\"qs_admin\" \/>\n\t<meta name=\"twitter:label2\" content=\"Dur\u00e9e de lecture estim\u00e9e\" \/>\n\t<meta name=\"twitter:data2\" content=\"1 minute\" \/>\n<script type=\"application\/ld+json\" class=\"yoast-schema-graph\">{\"@context\":\"https:\/\/schema.org\",\"@graph\":[{\"@type\":\"Article\",\"@id\":\"https:\/\/vosgesinfo.fr\/gerardmerinfo\/2019\/10\/petite-demonstration-de-sculpture-a-tronconneuse-tom-demangeon\/#article\",\"isPartOf\":{\"@id\":\"https:\/\/vosgesinfo.fr\/gerardmerinfo\/2019\/10\/petite-demonstration-de-sculpture-a-tronconneuse-tom-demangeon\/\"},\"author\":{\"name\":\"qs_admin\",\"@id\":\"https:\/\/vosgesinfo.fr\/gerardmerinfo\/#\/schema\/person\/bc5d02d71e6932e81b6dadb7386667b1\"},\"headline\":\"Petite d\u00e9monstration de sculpture \u00e0 la tron\u00e7onneuse avec Tom Demangeon\",\"datePublished\":\"2019-10-27T15:26:16+00:00\",\"dateModified\":\"2019-10-27T15:26:16+00:00\",\"mainEntityOfPage\":{\"@id\":\"https:\/\/vosgesinfo.fr\/gerardmerinfo\/2019\/10\/petite-demonstration-de-sculpture-a-tronconneuse-tom-demangeon\/\"},\"wordCount\":179,\"commentCount\":0,\"publisher\":{\"@id\":\"https:\/\/vosgesinfo.fr\/gerardmerinfo\/#organization\"},\"image\":{\"@id\":\"https:\/\/vosgesinfo.fr\/gerardmerinfo\/2019\/10\/petite-demonstration-de-sculpture-a-tronconneuse-tom-demangeon\/#primaryimage\"},\"thumbnailUrl\":\"https:\/\/vosgesinfo.fr\/app\/uploads\/sites\/6\/2024\/07\/201910tom-demangeon-mcl-graines-des-toiles-5.jpg\",\"keywords\":[\"festival graines des toiles\",\"Tom demangeon\"],\"articleSection\":[\"A la une\",\"Culture\"],\"inLanguage\":\"fr-FR\",\"potentialAction\":[{\"@type\":\"CommentAction\",\"name\":\"Comment\",\"target\":[\"https:\/\/vosgesinfo.fr\/gerardmerinfo\/2019\/10\/petite-demonstration-de-sculpture-a-tronconneuse-tom-demangeon\/#respond\"]}]},{\"@type\":\"WebPage\",\"@id\":\"https:\/\/vosgesinfo.fr\/gerardmerinfo\/2019\/10\/petite-demonstration-de-sculpture-a-tronconneuse-tom-demangeon\/\",\"url\":\"https:\/\/vosgesinfo.fr\/gerardmerinfo\/2019\/10\/petite-demonstration-de-sculpture-a-tronconneuse-tom-demangeon\/\",\"name\":\"Petite d\u00e9monstration de sculpture \u00e0 la tron\u00e7onneuse avec Tom Demangeon - Gerardmer Info\",\"isPartOf\":{\"@id\":\"https:\/\/vosgesinfo.fr\/gerardmerinfo\/#website\"},\"primaryImageOfPage\":{\"@id\":\"https:\/\/vosgesinfo.fr\/gerardmerinfo\/2019\/10\/petite-demonstration-de-sculpture-a-tronconneuse-tom-demangeon\/#primaryimage\"},\"image\":{\"@id\":\"https:\/\/vosgesinfo.fr\/gerardmerinfo\/2019\/10\/petite-demonstration-de-sculpture-a-tronconneuse-tom-demangeon\/#primaryimage\"},\"thumbnailUrl\":\"https:\/\/vosgesinfo.fr\/app\/uploads\/sites\/6\/2024\/07\/201910tom-demangeon-mcl-graines-des-toiles-5.jpg\",\"datePublished\":\"2019-10-27T15:26:16+00:00\",\"dateModified\":\"2019-10-27T15:26:16+00:00\",\"breadcrumb\":{\"@id\":\"https:\/\/vosgesinfo.fr\/gerardmerinfo\/2019\/10\/petite-demonstration-de-sculpture-a-tronconneuse-tom-demangeon\/#breadcrumb\"},\"inLanguage\":\"fr-FR\",\"potentialAction\":[{\"@type\":\"ReadAction\",\"target\":[\"https:\/\/vosgesinfo.fr\/gerardmerinfo\/2019\/10\/petite-demonstration-de-sculpture-a-tronconneuse-tom-demangeon\/\"]}]},{\"@type\":\"ImageObject\",\"inLanguage\":\"fr-FR\",\"@id\":\"https:\/\/vosgesinfo.fr\/gerardmerinfo\/2019\/10\/petite-demonstration-de-sculpture-a-tronconneuse-tom-demangeon\/#primaryimage\",\"url\":\"https:\/\/vosgesinfo.fr\/app\/uploads\/sites\/6\/2024\/07\/201910tom-demangeon-mcl-graines-des-toiles-5.jpg\",\"contentUrl\":\"https:\/\/vosgesinfo.fr\/app\/uploads\/sites\/6\/2024\/07\/201910tom-demangeon-mcl-graines-des-toiles-5.jpg\",\"width\":800,\"height\":530},{\"@type\":\"BreadcrumbList\",\"@id\":\"https:\/\/vosgesinfo.fr\/gerardmerinfo\/2019\/10\/petite-demonstration-de-sculpture-a-tronconneuse-tom-demangeon\/#breadcrumb\",\"itemListElement\":[{\"@type\":\"ListItem\",\"position\":1,\"name\":\"Home\",\"item\":\"https:\/\/vosgesinfo.fr\/gerardmerinfo\/\"},{\"@type\":\"ListItem\",\"position\":2,\"name\":\"Petite d\u00e9monstration de sculpture \u00e0 la tron\u00e7onneuse avec Tom Demangeon\"}]},{\"@type\":\"WebSite\",\"@id\":\"https:\/\/vosgesinfo.fr\/gerardmerinfo\/#website\",\"url\":\"https:\/\/vosgesinfo.fr\/gerardmerinfo\/\",\"name\":\"Gerardmer Info\",\"description\":\"Toute l&#039;actualit\u00e9 de G\u00e9rardmer\",\"publisher\":{\"@id\":\"https:\/\/vosgesinfo.fr\/gerardmerinfo\/#organization\"},\"alternateName\":\"Toute l'actualit\u00e9 de G\u00e9rardmer\",\"potentialAction\":[{\"@type\":\"SearchAction\",\"target\":{\"@type\":\"EntryPoint\",\"urlTemplate\":\"https:\/\/vosgesinfo.fr\/gerardmerinfo\/?s={search_term_string}\"},\"query-input\":\"required name=search_term_string\"}],\"inLanguage\":\"fr-FR\"},{\"@type\":\"Organization\",\"@id\":\"https:\/\/vosgesinfo.fr\/gerardmerinfo\/#organization\",\"name\":\"Gerardmer Info\",\"url\":\"https:\/\/vosgesinfo.fr\/gerardmerinfo\/\",\"logo\":{\"@type\":\"ImageObject\",\"inLanguage\":\"fr-FR\",\"@id\":\"https:\/\/vosgesinfo.fr\/gerardmerinfo\/#\/schema\/logo\/image\/\",\"url\":\"https:\/\/vosgesinfo.fr\/app\/uploads\/sites\/6\/2023\/08\/favicon-gerardmerinfo.png\",\"contentUrl\":\"https:\/\/vosgesinfo.fr\/app\/uploads\/sites\/6\/2023\/08\/favicon-gerardmerinfo.png\",\"width\":512,\"height\":512,\"caption\":\"Gerardmer Info\"},\"image\":{\"@id\":\"https:\/\/vosgesinfo.fr\/gerardmerinfo\/#\/schema\/logo\/image\/\"},\"sameAs\":[\"https:\/\/www.facebook.com\/profile.php?id=100049475262660\",\"https:\/\/x.com\/VosgesInfo88\",\"https:\/\/www.youtube.com\/@vosgesinfo\"]},{\"@type\":\"Person\",\"@id\":\"https:\/\/vosgesinfo.fr\/gerardmerinfo\/#\/schema\/person\/bc5d02d71e6932e81b6dadb7386667b1\",\"name\":\"qs_admin\",\"image\":{\"@type\":\"ImageObject\",\"inLanguage\":\"fr-FR\",\"@id\":\"https:\/\/vosgesinfo.fr\/gerardmerinfo\/#\/schema\/person\/image\/\",\"url\":\"https:\/\/secure.gravatar.com\/avatar\/94b18ee0ed79e4a42ea2f2931277b6841a8999fc6fde214600c78057cf1fe1de?s=96&d=mm&r=g\",\"contentUrl\":\"https:\/\/secure.gravatar.com\/avatar\/94b18ee0ed79e4a42ea2f2931277b6841a8999fc6fde214600c78057cf1fe1de?s=96&d=mm&r=g\",\"caption\":\"qs_admin\"},\"sameAs\":[\"https:\/\/vosgesinfo.fr\/wp\"],\"url\":\"https:\/\/vosgesinfo.fr\/gerardmerinfo\/author\/qs_admin\/\"}]}<\/script>\n<!-- \/ Yoast SEO plugin. -->","yoast_head_json":{"title":"Petite d\u00e9monstration de sculpture \u00e0 la tron\u00e7onneuse avec Tom Demangeon - Gerardmer Info","robots":{"index":"index","follow":"follow","max-snippet":"max-snippet:-1","max-image-preview":"max-image-preview:large","max-video-preview":"max-video-preview:-1"},"canonical":"https:\/\/vosgesinfo.fr\/gerardmerinfo\/2019\/10\/petite-demonstration-de-sculpture-a-tronconneuse-tom-demangeon\/","twitter_card":"summary_large_image","twitter_title":"Petite d\u00e9monstration de sculpture \u00e0 la tron\u00e7onneuse avec Tom Demangeon - Gerardmer Info","twitter_description":"\u00c2g\u00e9 de 17 ans et originaire de Saint R\u00e9my, un petit village \u00e0 c\u00f4t\u00e9 de Saint-Di\u00e9, Tom Demangeon expose dans [&hellip;]","twitter_image":"https:\/\/vosgesinfo.fr\/app\/uploads\/sites\/6\/2024\/07\/201910tom-demangeon-mcl-graines-des-toiles-5.jpg","twitter_creator":"@VosgesInfo88","twitter_site":"@VosgesInfo88","twitter_misc":{"\u00c9crit par":"qs_admin","Dur\u00e9e de lecture estim\u00e9e":"1 minute"},"schema":{"@context":"https:\/\/schema.org","@graph":[{"@type":"Article","@id":"https:\/\/vosgesinfo.fr\/gerardmerinfo\/2019\/10\/petite-demonstration-de-sculpture-a-tronconneuse-tom-demangeon\/#article","isPartOf":{"@id":"https:\/\/vosgesinfo.fr\/gerardmerinfo\/2019\/10\/petite-demonstration-de-sculpture-a-tronconneuse-tom-demangeon\/"},"author":{"name":"qs_admin","@id":"https:\/\/vosgesinfo.fr\/gerardmerinfo\/#\/schema\/person\/bc5d02d71e6932e81b6dadb7386667b1"},"headline":"Petite d\u00e9monstration de sculpture \u00e0 la tron\u00e7onneuse avec Tom Demangeon","datePublished":"2019-10-27T15:26:16+00:00","dateModified":"2019-10-27T15:26:16+00:00","mainEntityOfPage":{"@id":"https:\/\/vosgesinfo.fr\/gerardmerinfo\/2019\/10\/petite-demonstration-de-sculpture-a-tronconneuse-tom-demangeon\/"},"wordCount":179,"commentCount":0,"publisher":{"@id":"https:\/\/vosgesinfo.fr\/gerardmerinfo\/#organization"},"image":{"@id":"https:\/\/vosgesinfo.fr\/gerardmerinfo\/2019\/10\/petite-demonstration-de-sculpture-a-tronconneuse-tom-demangeon\/#primaryimage"},"thumbnailUrl":"https:\/\/vosgesinfo.fr\/app\/uploads\/sites\/6\/2024\/07\/201910tom-demangeon-mcl-graines-des-toiles-5.jpg","keywords":["festival graines des toiles","Tom demangeon"],"articleSection":["A la une","Culture"],"inLanguage":"fr-FR","potentialAction":[{"@type":"CommentAction","name":"Comment","target":["https:\/\/vosgesinfo.fr\/gerardmerinfo\/2019\/10\/petite-demonstration-de-sculpture-a-tronconneuse-tom-demangeon\/#respond"]}]},{"@type":"WebPage","@id":"https:\/\/vosgesinfo.fr\/gerardmerinfo\/2019\/10\/petite-demonstration-de-sculpture-a-tronconneuse-tom-demangeon\/","url":"https:\/\/vosgesinfo.fr\/gerardmerinfo\/2019\/10\/petite-demonstration-de-sculpture-a-tronconneuse-tom-demangeon\/","name":"Petite d\u00e9monstration de sculpture \u00e0 la tron\u00e7onneuse avec Tom Demangeon - Gerardmer Info","isPartOf":{"@id":"https:\/\/vosgesinfo.fr\/gerardmerinfo\/#website"},"primaryImageOfPage":{"@id":"https:\/\/vosgesinfo.fr\/gerardmerinfo\/2019\/10\/petite-demonstration-de-sculpture-a-tronconneuse-tom-demangeon\/#primaryimage"},"image":{"@id":"https:\/\/vosgesinfo.fr\/gerardmerinfo\/2019\/10\/petite-demonstration-de-sculpture-a-tronconneuse-tom-demangeon\/#primaryimage"},"thumbnailUrl":"https:\/\/vosgesinfo.fr\/app\/uploads\/sites\/6\/2024\/07\/201910tom-demangeon-mcl-graines-des-toiles-5.jpg","datePublished":"2019-10-27T15:26:16+00:00","dateModified":"2019-10-27T15:26:16+00:00","breadcrumb":{"@id":"https:\/\/vosgesinfo.fr\/gerardmerinfo\/2019\/10\/petite-demonstration-de-sculpture-a-tronconneuse-tom-demangeon\/#breadcrumb"},"inLanguage":"fr-FR","potentialAction":[{"@type":"ReadAction","target":["https:\/\/vosgesinfo.fr\/gerardmerinfo\/2019\/10\/petite-demonstration-de-sculpture-a-tronconneuse-tom-demangeon\/"]}]},{"@type":"ImageObject","inLanguage":"fr-FR","@id":"https:\/\/vosgesinfo.fr\/gerardmerinfo\/2019\/10\/petite-demonstration-de-sculpture-a-tronconneuse-tom-demangeon\/#primaryimage","url":"https:\/\/vosgesinfo.fr\/app\/uploads\/sites\/6\/2024\/07\/201910tom-demangeon-mcl-graines-des-toiles-5.jpg","contentUrl":"https:\/\/vosgesinfo.fr\/app\/uploads\/sites\/6\/2024\/07\/201910tom-demangeon-mcl-graines-des-toiles-5.jpg","width":800,"height":530},{"@type":"BreadcrumbList","@id":"https:\/\/vosgesinfo.fr\/gerardmerinfo\/2019\/10\/petite-demonstration-de-sculpture-a-tronconneuse-tom-demangeon\/#breadcrumb","itemListElement":[{"@type":"ListItem","position":1,"name":"Home","item":"https:\/\/vosgesinfo.fr\/gerardmerinfo\/"},{"@type":"ListItem","position":2,"name":"Petite d\u00e9monstration de sculpture \u00e0 la tron\u00e7onneuse avec Tom Demangeon"}]},{"@type":"WebSite","@id":"https:\/\/vosgesinfo.fr\/gerardmerinfo\/#website","url":"https:\/\/vosgesinfo.fr\/gerardmerinfo\/","name":"Gerardmer Info","description":"Toute l&#039;actualit\u00e9 de G\u00e9rardmer","publisher":{"@id":"https:\/\/vosgesinfo.fr\/gerardmerinfo\/#organization"},"alternateName":"Toute l'actualit\u00e9 de G\u00e9rardmer","potentialAction":[{"@type":"SearchAction","target":{"@type":"EntryPoint","urlTemplate":"https:\/\/vosgesinfo.fr\/gerardmerinfo\/?s={search_term_string}"},"query-input":"required name=search_term_string"}],"inLanguage":"fr-FR"},{"@type":"Organization","@id":"https:\/\/vosgesinfo.fr\/gerardmerinfo\/#organization","name":"Gerardmer Info","url":"https:\/\/vosgesinfo.fr\/gerardmerinfo\/","logo":{"@type":"ImageObject","inLanguage":"fr-FR","@id":"https:\/\/vosgesinfo.fr\/gerardmerinfo\/#\/schema\/logo\/image\/","url":"https:\/\/vosgesinfo.fr\/app\/uploads\/sites\/6\/2023\/08\/favicon-gerardmerinfo.png","contentUrl":"https:\/\/vosgesinfo.fr\/app\/uploads\/sites\/6\/2023\/08\/favicon-gerardmerinfo.png","width":512,"height":512,"caption":"Gerardmer Info"},"image":{"@id":"https:\/\/vosgesinfo.fr\/gerardmerinfo\/#\/schema\/logo\/image\/"},"sameAs":["https:\/\/www.facebook.com\/profile.php?id=100049475262660","https:\/\/x.com\/VosgesInfo88","https:\/\/www.youtube.com\/@vosgesinfo"]},{"@type":"Person","@id":"https:\/\/vosgesinfo.fr\/gerardmerinfo\/#\/schema\/person\/bc5d02d71e6932e81b6dadb7386667b1","name":"qs_admin","image":{"@type":"ImageObject","inLanguage":"fr-FR","@id":"https:\/\/vosgesinfo.fr\/gerardmerinfo\/#\/schema\/person\/image\/","url":"https:\/\/secure.gravatar.com\/avatar\/94b18ee0ed79e4a42ea2f2931277b6841a8999fc6fde214600c78057cf1fe1de?s=96&d=mm&r=g","contentUrl":"https:\/\/secure.gravatar.com\/avatar\/94b18ee0ed79e4a42ea2f2931277b6841a8999fc6fde214600c78057cf1fe1de?s=96&d=mm&r=g","caption":"qs_admin"},"sameAs":["https:\/\/vosgesinfo.fr\/wp"],"url":"https:\/\/vosgesinfo.fr\/gerardmerinfo\/author\/qs_admin\/"}]}},"_links":{"self":[{"href":"https:\/\/vosgesinfo.fr\/gerardmerinfo\/wp-json\/wp\/v2\/posts\/44811","targetHints":{"allow":["GET"]}}],"collection":[{"href":"https:\/\/vosgesinfo.fr\/gerardmerinfo\/wp-json\/wp\/v2\/posts"}],"about":[{"href":"https:\/\/vosgesinfo.fr\/gerardmerinfo\/wp-json\/wp\/v2\/types\/post"}],"author":[{"embeddable":true,"href":"https:\/\/vosgesinfo.fr\/gerardmerinfo\/wp-json\/wp\/v2\/users\/1"}],"replies":[{"embeddable":true,"href":"https:\/\/vosgesinfo.fr\/gerardmerinfo\/wp-json\/wp\/v2\/comments?post=44811"}],"version-history":[{"count":0,"href":"https:\/\/vosgesinfo.fr\/gerardmerinfo\/wp-json\/wp\/v2\/posts\/44811\/revisions"}],"wp:featuredmedia":[{"embeddable":true,"href":"https:\/\/vosgesinfo.fr\/gerardmerinfo\/wp-json\/wp\/v2\/media\/44812"}],"wp:attachment":[{"href":"https:\/\/vosgesinfo.fr\/gerardmerinfo\/wp-json\/wp\/v2\/media?parent=44811"}],"wp:term":[{"taxonomy":"category","embeddable":true,"href":"https:\/\/vosgesinfo.fr\/gerardmerinfo\/wp-json\/wp\/v2\/categories?post=44811"},{"taxonomy":"post_tag","embeddable":true,"href":"https:\/\/vosgesinfo.fr\/gerardmerinfo\/wp-json\/wp\/v2\/tags?post=44811"}],"curies":[{"name":"wp","href":"https:\/\/api.w.org\/{rel}","templated":true}]}}