{"id":44960,"date":"2019-11-08T08:11:13","date_gmt":"2019-11-08T07:11:13","guid":{"rendered":"https:\/\/vosgesinfo.fr\/gerardmerinfo\/2019\/11\/pauvrete-vosges-precarisation-continue-familles\/"},"modified":"2019-11-08T08:11:13","modified_gmt":"2019-11-08T07:11:13","slug":"pauvrete-vosges-precarisation-continue-familles","status":"publish","type":"post","link":"https:\/\/vosgesinfo.fr\/gerardmerinfo\/2019\/11\/pauvrete-vosges-precarisation-continue-familles\/","title":{"rendered":"Pauvret\u00e9 dans les Vosges : une pr\u00e9carisation continue des familles"},"content":{"rendered":"<p><a href=\"https:\/\/epinalinfos.fr\/2019\/11\/pauvrete-vosges-precarisation-continue-familles\/pauvrete\/\" rel=\"attachment wp-att-155192\"><img decoding=\"async\" class=\"aligncenter size-full wp-image-155192\" src=\"\/2019\/11\/pauvrete.jpg\" alt=\"pauvrete\" width=\"800\" height=\"533\" \/><\/a><\/p>\n<h2><span style=\"font-size: 14pt;\">En 2018, les 700 b\u00e9n\u00e9voles du Secours Catholique des Vosges ont rencontr\u00e9 plus de 7 000 personnes dans les lieux d\u2019accueil et d\u2019activit\u00e9 des 37 \u00e9quipes locales et th\u00e9matiques du d\u00e9partement.\u00a0<\/span><\/h2>\n<p>Le Secours Catholique-Caritas France publie comme chaque ann\u00e9e son rapport statistique sur l\u2019\u00e9tat de la pauvret\u00e9 en France. Ce rapport est bas\u00e9 sur les statistiques r\u00e9alis\u00e9es en 2018 qui concernent 1,35 million de personnes que l\u2019association rencontre et accompagne individuellement et collectivement. Il permet de prendre la mesure des facteurs de pauvret\u00e9 et de voir les \u00e9volutions des situations en France.<\/p>\n<p>En 2018, les 700 b\u00e9n\u00e9voles du Secours Catholique des Vosges ont rencontr\u00e9 plus de 7 000 personnes dans les lieux d\u2019accueil et d\u2019activit\u00e9 des 37 \u00e9quipes locales et th\u00e9matiques du d\u00e9partement.<\/p>\n<h3>2% des m\u00e9nages rencontr\u00e9s en 2018 sont des familles avec enfants<\/h3>\n<p>La tendance des derni\u00e8res ann\u00e9es, qui pose le constat d\u2019une pr\u00e9carisation continue des familles, se confirme : 62% des m\u00e9nages rencontr\u00e9s en 2018 sont des familles avec enfants, parmi eux, la part de familles monoparentales reste importante (44%) et met en lumi\u00e8re les difficult\u00e9s engendr\u00e9es par une s\u00e9paration, synonyme de baisse de revenus et de fragilit\u00e9, un gros tiers de ces familles ont trois enfants et plus. Mis en perspective avec les autres statistiques, ce constat r\u00e9v\u00e8le non seulement les difficult\u00e9s mat\u00e9rielles g\u00e9n\u00e9r\u00e9es par cette composition familiale, mais \u00e9galement toutes les autres probl\u00e9matiques auxquelles ces m\u00e9nages doivent faire face (vie sociale, accompagnement des enfants dans leur scolarit\u00e9, \u00e9quilibre familial, \u00e9puisement des parents\u2026)<\/p>\n","protected":false},"excerpt":{"rendered":"<p>En 2018, les 700 b\u00e9n\u00e9voles du Secours Catholique des Vosges ont rencontr\u00e9 plus de 7 000 personnes dans les lieux [&hellip;]<\/p>\n","protected":false},"author":1,"featured_media":44961,"comment_status":"open","ping_status":"open","sticky":false,"template":"","format":"standard","meta":{"footnotes":""},"categories":[20,13,18],"tags":[],"class_list":["post-44960","post","type-post","status-publish","format-standard","has-post-thumbnail","hentry","category-a-la-une","category-societe","category-vosges"],"acf":[],"yoast_head":"<!-- This site is optimized with the Yoast SEO plugin v22.5 - https:\/\/yoast.com\/wordpress\/plugins\/seo\/ -->\n<title>Pauvret\u00e9 dans les Vosges : une pr\u00e9carisation continue des familles - Gerardmer Info<\/title>\n<meta name=\"robots\" content=\"index, follow, max-snippet:-1, max-image-preview:large, max-video-preview:-1\" \/>\n<link rel=\"canonical\" href=\"https:\/\/vosgesinfo.fr\/gerardmerinfo\/2019\/11\/pauvrete-vosges-precarisation-continue-familles\/\" \/>\n<meta name=\"twitter:card\" content=\"summary_large_image\" \/>\n<meta name=\"twitter:title\" content=\"Pauvret\u00e9 dans les Vosges : une pr\u00e9carisation continue des familles - Gerardmer Info\" \/>\n<meta name=\"twitter:description\" content=\"En 2018, les 700 b\u00e9n\u00e9voles du Secours Catholique des Vosges ont rencontr\u00e9 plus de 7 000 personnes dans les lieux [&hellip;]\" \/>\n<meta name=\"twitter:image\" content=\"https:\/\/vosgesinfo.fr\/app\/uploads\/sites\/6\/2024\/07\/201911pauvrete.jpg\" \/>\n<meta name=\"twitter:creator\" content=\"@VosgesInfo88\" \/>\n<meta name=\"twitter:site\" content=\"@VosgesInfo88\" \/>\n<meta name=\"twitter:label1\" content=\"\u00c9crit par\" \/>\n\t<meta name=\"twitter:data1\" content=\"qs_admin\" \/>\n\t<meta name=\"twitter:label2\" content=\"Dur\u00e9e de lecture estim\u00e9e\" \/>\n\t<meta name=\"twitter:data2\" content=\"1 minute\" \/>\n<script type=\"application\/ld+json\" class=\"yoast-schema-graph\">{\"@context\":\"https:\/\/schema.org\",\"@graph\":[{\"@type\":\"Article\",\"@id\":\"https:\/\/vosgesinfo.fr\/gerardmerinfo\/2019\/11\/pauvrete-vosges-precarisation-continue-familles\/#article\",\"isPartOf\":{\"@id\":\"https:\/\/vosgesinfo.fr\/gerardmerinfo\/2019\/11\/pauvrete-vosges-precarisation-continue-familles\/\"},\"author\":{\"name\":\"qs_admin\",\"@id\":\"https:\/\/vosgesinfo.fr\/gerardmerinfo\/#\/schema\/person\/bc5d02d71e6932e81b6dadb7386667b1\"},\"headline\":\"Pauvret\u00e9 dans les Vosges : une pr\u00e9carisation continue des familles\",\"datePublished\":\"2019-11-08T07:11:13+00:00\",\"dateModified\":\"2019-11-08T07:11:13+00:00\",\"mainEntityOfPage\":{\"@id\":\"https:\/\/vosgesinfo.fr\/gerardmerinfo\/2019\/11\/pauvrete-vosges-precarisation-continue-familles\/\"},\"wordCount\":276,\"commentCount\":0,\"publisher\":{\"@id\":\"https:\/\/vosgesinfo.fr\/gerardmerinfo\/#organization\"},\"image\":{\"@id\":\"https:\/\/vosgesinfo.fr\/gerardmerinfo\/2019\/11\/pauvrete-vosges-precarisation-continue-familles\/#primaryimage\"},\"thumbnailUrl\":\"https:\/\/vosgesinfo.fr\/app\/uploads\/sites\/6\/2024\/07\/201911pauvrete.jpg\",\"articleSection\":[\"A la une\",\"Soci\u00e9t\u00e9\",\"Vosges\"],\"inLanguage\":\"fr-FR\",\"potentialAction\":[{\"@type\":\"CommentAction\",\"name\":\"Comment\",\"target\":[\"https:\/\/vosgesinfo.fr\/gerardmerinfo\/2019\/11\/pauvrete-vosges-precarisation-continue-familles\/#respond\"]}]},{\"@type\":\"WebPage\",\"@id\":\"https:\/\/vosgesinfo.fr\/gerardmerinfo\/2019\/11\/pauvrete-vosges-precarisation-continue-familles\/\",\"url\":\"https:\/\/vosgesinfo.fr\/gerardmerinfo\/2019\/11\/pauvrete-vosges-precarisation-continue-familles\/\",\"name\":\"Pauvret\u00e9 dans les Vosges : une pr\u00e9carisation continue des familles - Gerardmer Info\",\"isPartOf\":{\"@id\":\"https:\/\/vosgesinfo.fr\/gerardmerinfo\/#website\"},\"primaryImageOfPage\":{\"@id\":\"https:\/\/vosgesinfo.fr\/gerardmerinfo\/2019\/11\/pauvrete-vosges-precarisation-continue-familles\/#primaryimage\"},\"image\":{\"@id\":\"https:\/\/vosgesinfo.fr\/gerardmerinfo\/2019\/11\/pauvrete-vosges-precarisation-continue-familles\/#primaryimage\"},\"thumbnailUrl\":\"https:\/\/vosgesinfo.fr\/app\/uploads\/sites\/6\/2024\/07\/201911pauvrete.jpg\",\"datePublished\":\"2019-11-08T07:11:13+00:00\",\"dateModified\":\"2019-11-08T07:11:13+00:00\",\"breadcrumb\":{\"@id\":\"https:\/\/vosgesinfo.fr\/gerardmerinfo\/2019\/11\/pauvrete-vosges-precarisation-continue-familles\/#breadcrumb\"},\"inLanguage\":\"fr-FR\",\"potentialAction\":[{\"@type\":\"ReadAction\",\"target\":[\"https:\/\/vosgesinfo.fr\/gerardmerinfo\/2019\/11\/pauvrete-vosges-precarisation-continue-familles\/\"]}]},{\"@type\":\"ImageObject\",\"inLanguage\":\"fr-FR\",\"@id\":\"https:\/\/vosgesinfo.fr\/gerardmerinfo\/2019\/11\/pauvrete-vosges-precarisation-continue-familles\/#primaryimage\",\"url\":\"https:\/\/vosgesinfo.fr\/app\/uploads\/sites\/6\/2024\/07\/201911pauvrete.jpg\",\"contentUrl\":\"https:\/\/vosgesinfo.fr\/app\/uploads\/sites\/6\/2024\/07\/201911pauvrete.jpg\",\"width\":800,\"height\":533},{\"@type\":\"BreadcrumbList\",\"@id\":\"https:\/\/vosgesinfo.fr\/gerardmerinfo\/2019\/11\/pauvrete-vosges-precarisation-continue-familles\/#breadcrumb\",\"itemListElement\":[{\"@type\":\"ListItem\",\"position\":1,\"name\":\"Home\",\"item\":\"https:\/\/vosgesinfo.fr\/gerardmerinfo\/\"},{\"@type\":\"ListItem\",\"position\":2,\"name\":\"Pauvret\u00e9 dans les Vosges : une pr\u00e9carisation continue des familles\"}]},{\"@type\":\"WebSite\",\"@id\":\"https:\/\/vosgesinfo.fr\/gerardmerinfo\/#website\",\"url\":\"https:\/\/vosgesinfo.fr\/gerardmerinfo\/\",\"name\":\"Gerardmer Info\",\"description\":\"Toute l&#039;actualit\u00e9 de G\u00e9rardmer\",\"publisher\":{\"@id\":\"https:\/\/vosgesinfo.fr\/gerardmerinfo\/#organization\"},\"alternateName\":\"Toute l'actualit\u00e9 de G\u00e9rardmer\",\"potentialAction\":[{\"@type\":\"SearchAction\",\"target\":{\"@type\":\"EntryPoint\",\"urlTemplate\":\"https:\/\/vosgesinfo.fr\/gerardmerinfo\/?s={search_term_string}\"},\"query-input\":\"required name=search_term_string\"}],\"inLanguage\":\"fr-FR\"},{\"@type\":\"Organization\",\"@id\":\"https:\/\/vosgesinfo.fr\/gerardmerinfo\/#organization\",\"name\":\"Gerardmer Info\",\"url\":\"https:\/\/vosgesinfo.fr\/gerardmerinfo\/\",\"logo\":{\"@type\":\"ImageObject\",\"inLanguage\":\"fr-FR\",\"@id\":\"https:\/\/vosgesinfo.fr\/gerardmerinfo\/#\/schema\/logo\/image\/\",\"url\":\"https:\/\/vosgesinfo.fr\/app\/uploads\/sites\/6\/2023\/08\/favicon-gerardmerinfo.png\",\"contentUrl\":\"https:\/\/vosgesinfo.fr\/app\/uploads\/sites\/6\/2023\/08\/favicon-gerardmerinfo.png\",\"width\":512,\"height\":512,\"caption\":\"Gerardmer Info\"},\"image\":{\"@id\":\"https:\/\/vosgesinfo.fr\/gerardmerinfo\/#\/schema\/logo\/image\/\"},\"sameAs\":[\"https:\/\/www.facebook.com\/profile.php?id=100049475262660\",\"https:\/\/x.com\/VosgesInfo88\",\"https:\/\/www.youtube.com\/@vosgesinfo\"]},{\"@type\":\"Person\",\"@id\":\"https:\/\/vosgesinfo.fr\/gerardmerinfo\/#\/schema\/person\/bc5d02d71e6932e81b6dadb7386667b1\",\"name\":\"qs_admin\",\"image\":{\"@type\":\"ImageObject\",\"inLanguage\":\"fr-FR\",\"@id\":\"https:\/\/vosgesinfo.fr\/gerardmerinfo\/#\/schema\/person\/image\/\",\"url\":\"https:\/\/secure.gravatar.com\/avatar\/94b18ee0ed79e4a42ea2f2931277b6841a8999fc6fde214600c78057cf1fe1de?s=96&d=mm&r=g\",\"contentUrl\":\"https:\/\/secure.gravatar.com\/avatar\/94b18ee0ed79e4a42ea2f2931277b6841a8999fc6fde214600c78057cf1fe1de?s=96&d=mm&r=g\",\"caption\":\"qs_admin\"},\"sameAs\":[\"https:\/\/vosgesinfo.fr\/wp\"],\"url\":\"https:\/\/vosgesinfo.fr\/gerardmerinfo\/author\/qs_admin\/\"}]}<\/script>\n<!-- \/ Yoast SEO plugin. -->","yoast_head_json":{"title":"Pauvret\u00e9 dans les Vosges : une pr\u00e9carisation continue des familles - Gerardmer Info","robots":{"index":"index","follow":"follow","max-snippet":"max-snippet:-1","max-image-preview":"max-image-preview:large","max-video-preview":"max-video-preview:-1"},"canonical":"https:\/\/vosgesinfo.fr\/gerardmerinfo\/2019\/11\/pauvrete-vosges-precarisation-continue-familles\/","twitter_card":"summary_large_image","twitter_title":"Pauvret\u00e9 dans les Vosges : une pr\u00e9carisation continue des familles - Gerardmer Info","twitter_description":"En 2018, les 700 b\u00e9n\u00e9voles du Secours Catholique des Vosges ont rencontr\u00e9 plus de 7 000 personnes dans les lieux [&hellip;]","twitter_image":"https:\/\/vosgesinfo.fr\/app\/uploads\/sites\/6\/2024\/07\/201911pauvrete.jpg","twitter_creator":"@VosgesInfo88","twitter_site":"@VosgesInfo88","twitter_misc":{"\u00c9crit par":"qs_admin","Dur\u00e9e de lecture estim\u00e9e":"1 minute"},"schema":{"@context":"https:\/\/schema.org","@graph":[{"@type":"Article","@id":"https:\/\/vosgesinfo.fr\/gerardmerinfo\/2019\/11\/pauvrete-vosges-precarisation-continue-familles\/#article","isPartOf":{"@id":"https:\/\/vosgesinfo.fr\/gerardmerinfo\/2019\/11\/pauvrete-vosges-precarisation-continue-familles\/"},"author":{"name":"qs_admin","@id":"https:\/\/vosgesinfo.fr\/gerardmerinfo\/#\/schema\/person\/bc5d02d71e6932e81b6dadb7386667b1"},"headline":"Pauvret\u00e9 dans les Vosges : une pr\u00e9carisation continue des familles","datePublished":"2019-11-08T07:11:13+00:00","dateModified":"2019-11-08T07:11:13+00:00","mainEntityOfPage":{"@id":"https:\/\/vosgesinfo.fr\/gerardmerinfo\/2019\/11\/pauvrete-vosges-precarisation-continue-familles\/"},"wordCount":276,"commentCount":0,"publisher":{"@id":"https:\/\/vosgesinfo.fr\/gerardmerinfo\/#organization"},"image":{"@id":"https:\/\/vosgesinfo.fr\/gerardmerinfo\/2019\/11\/pauvrete-vosges-precarisation-continue-familles\/#primaryimage"},"thumbnailUrl":"https:\/\/vosgesinfo.fr\/app\/uploads\/sites\/6\/2024\/07\/201911pauvrete.jpg","articleSection":["A la une","Soci\u00e9t\u00e9","Vosges"],"inLanguage":"fr-FR","potentialAction":[{"@type":"CommentAction","name":"Comment","target":["https:\/\/vosgesinfo.fr\/gerardmerinfo\/2019\/11\/pauvrete-vosges-precarisation-continue-familles\/#respond"]}]},{"@type":"WebPage","@id":"https:\/\/vosgesinfo.fr\/gerardmerinfo\/2019\/11\/pauvrete-vosges-precarisation-continue-familles\/","url":"https:\/\/vosgesinfo.fr\/gerardmerinfo\/2019\/11\/pauvrete-vosges-precarisation-continue-familles\/","name":"Pauvret\u00e9 dans les Vosges : une pr\u00e9carisation continue des familles - Gerardmer Info","isPartOf":{"@id":"https:\/\/vosgesinfo.fr\/gerardmerinfo\/#website"},"primaryImageOfPage":{"@id":"https:\/\/vosgesinfo.fr\/gerardmerinfo\/2019\/11\/pauvrete-vosges-precarisation-continue-familles\/#primaryimage"},"image":{"@id":"https:\/\/vosgesinfo.fr\/gerardmerinfo\/2019\/11\/pauvrete-vosges-precarisation-continue-familles\/#primaryimage"},"thumbnailUrl":"https:\/\/vosgesinfo.fr\/app\/uploads\/sites\/6\/2024\/07\/201911pauvrete.jpg","datePublished":"2019-11-08T07:11:13+00:00","dateModified":"2019-11-08T07:11:13+00:00","breadcrumb":{"@id":"https:\/\/vosgesinfo.fr\/gerardmerinfo\/2019\/11\/pauvrete-vosges-precarisation-continue-familles\/#breadcrumb"},"inLanguage":"fr-FR","potentialAction":[{"@type":"ReadAction","target":["https:\/\/vosgesinfo.fr\/gerardmerinfo\/2019\/11\/pauvrete-vosges-precarisation-continue-familles\/"]}]},{"@type":"ImageObject","inLanguage":"fr-FR","@id":"https:\/\/vosgesinfo.fr\/gerardmerinfo\/2019\/11\/pauvrete-vosges-precarisation-continue-familles\/#primaryimage","url":"https:\/\/vosgesinfo.fr\/app\/uploads\/sites\/6\/2024\/07\/201911pauvrete.jpg","contentUrl":"https:\/\/vosgesinfo.fr\/app\/uploads\/sites\/6\/2024\/07\/201911pauvrete.jpg","width":800,"height":533},{"@type":"BreadcrumbList","@id":"https:\/\/vosgesinfo.fr\/gerardmerinfo\/2019\/11\/pauvrete-vosges-precarisation-continue-familles\/#breadcrumb","itemListElement":[{"@type":"ListItem","position":1,"name":"Home","item":"https:\/\/vosgesinfo.fr\/gerardmerinfo\/"},{"@type":"ListItem","position":2,"name":"Pauvret\u00e9 dans les Vosges : une pr\u00e9carisation continue des familles"}]},{"@type":"WebSite","@id":"https:\/\/vosgesinfo.fr\/gerardmerinfo\/#website","url":"https:\/\/vosgesinfo.fr\/gerardmerinfo\/","name":"Gerardmer Info","description":"Toute l&#039;actualit\u00e9 de G\u00e9rardmer","publisher":{"@id":"https:\/\/vosgesinfo.fr\/gerardmerinfo\/#organization"},"alternateName":"Toute l'actualit\u00e9 de G\u00e9rardmer","potentialAction":[{"@type":"SearchAction","target":{"@type":"EntryPoint","urlTemplate":"https:\/\/vosgesinfo.fr\/gerardmerinfo\/?s={search_term_string}"},"query-input":"required name=search_term_string"}],"inLanguage":"fr-FR"},{"@type":"Organization","@id":"https:\/\/vosgesinfo.fr\/gerardmerinfo\/#organization","name":"Gerardmer Info","url":"https:\/\/vosgesinfo.fr\/gerardmerinfo\/","logo":{"@type":"ImageObject","inLanguage":"fr-FR","@id":"https:\/\/vosgesinfo.fr\/gerardmerinfo\/#\/schema\/logo\/image\/","url":"https:\/\/vosgesinfo.fr\/app\/uploads\/sites\/6\/2023\/08\/favicon-gerardmerinfo.png","contentUrl":"https:\/\/vosgesinfo.fr\/app\/uploads\/sites\/6\/2023\/08\/favicon-gerardmerinfo.png","width":512,"height":512,"caption":"Gerardmer Info"},"image":{"@id":"https:\/\/vosgesinfo.fr\/gerardmerinfo\/#\/schema\/logo\/image\/"},"sameAs":["https:\/\/www.facebook.com\/profile.php?id=100049475262660","https:\/\/x.com\/VosgesInfo88","https:\/\/www.youtube.com\/@vosgesinfo"]},{"@type":"Person","@id":"https:\/\/vosgesinfo.fr\/gerardmerinfo\/#\/schema\/person\/bc5d02d71e6932e81b6dadb7386667b1","name":"qs_admin","image":{"@type":"ImageObject","inLanguage":"fr-FR","@id":"https:\/\/vosgesinfo.fr\/gerardmerinfo\/#\/schema\/person\/image\/","url":"https:\/\/secure.gravatar.com\/avatar\/94b18ee0ed79e4a42ea2f2931277b6841a8999fc6fde214600c78057cf1fe1de?s=96&d=mm&r=g","contentUrl":"https:\/\/secure.gravatar.com\/avatar\/94b18ee0ed79e4a42ea2f2931277b6841a8999fc6fde214600c78057cf1fe1de?s=96&d=mm&r=g","caption":"qs_admin"},"sameAs":["https:\/\/vosgesinfo.fr\/wp"],"url":"https:\/\/vosgesinfo.fr\/gerardmerinfo\/author\/qs_admin\/"}]}},"_links":{"self":[{"href":"https:\/\/vosgesinfo.fr\/gerardmerinfo\/wp-json\/wp\/v2\/posts\/44960","targetHints":{"allow":["GET"]}}],"collection":[{"href":"https:\/\/vosgesinfo.fr\/gerardmerinfo\/wp-json\/wp\/v2\/posts"}],"about":[{"href":"https:\/\/vosgesinfo.fr\/gerardmerinfo\/wp-json\/wp\/v2\/types\/post"}],"author":[{"embeddable":true,"href":"https:\/\/vosgesinfo.fr\/gerardmerinfo\/wp-json\/wp\/v2\/users\/1"}],"replies":[{"embeddable":true,"href":"https:\/\/vosgesinfo.fr\/gerardmerinfo\/wp-json\/wp\/v2\/comments?post=44960"}],"version-history":[{"count":0,"href":"https:\/\/vosgesinfo.fr\/gerardmerinfo\/wp-json\/wp\/v2\/posts\/44960\/revisions"}],"wp:featuredmedia":[{"embeddable":true,"href":"https:\/\/vosgesinfo.fr\/gerardmerinfo\/wp-json\/wp\/v2\/media\/44961"}],"wp:attachment":[{"href":"https:\/\/vosgesinfo.fr\/gerardmerinfo\/wp-json\/wp\/v2\/media?parent=44960"}],"wp:term":[{"taxonomy":"category","embeddable":true,"href":"https:\/\/vosgesinfo.fr\/gerardmerinfo\/wp-json\/wp\/v2\/categories?post=44960"},{"taxonomy":"post_tag","embeddable":true,"href":"https:\/\/vosgesinfo.fr\/gerardmerinfo\/wp-json\/wp\/v2\/tags?post=44960"}],"curies":[{"name":"wp","href":"https:\/\/api.w.org\/{rel}","templated":true}]}}